{"id":321403,"date":"2024-01-30T00:26:01","date_gmt":"2024-01-30T03:26:01","guid":{"rendered":"https:\/\/www.notibras.com\/site\/?p=321403"},"modified":"2024-01-30T09:28:49","modified_gmt":"2024-01-30T12:28:49","slug":"tradicional-bailinho-de-carnaval-traz-alegria-a-toda-familia","status":"publish","type":"post","link":"https:\/\/www.notibras.com\/site\/tradicional-bailinho-de-carnaval-traz-alegria-a-toda-familia\/","title":{"rendered":"Tradicional Bailinho de Carnaval traz alegria \u00e0 toda fam\u00edlia"},"content":{"rendered":"<p>Tem alegria? Tem sim, senhor! Um dos eventos mais tradicionais da programa\u00e7\u00e3o de Carnaval de Bras\u00edlia, o Bailinho do Terra\u00e7o Shopping, j\u00e1 tem dia marcado para acontecer. Este ano, o domingo de Carnaval (11) foi a data escolhida para receber crian\u00e7as e adultos em um baile feito para todos aproveitarem juntos. A festa infantil, que faz parte do calend\u00e1rio dos brasilienses h\u00e1 mais de uma d\u00e9cada, promete alegrar os foli\u00f5es mirins com pinturas de rosto carnavalescas, brinquedos infl\u00e1veis e muita m\u00fasica, em uma infraestrutura que s\u00f3 o Terra\u00e7o Shopping \u00e9 capaz de oferecer, devido ao seu formato arquitet\u00f4nico. O evento acontecer\u00e1 das 12h \u00e0s 18h, com acesso gratuito.<\/p>\n<p>Fantasias coloridas, confetes, serpentinas e uma programa\u00e7\u00e3o especial. O jardim da \u00e1rea externa do Terra\u00e7o ter\u00e1 atividades infantis e brinquedos, como o camarim fashion &#8220;Especial de Carnaval&#8221;, com pintura de rosto para incrementar os looks carnavalescos.<\/p>\n<p>As atra\u00e7\u00f5es prometem colocar samba no p\u00e9 da crian\u00e7ada. As apresenta\u00e7\u00f5es come\u00e7am com a banda Hey Johnny, um projeto do cantor Jo\u00e3o Daniel. O jovem de apenas de 18 anos \u00e9 exemplo de que o autismo n\u00e3o \u00e9 impeditivo para as pessoas realizarem seus sonhos. Jo\u00e3o Daniel j\u00e1 cantou nos palcos do Bras\u00edlia Capital Moto Week e Festival Na Praia. Para o Bailinho, traz um repert\u00f3rio cheio de trilhas sonoras de filmes de anima\u00e7\u00e3o e, nessa apresenta\u00e7\u00e3o especial, tamb\u00e9m ter\u00e1 muitas marchinhas carnavalescas.<\/p>\n<p>A m\u00fasica e a divers\u00e3o continuam com o DJ Barata, com uma discotecagem l\u00fadica, com repert\u00f3rio que passeia por can\u00e7\u00f5es infantis antigas e contempor\u00e2neas. No Bailinho, ele tamb\u00e9m tocar\u00e1 marchinhas, frevos, sambas e ritmos carnavalescos. Um verdadeiro encontro de gera\u00e7\u00f5es, com as lembran\u00e7as nost\u00e1lgicas da inf\u00e2ncia de pais, mixando can\u00e7\u00f5es de grupos atuais, para aproximar as diferentes gera\u00e7\u00f5es na pista de dan\u00e7a montada para o evento.<\/p>\n<p>E para coroar um dos maiores eventos infantis da cidade, a banda Maria Vai Casoutras far\u00e1 uma apresenta\u00e7\u00e3o especial, tocando cl\u00e1ssicos da folia com percuss\u00f5es, prometendo arrastar a todos em um ritmo que n\u00e3o deixar\u00e1 ningu\u00e9m ficar parado. A banda, que j\u00e1 tem mais de dez anos de carreira, ganhou destaque por ser formada inteiramente por mulheres e trazer uma performance com os tambores, que trazem uma inova\u00e7\u00e3o na mistura de sons, sempre com muita energia e alegria nas apresenta\u00e7\u00f5es.<\/p>\n<p><strong>Servi\u00e7o<\/strong><br \/>\nBailinho de Carnaval do Terra\u00e7o Shopping<br \/>\nData: 11 de fevereiro, domingo<br \/>\nHora: das 12h \u00e0s 18h<br \/>\nLocal: \u00c1rea Externa do shopping<br \/>\nEntrada gratuita<\/p>\n","protected":false},"excerpt":{"rendered":"<p>Tem alegria? Tem sim, senhor! Um dos eventos mais tradicionais da programa\u00e7\u00e3o de Carnaval de Bras\u00edlia, o Bailinho do Terra\u00e7o Shopping, j\u00e1 tem dia marcado para acontecer. Este ano, o domingo de Carnaval (11) foi a data escolhida para receber crian\u00e7as e adultos em um baile feito para todos aproveitarem juntos. A festa infantil, que [&hellip;]<\/p>\n","protected":false},"author":2,"featured_media":321404,"comment_status":"closed","ping_status":"closed","sticky":false,"template":"","format":"standard","meta":{"_acf_changed":false,"footnotes":""},"categories":[161],"tags":[],"class_list":["post-321403","post","type-post","status-publish","format-standard","has-post-thumbnail","hentry","category-quadradinho-em-foco"],"acf":[],"yoast_head":"<!-- This site is optimized with the Yoast SEO plugin v27.2 - https:\/\/yoast.com\/product\/yoast-seo-wordpress\/ -->\n<title>Tradicional Bailinho de Carnaval traz alegria \u00e0 toda fam\u00edlia - Notibras<\/title>\n<meta name=\"robots\" content=\"index, follow, max-snippet:-1, max-image-preview:large, max-video-preview:-1\" \/>\n<link rel=\"canonical\" href=\"https:\/\/www.notibras.com\/site\/tradicional-bailinho-de-carnaval-traz-alegria-a-toda-familia\/\" \/>\n<meta property=\"og:locale\" content=\"pt_BR\" \/>\n<meta property=\"og:type\" content=\"article\" \/>\n<meta property=\"og:title\" content=\"Tradicional Bailinho de Carnaval traz alegria \u00e0 toda fam\u00edlia - Notibras\" \/>\n<meta property=\"og:description\" content=\"Tem alegria? Tem sim, senhor! Um dos eventos mais tradicionais da programa\u00e7\u00e3o de Carnaval de Bras\u00edlia, o Bailinho do Terra\u00e7o Shopping, j\u00e1 tem dia marcado para acontecer. Este ano, o domingo de Carnaval (11) foi a data escolhida para receber crian\u00e7as e adultos em um baile feito para todos aproveitarem juntos. A festa infantil, que [&hellip;]\" \/>\n<meta property=\"og:url\" content=\"https:\/\/www.notibras.com\/site\/tradicional-bailinho-de-carnaval-traz-alegria-a-toda-familia\/\" \/>\n<meta property=\"og:site_name\" content=\"Notibras\" \/>\n<meta property=\"article:publisher\" content=\"https:\/\/www.facebook.com\/notibras\/\" \/>\n<meta property=\"article:published_time\" content=\"2024-01-30T03:26:01+00:00\" \/>\n<meta property=\"article:modified_time\" content=\"2024-01-30T12:28:49+00:00\" \/>\n<meta property=\"og:image\" content=\"https:\/\/www.notibras.com\/site\/wp-content\/uploads\/2024\/01\/carnater.webp\" \/>\n\t<meta property=\"og:image:width\" content=\"1792\" \/>\n\t<meta property=\"og:image:height\" content=\"1024\" \/>\n\t<meta property=\"og:image:type\" content=\"image\/webp\" \/>\n<meta name=\"author\" content=\"Reda\u00e7\u00e3o\" \/>\n<meta name=\"twitter:card\" content=\"summary_large_image\" \/>\n<meta name=\"twitter:creator\" content=\"@Notibras\" \/>\n<meta name=\"twitter:site\" content=\"@Notibras\" \/>\n<meta name=\"twitter:label1\" content=\"Escrito por\" \/>\n\t<meta name=\"twitter:data1\" content=\"Reda\u00e7\u00e3o\" \/>\n\t<meta name=\"twitter:label2\" content=\"Est. tempo de leitura\" \/>\n\t<meta name=\"twitter:data2\" content=\"3 minutos\" \/>\n<script type=\"application\/ld+json\" class=\"yoast-schema-graph\">{\"@context\":\"https:\/\/schema.org\",\"@graph\":[{\"@type\":\"Article\",\"@id\":\"https:\/\/www.notibras.com\/site\/tradicional-bailinho-de-carnaval-traz-alegria-a-toda-familia\/#article\",\"isPartOf\":{\"@id\":\"https:\/\/www.notibras.com\/site\/tradicional-bailinho-de-carnaval-traz-alegria-a-toda-familia\/\"},\"author\":{\"name\":\"Reda\u00e7\u00e3o\",\"@id\":\"https:\/\/www.notibras.com\/site\/#\/schema\/person\/36ab0979449956132d3e5b517ea76ac8\"},\"headline\":\"Tradicional Bailinho de Carnaval traz alegria \u00e0 toda fam\u00edlia\",\"datePublished\":\"2024-01-30T03:26:01+00:00\",\"dateModified\":\"2024-01-30T12:28:49+00:00\",\"mainEntityOfPage\":{\"@id\":\"https:\/\/www.notibras.com\/site\/tradicional-bailinho-de-carnaval-traz-alegria-a-toda-familia\/\"},\"wordCount\":448,\"publisher\":{\"@id\":\"https:\/\/www.notibras.com\/site\/#organization\"},\"image\":{\"@id\":\"https:\/\/www.notibras.com\/site\/tradicional-bailinho-de-carnaval-traz-alegria-a-toda-familia\/#primaryimage\"},\"thumbnailUrl\":\"https:\/\/www.notibras.com\/site\/wp-content\/uploads\/2024\/01\/carnater.webp\",\"articleSection\":[\"Quadradinho em Foco\"],\"inLanguage\":\"pt-BR\"},{\"@type\":\"WebPage\",\"@id\":\"https:\/\/www.notibras.com\/site\/tradicional-bailinho-de-carnaval-traz-alegria-a-toda-familia\/\",\"url\":\"https:\/\/www.notibras.com\/site\/tradicional-bailinho-de-carnaval-traz-alegria-a-toda-familia\/\",\"name\":\"Tradicional Bailinho de Carnaval traz alegria \u00e0 toda fam\u00edlia - Notibras\",\"isPartOf\":{\"@id\":\"https:\/\/www.notibras.com\/site\/#website\"},\"primaryImageOfPage\":{\"@id\":\"https:\/\/www.notibras.com\/site\/tradicional-bailinho-de-carnaval-traz-alegria-a-toda-familia\/#primaryimage\"},\"image\":{\"@id\":\"https:\/\/www.notibras.com\/site\/tradicional-bailinho-de-carnaval-traz-alegria-a-toda-familia\/#primaryimage\"},\"thumbnailUrl\":\"https:\/\/www.notibras.com\/site\/wp-content\/uploads\/2024\/01\/carnater.webp\",\"datePublished\":\"2024-01-30T03:26:01+00:00\",\"dateModified\":\"2024-01-30T12:28:49+00:00\",\"breadcrumb\":{\"@id\":\"https:\/\/www.notibras.com\/site\/tradicional-bailinho-de-carnaval-traz-alegria-a-toda-familia\/#breadcrumb\"},\"inLanguage\":\"pt-BR\",\"potentialAction\":[{\"@type\":\"ReadAction\",\"target\":[\"https:\/\/www.notibras.com\/site\/tradicional-bailinho-de-carnaval-traz-alegria-a-toda-familia\/\"]}]},{\"@type\":\"ImageObject\",\"inLanguage\":\"pt-BR\",\"@id\":\"https:\/\/www.notibras.com\/site\/tradicional-bailinho-de-carnaval-traz-alegria-a-toda-familia\/#primaryimage\",\"url\":\"https:\/\/www.notibras.com\/site\/wp-content\/uploads\/2024\/01\/carnater.webp\",\"contentUrl\":\"https:\/\/www.notibras.com\/site\/wp-content\/uploads\/2024\/01\/carnater.webp\",\"width\":1792,\"height\":1024},{\"@type\":\"BreadcrumbList\",\"@id\":\"https:\/\/www.notibras.com\/site\/tradicional-bailinho-de-carnaval-traz-alegria-a-toda-familia\/#breadcrumb\",\"itemListElement\":[{\"@type\":\"ListItem\",\"position\":1,\"name\":\"In\u00edcio\",\"item\":\"https:\/\/www.notibras.com\/site\/\"},{\"@type\":\"ListItem\",\"position\":2,\"name\":\"Tradicional Bailinho de Carnaval traz alegria \u00e0 toda fam\u00edlia\"}]},{\"@type\":\"WebSite\",\"@id\":\"https:\/\/www.notibras.com\/site\/#website\",\"url\":\"https:\/\/www.notibras.com\/site\/\",\"name\":\"Notibras\",\"description\":\"Not\u00edcias de Bras\u00edlia, do Brasil e do Mundo\",\"publisher\":{\"@id\":\"https:\/\/www.notibras.com\/site\/#organization\"},\"potentialAction\":[{\"@type\":\"SearchAction\",\"target\":{\"@type\":\"EntryPoint\",\"urlTemplate\":\"https:\/\/www.notibras.com\/site\/?s={search_term_string}\"},\"query-input\":{\"@type\":\"PropertyValueSpecification\",\"valueRequired\":true,\"valueName\":\"search_term_string\"}}],\"inLanguage\":\"pt-BR\"},{\"@type\":\"Organization\",\"@id\":\"https:\/\/www.notibras.com\/site\/#organization\",\"name\":\"Grupo Notibras de Comunica\u00e7\u00e3o\",\"url\":\"https:\/\/www.notibras.com\/site\/\",\"logo\":{\"@type\":\"ImageObject\",\"inLanguage\":\"pt-BR\",\"@id\":\"https:\/\/www.notibras.com\/site\/#\/schema\/logo\/image\/\",\"url\":\"https:\/\/www.notibras.com\/site\/wp-content\/uploads\/2023\/01\/notibras23.png\",\"contentUrl\":\"https:\/\/www.notibras.com\/site\/wp-content\/uploads\/2023\/01\/notibras23.png\",\"width\":350,\"height\":87,\"caption\":\"Grupo Notibras de Comunica\u00e7\u00e3o\"},\"image\":{\"@id\":\"https:\/\/www.notibras.com\/site\/#\/schema\/logo\/image\/\"},\"sameAs\":[\"https:\/\/www.facebook.com\/notibras\/\",\"https:\/\/x.com\/Notibras\",\"https:\/\/www.instagram.com\/notibras\/\"]},{\"@type\":\"Person\",\"@id\":\"https:\/\/www.notibras.com\/site\/#\/schema\/person\/36ab0979449956132d3e5b517ea76ac8\",\"name\":\"Reda\u00e7\u00e3o\",\"image\":{\"@type\":\"ImageObject\",\"inLanguage\":\"pt-BR\",\"@id\":\"https:\/\/secure.gravatar.com\/avatar\/e0a867bdedb85fd243eadf09663511f96fc81e0720a4a42581f334ad4303aa6b?s=96&d=mm&r=g\",\"url\":\"https:\/\/secure.gravatar.com\/avatar\/e0a867bdedb85fd243eadf09663511f96fc81e0720a4a42581f334ad4303aa6b?s=96&d=mm&r=g\",\"contentUrl\":\"https:\/\/secure.gravatar.com\/avatar\/e0a867bdedb85fd243eadf09663511f96fc81e0720a4a42581f334ad4303aa6b?s=96&d=mm&r=g\",\"caption\":\"Reda\u00e7\u00e3o\"}}]}<\/script>\n<!-- \/ Yoast SEO plugin. -->","yoast_head_json":{"title":"Tradicional Bailinho de Carnaval traz alegria \u00e0 toda fam\u00edlia - Notibras","robots":{"index":"index","follow":"follow","max-snippet":"max-snippet:-1","max-image-preview":"max-image-preview:large","max-video-preview":"max-video-preview:-1"},"canonical":"https:\/\/www.notibras.com\/site\/tradicional-bailinho-de-carnaval-traz-alegria-a-toda-familia\/","og_locale":"pt_BR","og_type":"article","og_title":"Tradicional Bailinho de Carnaval traz alegria \u00e0 toda fam\u00edlia - Notibras","og_description":"Tem alegria? Tem sim, senhor! Um dos eventos mais tradicionais da programa\u00e7\u00e3o de Carnaval de Bras\u00edlia, o Bailinho do Terra\u00e7o Shopping, j\u00e1 tem dia marcado para acontecer. Este ano, o domingo de Carnaval (11) foi a data escolhida para receber crian\u00e7as e adultos em um baile feito para todos aproveitarem juntos. A festa infantil, que [&hellip;]","og_url":"https:\/\/www.notibras.com\/site\/tradicional-bailinho-de-carnaval-traz-alegria-a-toda-familia\/","og_site_name":"Notibras","article_publisher":"https:\/\/www.facebook.com\/notibras\/","article_published_time":"2024-01-30T03:26:01+00:00","article_modified_time":"2024-01-30T12:28:49+00:00","og_image":[{"width":1792,"height":1024,"url":"https:\/\/www.notibras.com\/site\/wp-content\/uploads\/2024\/01\/carnater.webp","type":"image\/webp"}],"author":"Reda\u00e7\u00e3o","twitter_card":"summary_large_image","twitter_creator":"@Notibras","twitter_site":"@Notibras","twitter_misc":{"Escrito por":"Reda\u00e7\u00e3o","Est. tempo de leitura":"3 minutos"},"schema":{"@context":"https:\/\/schema.org","@graph":[{"@type":"Article","@id":"https:\/\/www.notibras.com\/site\/tradicional-bailinho-de-carnaval-traz-alegria-a-toda-familia\/#article","isPartOf":{"@id":"https:\/\/www.notibras.com\/site\/tradicional-bailinho-de-carnaval-traz-alegria-a-toda-familia\/"},"author":{"name":"Reda\u00e7\u00e3o","@id":"https:\/\/www.notibras.com\/site\/#\/schema\/person\/36ab0979449956132d3e5b517ea76ac8"},"headline":"Tradicional Bailinho de Carnaval traz alegria \u00e0 toda fam\u00edlia","datePublished":"2024-01-30T03:26:01+00:00","dateModified":"2024-01-30T12:28:49+00:00","mainEntityOfPage":{"@id":"https:\/\/www.notibras.com\/site\/tradicional-bailinho-de-carnaval-traz-alegria-a-toda-familia\/"},"wordCount":448,"publisher":{"@id":"https:\/\/www.notibras.com\/site\/#organization"},"image":{"@id":"https:\/\/www.notibras.com\/site\/tradicional-bailinho-de-carnaval-traz-alegria-a-toda-familia\/#primaryimage"},"thumbnailUrl":"https:\/\/www.notibras.com\/site\/wp-content\/uploads\/2024\/01\/carnater.webp","articleSection":["Quadradinho em Foco"],"inLanguage":"pt-BR"},{"@type":"WebPage","@id":"https:\/\/www.notibras.com\/site\/tradicional-bailinho-de-carnaval-traz-alegria-a-toda-familia\/","url":"https:\/\/www.notibras.com\/site\/tradicional-bailinho-de-carnaval-traz-alegria-a-toda-familia\/","name":"Tradicional Bailinho de Carnaval traz alegria \u00e0 toda fam\u00edlia - Notibras","isPartOf":{"@id":"https:\/\/www.notibras.com\/site\/#website"},"primaryImageOfPage":{"@id":"https:\/\/www.notibras.com\/site\/tradicional-bailinho-de-carnaval-traz-alegria-a-toda-familia\/#primaryimage"},"image":{"@id":"https:\/\/www.notibras.com\/site\/tradicional-bailinho-de-carnaval-traz-alegria-a-toda-familia\/#primaryimage"},"thumbnailUrl":"https:\/\/www.notibras.com\/site\/wp-content\/uploads\/2024\/01\/carnater.webp","datePublished":"2024-01-30T03:26:01+00:00","dateModified":"2024-01-30T12:28:49+00:00","breadcrumb":{"@id":"https:\/\/www.notibras.com\/site\/tradicional-bailinho-de-carnaval-traz-alegria-a-toda-familia\/#breadcrumb"},"inLanguage":"pt-BR","potentialAction":[{"@type":"ReadAction","target":["https:\/\/www.notibras.com\/site\/tradicional-bailinho-de-carnaval-traz-alegria-a-toda-familia\/"]}]},{"@type":"ImageObject","inLanguage":"pt-BR","@id":"https:\/\/www.notibras.com\/site\/tradicional-bailinho-de-carnaval-traz-alegria-a-toda-familia\/#primaryimage","url":"https:\/\/www.notibras.com\/site\/wp-content\/uploads\/2024\/01\/carnater.webp","contentUrl":"https:\/\/www.notibras.com\/site\/wp-content\/uploads\/2024\/01\/carnater.webp","width":1792,"height":1024},{"@type":"BreadcrumbList","@id":"https:\/\/www.notibras.com\/site\/tradicional-bailinho-de-carnaval-traz-alegria-a-toda-familia\/#breadcrumb","itemListElement":[{"@type":"ListItem","position":1,"name":"In\u00edcio","item":"https:\/\/www.notibras.com\/site\/"},{"@type":"ListItem","position":2,"name":"Tradicional Bailinho de Carnaval traz alegria \u00e0 toda fam\u00edlia"}]},{"@type":"WebSite","@id":"https:\/\/www.notibras.com\/site\/#website","url":"https:\/\/www.notibras.com\/site\/","name":"Notibras","description":"Not\u00edcias de Bras\u00edlia, do Brasil e do Mundo","publisher":{"@id":"https:\/\/www.notibras.com\/site\/#organization"},"potentialAction":[{"@type":"SearchAction","target":{"@type":"EntryPoint","urlTemplate":"https:\/\/www.notibras.com\/site\/?s={search_term_string}"},"query-input":{"@type":"PropertyValueSpecification","valueRequired":true,"valueName":"search_term_string"}}],"inLanguage":"pt-BR"},{"@type":"Organization","@id":"https:\/\/www.notibras.com\/site\/#organization","name":"Grupo Notibras de Comunica\u00e7\u00e3o","url":"https:\/\/www.notibras.com\/site\/","logo":{"@type":"ImageObject","inLanguage":"pt-BR","@id":"https:\/\/www.notibras.com\/site\/#\/schema\/logo\/image\/","url":"https:\/\/www.notibras.com\/site\/wp-content\/uploads\/2023\/01\/notibras23.png","contentUrl":"https:\/\/www.notibras.com\/site\/wp-content\/uploads\/2023\/01\/notibras23.png","width":350,"height":87,"caption":"Grupo Notibras de Comunica\u00e7\u00e3o"},"image":{"@id":"https:\/\/www.notibras.com\/site\/#\/schema\/logo\/image\/"},"sameAs":["https:\/\/www.facebook.com\/notibras\/","https:\/\/x.com\/Notibras","https:\/\/www.instagram.com\/notibras\/"]},{"@type":"Person","@id":"https:\/\/www.notibras.com\/site\/#\/schema\/person\/36ab0979449956132d3e5b517ea76ac8","name":"Reda\u00e7\u00e3o","image":{"@type":"ImageObject","inLanguage":"pt-BR","@id":"https:\/\/secure.gravatar.com\/avatar\/e0a867bdedb85fd243eadf09663511f96fc81e0720a4a42581f334ad4303aa6b?s=96&d=mm&r=g","url":"https:\/\/secure.gravatar.com\/avatar\/e0a867bdedb85fd243eadf09663511f96fc81e0720a4a42581f334ad4303aa6b?s=96&d=mm&r=g","contentUrl":"https:\/\/secure.gravatar.com\/avatar\/e0a867bdedb85fd243eadf09663511f96fc81e0720a4a42581f334ad4303aa6b?s=96&d=mm&r=g","caption":"Reda\u00e7\u00e3o"}}]}},"amp_enabled":true,"_links":{"self":[{"href":"https:\/\/www.notibras.com\/site\/wp-json\/wp\/v2\/posts\/321403","targetHints":{"allow":["GET"]}}],"collection":[{"href":"https:\/\/www.notibras.com\/site\/wp-json\/wp\/v2\/posts"}],"about":[{"href":"https:\/\/www.notibras.com\/site\/wp-json\/wp\/v2\/types\/post"}],"author":[{"embeddable":true,"href":"https:\/\/www.notibras.com\/site\/wp-json\/wp\/v2\/users\/2"}],"replies":[{"embeddable":true,"href":"https:\/\/www.notibras.com\/site\/wp-json\/wp\/v2\/comments?post=321403"}],"version-history":[{"count":1,"href":"https:\/\/www.notibras.com\/site\/wp-json\/wp\/v2\/posts\/321403\/revisions"}],"predecessor-version":[{"id":321405,"href":"https:\/\/www.notibras.com\/site\/wp-json\/wp\/v2\/posts\/321403\/revisions\/321405"}],"wp:featuredmedia":[{"embeddable":true,"href":"https:\/\/www.notibras.com\/site\/wp-json\/wp\/v2\/media\/321404"}],"wp:attachment":[{"href":"https:\/\/www.notibras.com\/site\/wp-json\/wp\/v2\/media?parent=321403"}],"wp:term":[{"taxonomy":"category","embeddable":true,"href":"https:\/\/www.notibras.com\/site\/wp-json\/wp\/v2\/categories?post=321403"},{"taxonomy":"post_tag","embeddable":true,"href":"https:\/\/www.notibras.com\/site\/wp-json\/wp\/v2\/tags?post=321403"}],"curies":[{"name":"wp","href":"https:\/\/api.w.org\/{rel}","templated":true}]}}