{"id":321409,"date":"2024-01-30T00:41:29","date_gmt":"2024-01-30T03:41:29","guid":{"rendered":"https:\/\/www.notibras.com\/site\/?p=321409"},"modified":"2024-01-30T09:43:18","modified_gmt":"2024-01-30T12:43:18","slug":"militares-recebem-treinamento-para-combater-dengue","status":"publish","type":"post","link":"https:\/\/www.notibras.com\/site\/militares-recebem-treinamento-para-combater-dengue\/","title":{"rendered":"Militares recebem treinamento para combater dengue"},"content":{"rendered":"<p>O governo do Distrito Federal capacitou 200 militares do Ex\u00e9rcito para o combate ao mosquito Aedes aegypti na capital federal. Al\u00e9m disso, 20 soldados est\u00e3o sendo treinados para dirigir ve\u00edculos respons\u00e1veis pela aplica\u00e7\u00e3o de ultrabaixo volume (UBV), t\u00e9cnica popularmente conhecida como fumac\u00ea, enquanto outros 30 v\u00e3o ajudar no atendimento a pacientes com dengue.<\/p>\n<p>O treinamento foi realizado na Funda\u00e7\u00e3o de Ensino e Pesquisa em Ci\u00eancias de Sa\u00fade. De acordo com a pasta, os militares que v\u00e3o atuar especificamente como agentes de vigil\u00e2ncia ambiental em sa\u00fade, visitando casas em busca de focos de transmiss\u00e3o da dengue, iniciam as atividades na pr\u00f3xima quarta-feira (31) em Ceil\u00e2ndia e em Samambaia, regi\u00f5es onde h\u00e1 grande concentra\u00e7\u00e3o de casos da doen\u00e7a.<\/p>\n<p>Os militares que v\u00e3o atuar como motoristas de fumac\u00ea ter\u00e3o dois dias a mais de treinamento. O tempo, segundo o GDF, \u00e9 necess\u00e1rio para que possam conhecer a fundo o equipamento e a maneira correta de fazer a pulveriza\u00e7\u00e3o, al\u00e9m de aprender a usar adequadamente os equipamentos de prote\u00e7\u00e3o individual, necess\u00e1rios para quem vai lidar com o inseticida. A previs\u00e3o \u00e9 que, na pr\u00f3xima quinta-feira (1\u00ba), eles comecem a atuar em todo o DF.<\/p>\n<p>\u201cAtualmente, a capital federal conta com aproximadamente 750 agentes empenhados em exterminar os focos de Aedes aegypti de todas as suas 35 regi\u00f5es administrativas. Diante da alta dos casos de dengue, no entanto, a uni\u00e3o de esfor\u00e7os entre GDF e Ex\u00e9rcito Brasileiro se fez mais uma vez necess\u00e1ria \u2013 nos primeiros 25 dias do ano, o Distrito Federal somou 16.570 casos notificados da doen\u00e7a\u201d, destacou o GDF.<\/p>\n<p>A pasta lembrou que as equipes que v\u00e3o atuar em ambul\u00e2ncias, compostas por motorista, padioleiro e t\u00e9cnico de enfermagem, tamb\u00e9m s\u00e3o formadas por militares. Nesta segunda, 30 deles passam por capacita\u00e7\u00e3o para lidar com pacientes infectados pelo mosquito.<\/p>\n<p>De acordo com a Secretaria de Sa\u00fade do Distrito Federal, duas ambul\u00e2ncias v\u00e3o atender as regi\u00f5es de sa\u00fade Oeste (Ceil\u00e2ndia, Sol Nascente\/P\u00f4r do Sol e Brazl\u00e2ndia) e Sudoeste (Samambaia e Recanto das Emas). Os ve\u00edculos v\u00e3o suprir as necessidades de cinco tendas de acolhimento a pacientes, montadas para refor\u00e7ar o atendimento oferecido em postos de sa\u00fade e hospitais de \u00e1reas cr\u00edticas.<\/p>\n","protected":false},"excerpt":{"rendered":"<p>O governo do Distrito Federal capacitou 200 militares do Ex\u00e9rcito para o combate ao mosquito Aedes aegypti na capital federal. Al\u00e9m disso, 20 soldados est\u00e3o sendo treinados para dirigir ve\u00edculos respons\u00e1veis pela aplica\u00e7\u00e3o de ultrabaixo volume (UBV), t\u00e9cnica popularmente conhecida como fumac\u00ea, enquanto outros 30 v\u00e3o ajudar no atendimento a pacientes com dengue. O treinamento [&hellip;]<\/p>\n","protected":false},"author":2,"featured_media":321410,"comment_status":"closed","ping_status":"closed","sticky":false,"template":"","format":"standard","meta":{"_acf_changed":false,"footnotes":""},"categories":[161],"tags":[],"class_list":["post-321409","post","type-post","status-publish","format-standard","has-post-thumbnail","hentry","category-quadradinho-em-foco"],"acf":[],"yoast_head":"<!-- This site is optimized with the Yoast SEO plugin v27.2 - https:\/\/yoast.com\/product\/yoast-seo-wordpress\/ -->\n<title>Militares recebem treinamento para combater dengue - Notibras<\/title>\n<meta name=\"robots\" content=\"index, follow, max-snippet:-1, max-image-preview:large, max-video-preview:-1\" \/>\n<link rel=\"canonical\" href=\"https:\/\/www.notibras.com\/site\/militares-recebem-treinamento-para-combater-dengue\/\" \/>\n<meta property=\"og:locale\" content=\"pt_BR\" \/>\n<meta property=\"og:type\" content=\"article\" \/>\n<meta property=\"og:title\" content=\"Militares recebem treinamento para combater dengue - Notibras\" \/>\n<meta property=\"og:description\" content=\"O governo do Distrito Federal capacitou 200 militares do Ex\u00e9rcito para o combate ao mosquito Aedes aegypti na capital federal. Al\u00e9m disso, 20 soldados est\u00e3o sendo treinados para dirigir ve\u00edculos respons\u00e1veis pela aplica\u00e7\u00e3o de ultrabaixo volume (UBV), t\u00e9cnica popularmente conhecida como fumac\u00ea, enquanto outros 30 v\u00e3o ajudar no atendimento a pacientes com dengue. O treinamento [&hellip;]\" \/>\n<meta property=\"og:url\" content=\"https:\/\/www.notibras.com\/site\/militares-recebem-treinamento-para-combater-dengue\/\" \/>\n<meta property=\"og:site_name\" content=\"Notibras\" \/>\n<meta property=\"article:publisher\" content=\"https:\/\/www.facebook.com\/notibras\/\" \/>\n<meta property=\"article:published_time\" content=\"2024-01-30T03:41:29+00:00\" \/>\n<meta property=\"article:modified_time\" content=\"2024-01-30T12:43:18+00:00\" \/>\n<meta property=\"og:image\" content=\"https:\/\/www.notibras.com\/site\/wp-content\/uploads\/2024\/01\/denmidf.webp\" \/>\n\t<meta property=\"og:image:width\" content=\"1170\" \/>\n\t<meta property=\"og:image:height\" content=\"700\" \/>\n\t<meta property=\"og:image:type\" content=\"image\/webp\" \/>\n<meta name=\"author\" content=\"Reda\u00e7\u00e3o\" \/>\n<meta name=\"twitter:card\" content=\"summary_large_image\" \/>\n<meta name=\"twitter:creator\" content=\"@Notibras\" \/>\n<meta name=\"twitter:site\" content=\"@Notibras\" \/>\n<meta name=\"twitter:label1\" content=\"Escrito por\" \/>\n\t<meta name=\"twitter:data1\" content=\"Reda\u00e7\u00e3o\" \/>\n\t<meta name=\"twitter:label2\" content=\"Est. tempo de leitura\" \/>\n\t<meta name=\"twitter:data2\" content=\"2 minutos\" \/>\n<script type=\"application\/ld+json\" class=\"yoast-schema-graph\">{\"@context\":\"https:\/\/schema.org\",\"@graph\":[{\"@type\":\"Article\",\"@id\":\"https:\/\/www.notibras.com\/site\/militares-recebem-treinamento-para-combater-dengue\/#article\",\"isPartOf\":{\"@id\":\"https:\/\/www.notibras.com\/site\/militares-recebem-treinamento-para-combater-dengue\/\"},\"author\":{\"name\":\"Reda\u00e7\u00e3o\",\"@id\":\"https:\/\/www.notibras.com\/site\/#\/schema\/person\/36ab0979449956132d3e5b517ea76ac8\"},\"headline\":\"Militares recebem treinamento para combater dengue\",\"datePublished\":\"2024-01-30T03:41:29+00:00\",\"dateModified\":\"2024-01-30T12:43:18+00:00\",\"mainEntityOfPage\":{\"@id\":\"https:\/\/www.notibras.com\/site\/militares-recebem-treinamento-para-combater-dengue\/\"},\"wordCount\":404,\"publisher\":{\"@id\":\"https:\/\/www.notibras.com\/site\/#organization\"},\"image\":{\"@id\":\"https:\/\/www.notibras.com\/site\/militares-recebem-treinamento-para-combater-dengue\/#primaryimage\"},\"thumbnailUrl\":\"https:\/\/www.notibras.com\/site\/wp-content\/uploads\/2024\/01\/denmidf.webp\",\"articleSection\":[\"Quadradinho em Foco\"],\"inLanguage\":\"pt-BR\"},{\"@type\":\"WebPage\",\"@id\":\"https:\/\/www.notibras.com\/site\/militares-recebem-treinamento-para-combater-dengue\/\",\"url\":\"https:\/\/www.notibras.com\/site\/militares-recebem-treinamento-para-combater-dengue\/\",\"name\":\"Militares recebem treinamento para combater dengue - Notibras\",\"isPartOf\":{\"@id\":\"https:\/\/www.notibras.com\/site\/#website\"},\"primaryImageOfPage\":{\"@id\":\"https:\/\/www.notibras.com\/site\/militares-recebem-treinamento-para-combater-dengue\/#primaryimage\"},\"image\":{\"@id\":\"https:\/\/www.notibras.com\/site\/militares-recebem-treinamento-para-combater-dengue\/#primaryimage\"},\"thumbnailUrl\":\"https:\/\/www.notibras.com\/site\/wp-content\/uploads\/2024\/01\/denmidf.webp\",\"datePublished\":\"2024-01-30T03:41:29+00:00\",\"dateModified\":\"2024-01-30T12:43:18+00:00\",\"breadcrumb\":{\"@id\":\"https:\/\/www.notibras.com\/site\/militares-recebem-treinamento-para-combater-dengue\/#breadcrumb\"},\"inLanguage\":\"pt-BR\",\"potentialAction\":[{\"@type\":\"ReadAction\",\"target\":[\"https:\/\/www.notibras.com\/site\/militares-recebem-treinamento-para-combater-dengue\/\"]}]},{\"@type\":\"ImageObject\",\"inLanguage\":\"pt-BR\",\"@id\":\"https:\/\/www.notibras.com\/site\/militares-recebem-treinamento-para-combater-dengue\/#primaryimage\",\"url\":\"https:\/\/www.notibras.com\/site\/wp-content\/uploads\/2024\/01\/denmidf.webp\",\"contentUrl\":\"https:\/\/www.notibras.com\/site\/wp-content\/uploads\/2024\/01\/denmidf.webp\",\"width\":1170,\"height\":700},{\"@type\":\"BreadcrumbList\",\"@id\":\"https:\/\/www.notibras.com\/site\/militares-recebem-treinamento-para-combater-dengue\/#breadcrumb\",\"itemListElement\":[{\"@type\":\"ListItem\",\"position\":1,\"name\":\"In\u00edcio\",\"item\":\"https:\/\/www.notibras.com\/site\/\"},{\"@type\":\"ListItem\",\"position\":2,\"name\":\"Militares recebem treinamento para combater dengue\"}]},{\"@type\":\"WebSite\",\"@id\":\"https:\/\/www.notibras.com\/site\/#website\",\"url\":\"https:\/\/www.notibras.com\/site\/\",\"name\":\"Notibras\",\"description\":\"Not\u00edcias de Bras\u00edlia, do Brasil e do Mundo\",\"publisher\":{\"@id\":\"https:\/\/www.notibras.com\/site\/#organization\"},\"potentialAction\":[{\"@type\":\"SearchAction\",\"target\":{\"@type\":\"EntryPoint\",\"urlTemplate\":\"https:\/\/www.notibras.com\/site\/?s={search_term_string}\"},\"query-input\":{\"@type\":\"PropertyValueSpecification\",\"valueRequired\":true,\"valueName\":\"search_term_string\"}}],\"inLanguage\":\"pt-BR\"},{\"@type\":\"Organization\",\"@id\":\"https:\/\/www.notibras.com\/site\/#organization\",\"name\":\"Grupo Notibras de Comunica\u00e7\u00e3o\",\"url\":\"https:\/\/www.notibras.com\/site\/\",\"logo\":{\"@type\":\"ImageObject\",\"inLanguage\":\"pt-BR\",\"@id\":\"https:\/\/www.notibras.com\/site\/#\/schema\/logo\/image\/\",\"url\":\"https:\/\/www.notibras.com\/site\/wp-content\/uploads\/2023\/01\/notibras23.png\",\"contentUrl\":\"https:\/\/www.notibras.com\/site\/wp-content\/uploads\/2023\/01\/notibras23.png\",\"width\":350,\"height\":87,\"caption\":\"Grupo Notibras de Comunica\u00e7\u00e3o\"},\"image\":{\"@id\":\"https:\/\/www.notibras.com\/site\/#\/schema\/logo\/image\/\"},\"sameAs\":[\"https:\/\/www.facebook.com\/notibras\/\",\"https:\/\/x.com\/Notibras\",\"https:\/\/www.instagram.com\/notibras\/\"]},{\"@type\":\"Person\",\"@id\":\"https:\/\/www.notibras.com\/site\/#\/schema\/person\/36ab0979449956132d3e5b517ea76ac8\",\"name\":\"Reda\u00e7\u00e3o\",\"image\":{\"@type\":\"ImageObject\",\"inLanguage\":\"pt-BR\",\"@id\":\"https:\/\/secure.gravatar.com\/avatar\/e0a867bdedb85fd243eadf09663511f96fc81e0720a4a42581f334ad4303aa6b?s=96&d=mm&r=g\",\"url\":\"https:\/\/secure.gravatar.com\/avatar\/e0a867bdedb85fd243eadf09663511f96fc81e0720a4a42581f334ad4303aa6b?s=96&d=mm&r=g\",\"contentUrl\":\"https:\/\/secure.gravatar.com\/avatar\/e0a867bdedb85fd243eadf09663511f96fc81e0720a4a42581f334ad4303aa6b?s=96&d=mm&r=g\",\"caption\":\"Reda\u00e7\u00e3o\"}}]}<\/script>\n<!-- \/ Yoast SEO plugin. -->","yoast_head_json":{"title":"Militares recebem treinamento para combater dengue - Notibras","robots":{"index":"index","follow":"follow","max-snippet":"max-snippet:-1","max-image-preview":"max-image-preview:large","max-video-preview":"max-video-preview:-1"},"canonical":"https:\/\/www.notibras.com\/site\/militares-recebem-treinamento-para-combater-dengue\/","og_locale":"pt_BR","og_type":"article","og_title":"Militares recebem treinamento para combater dengue - Notibras","og_description":"O governo do Distrito Federal capacitou 200 militares do Ex\u00e9rcito para o combate ao mosquito Aedes aegypti na capital federal. Al\u00e9m disso, 20 soldados est\u00e3o sendo treinados para dirigir ve\u00edculos respons\u00e1veis pela aplica\u00e7\u00e3o de ultrabaixo volume (UBV), t\u00e9cnica popularmente conhecida como fumac\u00ea, enquanto outros 30 v\u00e3o ajudar no atendimento a pacientes com dengue. O treinamento [&hellip;]","og_url":"https:\/\/www.notibras.com\/site\/militares-recebem-treinamento-para-combater-dengue\/","og_site_name":"Notibras","article_publisher":"https:\/\/www.facebook.com\/notibras\/","article_published_time":"2024-01-30T03:41:29+00:00","article_modified_time":"2024-01-30T12:43:18+00:00","og_image":[{"width":1170,"height":700,"url":"https:\/\/www.notibras.com\/site\/wp-content\/uploads\/2024\/01\/denmidf.webp","type":"image\/webp"}],"author":"Reda\u00e7\u00e3o","twitter_card":"summary_large_image","twitter_creator":"@Notibras","twitter_site":"@Notibras","twitter_misc":{"Escrito por":"Reda\u00e7\u00e3o","Est. tempo de leitura":"2 minutos"},"schema":{"@context":"https:\/\/schema.org","@graph":[{"@type":"Article","@id":"https:\/\/www.notibras.com\/site\/militares-recebem-treinamento-para-combater-dengue\/#article","isPartOf":{"@id":"https:\/\/www.notibras.com\/site\/militares-recebem-treinamento-para-combater-dengue\/"},"author":{"name":"Reda\u00e7\u00e3o","@id":"https:\/\/www.notibras.com\/site\/#\/schema\/person\/36ab0979449956132d3e5b517ea76ac8"},"headline":"Militares recebem treinamento para combater dengue","datePublished":"2024-01-30T03:41:29+00:00","dateModified":"2024-01-30T12:43:18+00:00","mainEntityOfPage":{"@id":"https:\/\/www.notibras.com\/site\/militares-recebem-treinamento-para-combater-dengue\/"},"wordCount":404,"publisher":{"@id":"https:\/\/www.notibras.com\/site\/#organization"},"image":{"@id":"https:\/\/www.notibras.com\/site\/militares-recebem-treinamento-para-combater-dengue\/#primaryimage"},"thumbnailUrl":"https:\/\/www.notibras.com\/site\/wp-content\/uploads\/2024\/01\/denmidf.webp","articleSection":["Quadradinho em Foco"],"inLanguage":"pt-BR"},{"@type":"WebPage","@id":"https:\/\/www.notibras.com\/site\/militares-recebem-treinamento-para-combater-dengue\/","url":"https:\/\/www.notibras.com\/site\/militares-recebem-treinamento-para-combater-dengue\/","name":"Militares recebem treinamento para combater dengue - Notibras","isPartOf":{"@id":"https:\/\/www.notibras.com\/site\/#website"},"primaryImageOfPage":{"@id":"https:\/\/www.notibras.com\/site\/militares-recebem-treinamento-para-combater-dengue\/#primaryimage"},"image":{"@id":"https:\/\/www.notibras.com\/site\/militares-recebem-treinamento-para-combater-dengue\/#primaryimage"},"thumbnailUrl":"https:\/\/www.notibras.com\/site\/wp-content\/uploads\/2024\/01\/denmidf.webp","datePublished":"2024-01-30T03:41:29+00:00","dateModified":"2024-01-30T12:43:18+00:00","breadcrumb":{"@id":"https:\/\/www.notibras.com\/site\/militares-recebem-treinamento-para-combater-dengue\/#breadcrumb"},"inLanguage":"pt-BR","potentialAction":[{"@type":"ReadAction","target":["https:\/\/www.notibras.com\/site\/militares-recebem-treinamento-para-combater-dengue\/"]}]},{"@type":"ImageObject","inLanguage":"pt-BR","@id":"https:\/\/www.notibras.com\/site\/militares-recebem-treinamento-para-combater-dengue\/#primaryimage","url":"https:\/\/www.notibras.com\/site\/wp-content\/uploads\/2024\/01\/denmidf.webp","contentUrl":"https:\/\/www.notibras.com\/site\/wp-content\/uploads\/2024\/01\/denmidf.webp","width":1170,"height":700},{"@type":"BreadcrumbList","@id":"https:\/\/www.notibras.com\/site\/militares-recebem-treinamento-para-combater-dengue\/#breadcrumb","itemListElement":[{"@type":"ListItem","position":1,"name":"In\u00edcio","item":"https:\/\/www.notibras.com\/site\/"},{"@type":"ListItem","position":2,"name":"Militares recebem treinamento para combater dengue"}]},{"@type":"WebSite","@id":"https:\/\/www.notibras.com\/site\/#website","url":"https:\/\/www.notibras.com\/site\/","name":"Notibras","description":"Not\u00edcias de Bras\u00edlia, do Brasil e do Mundo","publisher":{"@id":"https:\/\/www.notibras.com\/site\/#organization"},"potentialAction":[{"@type":"SearchAction","target":{"@type":"EntryPoint","urlTemplate":"https:\/\/www.notibras.com\/site\/?s={search_term_string}"},"query-input":{"@type":"PropertyValueSpecification","valueRequired":true,"valueName":"search_term_string"}}],"inLanguage":"pt-BR"},{"@type":"Organization","@id":"https:\/\/www.notibras.com\/site\/#organization","name":"Grupo Notibras de Comunica\u00e7\u00e3o","url":"https:\/\/www.notibras.com\/site\/","logo":{"@type":"ImageObject","inLanguage":"pt-BR","@id":"https:\/\/www.notibras.com\/site\/#\/schema\/logo\/image\/","url":"https:\/\/www.notibras.com\/site\/wp-content\/uploads\/2023\/01\/notibras23.png","contentUrl":"https:\/\/www.notibras.com\/site\/wp-content\/uploads\/2023\/01\/notibras23.png","width":350,"height":87,"caption":"Grupo Notibras de Comunica\u00e7\u00e3o"},"image":{"@id":"https:\/\/www.notibras.com\/site\/#\/schema\/logo\/image\/"},"sameAs":["https:\/\/www.facebook.com\/notibras\/","https:\/\/x.com\/Notibras","https:\/\/www.instagram.com\/notibras\/"]},{"@type":"Person","@id":"https:\/\/www.notibras.com\/site\/#\/schema\/person\/36ab0979449956132d3e5b517ea76ac8","name":"Reda\u00e7\u00e3o","image":{"@type":"ImageObject","inLanguage":"pt-BR","@id":"https:\/\/secure.gravatar.com\/avatar\/e0a867bdedb85fd243eadf09663511f96fc81e0720a4a42581f334ad4303aa6b?s=96&d=mm&r=g","url":"https:\/\/secure.gravatar.com\/avatar\/e0a867bdedb85fd243eadf09663511f96fc81e0720a4a42581f334ad4303aa6b?s=96&d=mm&r=g","contentUrl":"https:\/\/secure.gravatar.com\/avatar\/e0a867bdedb85fd243eadf09663511f96fc81e0720a4a42581f334ad4303aa6b?s=96&d=mm&r=g","caption":"Reda\u00e7\u00e3o"}}]}},"amp_enabled":true,"_links":{"self":[{"href":"https:\/\/www.notibras.com\/site\/wp-json\/wp\/v2\/posts\/321409","targetHints":{"allow":["GET"]}}],"collection":[{"href":"https:\/\/www.notibras.com\/site\/wp-json\/wp\/v2\/posts"}],"about":[{"href":"https:\/\/www.notibras.com\/site\/wp-json\/wp\/v2\/types\/post"}],"author":[{"embeddable":true,"href":"https:\/\/www.notibras.com\/site\/wp-json\/wp\/v2\/users\/2"}],"replies":[{"embeddable":true,"href":"https:\/\/www.notibras.com\/site\/wp-json\/wp\/v2\/comments?post=321409"}],"version-history":[{"count":1,"href":"https:\/\/www.notibras.com\/site\/wp-json\/wp\/v2\/posts\/321409\/revisions"}],"predecessor-version":[{"id":321411,"href":"https:\/\/www.notibras.com\/site\/wp-json\/wp\/v2\/posts\/321409\/revisions\/321411"}],"wp:featuredmedia":[{"embeddable":true,"href":"https:\/\/www.notibras.com\/site\/wp-json\/wp\/v2\/media\/321410"}],"wp:attachment":[{"href":"https:\/\/www.notibras.com\/site\/wp-json\/wp\/v2\/media?parent=321409"}],"wp:term":[{"taxonomy":"category","embeddable":true,"href":"https:\/\/www.notibras.com\/site\/wp-json\/wp\/v2\/categories?post=321409"},{"taxonomy":"post_tag","embeddable":true,"href":"https:\/\/www.notibras.com\/site\/wp-json\/wp\/v2\/tags?post=321409"}],"curies":[{"name":"wp","href":"https:\/\/api.w.org\/{rel}","templated":true}]}}