{"id":321412,"date":"2024-01-30T00:50:22","date_gmt":"2024-01-30T03:50:22","guid":{"rendered":"https:\/\/www.notibras.com\/site\/?p=321412"},"modified":"2024-01-30T09:52:27","modified_gmt":"2024-01-30T12:52:27","slug":"rede-publica-vai-ganhar-ou-reformar-40-escolas-este-ano","status":"publish","type":"post","link":"https:\/\/www.notibras.com\/site\/rede-publica-vai-ganhar-ou-reformar-40-escolas-este-ano\/","title":{"rendered":"Rede p\u00fablica vai ganhar (ou reformar) 40 escolas este ano"},"content":{"rendered":"<p>Constru\u00e7\u00e3o, reconstru\u00e7\u00e3o, reforma e amplia\u00e7\u00e3o de unidades escolares. O Governo do Distrito Federal (GDF) segue investindo para melhorar a qualidade do ensino ofertado aos alunos da rede p\u00fablica da capital. Ainda este ano devem ser entregues 40 obras ou constru\u00e7\u00f5es de escolas que est\u00e3o em andamento.<\/p>\n<p>A secret\u00e1ria de Educa\u00e7\u00e3o do DF, H\u00e9lvia Paranagu\u00e1, e a arquiteta Aline Lima, da subsecretaria de Infraestrutura e Apoio Educacional (Siae), visitaram as obras em andamento no Riacho Fundo, Jardins Mangueiral e Ceil\u00e2ndia. \u201cNesse momento, estamos com 40 obras sendo realizadas no DF e a grande maioria, eu diria que mais de 90%, \u00e9 obra nova. Essas escolas v\u00e3o beneficiar os estudantes que atualmente encontram-se em unidades de ensino provis\u00f3rias\u201d, afirma H\u00e9lvia Paranagu\u00e1.<\/p>\n<p>Uma das obras mais aguardadas pela popula\u00e7\u00e3o da Ceil\u00e2ndia \u00e9 a reforma do Centro de Ensino M\u00e9dio (CEM) 10, localizado na QNP 30. Com a reforma geral da \u00e1rea com mais de 3 mil metros quadrados, a escola atender\u00e1 700 estudantes do ensino m\u00e9dio, contando com laborat\u00f3rios de inform\u00e1tica, biologia, f\u00edsica e qu\u00edmica, cantina, refeit\u00f3rio, estacionamento e quadra de esportes, al\u00e9m de 16 salas de aulas.<\/p>\n<p>Reivindica\u00e7\u00e3o antiga dos moradores de Ceil\u00e2ndia, a reconstru\u00e7\u00e3o da Escola Classe (EC) 59, localizada na QNN 36, \u00c1rea Especial 2, ter\u00e1 novo ambiente, que vai comportar 14 salas de aula, audit\u00f3rio, sala de leitura, cozinha industrial e refeit\u00f3rio, laborat\u00f3rios, estacionamento, parquinho, quadra de esportes coberta com vesti\u00e1rios e \u00e1rea de conviv\u00eancia. As instala\u00e7\u00f5es v\u00e3o beneficiar 420 estudantes dos anos iniciais do ensino fundamental.<\/p>\n<p><strong>Primeira inf\u00e2ncia<\/strong><br \/>\nConstru\u00e7\u00e3o de novas creches possibilita aumento de vaga na rede p\u00fablica | Foto: Andr\u00e9 Amendoeira\/ SEE-DF<br \/>\nA Secretaria de Educa\u00e7\u00e3o tem trabalhado intensamente para aumentar o acesso a creches p\u00fablicas. A previs\u00e3o \u00e9 que, at\u00e9 o fim do ano, sejam entregues \u00e0 popula\u00e7\u00e3o 18 novas unidades em Samambaia, Santa Maria, Planaltina, Estrutural, Recanto das Emas, Guar\u00e1, Vila Telebras\u00edlia, Taguatinga, Mangueiral e Setor Taquari, no Lago Norte.<\/p>\n<p>\u201cA creche tem um valor muito importante, principalmente em regi\u00f5es onde as m\u00e3es precisam ter um espa\u00e7o para deixar os filhos enquanto trabalham. Esses 18 Cepis que ser\u00e3o entregues at\u00e9 o final do ano tamb\u00e9m v\u00e3o desafogar muito a rede em rela\u00e7\u00e3o ao atendimento de quem est\u00e1 na fila esperando por uma vaga\u201d, afirmou a secret\u00e1ria de Educa\u00e7\u00e3o durante a visita de inspe\u00e7\u00e3o nos centros de educa\u00e7\u00e3o da primeira inf\u00e2ncia (Cepis) nas unidades da Ceil\u00e2ndia, Jardins Mangueiral e Riacho Fundo I e II.<\/p>\n<p>A secret\u00e1ria lembrou, ainda, que a constru\u00e7\u00e3o das creches por si s\u00f3 n\u00e3o resolve o problema das filas, e por isso a pasta trabalha em outras frentes: \u201cTemos muitas creches privadas pedindo credenciamento. Estamos caminhando em v\u00e1rias frentes para o aluno ser atendido\u201d.<\/p>\n<p>Ainda em fase de implementa\u00e7\u00e3o, h\u00e1 a previs\u00e3o de constru\u00e7\u00e3o de 20 m\u00f3dulos de salas de aula em escolas existentes e a entrega da constru\u00e7\u00e3o do Centro de Educa\u00e7\u00e3o Profissional do Parano\u00e1.<\/p>\n","protected":false},"excerpt":{"rendered":"<p>Constru\u00e7\u00e3o, reconstru\u00e7\u00e3o, reforma e amplia\u00e7\u00e3o de unidades escolares. O Governo do Distrito Federal (GDF) segue investindo para melhorar a qualidade do ensino ofertado aos alunos da rede p\u00fablica da capital. Ainda este ano devem ser entregues 40 obras ou constru\u00e7\u00f5es de escolas que est\u00e3o em andamento. A secret\u00e1ria de Educa\u00e7\u00e3o do DF, H\u00e9lvia Paranagu\u00e1, e [&hellip;]<\/p>\n","protected":false},"author":2,"featured_media":321413,"comment_status":"closed","ping_status":"closed","sticky":false,"template":"","format":"standard","meta":{"_acf_changed":false,"footnotes":""},"categories":[161],"tags":[],"class_list":["post-321412","post","type-post","status-publish","format-standard","has-post-thumbnail","hentry","category-quadradinho-em-foco"],"acf":[],"yoast_head":"<!-- This site is optimized with the Yoast SEO plugin v27.2 - https:\/\/yoast.com\/product\/yoast-seo-wordpress\/ -->\n<title>Rede p\u00fablica vai ganhar (ou reformar) 40 escolas este ano - Notibras<\/title>\n<meta name=\"robots\" content=\"index, follow, max-snippet:-1, max-image-preview:large, max-video-preview:-1\" \/>\n<link rel=\"canonical\" href=\"https:\/\/www.notibras.com\/site\/rede-publica-vai-ganhar-ou-reformar-40-escolas-este-ano\/\" \/>\n<meta property=\"og:locale\" content=\"pt_BR\" \/>\n<meta property=\"og:type\" content=\"article\" \/>\n<meta property=\"og:title\" content=\"Rede p\u00fablica vai ganhar (ou reformar) 40 escolas este ano - Notibras\" \/>\n<meta property=\"og:description\" content=\"Constru\u00e7\u00e3o, reconstru\u00e7\u00e3o, reforma e amplia\u00e7\u00e3o de unidades escolares. O Governo do Distrito Federal (GDF) segue investindo para melhorar a qualidade do ensino ofertado aos alunos da rede p\u00fablica da capital. Ainda este ano devem ser entregues 40 obras ou constru\u00e7\u00f5es de escolas que est\u00e3o em andamento. A secret\u00e1ria de Educa\u00e7\u00e3o do DF, H\u00e9lvia Paranagu\u00e1, e [&hellip;]\" \/>\n<meta property=\"og:url\" content=\"https:\/\/www.notibras.com\/site\/rede-publica-vai-ganhar-ou-reformar-40-escolas-este-ano\/\" \/>\n<meta property=\"og:site_name\" content=\"Notibras\" \/>\n<meta property=\"article:publisher\" content=\"https:\/\/www.facebook.com\/notibras\/\" \/>\n<meta property=\"article:published_time\" content=\"2024-01-30T03:50:22+00:00\" \/>\n<meta property=\"article:modified_time\" content=\"2024-01-30T12:52:27+00:00\" \/>\n<meta property=\"og:image\" content=\"https:\/\/www.notibras.com\/site\/wp-content\/uploads\/2024\/01\/escpub.jpg\" \/>\n\t<meta property=\"og:image:width\" content=\"1536\" \/>\n\t<meta property=\"og:image:height\" content=\"1024\" \/>\n\t<meta property=\"og:image:type\" content=\"image\/jpeg\" \/>\n<meta name=\"author\" content=\"Reda\u00e7\u00e3o\" \/>\n<meta name=\"twitter:card\" content=\"summary_large_image\" \/>\n<meta name=\"twitter:creator\" content=\"@Notibras\" \/>\n<meta name=\"twitter:site\" content=\"@Notibras\" \/>\n<meta name=\"twitter:label1\" content=\"Escrito por\" \/>\n\t<meta name=\"twitter:data1\" content=\"Reda\u00e7\u00e3o\" \/>\n\t<meta name=\"twitter:label2\" content=\"Est. tempo de leitura\" \/>\n\t<meta name=\"twitter:data2\" content=\"3 minutos\" \/>\n<script type=\"application\/ld+json\" class=\"yoast-schema-graph\">{\"@context\":\"https:\/\/schema.org\",\"@graph\":[{\"@type\":\"Article\",\"@id\":\"https:\/\/www.notibras.com\/site\/rede-publica-vai-ganhar-ou-reformar-40-escolas-este-ano\/#article\",\"isPartOf\":{\"@id\":\"https:\/\/www.notibras.com\/site\/rede-publica-vai-ganhar-ou-reformar-40-escolas-este-ano\/\"},\"author\":{\"name\":\"Reda\u00e7\u00e3o\",\"@id\":\"https:\/\/www.notibras.com\/site\/#\/schema\/person\/36ab0979449956132d3e5b517ea76ac8\"},\"headline\":\"Rede p\u00fablica vai ganhar (ou reformar) 40 escolas este ano\",\"datePublished\":\"2024-01-30T03:50:22+00:00\",\"dateModified\":\"2024-01-30T12:52:27+00:00\",\"mainEntityOfPage\":{\"@id\":\"https:\/\/www.notibras.com\/site\/rede-publica-vai-ganhar-ou-reformar-40-escolas-este-ano\/\"},\"wordCount\":527,\"publisher\":{\"@id\":\"https:\/\/www.notibras.com\/site\/#organization\"},\"image\":{\"@id\":\"https:\/\/www.notibras.com\/site\/rede-publica-vai-ganhar-ou-reformar-40-escolas-este-ano\/#primaryimage\"},\"thumbnailUrl\":\"https:\/\/www.notibras.com\/site\/wp-content\/uploads\/2024\/01\/escpub.jpg\",\"articleSection\":[\"Quadradinho em Foco\"],\"inLanguage\":\"pt-BR\"},{\"@type\":\"WebPage\",\"@id\":\"https:\/\/www.notibras.com\/site\/rede-publica-vai-ganhar-ou-reformar-40-escolas-este-ano\/\",\"url\":\"https:\/\/www.notibras.com\/site\/rede-publica-vai-ganhar-ou-reformar-40-escolas-este-ano\/\",\"name\":\"Rede p\u00fablica vai ganhar (ou reformar) 40 escolas este ano - Notibras\",\"isPartOf\":{\"@id\":\"https:\/\/www.notibras.com\/site\/#website\"},\"primaryImageOfPage\":{\"@id\":\"https:\/\/www.notibras.com\/site\/rede-publica-vai-ganhar-ou-reformar-40-escolas-este-ano\/#primaryimage\"},\"image\":{\"@id\":\"https:\/\/www.notibras.com\/site\/rede-publica-vai-ganhar-ou-reformar-40-escolas-este-ano\/#primaryimage\"},\"thumbnailUrl\":\"https:\/\/www.notibras.com\/site\/wp-content\/uploads\/2024\/01\/escpub.jpg\",\"datePublished\":\"2024-01-30T03:50:22+00:00\",\"dateModified\":\"2024-01-30T12:52:27+00:00\",\"breadcrumb\":{\"@id\":\"https:\/\/www.notibras.com\/site\/rede-publica-vai-ganhar-ou-reformar-40-escolas-este-ano\/#breadcrumb\"},\"inLanguage\":\"pt-BR\",\"potentialAction\":[{\"@type\":\"ReadAction\",\"target\":[\"https:\/\/www.notibras.com\/site\/rede-publica-vai-ganhar-ou-reformar-40-escolas-este-ano\/\"]}]},{\"@type\":\"ImageObject\",\"inLanguage\":\"pt-BR\",\"@id\":\"https:\/\/www.notibras.com\/site\/rede-publica-vai-ganhar-ou-reformar-40-escolas-este-ano\/#primaryimage\",\"url\":\"https:\/\/www.notibras.com\/site\/wp-content\/uploads\/2024\/01\/escpub.jpg\",\"contentUrl\":\"https:\/\/www.notibras.com\/site\/wp-content\/uploads\/2024\/01\/escpub.jpg\",\"width\":1536,\"height\":1024},{\"@type\":\"BreadcrumbList\",\"@id\":\"https:\/\/www.notibras.com\/site\/rede-publica-vai-ganhar-ou-reformar-40-escolas-este-ano\/#breadcrumb\",\"itemListElement\":[{\"@type\":\"ListItem\",\"position\":1,\"name\":\"In\u00edcio\",\"item\":\"https:\/\/www.notibras.com\/site\/\"},{\"@type\":\"ListItem\",\"position\":2,\"name\":\"Rede p\u00fablica vai ganhar (ou reformar) 40 escolas este ano\"}]},{\"@type\":\"WebSite\",\"@id\":\"https:\/\/www.notibras.com\/site\/#website\",\"url\":\"https:\/\/www.notibras.com\/site\/\",\"name\":\"Notibras\",\"description\":\"Not\u00edcias de Bras\u00edlia, do Brasil e do Mundo\",\"publisher\":{\"@id\":\"https:\/\/www.notibras.com\/site\/#organization\"},\"potentialAction\":[{\"@type\":\"SearchAction\",\"target\":{\"@type\":\"EntryPoint\",\"urlTemplate\":\"https:\/\/www.notibras.com\/site\/?s={search_term_string}\"},\"query-input\":{\"@type\":\"PropertyValueSpecification\",\"valueRequired\":true,\"valueName\":\"search_term_string\"}}],\"inLanguage\":\"pt-BR\"},{\"@type\":\"Organization\",\"@id\":\"https:\/\/www.notibras.com\/site\/#organization\",\"name\":\"Grupo Notibras de Comunica\u00e7\u00e3o\",\"url\":\"https:\/\/www.notibras.com\/site\/\",\"logo\":{\"@type\":\"ImageObject\",\"inLanguage\":\"pt-BR\",\"@id\":\"https:\/\/www.notibras.com\/site\/#\/schema\/logo\/image\/\",\"url\":\"https:\/\/www.notibras.com\/site\/wp-content\/uploads\/2023\/01\/notibras23.png\",\"contentUrl\":\"https:\/\/www.notibras.com\/site\/wp-content\/uploads\/2023\/01\/notibras23.png\",\"width\":350,\"height\":87,\"caption\":\"Grupo Notibras de Comunica\u00e7\u00e3o\"},\"image\":{\"@id\":\"https:\/\/www.notibras.com\/site\/#\/schema\/logo\/image\/\"},\"sameAs\":[\"https:\/\/www.facebook.com\/notibras\/\",\"https:\/\/x.com\/Notibras\",\"https:\/\/www.instagram.com\/notibras\/\"]},{\"@type\":\"Person\",\"@id\":\"https:\/\/www.notibras.com\/site\/#\/schema\/person\/36ab0979449956132d3e5b517ea76ac8\",\"name\":\"Reda\u00e7\u00e3o\",\"image\":{\"@type\":\"ImageObject\",\"inLanguage\":\"pt-BR\",\"@id\":\"https:\/\/secure.gravatar.com\/avatar\/e0a867bdedb85fd243eadf09663511f96fc81e0720a4a42581f334ad4303aa6b?s=96&d=mm&r=g\",\"url\":\"https:\/\/secure.gravatar.com\/avatar\/e0a867bdedb85fd243eadf09663511f96fc81e0720a4a42581f334ad4303aa6b?s=96&d=mm&r=g\",\"contentUrl\":\"https:\/\/secure.gravatar.com\/avatar\/e0a867bdedb85fd243eadf09663511f96fc81e0720a4a42581f334ad4303aa6b?s=96&d=mm&r=g\",\"caption\":\"Reda\u00e7\u00e3o\"}}]}<\/script>\n<!-- \/ Yoast SEO plugin. -->","yoast_head_json":{"title":"Rede p\u00fablica vai ganhar (ou reformar) 40 escolas este ano - Notibras","robots":{"index":"index","follow":"follow","max-snippet":"max-snippet:-1","max-image-preview":"max-image-preview:large","max-video-preview":"max-video-preview:-1"},"canonical":"https:\/\/www.notibras.com\/site\/rede-publica-vai-ganhar-ou-reformar-40-escolas-este-ano\/","og_locale":"pt_BR","og_type":"article","og_title":"Rede p\u00fablica vai ganhar (ou reformar) 40 escolas este ano - Notibras","og_description":"Constru\u00e7\u00e3o, reconstru\u00e7\u00e3o, reforma e amplia\u00e7\u00e3o de unidades escolares. O Governo do Distrito Federal (GDF) segue investindo para melhorar a qualidade do ensino ofertado aos alunos da rede p\u00fablica da capital. Ainda este ano devem ser entregues 40 obras ou constru\u00e7\u00f5es de escolas que est\u00e3o em andamento. A secret\u00e1ria de Educa\u00e7\u00e3o do DF, H\u00e9lvia Paranagu\u00e1, e [&hellip;]","og_url":"https:\/\/www.notibras.com\/site\/rede-publica-vai-ganhar-ou-reformar-40-escolas-este-ano\/","og_site_name":"Notibras","article_publisher":"https:\/\/www.facebook.com\/notibras\/","article_published_time":"2024-01-30T03:50:22+00:00","article_modified_time":"2024-01-30T12:52:27+00:00","og_image":[{"width":1536,"height":1024,"url":"https:\/\/www.notibras.com\/site\/wp-content\/uploads\/2024\/01\/escpub.jpg","type":"image\/jpeg"}],"author":"Reda\u00e7\u00e3o","twitter_card":"summary_large_image","twitter_creator":"@Notibras","twitter_site":"@Notibras","twitter_misc":{"Escrito por":"Reda\u00e7\u00e3o","Est. tempo de leitura":"3 minutos"},"schema":{"@context":"https:\/\/schema.org","@graph":[{"@type":"Article","@id":"https:\/\/www.notibras.com\/site\/rede-publica-vai-ganhar-ou-reformar-40-escolas-este-ano\/#article","isPartOf":{"@id":"https:\/\/www.notibras.com\/site\/rede-publica-vai-ganhar-ou-reformar-40-escolas-este-ano\/"},"author":{"name":"Reda\u00e7\u00e3o","@id":"https:\/\/www.notibras.com\/site\/#\/schema\/person\/36ab0979449956132d3e5b517ea76ac8"},"headline":"Rede p\u00fablica vai ganhar (ou reformar) 40 escolas este ano","datePublished":"2024-01-30T03:50:22+00:00","dateModified":"2024-01-30T12:52:27+00:00","mainEntityOfPage":{"@id":"https:\/\/www.notibras.com\/site\/rede-publica-vai-ganhar-ou-reformar-40-escolas-este-ano\/"},"wordCount":527,"publisher":{"@id":"https:\/\/www.notibras.com\/site\/#organization"},"image":{"@id":"https:\/\/www.notibras.com\/site\/rede-publica-vai-ganhar-ou-reformar-40-escolas-este-ano\/#primaryimage"},"thumbnailUrl":"https:\/\/www.notibras.com\/site\/wp-content\/uploads\/2024\/01\/escpub.jpg","articleSection":["Quadradinho em Foco"],"inLanguage":"pt-BR"},{"@type":"WebPage","@id":"https:\/\/www.notibras.com\/site\/rede-publica-vai-ganhar-ou-reformar-40-escolas-este-ano\/","url":"https:\/\/www.notibras.com\/site\/rede-publica-vai-ganhar-ou-reformar-40-escolas-este-ano\/","name":"Rede p\u00fablica vai ganhar (ou reformar) 40 escolas este ano - Notibras","isPartOf":{"@id":"https:\/\/www.notibras.com\/site\/#website"},"primaryImageOfPage":{"@id":"https:\/\/www.notibras.com\/site\/rede-publica-vai-ganhar-ou-reformar-40-escolas-este-ano\/#primaryimage"},"image":{"@id":"https:\/\/www.notibras.com\/site\/rede-publica-vai-ganhar-ou-reformar-40-escolas-este-ano\/#primaryimage"},"thumbnailUrl":"https:\/\/www.notibras.com\/site\/wp-content\/uploads\/2024\/01\/escpub.jpg","datePublished":"2024-01-30T03:50:22+00:00","dateModified":"2024-01-30T12:52:27+00:00","breadcrumb":{"@id":"https:\/\/www.notibras.com\/site\/rede-publica-vai-ganhar-ou-reformar-40-escolas-este-ano\/#breadcrumb"},"inLanguage":"pt-BR","potentialAction":[{"@type":"ReadAction","target":["https:\/\/www.notibras.com\/site\/rede-publica-vai-ganhar-ou-reformar-40-escolas-este-ano\/"]}]},{"@type":"ImageObject","inLanguage":"pt-BR","@id":"https:\/\/www.notibras.com\/site\/rede-publica-vai-ganhar-ou-reformar-40-escolas-este-ano\/#primaryimage","url":"https:\/\/www.notibras.com\/site\/wp-content\/uploads\/2024\/01\/escpub.jpg","contentUrl":"https:\/\/www.notibras.com\/site\/wp-content\/uploads\/2024\/01\/escpub.jpg","width":1536,"height":1024},{"@type":"BreadcrumbList","@id":"https:\/\/www.notibras.com\/site\/rede-publica-vai-ganhar-ou-reformar-40-escolas-este-ano\/#breadcrumb","itemListElement":[{"@type":"ListItem","position":1,"name":"In\u00edcio","item":"https:\/\/www.notibras.com\/site\/"},{"@type":"ListItem","position":2,"name":"Rede p\u00fablica vai ganhar (ou reformar) 40 escolas este ano"}]},{"@type":"WebSite","@id":"https:\/\/www.notibras.com\/site\/#website","url":"https:\/\/www.notibras.com\/site\/","name":"Notibras","description":"Not\u00edcias de Bras\u00edlia, do Brasil e do Mundo","publisher":{"@id":"https:\/\/www.notibras.com\/site\/#organization"},"potentialAction":[{"@type":"SearchAction","target":{"@type":"EntryPoint","urlTemplate":"https:\/\/www.notibras.com\/site\/?s={search_term_string}"},"query-input":{"@type":"PropertyValueSpecification","valueRequired":true,"valueName":"search_term_string"}}],"inLanguage":"pt-BR"},{"@type":"Organization","@id":"https:\/\/www.notibras.com\/site\/#organization","name":"Grupo Notibras de Comunica\u00e7\u00e3o","url":"https:\/\/www.notibras.com\/site\/","logo":{"@type":"ImageObject","inLanguage":"pt-BR","@id":"https:\/\/www.notibras.com\/site\/#\/schema\/logo\/image\/","url":"https:\/\/www.notibras.com\/site\/wp-content\/uploads\/2023\/01\/notibras23.png","contentUrl":"https:\/\/www.notibras.com\/site\/wp-content\/uploads\/2023\/01\/notibras23.png","width":350,"height":87,"caption":"Grupo Notibras de Comunica\u00e7\u00e3o"},"image":{"@id":"https:\/\/www.notibras.com\/site\/#\/schema\/logo\/image\/"},"sameAs":["https:\/\/www.facebook.com\/notibras\/","https:\/\/x.com\/Notibras","https:\/\/www.instagram.com\/notibras\/"]},{"@type":"Person","@id":"https:\/\/www.notibras.com\/site\/#\/schema\/person\/36ab0979449956132d3e5b517ea76ac8","name":"Reda\u00e7\u00e3o","image":{"@type":"ImageObject","inLanguage":"pt-BR","@id":"https:\/\/secure.gravatar.com\/avatar\/e0a867bdedb85fd243eadf09663511f96fc81e0720a4a42581f334ad4303aa6b?s=96&d=mm&r=g","url":"https:\/\/secure.gravatar.com\/avatar\/e0a867bdedb85fd243eadf09663511f96fc81e0720a4a42581f334ad4303aa6b?s=96&d=mm&r=g","contentUrl":"https:\/\/secure.gravatar.com\/avatar\/e0a867bdedb85fd243eadf09663511f96fc81e0720a4a42581f334ad4303aa6b?s=96&d=mm&r=g","caption":"Reda\u00e7\u00e3o"}}]}},"amp_enabled":true,"_links":{"self":[{"href":"https:\/\/www.notibras.com\/site\/wp-json\/wp\/v2\/posts\/321412","targetHints":{"allow":["GET"]}}],"collection":[{"href":"https:\/\/www.notibras.com\/site\/wp-json\/wp\/v2\/posts"}],"about":[{"href":"https:\/\/www.notibras.com\/site\/wp-json\/wp\/v2\/types\/post"}],"author":[{"embeddable":true,"href":"https:\/\/www.notibras.com\/site\/wp-json\/wp\/v2\/users\/2"}],"replies":[{"embeddable":true,"href":"https:\/\/www.notibras.com\/site\/wp-json\/wp\/v2\/comments?post=321412"}],"version-history":[{"count":1,"href":"https:\/\/www.notibras.com\/site\/wp-json\/wp\/v2\/posts\/321412\/revisions"}],"predecessor-version":[{"id":321414,"href":"https:\/\/www.notibras.com\/site\/wp-json\/wp\/v2\/posts\/321412\/revisions\/321414"}],"wp:featuredmedia":[{"embeddable":true,"href":"https:\/\/www.notibras.com\/site\/wp-json\/wp\/v2\/media\/321413"}],"wp:attachment":[{"href":"https:\/\/www.notibras.com\/site\/wp-json\/wp\/v2\/media?parent=321412"}],"wp:term":[{"taxonomy":"category","embeddable":true,"href":"https:\/\/www.notibras.com\/site\/wp-json\/wp\/v2\/categories?post=321412"},{"taxonomy":"post_tag","embeddable":true,"href":"https:\/\/www.notibras.com\/site\/wp-json\/wp\/v2\/tags?post=321412"}],"curies":[{"name":"wp","href":"https:\/\/api.w.org\/{rel}","templated":true}]}}