{"id":321448,"date":"2024-01-31T00:50:41","date_gmt":"2024-01-31T03:50:41","guid":{"rendered":"https:\/\/www.notibras.com\/site\/?p=321448"},"modified":"2024-01-31T06:52:10","modified_gmt":"2024-01-31T09:52:10","slug":"programacao-infantil-de-fevereiro-tera-a-energia-do-carnaval","status":"publish","type":"post","link":"https:\/\/www.notibras.com\/site\/programacao-infantil-de-fevereiro-tera-a-energia-do-carnaval\/","title":{"rendered":"Programa\u00e7\u00e3o Infantil de fevereiro ter\u00e1 a energia do Carnaval"},"content":{"rendered":"<p>O Terra\u00e7o Shopping bolou uma programa\u00e7\u00e3o imperd\u00edvel para os pequenos neste m\u00eas de fevereiro. Recheada de divers\u00e3o e entretenimento, as atividades prometem alegrar crian\u00e7as e adultos, com uma variedade de eventos empolgantes.<\/p>\n<p>No s\u00e1bado, dia 3 de fevereiro, \u00e0s 16h, a crian\u00e7ada pode se preparar para uma tarde repleta de encanto com a renomada contadora de hist\u00f3rias, Nyedja Gennari. Em uma apresenta\u00e7\u00e3o especial de Contos de Fadas, Nyedja promete transportar a plateia para um mundo m\u00e1gico, onde princesas, her\u00f3is e vil\u00f5es ganham vida em hist\u00f3rias cativantes.<\/p>\n<p>J\u00e1 no domingo, dia 4 de fevereiro, o clima de folia toma conta do Terra\u00e7o Shopping com o espet\u00e1culo &#8220;O Carnaval do Rei Zez\u00e3o&#8221;, apresentado pela talentosa Cia F\u00e1bula. Nesta hist\u00f3ria emocionante, o Rei Zez\u00e3o embarca em uma jornada \u00e9pica ao lado de seu fiel ajudante, Peteca, para organizar o baile de Carnaval mais espetacular que o reino j\u00e1 testemunhou. Juntos, eles atravessam reinos encantados, convidando os mais diversos personagens para participar dessa festa inesquec\u00edvel.<\/p>\n<p>Ap\u00f3s uma breve pausa no fim de semana do Carnaval para celebrar o tradicional Bailinho do Terra\u00e7o (11\/02), a divers\u00e3o retorna em grande estilo no dia 17 de fevereiro, com a aguardada apresenta\u00e7\u00e3o da Cia Starte e sua divertida pe\u00e7a &#8220;Toy Story&#8221;. Nesta emocionante hist\u00f3ria, Buzz, Woody e Jessy, os brinquedos favoritos do Andy, veem suas vidas viradas de cabe\u00e7a para baixo com a chegada de um novo e estranho personagem, o celular. Unidos em uma jornada emocionante, eles embarcam em uma aventura para recuperar seus lugares no cora\u00e7\u00e3o do menino.<\/p>\n<p>No domingo seguinte, dia 18 de fevereiro, a magia continua com a apresenta\u00e7\u00e3o da Cia F\u00e1bula e seu espet\u00e1culo encantador &#8220;As Aventuras de Moranguinho&#8221;. Nesta hist\u00f3ria cativante, a ador\u00e1vel boneca Moranguinho vive em um mundo de do\u00e7ura e bondade, onde sua determina\u00e7\u00e3o em ajudar os outros \u00e9 incompar\u00e1vel. Ao descobrir que seus amigos brinquedos enfrentam desafios, Moranguinho embarca em uma jornada inspiradora, usando criatividade e gentileza para espalhar alegria e resolver os problemas que surgem em seu reino dos brinquedos.<\/p>\n<p>No s\u00e1bado, dia 24 de fevereiro, a tarde ser\u00e1 repleta de surpresas com o renomado m\u00e1gico Tio Andr\u00e9. Com um show \u00fanico, cheio de m\u00fasica e interatividade, Tio Andr\u00e9 promete n\u00e3o apenas encantar as crian\u00e7as, mas tamb\u00e9m deixar todos os espectadores maravilhados com seus truques incr\u00edveis. Uma experi\u00eancia m\u00e1gica que ser\u00e1 lembrada por muitas gera\u00e7\u00f5es.<\/p>\n<p>E no domingo, dia 25 de fevereiro, a Cia F\u00e1bula retorna ao palco do Terra\u00e7o Shopping com o teatrinho da cl\u00e1ssica hist\u00f3ria &#8220;A Tartaruga e a Lebre&#8221;. Nesta emocionante narrativa, uma tartaruga determinada e corajosa aceita o desafio de competir em uma corrida contra uma lebre pretensiosa. A disputa n\u00e3o apenas entret\u00e9m, mas tamb\u00e9m ensina valiosa li\u00e7\u00e3o sobre determina\u00e7\u00e3o, persist\u00eancia e humildade, para o p\u00fablico de todas as idades.<\/p>\n<p><strong>Servi\u00e7o:<\/strong><br \/>\nPrograma\u00e7\u00e3o Infantil, s\u00e1bados e domingos, \u00e0s 16h<br \/>\n03\/02- Conto de Fadas com Nyedja Gennari<br \/>\n04\/02 &#8211; O Carnaval do Rei Zez\u00e3o, com a Cia F\u00e1bula<br \/>\n17\/02 &#8211; Toy Story, com a Cia Starte<br \/>\n18\/02 &#8211; As Aventuras de Moranguinho, com a Cia F\u00e1bula<br \/>\n24\/02 &#8211; Show de M\u00e1gica, com Tio Andr\u00e9<br \/>\n25\/02 &#8211; A Tartaruga e a Lebre, com a Cia F\u00e1bula<\/p>\n","protected":false},"excerpt":{"rendered":"<p>O Terra\u00e7o Shopping bolou uma programa\u00e7\u00e3o imperd\u00edvel para os pequenos neste m\u00eas de fevereiro. Recheada de divers\u00e3o e entretenimento, as atividades prometem alegrar crian\u00e7as e adultos, com uma variedade de eventos empolgantes. No s\u00e1bado, dia 3 de fevereiro, \u00e0s 16h, a crian\u00e7ada pode se preparar para uma tarde repleta de encanto com a renomada contadora [&hellip;]<\/p>\n","protected":false},"author":2,"featured_media":321449,"comment_status":"closed","ping_status":"closed","sticky":false,"template":"","format":"standard","meta":{"_acf_changed":false,"footnotes":""},"categories":[161],"tags":[],"class_list":["post-321448","post","type-post","status-publish","format-standard","has-post-thumbnail","hentry","category-quadradinho-em-foco"],"acf":[],"yoast_head":"<!-- This site is optimized with the Yoast SEO plugin v27.2 - https:\/\/yoast.com\/product\/yoast-seo-wordpress\/ -->\n<title>Programa\u00e7\u00e3o Infantil de fevereiro ter\u00e1 a energia do Carnaval - Notibras<\/title>\n<meta name=\"robots\" content=\"index, follow, max-snippet:-1, max-image-preview:large, max-video-preview:-1\" \/>\n<link rel=\"canonical\" href=\"https:\/\/www.notibras.com\/site\/programacao-infantil-de-fevereiro-tera-a-energia-do-carnaval\/\" \/>\n<meta property=\"og:locale\" content=\"pt_BR\" \/>\n<meta property=\"og:type\" content=\"article\" \/>\n<meta property=\"og:title\" content=\"Programa\u00e7\u00e3o Infantil de fevereiro ter\u00e1 a energia do Carnaval - Notibras\" \/>\n<meta property=\"og:description\" content=\"O Terra\u00e7o Shopping bolou uma programa\u00e7\u00e3o imperd\u00edvel para os pequenos neste m\u00eas de fevereiro. Recheada de divers\u00e3o e entretenimento, as atividades prometem alegrar crian\u00e7as e adultos, com uma variedade de eventos empolgantes. No s\u00e1bado, dia 3 de fevereiro, \u00e0s 16h, a crian\u00e7ada pode se preparar para uma tarde repleta de encanto com a renomada contadora [&hellip;]\" \/>\n<meta property=\"og:url\" content=\"https:\/\/www.notibras.com\/site\/programacao-infantil-de-fevereiro-tera-a-energia-do-carnaval\/\" \/>\n<meta property=\"og:site_name\" content=\"Notibras\" \/>\n<meta property=\"article:publisher\" content=\"https:\/\/www.facebook.com\/notibras\/\" \/>\n<meta property=\"article:published_time\" content=\"2024-01-31T03:50:41+00:00\" \/>\n<meta property=\"article:modified_time\" content=\"2024-01-31T09:52:10+00:00\" \/>\n<meta property=\"og:image\" content=\"https:\/\/www.notibras.com\/site\/wp-content\/uploads\/2024\/01\/Nyedja-Genarri-1.jpeg\" \/>\n\t<meta property=\"og:image:width\" content=\"1600\" \/>\n\t<meta property=\"og:image:height\" content=\"1067\" \/>\n\t<meta property=\"og:image:type\" content=\"image\/jpeg\" \/>\n<meta name=\"author\" content=\"Reda\u00e7\u00e3o\" \/>\n<meta name=\"twitter:card\" content=\"summary_large_image\" \/>\n<meta name=\"twitter:creator\" content=\"@Notibras\" \/>\n<meta name=\"twitter:site\" content=\"@Notibras\" \/>\n<meta name=\"twitter:label1\" content=\"Escrito por\" \/>\n\t<meta name=\"twitter:data1\" content=\"Reda\u00e7\u00e3o\" \/>\n\t<meta name=\"twitter:label2\" content=\"Est. tempo de leitura\" \/>\n\t<meta name=\"twitter:data2\" content=\"3 minutos\" \/>\n<script type=\"application\/ld+json\" class=\"yoast-schema-graph\">{\"@context\":\"https:\/\/schema.org\",\"@graph\":[{\"@type\":\"Article\",\"@id\":\"https:\/\/www.notibras.com\/site\/programacao-infantil-de-fevereiro-tera-a-energia-do-carnaval\/#article\",\"isPartOf\":{\"@id\":\"https:\/\/www.notibras.com\/site\/programacao-infantil-de-fevereiro-tera-a-energia-do-carnaval\/\"},\"author\":{\"name\":\"Reda\u00e7\u00e3o\",\"@id\":\"https:\/\/www.notibras.com\/site\/#\/schema\/person\/36ab0979449956132d3e5b517ea76ac8\"},\"headline\":\"Programa\u00e7\u00e3o Infantil de fevereiro ter\u00e1 a energia do Carnaval\",\"datePublished\":\"2024-01-31T03:50:41+00:00\",\"dateModified\":\"2024-01-31T09:52:10+00:00\",\"mainEntityOfPage\":{\"@id\":\"https:\/\/www.notibras.com\/site\/programacao-infantil-de-fevereiro-tera-a-energia-do-carnaval\/\"},\"wordCount\":582,\"publisher\":{\"@id\":\"https:\/\/www.notibras.com\/site\/#organization\"},\"image\":{\"@id\":\"https:\/\/www.notibras.com\/site\/programacao-infantil-de-fevereiro-tera-a-energia-do-carnaval\/#primaryimage\"},\"thumbnailUrl\":\"https:\/\/www.notibras.com\/site\/wp-content\/uploads\/2024\/01\/Nyedja-Genarri-1.jpeg\",\"articleSection\":[\"Quadradinho em Foco\"],\"inLanguage\":\"pt-BR\"},{\"@type\":\"WebPage\",\"@id\":\"https:\/\/www.notibras.com\/site\/programacao-infantil-de-fevereiro-tera-a-energia-do-carnaval\/\",\"url\":\"https:\/\/www.notibras.com\/site\/programacao-infantil-de-fevereiro-tera-a-energia-do-carnaval\/\",\"name\":\"Programa\u00e7\u00e3o Infantil de fevereiro ter\u00e1 a energia do Carnaval - Notibras\",\"isPartOf\":{\"@id\":\"https:\/\/www.notibras.com\/site\/#website\"},\"primaryImageOfPage\":{\"@id\":\"https:\/\/www.notibras.com\/site\/programacao-infantil-de-fevereiro-tera-a-energia-do-carnaval\/#primaryimage\"},\"image\":{\"@id\":\"https:\/\/www.notibras.com\/site\/programacao-infantil-de-fevereiro-tera-a-energia-do-carnaval\/#primaryimage\"},\"thumbnailUrl\":\"https:\/\/www.notibras.com\/site\/wp-content\/uploads\/2024\/01\/Nyedja-Genarri-1.jpeg\",\"datePublished\":\"2024-01-31T03:50:41+00:00\",\"dateModified\":\"2024-01-31T09:52:10+00:00\",\"breadcrumb\":{\"@id\":\"https:\/\/www.notibras.com\/site\/programacao-infantil-de-fevereiro-tera-a-energia-do-carnaval\/#breadcrumb\"},\"inLanguage\":\"pt-BR\",\"potentialAction\":[{\"@type\":\"ReadAction\",\"target\":[\"https:\/\/www.notibras.com\/site\/programacao-infantil-de-fevereiro-tera-a-energia-do-carnaval\/\"]}]},{\"@type\":\"ImageObject\",\"inLanguage\":\"pt-BR\",\"@id\":\"https:\/\/www.notibras.com\/site\/programacao-infantil-de-fevereiro-tera-a-energia-do-carnaval\/#primaryimage\",\"url\":\"https:\/\/www.notibras.com\/site\/wp-content\/uploads\/2024\/01\/Nyedja-Genarri-1.jpeg\",\"contentUrl\":\"https:\/\/www.notibras.com\/site\/wp-content\/uploads\/2024\/01\/Nyedja-Genarri-1.jpeg\",\"width\":1600,\"height\":1067},{\"@type\":\"BreadcrumbList\",\"@id\":\"https:\/\/www.notibras.com\/site\/programacao-infantil-de-fevereiro-tera-a-energia-do-carnaval\/#breadcrumb\",\"itemListElement\":[{\"@type\":\"ListItem\",\"position\":1,\"name\":\"In\u00edcio\",\"item\":\"https:\/\/www.notibras.com\/site\/\"},{\"@type\":\"ListItem\",\"position\":2,\"name\":\"Programa\u00e7\u00e3o Infantil de fevereiro ter\u00e1 a energia do Carnaval\"}]},{\"@type\":\"WebSite\",\"@id\":\"https:\/\/www.notibras.com\/site\/#website\",\"url\":\"https:\/\/www.notibras.com\/site\/\",\"name\":\"Notibras\",\"description\":\"Not\u00edcias de Bras\u00edlia, do Brasil e do Mundo\",\"publisher\":{\"@id\":\"https:\/\/www.notibras.com\/site\/#organization\"},\"potentialAction\":[{\"@type\":\"SearchAction\",\"target\":{\"@type\":\"EntryPoint\",\"urlTemplate\":\"https:\/\/www.notibras.com\/site\/?s={search_term_string}\"},\"query-input\":{\"@type\":\"PropertyValueSpecification\",\"valueRequired\":true,\"valueName\":\"search_term_string\"}}],\"inLanguage\":\"pt-BR\"},{\"@type\":\"Organization\",\"@id\":\"https:\/\/www.notibras.com\/site\/#organization\",\"name\":\"Grupo Notibras de Comunica\u00e7\u00e3o\",\"url\":\"https:\/\/www.notibras.com\/site\/\",\"logo\":{\"@type\":\"ImageObject\",\"inLanguage\":\"pt-BR\",\"@id\":\"https:\/\/www.notibras.com\/site\/#\/schema\/logo\/image\/\",\"url\":\"https:\/\/www.notibras.com\/site\/wp-content\/uploads\/2023\/01\/notibras23.png\",\"contentUrl\":\"https:\/\/www.notibras.com\/site\/wp-content\/uploads\/2023\/01\/notibras23.png\",\"width\":350,\"height\":87,\"caption\":\"Grupo Notibras de Comunica\u00e7\u00e3o\"},\"image\":{\"@id\":\"https:\/\/www.notibras.com\/site\/#\/schema\/logo\/image\/\"},\"sameAs\":[\"https:\/\/www.facebook.com\/notibras\/\",\"https:\/\/x.com\/Notibras\",\"https:\/\/www.instagram.com\/notibras\/\"]},{\"@type\":\"Person\",\"@id\":\"https:\/\/www.notibras.com\/site\/#\/schema\/person\/36ab0979449956132d3e5b517ea76ac8\",\"name\":\"Reda\u00e7\u00e3o\",\"image\":{\"@type\":\"ImageObject\",\"inLanguage\":\"pt-BR\",\"@id\":\"https:\/\/secure.gravatar.com\/avatar\/e0a867bdedb85fd243eadf09663511f96fc81e0720a4a42581f334ad4303aa6b?s=96&d=mm&r=g\",\"url\":\"https:\/\/secure.gravatar.com\/avatar\/e0a867bdedb85fd243eadf09663511f96fc81e0720a4a42581f334ad4303aa6b?s=96&d=mm&r=g\",\"contentUrl\":\"https:\/\/secure.gravatar.com\/avatar\/e0a867bdedb85fd243eadf09663511f96fc81e0720a4a42581f334ad4303aa6b?s=96&d=mm&r=g\",\"caption\":\"Reda\u00e7\u00e3o\"}}]}<\/script>\n<!-- \/ Yoast SEO plugin. -->","yoast_head_json":{"title":"Programa\u00e7\u00e3o Infantil de fevereiro ter\u00e1 a energia do Carnaval - Notibras","robots":{"index":"index","follow":"follow","max-snippet":"max-snippet:-1","max-image-preview":"max-image-preview:large","max-video-preview":"max-video-preview:-1"},"canonical":"https:\/\/www.notibras.com\/site\/programacao-infantil-de-fevereiro-tera-a-energia-do-carnaval\/","og_locale":"pt_BR","og_type":"article","og_title":"Programa\u00e7\u00e3o Infantil de fevereiro ter\u00e1 a energia do Carnaval - Notibras","og_description":"O Terra\u00e7o Shopping bolou uma programa\u00e7\u00e3o imperd\u00edvel para os pequenos neste m\u00eas de fevereiro. Recheada de divers\u00e3o e entretenimento, as atividades prometem alegrar crian\u00e7as e adultos, com uma variedade de eventos empolgantes. No s\u00e1bado, dia 3 de fevereiro, \u00e0s 16h, a crian\u00e7ada pode se preparar para uma tarde repleta de encanto com a renomada contadora [&hellip;]","og_url":"https:\/\/www.notibras.com\/site\/programacao-infantil-de-fevereiro-tera-a-energia-do-carnaval\/","og_site_name":"Notibras","article_publisher":"https:\/\/www.facebook.com\/notibras\/","article_published_time":"2024-01-31T03:50:41+00:00","article_modified_time":"2024-01-31T09:52:10+00:00","og_image":[{"width":1600,"height":1067,"url":"https:\/\/www.notibras.com\/site\/wp-content\/uploads\/2024\/01\/Nyedja-Genarri-1.jpeg","type":"image\/jpeg"}],"author":"Reda\u00e7\u00e3o","twitter_card":"summary_large_image","twitter_creator":"@Notibras","twitter_site":"@Notibras","twitter_misc":{"Escrito por":"Reda\u00e7\u00e3o","Est. tempo de leitura":"3 minutos"},"schema":{"@context":"https:\/\/schema.org","@graph":[{"@type":"Article","@id":"https:\/\/www.notibras.com\/site\/programacao-infantil-de-fevereiro-tera-a-energia-do-carnaval\/#article","isPartOf":{"@id":"https:\/\/www.notibras.com\/site\/programacao-infantil-de-fevereiro-tera-a-energia-do-carnaval\/"},"author":{"name":"Reda\u00e7\u00e3o","@id":"https:\/\/www.notibras.com\/site\/#\/schema\/person\/36ab0979449956132d3e5b517ea76ac8"},"headline":"Programa\u00e7\u00e3o Infantil de fevereiro ter\u00e1 a energia do Carnaval","datePublished":"2024-01-31T03:50:41+00:00","dateModified":"2024-01-31T09:52:10+00:00","mainEntityOfPage":{"@id":"https:\/\/www.notibras.com\/site\/programacao-infantil-de-fevereiro-tera-a-energia-do-carnaval\/"},"wordCount":582,"publisher":{"@id":"https:\/\/www.notibras.com\/site\/#organization"},"image":{"@id":"https:\/\/www.notibras.com\/site\/programacao-infantil-de-fevereiro-tera-a-energia-do-carnaval\/#primaryimage"},"thumbnailUrl":"https:\/\/www.notibras.com\/site\/wp-content\/uploads\/2024\/01\/Nyedja-Genarri-1.jpeg","articleSection":["Quadradinho em Foco"],"inLanguage":"pt-BR"},{"@type":"WebPage","@id":"https:\/\/www.notibras.com\/site\/programacao-infantil-de-fevereiro-tera-a-energia-do-carnaval\/","url":"https:\/\/www.notibras.com\/site\/programacao-infantil-de-fevereiro-tera-a-energia-do-carnaval\/","name":"Programa\u00e7\u00e3o Infantil de fevereiro ter\u00e1 a energia do Carnaval - Notibras","isPartOf":{"@id":"https:\/\/www.notibras.com\/site\/#website"},"primaryImageOfPage":{"@id":"https:\/\/www.notibras.com\/site\/programacao-infantil-de-fevereiro-tera-a-energia-do-carnaval\/#primaryimage"},"image":{"@id":"https:\/\/www.notibras.com\/site\/programacao-infantil-de-fevereiro-tera-a-energia-do-carnaval\/#primaryimage"},"thumbnailUrl":"https:\/\/www.notibras.com\/site\/wp-content\/uploads\/2024\/01\/Nyedja-Genarri-1.jpeg","datePublished":"2024-01-31T03:50:41+00:00","dateModified":"2024-01-31T09:52:10+00:00","breadcrumb":{"@id":"https:\/\/www.notibras.com\/site\/programacao-infantil-de-fevereiro-tera-a-energia-do-carnaval\/#breadcrumb"},"inLanguage":"pt-BR","potentialAction":[{"@type":"ReadAction","target":["https:\/\/www.notibras.com\/site\/programacao-infantil-de-fevereiro-tera-a-energia-do-carnaval\/"]}]},{"@type":"ImageObject","inLanguage":"pt-BR","@id":"https:\/\/www.notibras.com\/site\/programacao-infantil-de-fevereiro-tera-a-energia-do-carnaval\/#primaryimage","url":"https:\/\/www.notibras.com\/site\/wp-content\/uploads\/2024\/01\/Nyedja-Genarri-1.jpeg","contentUrl":"https:\/\/www.notibras.com\/site\/wp-content\/uploads\/2024\/01\/Nyedja-Genarri-1.jpeg","width":1600,"height":1067},{"@type":"BreadcrumbList","@id":"https:\/\/www.notibras.com\/site\/programacao-infantil-de-fevereiro-tera-a-energia-do-carnaval\/#breadcrumb","itemListElement":[{"@type":"ListItem","position":1,"name":"In\u00edcio","item":"https:\/\/www.notibras.com\/site\/"},{"@type":"ListItem","position":2,"name":"Programa\u00e7\u00e3o Infantil de fevereiro ter\u00e1 a energia do Carnaval"}]},{"@type":"WebSite","@id":"https:\/\/www.notibras.com\/site\/#website","url":"https:\/\/www.notibras.com\/site\/","name":"Notibras","description":"Not\u00edcias de Bras\u00edlia, do Brasil e do Mundo","publisher":{"@id":"https:\/\/www.notibras.com\/site\/#organization"},"potentialAction":[{"@type":"SearchAction","target":{"@type":"EntryPoint","urlTemplate":"https:\/\/www.notibras.com\/site\/?s={search_term_string}"},"query-input":{"@type":"PropertyValueSpecification","valueRequired":true,"valueName":"search_term_string"}}],"inLanguage":"pt-BR"},{"@type":"Organization","@id":"https:\/\/www.notibras.com\/site\/#organization","name":"Grupo Notibras de Comunica\u00e7\u00e3o","url":"https:\/\/www.notibras.com\/site\/","logo":{"@type":"ImageObject","inLanguage":"pt-BR","@id":"https:\/\/www.notibras.com\/site\/#\/schema\/logo\/image\/","url":"https:\/\/www.notibras.com\/site\/wp-content\/uploads\/2023\/01\/notibras23.png","contentUrl":"https:\/\/www.notibras.com\/site\/wp-content\/uploads\/2023\/01\/notibras23.png","width":350,"height":87,"caption":"Grupo Notibras de Comunica\u00e7\u00e3o"},"image":{"@id":"https:\/\/www.notibras.com\/site\/#\/schema\/logo\/image\/"},"sameAs":["https:\/\/www.facebook.com\/notibras\/","https:\/\/x.com\/Notibras","https:\/\/www.instagram.com\/notibras\/"]},{"@type":"Person","@id":"https:\/\/www.notibras.com\/site\/#\/schema\/person\/36ab0979449956132d3e5b517ea76ac8","name":"Reda\u00e7\u00e3o","image":{"@type":"ImageObject","inLanguage":"pt-BR","@id":"https:\/\/secure.gravatar.com\/avatar\/e0a867bdedb85fd243eadf09663511f96fc81e0720a4a42581f334ad4303aa6b?s=96&d=mm&r=g","url":"https:\/\/secure.gravatar.com\/avatar\/e0a867bdedb85fd243eadf09663511f96fc81e0720a4a42581f334ad4303aa6b?s=96&d=mm&r=g","contentUrl":"https:\/\/secure.gravatar.com\/avatar\/e0a867bdedb85fd243eadf09663511f96fc81e0720a4a42581f334ad4303aa6b?s=96&d=mm&r=g","caption":"Reda\u00e7\u00e3o"}}]}},"amp_enabled":true,"_links":{"self":[{"href":"https:\/\/www.notibras.com\/site\/wp-json\/wp\/v2\/posts\/321448","targetHints":{"allow":["GET"]}}],"collection":[{"href":"https:\/\/www.notibras.com\/site\/wp-json\/wp\/v2\/posts"}],"about":[{"href":"https:\/\/www.notibras.com\/site\/wp-json\/wp\/v2\/types\/post"}],"author":[{"embeddable":true,"href":"https:\/\/www.notibras.com\/site\/wp-json\/wp\/v2\/users\/2"}],"replies":[{"embeddable":true,"href":"https:\/\/www.notibras.com\/site\/wp-json\/wp\/v2\/comments?post=321448"}],"version-history":[{"count":1,"href":"https:\/\/www.notibras.com\/site\/wp-json\/wp\/v2\/posts\/321448\/revisions"}],"predecessor-version":[{"id":321450,"href":"https:\/\/www.notibras.com\/site\/wp-json\/wp\/v2\/posts\/321448\/revisions\/321450"}],"wp:featuredmedia":[{"embeddable":true,"href":"https:\/\/www.notibras.com\/site\/wp-json\/wp\/v2\/media\/321449"}],"wp:attachment":[{"href":"https:\/\/www.notibras.com\/site\/wp-json\/wp\/v2\/media?parent=321448"}],"wp:term":[{"taxonomy":"category","embeddable":true,"href":"https:\/\/www.notibras.com\/site\/wp-json\/wp\/v2\/categories?post=321448"},{"taxonomy":"post_tag","embeddable":true,"href":"https:\/\/www.notibras.com\/site\/wp-json\/wp\/v2\/tags?post=321448"}],"curies":[{"name":"wp","href":"https:\/\/api.w.org\/{rel}","templated":true}]}}