{"id":321454,"date":"2024-01-31T00:00:10","date_gmt":"2024-01-31T03:00:10","guid":{"rendered":"https:\/\/www.notibras.com\/site\/?p=321454"},"modified":"2024-01-31T07:03:24","modified_gmt":"2024-01-31T10:03:24","slug":"tim-vai-indenizar-cliente-por-cobrancas-indevidas","status":"publish","type":"post","link":"https:\/\/www.notibras.com\/site\/tim-vai-indenizar-cliente-por-cobrancas-indevidas\/","title":{"rendered":"TIM vai indenizar cliente por cobran\u00e7as indevidas"},"content":{"rendered":"<p>O 5\u00ba Juizados Especiais C\u00edvel de Bras\u00edlia condenou a Tim\/SA a indenizar consumidor por cobran\u00e7as indevidas ap\u00f3s solicita\u00e7\u00e3o de portabilidade de linhas telef\u00f4nicas. A decis\u00e3o fixou a quantia de R$ 5 mil, por danos morais, e determinou a inexist\u00eancia dos d\u00e9bitos ap\u00f3s a portabilidade.<\/p>\n<p>Conforme o processo, o autor solicitou a portabilidade de linhas telef\u00f4nicas cadastradas em seu nome, em novembro de 2022. Contudo, conta que depois disso passou a receber cobran\u00e7as indevidas. A r\u00e9, por sua vez, alega que confirmou a portabilidade das linhas e que as faturas dos meses de janeiro a julho de 2023 foram lan\u00e7adas por falha no sistema. A empresa afirma que realizou o cancelamento dos d\u00e9bitos.<\/p>\n<p>Consta no documento que a r\u00e9 continuou emitindo faturas em nome do autor, conforme demonstrado no processo. Para a Ju\u00edza, n\u00e3o ficou comprovada a origem dos valores cobrados, tampouco o servi\u00e7o fornecido pela r\u00e9. A magistrada ainda pontua que a situa\u00e7\u00e3o vivenciada pelo autor, de receber in\u00fameras liga\u00e7\u00f5es de cobran\u00e7a de servi\u00e7os n\u00e3o prestados pela empresa, \u201cconstitui verdadeiro calv\u00e1rio para o consumidor\u201d.<\/p>\n<p>Por fim, a Ju\u00edza explica que a situa\u00e7\u00e3o evidencia ato il\u00edcito que ofende o direito da personalidade. Assim, \u201cA empresa r\u00e9, ao recalcitrar em atender os chamados do consumidor, dificultando o exerc\u00edcio de l\u00eddimo direito \u2013 cancelamento de seus servi\u00e7os telef\u00f4nicos \u2013 opta pelo desrespeito aos direitos, causando ofensa a patrim\u00f4nio imaterial do consumidor\u201d, finalizou.<\/p>\n","protected":false},"excerpt":{"rendered":"<p>O 5\u00ba Juizados Especiais C\u00edvel de Bras\u00edlia condenou a Tim\/SA a indenizar consumidor por cobran\u00e7as indevidas ap\u00f3s solicita\u00e7\u00e3o de portabilidade de linhas telef\u00f4nicas. A decis\u00e3o fixou a quantia de R$ 5 mil, por danos morais, e determinou a inexist\u00eancia dos d\u00e9bitos ap\u00f3s a portabilidade. Conforme o processo, o autor solicitou a portabilidade de linhas telef\u00f4nicas [&hellip;]<\/p>\n","protected":false},"author":2,"featured_media":312745,"comment_status":"closed","ping_status":"closed","sticky":false,"template":"","format":"standard","meta":{"_acf_changed":false,"footnotes":""},"categories":[161],"tags":[],"class_list":["post-321454","post","type-post","status-publish","format-standard","has-post-thumbnail","hentry","category-quadradinho-em-foco"],"acf":[],"yoast_head":"<!-- This site is optimized with the Yoast SEO plugin v27.2 - https:\/\/yoast.com\/product\/yoast-seo-wordpress\/ -->\n<title>TIM vai indenizar cliente por cobran\u00e7as indevidas - Notibras<\/title>\n<meta name=\"robots\" content=\"index, follow, max-snippet:-1, max-image-preview:large, max-video-preview:-1\" \/>\n<link rel=\"canonical\" href=\"https:\/\/www.notibras.com\/site\/tim-vai-indenizar-cliente-por-cobrancas-indevidas\/\" \/>\n<meta property=\"og:locale\" content=\"pt_BR\" \/>\n<meta property=\"og:type\" content=\"article\" \/>\n<meta property=\"og:title\" content=\"TIM vai indenizar cliente por cobran\u00e7as indevidas - Notibras\" \/>\n<meta property=\"og:description\" content=\"O 5\u00ba Juizados Especiais C\u00edvel de Bras\u00edlia condenou a Tim\/SA a indenizar consumidor por cobran\u00e7as indevidas ap\u00f3s solicita\u00e7\u00e3o de portabilidade de linhas telef\u00f4nicas. A decis\u00e3o fixou a quantia de R$ 5 mil, por danos morais, e determinou a inexist\u00eancia dos d\u00e9bitos ap\u00f3s a portabilidade. Conforme o processo, o autor solicitou a portabilidade de linhas telef\u00f4nicas [&hellip;]\" \/>\n<meta property=\"og:url\" content=\"https:\/\/www.notibras.com\/site\/tim-vai-indenizar-cliente-por-cobrancas-indevidas\/\" \/>\n<meta property=\"og:site_name\" content=\"Notibras\" \/>\n<meta property=\"article:publisher\" content=\"https:\/\/www.facebook.com\/notibras\/\" \/>\n<meta property=\"article:published_time\" content=\"2024-01-31T03:00:10+00:00\" \/>\n<meta property=\"article:modified_time\" content=\"2024-01-31T10:03:24+00:00\" \/>\n<meta property=\"og:image\" content=\"https:\/\/www.notibras.com\/site\/wp-content\/uploads\/2023\/09\/uso_de_smartphone_e_celular050720211243-1.jpg\" \/>\n\t<meta property=\"og:image:width\" content=\"1170\" \/>\n\t<meta property=\"og:image:height\" content=\"700\" \/>\n\t<meta property=\"og:image:type\" content=\"image\/jpeg\" \/>\n<meta name=\"author\" content=\"Reda\u00e7\u00e3o\" \/>\n<meta name=\"twitter:card\" content=\"summary_large_image\" \/>\n<meta name=\"twitter:creator\" content=\"@Notibras\" \/>\n<meta name=\"twitter:site\" content=\"@Notibras\" \/>\n<meta name=\"twitter:label1\" content=\"Escrito por\" \/>\n\t<meta name=\"twitter:data1\" content=\"Reda\u00e7\u00e3o\" \/>\n\t<meta name=\"twitter:label2\" content=\"Est. tempo de leitura\" \/>\n\t<meta name=\"twitter:data2\" content=\"2 minutos\" \/>\n<script type=\"application\/ld+json\" class=\"yoast-schema-graph\">{\"@context\":\"https:\/\/schema.org\",\"@graph\":[{\"@type\":\"Article\",\"@id\":\"https:\/\/www.notibras.com\/site\/tim-vai-indenizar-cliente-por-cobrancas-indevidas\/#article\",\"isPartOf\":{\"@id\":\"https:\/\/www.notibras.com\/site\/tim-vai-indenizar-cliente-por-cobrancas-indevidas\/\"},\"author\":{\"name\":\"Reda\u00e7\u00e3o\",\"@id\":\"https:\/\/www.notibras.com\/site\/#\/schema\/person\/36ab0979449956132d3e5b517ea76ac8\"},\"headline\":\"TIM vai indenizar cliente por cobran\u00e7as indevidas\",\"datePublished\":\"2024-01-31T03:00:10+00:00\",\"dateModified\":\"2024-01-31T10:03:24+00:00\",\"mainEntityOfPage\":{\"@id\":\"https:\/\/www.notibras.com\/site\/tim-vai-indenizar-cliente-por-cobrancas-indevidas\/\"},\"wordCount\":264,\"publisher\":{\"@id\":\"https:\/\/www.notibras.com\/site\/#organization\"},\"image\":{\"@id\":\"https:\/\/www.notibras.com\/site\/tim-vai-indenizar-cliente-por-cobrancas-indevidas\/#primaryimage\"},\"thumbnailUrl\":\"https:\/\/www.notibras.com\/site\/wp-content\/uploads\/2023\/09\/uso_de_smartphone_e_celular050720211243-1.jpg\",\"articleSection\":[\"Quadradinho em Foco\"],\"inLanguage\":\"pt-BR\"},{\"@type\":\"WebPage\",\"@id\":\"https:\/\/www.notibras.com\/site\/tim-vai-indenizar-cliente-por-cobrancas-indevidas\/\",\"url\":\"https:\/\/www.notibras.com\/site\/tim-vai-indenizar-cliente-por-cobrancas-indevidas\/\",\"name\":\"TIM vai indenizar cliente por cobran\u00e7as indevidas - Notibras\",\"isPartOf\":{\"@id\":\"https:\/\/www.notibras.com\/site\/#website\"},\"primaryImageOfPage\":{\"@id\":\"https:\/\/www.notibras.com\/site\/tim-vai-indenizar-cliente-por-cobrancas-indevidas\/#primaryimage\"},\"image\":{\"@id\":\"https:\/\/www.notibras.com\/site\/tim-vai-indenizar-cliente-por-cobrancas-indevidas\/#primaryimage\"},\"thumbnailUrl\":\"https:\/\/www.notibras.com\/site\/wp-content\/uploads\/2023\/09\/uso_de_smartphone_e_celular050720211243-1.jpg\",\"datePublished\":\"2024-01-31T03:00:10+00:00\",\"dateModified\":\"2024-01-31T10:03:24+00:00\",\"breadcrumb\":{\"@id\":\"https:\/\/www.notibras.com\/site\/tim-vai-indenizar-cliente-por-cobrancas-indevidas\/#breadcrumb\"},\"inLanguage\":\"pt-BR\",\"potentialAction\":[{\"@type\":\"ReadAction\",\"target\":[\"https:\/\/www.notibras.com\/site\/tim-vai-indenizar-cliente-por-cobrancas-indevidas\/\"]}]},{\"@type\":\"ImageObject\",\"inLanguage\":\"pt-BR\",\"@id\":\"https:\/\/www.notibras.com\/site\/tim-vai-indenizar-cliente-por-cobrancas-indevidas\/#primaryimage\",\"url\":\"https:\/\/www.notibras.com\/site\/wp-content\/uploads\/2023\/09\/uso_de_smartphone_e_celular050720211243-1.jpg\",\"contentUrl\":\"https:\/\/www.notibras.com\/site\/wp-content\/uploads\/2023\/09\/uso_de_smartphone_e_celular050720211243-1.jpg\",\"width\":1170,\"height\":700},{\"@type\":\"BreadcrumbList\",\"@id\":\"https:\/\/www.notibras.com\/site\/tim-vai-indenizar-cliente-por-cobrancas-indevidas\/#breadcrumb\",\"itemListElement\":[{\"@type\":\"ListItem\",\"position\":1,\"name\":\"In\u00edcio\",\"item\":\"https:\/\/www.notibras.com\/site\/\"},{\"@type\":\"ListItem\",\"position\":2,\"name\":\"TIM vai indenizar cliente por cobran\u00e7as indevidas\"}]},{\"@type\":\"WebSite\",\"@id\":\"https:\/\/www.notibras.com\/site\/#website\",\"url\":\"https:\/\/www.notibras.com\/site\/\",\"name\":\"Notibras\",\"description\":\"Not\u00edcias de Bras\u00edlia, do Brasil e do Mundo\",\"publisher\":{\"@id\":\"https:\/\/www.notibras.com\/site\/#organization\"},\"potentialAction\":[{\"@type\":\"SearchAction\",\"target\":{\"@type\":\"EntryPoint\",\"urlTemplate\":\"https:\/\/www.notibras.com\/site\/?s={search_term_string}\"},\"query-input\":{\"@type\":\"PropertyValueSpecification\",\"valueRequired\":true,\"valueName\":\"search_term_string\"}}],\"inLanguage\":\"pt-BR\"},{\"@type\":\"Organization\",\"@id\":\"https:\/\/www.notibras.com\/site\/#organization\",\"name\":\"Grupo Notibras de Comunica\u00e7\u00e3o\",\"url\":\"https:\/\/www.notibras.com\/site\/\",\"logo\":{\"@type\":\"ImageObject\",\"inLanguage\":\"pt-BR\",\"@id\":\"https:\/\/www.notibras.com\/site\/#\/schema\/logo\/image\/\",\"url\":\"https:\/\/www.notibras.com\/site\/wp-content\/uploads\/2023\/01\/notibras23.png\",\"contentUrl\":\"https:\/\/www.notibras.com\/site\/wp-content\/uploads\/2023\/01\/notibras23.png\",\"width\":350,\"height\":87,\"caption\":\"Grupo Notibras de Comunica\u00e7\u00e3o\"},\"image\":{\"@id\":\"https:\/\/www.notibras.com\/site\/#\/schema\/logo\/image\/\"},\"sameAs\":[\"https:\/\/www.facebook.com\/notibras\/\",\"https:\/\/x.com\/Notibras\",\"https:\/\/www.instagram.com\/notibras\/\"]},{\"@type\":\"Person\",\"@id\":\"https:\/\/www.notibras.com\/site\/#\/schema\/person\/36ab0979449956132d3e5b517ea76ac8\",\"name\":\"Reda\u00e7\u00e3o\",\"image\":{\"@type\":\"ImageObject\",\"inLanguage\":\"pt-BR\",\"@id\":\"https:\/\/secure.gravatar.com\/avatar\/e0a867bdedb85fd243eadf09663511f96fc81e0720a4a42581f334ad4303aa6b?s=96&d=mm&r=g\",\"url\":\"https:\/\/secure.gravatar.com\/avatar\/e0a867bdedb85fd243eadf09663511f96fc81e0720a4a42581f334ad4303aa6b?s=96&d=mm&r=g\",\"contentUrl\":\"https:\/\/secure.gravatar.com\/avatar\/e0a867bdedb85fd243eadf09663511f96fc81e0720a4a42581f334ad4303aa6b?s=96&d=mm&r=g\",\"caption\":\"Reda\u00e7\u00e3o\"}}]}<\/script>\n<!-- \/ Yoast SEO plugin. -->","yoast_head_json":{"title":"TIM vai indenizar cliente por cobran\u00e7as indevidas - Notibras","robots":{"index":"index","follow":"follow","max-snippet":"max-snippet:-1","max-image-preview":"max-image-preview:large","max-video-preview":"max-video-preview:-1"},"canonical":"https:\/\/www.notibras.com\/site\/tim-vai-indenizar-cliente-por-cobrancas-indevidas\/","og_locale":"pt_BR","og_type":"article","og_title":"TIM vai indenizar cliente por cobran\u00e7as indevidas - Notibras","og_description":"O 5\u00ba Juizados Especiais C\u00edvel de Bras\u00edlia condenou a Tim\/SA a indenizar consumidor por cobran\u00e7as indevidas ap\u00f3s solicita\u00e7\u00e3o de portabilidade de linhas telef\u00f4nicas. A decis\u00e3o fixou a quantia de R$ 5 mil, por danos morais, e determinou a inexist\u00eancia dos d\u00e9bitos ap\u00f3s a portabilidade. Conforme o processo, o autor solicitou a portabilidade de linhas telef\u00f4nicas [&hellip;]","og_url":"https:\/\/www.notibras.com\/site\/tim-vai-indenizar-cliente-por-cobrancas-indevidas\/","og_site_name":"Notibras","article_publisher":"https:\/\/www.facebook.com\/notibras\/","article_published_time":"2024-01-31T03:00:10+00:00","article_modified_time":"2024-01-31T10:03:24+00:00","og_image":[{"width":1170,"height":700,"url":"https:\/\/www.notibras.com\/site\/wp-content\/uploads\/2023\/09\/uso_de_smartphone_e_celular050720211243-1.jpg","type":"image\/jpeg"}],"author":"Reda\u00e7\u00e3o","twitter_card":"summary_large_image","twitter_creator":"@Notibras","twitter_site":"@Notibras","twitter_misc":{"Escrito por":"Reda\u00e7\u00e3o","Est. tempo de leitura":"2 minutos"},"schema":{"@context":"https:\/\/schema.org","@graph":[{"@type":"Article","@id":"https:\/\/www.notibras.com\/site\/tim-vai-indenizar-cliente-por-cobrancas-indevidas\/#article","isPartOf":{"@id":"https:\/\/www.notibras.com\/site\/tim-vai-indenizar-cliente-por-cobrancas-indevidas\/"},"author":{"name":"Reda\u00e7\u00e3o","@id":"https:\/\/www.notibras.com\/site\/#\/schema\/person\/36ab0979449956132d3e5b517ea76ac8"},"headline":"TIM vai indenizar cliente por cobran\u00e7as indevidas","datePublished":"2024-01-31T03:00:10+00:00","dateModified":"2024-01-31T10:03:24+00:00","mainEntityOfPage":{"@id":"https:\/\/www.notibras.com\/site\/tim-vai-indenizar-cliente-por-cobrancas-indevidas\/"},"wordCount":264,"publisher":{"@id":"https:\/\/www.notibras.com\/site\/#organization"},"image":{"@id":"https:\/\/www.notibras.com\/site\/tim-vai-indenizar-cliente-por-cobrancas-indevidas\/#primaryimage"},"thumbnailUrl":"https:\/\/www.notibras.com\/site\/wp-content\/uploads\/2023\/09\/uso_de_smartphone_e_celular050720211243-1.jpg","articleSection":["Quadradinho em Foco"],"inLanguage":"pt-BR"},{"@type":"WebPage","@id":"https:\/\/www.notibras.com\/site\/tim-vai-indenizar-cliente-por-cobrancas-indevidas\/","url":"https:\/\/www.notibras.com\/site\/tim-vai-indenizar-cliente-por-cobrancas-indevidas\/","name":"TIM vai indenizar cliente por cobran\u00e7as indevidas - Notibras","isPartOf":{"@id":"https:\/\/www.notibras.com\/site\/#website"},"primaryImageOfPage":{"@id":"https:\/\/www.notibras.com\/site\/tim-vai-indenizar-cliente-por-cobrancas-indevidas\/#primaryimage"},"image":{"@id":"https:\/\/www.notibras.com\/site\/tim-vai-indenizar-cliente-por-cobrancas-indevidas\/#primaryimage"},"thumbnailUrl":"https:\/\/www.notibras.com\/site\/wp-content\/uploads\/2023\/09\/uso_de_smartphone_e_celular050720211243-1.jpg","datePublished":"2024-01-31T03:00:10+00:00","dateModified":"2024-01-31T10:03:24+00:00","breadcrumb":{"@id":"https:\/\/www.notibras.com\/site\/tim-vai-indenizar-cliente-por-cobrancas-indevidas\/#breadcrumb"},"inLanguage":"pt-BR","potentialAction":[{"@type":"ReadAction","target":["https:\/\/www.notibras.com\/site\/tim-vai-indenizar-cliente-por-cobrancas-indevidas\/"]}]},{"@type":"ImageObject","inLanguage":"pt-BR","@id":"https:\/\/www.notibras.com\/site\/tim-vai-indenizar-cliente-por-cobrancas-indevidas\/#primaryimage","url":"https:\/\/www.notibras.com\/site\/wp-content\/uploads\/2023\/09\/uso_de_smartphone_e_celular050720211243-1.jpg","contentUrl":"https:\/\/www.notibras.com\/site\/wp-content\/uploads\/2023\/09\/uso_de_smartphone_e_celular050720211243-1.jpg","width":1170,"height":700},{"@type":"BreadcrumbList","@id":"https:\/\/www.notibras.com\/site\/tim-vai-indenizar-cliente-por-cobrancas-indevidas\/#breadcrumb","itemListElement":[{"@type":"ListItem","position":1,"name":"In\u00edcio","item":"https:\/\/www.notibras.com\/site\/"},{"@type":"ListItem","position":2,"name":"TIM vai indenizar cliente por cobran\u00e7as indevidas"}]},{"@type":"WebSite","@id":"https:\/\/www.notibras.com\/site\/#website","url":"https:\/\/www.notibras.com\/site\/","name":"Notibras","description":"Not\u00edcias de Bras\u00edlia, do Brasil e do Mundo","publisher":{"@id":"https:\/\/www.notibras.com\/site\/#organization"},"potentialAction":[{"@type":"SearchAction","target":{"@type":"EntryPoint","urlTemplate":"https:\/\/www.notibras.com\/site\/?s={search_term_string}"},"query-input":{"@type":"PropertyValueSpecification","valueRequired":true,"valueName":"search_term_string"}}],"inLanguage":"pt-BR"},{"@type":"Organization","@id":"https:\/\/www.notibras.com\/site\/#organization","name":"Grupo Notibras de Comunica\u00e7\u00e3o","url":"https:\/\/www.notibras.com\/site\/","logo":{"@type":"ImageObject","inLanguage":"pt-BR","@id":"https:\/\/www.notibras.com\/site\/#\/schema\/logo\/image\/","url":"https:\/\/www.notibras.com\/site\/wp-content\/uploads\/2023\/01\/notibras23.png","contentUrl":"https:\/\/www.notibras.com\/site\/wp-content\/uploads\/2023\/01\/notibras23.png","width":350,"height":87,"caption":"Grupo Notibras de Comunica\u00e7\u00e3o"},"image":{"@id":"https:\/\/www.notibras.com\/site\/#\/schema\/logo\/image\/"},"sameAs":["https:\/\/www.facebook.com\/notibras\/","https:\/\/x.com\/Notibras","https:\/\/www.instagram.com\/notibras\/"]},{"@type":"Person","@id":"https:\/\/www.notibras.com\/site\/#\/schema\/person\/36ab0979449956132d3e5b517ea76ac8","name":"Reda\u00e7\u00e3o","image":{"@type":"ImageObject","inLanguage":"pt-BR","@id":"https:\/\/secure.gravatar.com\/avatar\/e0a867bdedb85fd243eadf09663511f96fc81e0720a4a42581f334ad4303aa6b?s=96&d=mm&r=g","url":"https:\/\/secure.gravatar.com\/avatar\/e0a867bdedb85fd243eadf09663511f96fc81e0720a4a42581f334ad4303aa6b?s=96&d=mm&r=g","contentUrl":"https:\/\/secure.gravatar.com\/avatar\/e0a867bdedb85fd243eadf09663511f96fc81e0720a4a42581f334ad4303aa6b?s=96&d=mm&r=g","caption":"Reda\u00e7\u00e3o"}}]}},"amp_enabled":true,"_links":{"self":[{"href":"https:\/\/www.notibras.com\/site\/wp-json\/wp\/v2\/posts\/321454","targetHints":{"allow":["GET"]}}],"collection":[{"href":"https:\/\/www.notibras.com\/site\/wp-json\/wp\/v2\/posts"}],"about":[{"href":"https:\/\/www.notibras.com\/site\/wp-json\/wp\/v2\/types\/post"}],"author":[{"embeddable":true,"href":"https:\/\/www.notibras.com\/site\/wp-json\/wp\/v2\/users\/2"}],"replies":[{"embeddable":true,"href":"https:\/\/www.notibras.com\/site\/wp-json\/wp\/v2\/comments?post=321454"}],"version-history":[{"count":1,"href":"https:\/\/www.notibras.com\/site\/wp-json\/wp\/v2\/posts\/321454\/revisions"}],"predecessor-version":[{"id":321455,"href":"https:\/\/www.notibras.com\/site\/wp-json\/wp\/v2\/posts\/321454\/revisions\/321455"}],"wp:featuredmedia":[{"embeddable":true,"href":"https:\/\/www.notibras.com\/site\/wp-json\/wp\/v2\/media\/312745"}],"wp:attachment":[{"href":"https:\/\/www.notibras.com\/site\/wp-json\/wp\/v2\/media?parent=321454"}],"wp:term":[{"taxonomy":"category","embeddable":true,"href":"https:\/\/www.notibras.com\/site\/wp-json\/wp\/v2\/categories?post=321454"},{"taxonomy":"post_tag","embeddable":true,"href":"https:\/\/www.notibras.com\/site\/wp-json\/wp\/v2\/tags?post=321454"}],"curies":[{"name":"wp","href":"https:\/\/api.w.org\/{rel}","templated":true}]}}