{"id":321456,"date":"2024-01-31T07:13:19","date_gmt":"2024-01-31T10:13:19","guid":{"rendered":"https:\/\/www.notibras.com\/site\/?p=321456"},"modified":"2024-01-31T07:14:00","modified_gmt":"2024-01-31T10:14:00","slug":"beliscadas-nas-bochechas-viram-heranca-e-vida-boa","status":"publish","type":"post","link":"https:\/\/www.notibras.com\/site\/beliscadas-nas-bochechas-viram-heranca-e-vida-boa\/","title":{"rendered":"Beliscadas nas bochechas viram heran\u00e7a e vida boa"},"content":{"rendered":"<p>As pessoas reunidas naquela sala, poucas pr\u00f3ximas ao f\u00e9retro, a maioria encostada nas paredes, talvez enojadas pela apar\u00eancia decr\u00e9pita da finada ou, ainda, pelo odor desagrad\u00e1vel que escapava daquelas carnes em processo de decomposi\u00e7\u00e3o. No meu canto, apenas observava as duas m\u00e3os da velha Dolores, agora repousadas sobre o busto, como se detentoras apenas de a\u00e7\u00f5es bondosas enquanto quentes. Que nada! Como sofri com belisc\u00f5es nas bochechas proeminentes desde menino.<\/p>\n<p>Minha m\u00e3e, que ali se encontrava entre as mais despojadas do recinto, acabara de depositar uma coroa de margaridas sobre a defunta. At\u00e9 eu, um completo n\u00e9scio em jardinagem, bem sei o que s\u00e3o margaridas. No entanto, caso n\u00e3o fosse pelo coment\u00e1rio lisonjeiro que ouvi do grupo ao lado, jamais saberia que tais flores representam as boas lembran\u00e7as vividas. Minhas bochechas que o digam!<\/p>\n<p>Mendon\u00e7a, eis o dono do infeliz coment\u00e1rio. Certamente \u00e9 um dos pr\u00f3ximos da fila, haja vista o avan\u00e7ar da idade. \u00c9 verdade que posso eu ser o seguinte, pois sa\u00fade e meus 28 anos n\u00e3o garantem que o pr\u00f3ximo carro desgovernado n\u00e3o me encontrar\u00e1 em alguma esquina. Sarav\u00e1! Oxal\u00e1! Aproximei-me da sucumbida e, discretamente, dei tr\u00eas batidas no caix\u00e3o. Vai qu\u00ea!<\/p>\n<p>Olhei ao redor para ver se ningu\u00e9m me flagrou. A princ\u00edpio, me senti aliviado, at\u00e9 que percebi o olhar risonho da S\u00f4nia, a bela e jovem esposa do Armando. Deve ter no m\u00e1ximo 35. E que carnes! Ela continuou me encarando com aqueles olhos amendoados, como se fosse se entregar para mim. N\u00e3o consigo encar\u00e1-la e meu olhar foi direto naquelas pernas torneadas.<\/p>\n<p>A mulher deve ter percebido meu desejo, pois se virou. Fiquei na d\u00favida se ela se sentiu ofendida ou, ent\u00e3o, apenas quis me mostrar a retaguarda. Alcei os olhos para observ\u00e1-la melhor, mas, antes de chegar ao meu intento, fui despertado do devaneio pelas m\u00e3os de minha m\u00e3e.<\/p>\n<p>\u2013 Maciel, v\u00e1 ajudar a levar o caix\u00e3o da Dolores.<\/p>\n<p>Contrariado, peguei numa das al\u00e7as e, com mais cinco homens, levei o ata\u00fade da velha at\u00e9 o destino final. Destino final do corpo, \u00e9 verdade, pois a alma, se \u00e9 que aquela desalmada possu\u00eda uma, iria direto l\u00e1 para baixo fazer companhia ao Jurupari. Imagino at\u00e9 a cena de espanto quando o Tinhoso der de cara com aquela bruxa. Na certa que ele n\u00e3o iria gostar. Capaz at\u00e9 de mandar a velha ressuscitar s\u00f3 pra se ver livre. Deus me livre!<\/p>\n<p>O enterro demorou mais do que o esperado. Tudo por culpa do velho Silas, que veio com um discurso maior do que o do padre. Ali\u00e1s, esse tagarela bem que deve beirar em idade com o Mendon\u00e7a. Enquanto ele falava, fiquei imaginando que o defunto era ele. Quem sabe em breve n\u00e3o ser\u00e1 esse caduco? Que v\u00e3o ele e o Mendon\u00e7a juntos de uma vez. Assim, economiza no vel\u00f3rio.<\/p>\n<p>N\u00e3o sei se sorri sonhando acordado. Talvez tenha at\u00e9 feito cara de quem ganhou beijo de mulher de l\u00e1bios carnudos. Seja como for, quando pensei em me recompor, eis que a minha m\u00e3e me puxou para o canto e me cochichou nos ouvidos.<\/p>\n<p>\u2013 Maciel, preciso te contar uma coisa!<\/p>\n<p>Fui arrastado pelo bra\u00e7o at\u00e9 mais adiante. Finalmente, minha m\u00e3e me disse que a senhora Dolores havia doado, h\u00e1 quase dois anos, todos os seus bens para mim. Isso mesmo! Aquela boa alma, como n\u00e3o possu\u00eda parentes, desejou me fazer o seu \u00fanico herdeiro.<\/p>\n<p>N\u00e3o fiquei rico, mas agora tenho uma bela casa para morar, al\u00e9m de uma substancial quantia no banco, o que me dar\u00e1, por baixo, dois ou tr\u00eas anos de pura esb\u00f3rnia. Que Deus seja misericordioso!<\/p>\n","protected":false},"excerpt":{"rendered":"<p>As pessoas reunidas naquela sala, poucas pr\u00f3ximas ao f\u00e9retro, a maioria encostada nas paredes, talvez enojadas pela apar\u00eancia decr\u00e9pita da finada ou, ainda, pelo odor desagrad\u00e1vel que escapava daquelas carnes em processo de decomposi\u00e7\u00e3o. No meu canto, apenas observava as duas m\u00e3os da velha Dolores, agora repousadas sobre o busto, como se detentoras apenas de [&hellip;]<\/p>\n","protected":false},"author":2,"featured_media":321457,"comment_status":"closed","ping_status":"closed","sticky":false,"template":"","format":"standard","meta":{"_acf_changed":false,"footnotes":""},"categories":[161],"tags":[],"class_list":["post-321456","post","type-post","status-publish","format-standard","has-post-thumbnail","hentry","category-quadradinho-em-foco"],"acf":[],"yoast_head":"<!-- This site is optimized with the Yoast SEO plugin v27.2 - https:\/\/yoast.com\/product\/yoast-seo-wordpress\/ -->\n<title>Beliscadas nas bochechas viram heran\u00e7a e vida boa - Notibras<\/title>\n<meta name=\"robots\" content=\"index, follow, max-snippet:-1, max-image-preview:large, max-video-preview:-1\" \/>\n<link rel=\"canonical\" href=\"https:\/\/www.notibras.com\/site\/beliscadas-nas-bochechas-viram-heranca-e-vida-boa\/\" \/>\n<meta property=\"og:locale\" content=\"pt_BR\" \/>\n<meta property=\"og:type\" content=\"article\" \/>\n<meta property=\"og:title\" content=\"Beliscadas nas bochechas viram heran\u00e7a e vida boa - Notibras\" \/>\n<meta property=\"og:description\" content=\"As pessoas reunidas naquela sala, poucas pr\u00f3ximas ao f\u00e9retro, a maioria encostada nas paredes, talvez enojadas pela apar\u00eancia decr\u00e9pita da finada ou, ainda, pelo odor desagrad\u00e1vel que escapava daquelas carnes em processo de decomposi\u00e7\u00e3o. No meu canto, apenas observava as duas m\u00e3os da velha Dolores, agora repousadas sobre o busto, como se detentoras apenas de [&hellip;]\" \/>\n<meta property=\"og:url\" content=\"https:\/\/www.notibras.com\/site\/beliscadas-nas-bochechas-viram-heranca-e-vida-boa\/\" \/>\n<meta property=\"og:site_name\" content=\"Notibras\" \/>\n<meta property=\"article:publisher\" content=\"https:\/\/www.facebook.com\/notibras\/\" \/>\n<meta property=\"article:published_time\" content=\"2024-01-31T10:13:19+00:00\" \/>\n<meta property=\"article:modified_time\" content=\"2024-01-31T10:14:00+00:00\" \/>\n<meta property=\"og:image\" content=\"https:\/\/www.notibras.com\/site\/wp-content\/uploads\/2024\/01\/767280-2.jpg\" \/>\n\t<meta property=\"og:image:width\" content=\"2048\" \/>\n\t<meta property=\"og:image:height\" content=\"1365\" \/>\n\t<meta property=\"og:image:type\" content=\"image\/jpeg\" \/>\n<meta name=\"author\" content=\"Reda\u00e7\u00e3o\" \/>\n<meta name=\"twitter:card\" content=\"summary_large_image\" \/>\n<meta name=\"twitter:creator\" content=\"@Notibras\" \/>\n<meta name=\"twitter:site\" content=\"@Notibras\" \/>\n<meta name=\"twitter:label1\" content=\"Escrito por\" \/>\n\t<meta name=\"twitter:data1\" content=\"Reda\u00e7\u00e3o\" \/>\n\t<meta name=\"twitter:label2\" content=\"Est. tempo de leitura\" \/>\n\t<meta name=\"twitter:data2\" content=\"4 minutos\" \/>\n<script type=\"application\/ld+json\" class=\"yoast-schema-graph\">{\"@context\":\"https:\/\/schema.org\",\"@graph\":[{\"@type\":\"Article\",\"@id\":\"https:\/\/www.notibras.com\/site\/beliscadas-nas-bochechas-viram-heranca-e-vida-boa\/#article\",\"isPartOf\":{\"@id\":\"https:\/\/www.notibras.com\/site\/beliscadas-nas-bochechas-viram-heranca-e-vida-boa\/\"},\"author\":{\"name\":\"Reda\u00e7\u00e3o\",\"@id\":\"https:\/\/www.notibras.com\/site\/#\/schema\/person\/36ab0979449956132d3e5b517ea76ac8\"},\"headline\":\"Beliscadas nas bochechas viram heran\u00e7a e vida boa\",\"datePublished\":\"2024-01-31T10:13:19+00:00\",\"dateModified\":\"2024-01-31T10:14:00+00:00\",\"mainEntityOfPage\":{\"@id\":\"https:\/\/www.notibras.com\/site\/beliscadas-nas-bochechas-viram-heranca-e-vida-boa\/\"},\"wordCount\":654,\"publisher\":{\"@id\":\"https:\/\/www.notibras.com\/site\/#organization\"},\"image\":{\"@id\":\"https:\/\/www.notibras.com\/site\/beliscadas-nas-bochechas-viram-heranca-e-vida-boa\/#primaryimage\"},\"thumbnailUrl\":\"https:\/\/www.notibras.com\/site\/wp-content\/uploads\/2024\/01\/767280-2.jpg\",\"articleSection\":[\"Quadradinho em Foco\"],\"inLanguage\":\"pt-BR\"},{\"@type\":\"WebPage\",\"@id\":\"https:\/\/www.notibras.com\/site\/beliscadas-nas-bochechas-viram-heranca-e-vida-boa\/\",\"url\":\"https:\/\/www.notibras.com\/site\/beliscadas-nas-bochechas-viram-heranca-e-vida-boa\/\",\"name\":\"Beliscadas nas bochechas viram heran\u00e7a e vida boa - Notibras\",\"isPartOf\":{\"@id\":\"https:\/\/www.notibras.com\/site\/#website\"},\"primaryImageOfPage\":{\"@id\":\"https:\/\/www.notibras.com\/site\/beliscadas-nas-bochechas-viram-heranca-e-vida-boa\/#primaryimage\"},\"image\":{\"@id\":\"https:\/\/www.notibras.com\/site\/beliscadas-nas-bochechas-viram-heranca-e-vida-boa\/#primaryimage\"},\"thumbnailUrl\":\"https:\/\/www.notibras.com\/site\/wp-content\/uploads\/2024\/01\/767280-2.jpg\",\"datePublished\":\"2024-01-31T10:13:19+00:00\",\"dateModified\":\"2024-01-31T10:14:00+00:00\",\"breadcrumb\":{\"@id\":\"https:\/\/www.notibras.com\/site\/beliscadas-nas-bochechas-viram-heranca-e-vida-boa\/#breadcrumb\"},\"inLanguage\":\"pt-BR\",\"potentialAction\":[{\"@type\":\"ReadAction\",\"target\":[\"https:\/\/www.notibras.com\/site\/beliscadas-nas-bochechas-viram-heranca-e-vida-boa\/\"]}]},{\"@type\":\"ImageObject\",\"inLanguage\":\"pt-BR\",\"@id\":\"https:\/\/www.notibras.com\/site\/beliscadas-nas-bochechas-viram-heranca-e-vida-boa\/#primaryimage\",\"url\":\"https:\/\/www.notibras.com\/site\/wp-content\/uploads\/2024\/01\/767280-2.jpg\",\"contentUrl\":\"https:\/\/www.notibras.com\/site\/wp-content\/uploads\/2024\/01\/767280-2.jpg\",\"width\":2048,\"height\":1365},{\"@type\":\"BreadcrumbList\",\"@id\":\"https:\/\/www.notibras.com\/site\/beliscadas-nas-bochechas-viram-heranca-e-vida-boa\/#breadcrumb\",\"itemListElement\":[{\"@type\":\"ListItem\",\"position\":1,\"name\":\"In\u00edcio\",\"item\":\"https:\/\/www.notibras.com\/site\/\"},{\"@type\":\"ListItem\",\"position\":2,\"name\":\"Beliscadas nas bochechas viram heran\u00e7a e vida boa\"}]},{\"@type\":\"WebSite\",\"@id\":\"https:\/\/www.notibras.com\/site\/#website\",\"url\":\"https:\/\/www.notibras.com\/site\/\",\"name\":\"Notibras\",\"description\":\"Not\u00edcias de Bras\u00edlia, do Brasil e do Mundo\",\"publisher\":{\"@id\":\"https:\/\/www.notibras.com\/site\/#organization\"},\"potentialAction\":[{\"@type\":\"SearchAction\",\"target\":{\"@type\":\"EntryPoint\",\"urlTemplate\":\"https:\/\/www.notibras.com\/site\/?s={search_term_string}\"},\"query-input\":{\"@type\":\"PropertyValueSpecification\",\"valueRequired\":true,\"valueName\":\"search_term_string\"}}],\"inLanguage\":\"pt-BR\"},{\"@type\":\"Organization\",\"@id\":\"https:\/\/www.notibras.com\/site\/#organization\",\"name\":\"Grupo Notibras de Comunica\u00e7\u00e3o\",\"url\":\"https:\/\/www.notibras.com\/site\/\",\"logo\":{\"@type\":\"ImageObject\",\"inLanguage\":\"pt-BR\",\"@id\":\"https:\/\/www.notibras.com\/site\/#\/schema\/logo\/image\/\",\"url\":\"https:\/\/www.notibras.com\/site\/wp-content\/uploads\/2023\/01\/notibras23.png\",\"contentUrl\":\"https:\/\/www.notibras.com\/site\/wp-content\/uploads\/2023\/01\/notibras23.png\",\"width\":350,\"height\":87,\"caption\":\"Grupo Notibras de Comunica\u00e7\u00e3o\"},\"image\":{\"@id\":\"https:\/\/www.notibras.com\/site\/#\/schema\/logo\/image\/\"},\"sameAs\":[\"https:\/\/www.facebook.com\/notibras\/\",\"https:\/\/x.com\/Notibras\",\"https:\/\/www.instagram.com\/notibras\/\"]},{\"@type\":\"Person\",\"@id\":\"https:\/\/www.notibras.com\/site\/#\/schema\/person\/36ab0979449956132d3e5b517ea76ac8\",\"name\":\"Reda\u00e7\u00e3o\",\"image\":{\"@type\":\"ImageObject\",\"inLanguage\":\"pt-BR\",\"@id\":\"https:\/\/secure.gravatar.com\/avatar\/e0a867bdedb85fd243eadf09663511f96fc81e0720a4a42581f334ad4303aa6b?s=96&d=mm&r=g\",\"url\":\"https:\/\/secure.gravatar.com\/avatar\/e0a867bdedb85fd243eadf09663511f96fc81e0720a4a42581f334ad4303aa6b?s=96&d=mm&r=g\",\"contentUrl\":\"https:\/\/secure.gravatar.com\/avatar\/e0a867bdedb85fd243eadf09663511f96fc81e0720a4a42581f334ad4303aa6b?s=96&d=mm&r=g\",\"caption\":\"Reda\u00e7\u00e3o\"}}]}<\/script>\n<!-- \/ Yoast SEO plugin. -->","yoast_head_json":{"title":"Beliscadas nas bochechas viram heran\u00e7a e vida boa - Notibras","robots":{"index":"index","follow":"follow","max-snippet":"max-snippet:-1","max-image-preview":"max-image-preview:large","max-video-preview":"max-video-preview:-1"},"canonical":"https:\/\/www.notibras.com\/site\/beliscadas-nas-bochechas-viram-heranca-e-vida-boa\/","og_locale":"pt_BR","og_type":"article","og_title":"Beliscadas nas bochechas viram heran\u00e7a e vida boa - Notibras","og_description":"As pessoas reunidas naquela sala, poucas pr\u00f3ximas ao f\u00e9retro, a maioria encostada nas paredes, talvez enojadas pela apar\u00eancia decr\u00e9pita da finada ou, ainda, pelo odor desagrad\u00e1vel que escapava daquelas carnes em processo de decomposi\u00e7\u00e3o. No meu canto, apenas observava as duas m\u00e3os da velha Dolores, agora repousadas sobre o busto, como se detentoras apenas de [&hellip;]","og_url":"https:\/\/www.notibras.com\/site\/beliscadas-nas-bochechas-viram-heranca-e-vida-boa\/","og_site_name":"Notibras","article_publisher":"https:\/\/www.facebook.com\/notibras\/","article_published_time":"2024-01-31T10:13:19+00:00","article_modified_time":"2024-01-31T10:14:00+00:00","og_image":[{"width":2048,"height":1365,"url":"https:\/\/www.notibras.com\/site\/wp-content\/uploads\/2024\/01\/767280-2.jpg","type":"image\/jpeg"}],"author":"Reda\u00e7\u00e3o","twitter_card":"summary_large_image","twitter_creator":"@Notibras","twitter_site":"@Notibras","twitter_misc":{"Escrito por":"Reda\u00e7\u00e3o","Est. tempo de leitura":"4 minutos"},"schema":{"@context":"https:\/\/schema.org","@graph":[{"@type":"Article","@id":"https:\/\/www.notibras.com\/site\/beliscadas-nas-bochechas-viram-heranca-e-vida-boa\/#article","isPartOf":{"@id":"https:\/\/www.notibras.com\/site\/beliscadas-nas-bochechas-viram-heranca-e-vida-boa\/"},"author":{"name":"Reda\u00e7\u00e3o","@id":"https:\/\/www.notibras.com\/site\/#\/schema\/person\/36ab0979449956132d3e5b517ea76ac8"},"headline":"Beliscadas nas bochechas viram heran\u00e7a e vida boa","datePublished":"2024-01-31T10:13:19+00:00","dateModified":"2024-01-31T10:14:00+00:00","mainEntityOfPage":{"@id":"https:\/\/www.notibras.com\/site\/beliscadas-nas-bochechas-viram-heranca-e-vida-boa\/"},"wordCount":654,"publisher":{"@id":"https:\/\/www.notibras.com\/site\/#organization"},"image":{"@id":"https:\/\/www.notibras.com\/site\/beliscadas-nas-bochechas-viram-heranca-e-vida-boa\/#primaryimage"},"thumbnailUrl":"https:\/\/www.notibras.com\/site\/wp-content\/uploads\/2024\/01\/767280-2.jpg","articleSection":["Quadradinho em Foco"],"inLanguage":"pt-BR"},{"@type":"WebPage","@id":"https:\/\/www.notibras.com\/site\/beliscadas-nas-bochechas-viram-heranca-e-vida-boa\/","url":"https:\/\/www.notibras.com\/site\/beliscadas-nas-bochechas-viram-heranca-e-vida-boa\/","name":"Beliscadas nas bochechas viram heran\u00e7a e vida boa - Notibras","isPartOf":{"@id":"https:\/\/www.notibras.com\/site\/#website"},"primaryImageOfPage":{"@id":"https:\/\/www.notibras.com\/site\/beliscadas-nas-bochechas-viram-heranca-e-vida-boa\/#primaryimage"},"image":{"@id":"https:\/\/www.notibras.com\/site\/beliscadas-nas-bochechas-viram-heranca-e-vida-boa\/#primaryimage"},"thumbnailUrl":"https:\/\/www.notibras.com\/site\/wp-content\/uploads\/2024\/01\/767280-2.jpg","datePublished":"2024-01-31T10:13:19+00:00","dateModified":"2024-01-31T10:14:00+00:00","breadcrumb":{"@id":"https:\/\/www.notibras.com\/site\/beliscadas-nas-bochechas-viram-heranca-e-vida-boa\/#breadcrumb"},"inLanguage":"pt-BR","potentialAction":[{"@type":"ReadAction","target":["https:\/\/www.notibras.com\/site\/beliscadas-nas-bochechas-viram-heranca-e-vida-boa\/"]}]},{"@type":"ImageObject","inLanguage":"pt-BR","@id":"https:\/\/www.notibras.com\/site\/beliscadas-nas-bochechas-viram-heranca-e-vida-boa\/#primaryimage","url":"https:\/\/www.notibras.com\/site\/wp-content\/uploads\/2024\/01\/767280-2.jpg","contentUrl":"https:\/\/www.notibras.com\/site\/wp-content\/uploads\/2024\/01\/767280-2.jpg","width":2048,"height":1365},{"@type":"BreadcrumbList","@id":"https:\/\/www.notibras.com\/site\/beliscadas-nas-bochechas-viram-heranca-e-vida-boa\/#breadcrumb","itemListElement":[{"@type":"ListItem","position":1,"name":"In\u00edcio","item":"https:\/\/www.notibras.com\/site\/"},{"@type":"ListItem","position":2,"name":"Beliscadas nas bochechas viram heran\u00e7a e vida boa"}]},{"@type":"WebSite","@id":"https:\/\/www.notibras.com\/site\/#website","url":"https:\/\/www.notibras.com\/site\/","name":"Notibras","description":"Not\u00edcias de Bras\u00edlia, do Brasil e do Mundo","publisher":{"@id":"https:\/\/www.notibras.com\/site\/#organization"},"potentialAction":[{"@type":"SearchAction","target":{"@type":"EntryPoint","urlTemplate":"https:\/\/www.notibras.com\/site\/?s={search_term_string}"},"query-input":{"@type":"PropertyValueSpecification","valueRequired":true,"valueName":"search_term_string"}}],"inLanguage":"pt-BR"},{"@type":"Organization","@id":"https:\/\/www.notibras.com\/site\/#organization","name":"Grupo Notibras de Comunica\u00e7\u00e3o","url":"https:\/\/www.notibras.com\/site\/","logo":{"@type":"ImageObject","inLanguage":"pt-BR","@id":"https:\/\/www.notibras.com\/site\/#\/schema\/logo\/image\/","url":"https:\/\/www.notibras.com\/site\/wp-content\/uploads\/2023\/01\/notibras23.png","contentUrl":"https:\/\/www.notibras.com\/site\/wp-content\/uploads\/2023\/01\/notibras23.png","width":350,"height":87,"caption":"Grupo Notibras de Comunica\u00e7\u00e3o"},"image":{"@id":"https:\/\/www.notibras.com\/site\/#\/schema\/logo\/image\/"},"sameAs":["https:\/\/www.facebook.com\/notibras\/","https:\/\/x.com\/Notibras","https:\/\/www.instagram.com\/notibras\/"]},{"@type":"Person","@id":"https:\/\/www.notibras.com\/site\/#\/schema\/person\/36ab0979449956132d3e5b517ea76ac8","name":"Reda\u00e7\u00e3o","image":{"@type":"ImageObject","inLanguage":"pt-BR","@id":"https:\/\/secure.gravatar.com\/avatar\/e0a867bdedb85fd243eadf09663511f96fc81e0720a4a42581f334ad4303aa6b?s=96&d=mm&r=g","url":"https:\/\/secure.gravatar.com\/avatar\/e0a867bdedb85fd243eadf09663511f96fc81e0720a4a42581f334ad4303aa6b?s=96&d=mm&r=g","contentUrl":"https:\/\/secure.gravatar.com\/avatar\/e0a867bdedb85fd243eadf09663511f96fc81e0720a4a42581f334ad4303aa6b?s=96&d=mm&r=g","caption":"Reda\u00e7\u00e3o"}}]}},"amp_enabled":true,"_links":{"self":[{"href":"https:\/\/www.notibras.com\/site\/wp-json\/wp\/v2\/posts\/321456","targetHints":{"allow":["GET"]}}],"collection":[{"href":"https:\/\/www.notibras.com\/site\/wp-json\/wp\/v2\/posts"}],"about":[{"href":"https:\/\/www.notibras.com\/site\/wp-json\/wp\/v2\/types\/post"}],"author":[{"embeddable":true,"href":"https:\/\/www.notibras.com\/site\/wp-json\/wp\/v2\/users\/2"}],"replies":[{"embeddable":true,"href":"https:\/\/www.notibras.com\/site\/wp-json\/wp\/v2\/comments?post=321456"}],"version-history":[{"count":1,"href":"https:\/\/www.notibras.com\/site\/wp-json\/wp\/v2\/posts\/321456\/revisions"}],"predecessor-version":[{"id":321458,"href":"https:\/\/www.notibras.com\/site\/wp-json\/wp\/v2\/posts\/321456\/revisions\/321458"}],"wp:featuredmedia":[{"embeddable":true,"href":"https:\/\/www.notibras.com\/site\/wp-json\/wp\/v2\/media\/321457"}],"wp:attachment":[{"href":"https:\/\/www.notibras.com\/site\/wp-json\/wp\/v2\/media?parent=321456"}],"wp:term":[{"taxonomy":"category","embeddable":true,"href":"https:\/\/www.notibras.com\/site\/wp-json\/wp\/v2\/categories?post=321456"},{"taxonomy":"post_tag","embeddable":true,"href":"https:\/\/www.notibras.com\/site\/wp-json\/wp\/v2\/tags?post=321456"}],"curies":[{"name":"wp","href":"https:\/\/api.w.org\/{rel}","templated":true}]}}