{"id":321461,"date":"2024-01-31T01:28:17","date_gmt":"2024-01-31T04:28:17","guid":{"rendered":"https:\/\/www.notibras.com\/site\/?p=321461"},"modified":"2024-01-31T07:36:19","modified_gmt":"2024-01-31T10:36:19","slug":"psd-mulher-quer-mulher-na-politica-para-defender-mulher","status":"publish","type":"post","link":"https:\/\/www.notibras.com\/site\/psd-mulher-quer-mulher-na-politica-para-defender-mulher\/","title":{"rendered":"PSD-Mulher quer mulher na pol\u00edtica para defender mulher"},"content":{"rendered":"<p>As mulheres s\u00e3o a maioria no eleitorado brasileiro (mais de 52%) e chefiam 50,8% dos 75 milh\u00f5es de lares no Pa\u00eds. Mas t\u00eam sal\u00e1rios menores, pouco acesso aos cargos de chefia e ac\u00famulo de tarefas dom\u00e9sticas e profissionais. E est\u00e3o longe dos principais postos pol\u00edticos, apesar de representarem 46,2% dos filiados das agremia\u00e7\u00f5es nacionais. O Pa\u00eds tem apenas 12,1% de prefeitas e 16% de vereadoras e somente 311 mulheres foram escolhidas pelo eleitorado no pleito de 2022, o que corresponde a apenas 18,2% do total de eleitos.<\/p>\n<p>Paralelo a isso, muitas ainda enfrentam a viol\u00eancia dom\u00e9stica, que tem contornos tr\u00e1gicos no DF. Em 2023, o n\u00famero de feminic\u00eddios dobrou em rela\u00e7\u00e3o a 2022, passando de 17 para 34. As tentativas de feminic\u00eddio cresceram 110%, saltando de 37 para 78. O crime foi o que mais cresceu na Capital do Pa\u00eds em um ano.<\/p>\n<p>Para debater estas quest\u00f5es, a base feminina do PSD-DF acaba de promover seu primeiro \u201cDi\u00e1logos PSD Mulher\u201d. O tema central do encontro foi o enfrentamento da viol\u00eancia contra a mulher \u2013 incluindo um olhar preventivo e inclusivo.<\/p>\n<p>Participaram dos debates, mediados pela jornalista M\u00e1rcia Witczak, a subsecret\u00e1ria de Enfrentamento \u00e0 Viol\u00eancia contra as Mulheres da Secretaria de Estado da Mulher do DF, Ma\u00edra Castro; a presidente do Conselho da Mulher Empreendedora e da Cultura do DF e presidente da C\u00e2mara de Mulheres Empreendedoras, Empres\u00e1rias e Gestoras de Neg\u00f3cios da Fecom\u00e9rcio, \u2060Beatriz Guimar\u00e3es, e Cyntia Carvalho e Silva, do Observat\u00f3rio Nacional das Mulheres na Pol\u00edtica.<\/p>\n<p>O encontro foi aberto com uma mensagem da presidente do PSD Mulher Nacional, Alda Marco Ant\u00f4nio, que fez uma reflex\u00e3o sobre o papel da mulher na pol\u00edtica e a ainda pequena representatividade feminina nos legislativos pelo Brasil afora.<\/p>\n<p>&#8220;N\u00f3s temos o que dizer, temos como colaborar e precisamos abrir essa discuss\u00e3o com as eleitoras. Ser\u00e1 que todas est\u00e3o felizes com esta viol\u00eancia horrorosa? Mulheres sendo assassinadas a cada quatro horas no Brasil, n\u00e3o podemos sair \u00e0 noite por medo de estupros e assassinatos. N\u00f3s temos de influenciar para mudar esta realidade&#8221;, disse, no v\u00eddeo enviado ao Di\u00e1logos PSD Mulher DF.<\/p>\n<p>Deborah Carvalhido, presidente do PSD Mulher-DF, agradeceu aos parceiros do evento e disse que o projeto Di\u00e1logos PSD Mulher DF foi pensado para levar mais informa\u00e7\u00f5es \u00e0s mulheres de todo o Distrito Federal. \u201cNo ano passado, o feminic\u00eddio foi uma mancha na hist\u00f3ria do DF, com o maior crescimento percentual no Pa\u00eds. Por isso, nesta primeira edi\u00e7\u00e3o, vamos debater este tema, que n\u00e3o tem uma f\u00f3rmula m\u00e1gica, mas \u00e9 multidisciplinar. Passa por seguran\u00e7a p\u00fablica, rede de creches e humanidade, entre outros fatores\u201d, afirmou.<\/p>\n<p>\u201cO machismo silencia, exclui, amea\u00e7a e machuca n\u00e3o s\u00f3 o corpo f\u00edsico, mas a alma. E, em sua vers\u00e3o mais perversa, ele mata. Juntas e juntos, podemos construir um futuro melhor para nossos meninos e meninas&#8221;, afirmou.<\/p>\n<p>Presidente do PSD-DF, Paulo Oct\u00e1vio cumprimentou as participantes e saudou as organizadoras do evento. Depois, fez uma an\u00e1lise do trabalho do partido na constru\u00e7\u00e3o de uma nova pol\u00edtica. &#8220;O partido quer crescer e precisa contar com cada uma de voc\u00eas. O discurso da Alda emociona. Hoje, o PSD tem a maior bancada feminina no Senado, com seis parlamentares. O presidente Gilberto Kassab est\u00e1 de parab\u00e9ns, por ser incans\u00e1vel e ter uma vis\u00e3o de \u00fanica de Brasil. O PSD tem muita perspectiva de futuro, por ser um partido de centro, que busca a concilia\u00e7\u00e3o e a governabilidade. O Brasil precisa disso: somar e amar, com entendimento&#8221;, disse.<\/p>\n<p>&#8220;Sou um dos poucos homens nesta sala, mas saibam que meu respeito e admira\u00e7\u00e3o pelas lutas femininas s\u00e3o de longa data e lamento as distor\u00e7\u00f5es que a vis\u00e3o patriarcal vem causando na nossa cidade e no nosso Pa\u00eds, causando discrimina\u00e7\u00e3o, viol\u00eancia e graves desequil\u00edbrios no papel das mulheres na sociedade. Creio que estas distor\u00e7\u00f5es precisam ser superadas e o momento \u00e9 de apoio e solidariedade \u00e0s mulheres. Portanto, quero que saibam que como presidente do PSD do Distrito Federal, n\u00e3o medirei esfor\u00e7os para a constru\u00e7\u00e3o de um presente e um futuro mais digno, seguro e respeitoso para as mulheres do DF\u201d, disse.<\/p>\n<p>Para ele, incentivar pol\u00edticas p\u00fablicas que estimulem a autonomia financeira feminina, o empreendedorismo, amplia\u00e7\u00e3o do acesso \u00e0s creches e ao sistema de educa\u00e7\u00e3o e principalmente o fim da viol\u00eancia dom\u00e9stica s\u00e3o fundamentais. \u201cTemos de esclarecer a sociedade sobre a relev\u00e2ncia das mulheres na organiza\u00e7\u00e3o social, relev\u00e2ncia igual ou at\u00e9 maior que a dos homens, na medida em que s\u00e3o elas que educam e organizam a casa. Como homem, convido meus companheiros de g\u00eanero a somar for\u00e7a na luta das mulheres por igualdade salarial e principalmente, o fim da viol\u00eancia dom\u00e9stica. Afinal, homem que \u00e9 homem, sabe respeitar e ser companheiro da sua parceira\u201d, encerrou.<\/p>\n<p>L\u00edder do PSD na C\u00e2mara Legislativa, o deputado Jorge Vianna elogiou o evento e fez uma an\u00e1lise da pol\u00edtica. &#8220;A mulher quer participar. Como falar de pol\u00edtica de mulher, se n\u00f3s n\u00e3o somos mulheres? Nada melhor que uma mulher dirija um partido e que possa falar e ensinar a elas como \u00e9 a pol\u00edtica partid\u00e1ria. A pol\u00edtica nos consome e alguma coisa de nossa vida acaba sucumbindo. Eu tenho duas filhas e tenho um lapso temporal do crescimento delas, por conta da milit\u00e2ncia pol\u00edtica&#8221;, afirmou.<\/p>\n<p>Ap\u00f3s uma introdu\u00e7\u00e3o da cultura masculina, e de seus preconceitos e erros, a jornalista Marcia Witzack comandou o debate. Ma\u00edra Castro, subsecret\u00e1ria de Enfrentamento a Viol\u00eancia contra a Mulher, destacou que o DF inova ao trabalhar com homens, para reverter o quadro de viol\u00eancia contra a mulher, trabalhando com os autores de viol\u00eancia. \u201cO machismo \u00e9 intr\u00ednseco, interno e cultural. Estamos no s\u00e9culo 21 e muitos maridos ainda n\u00e3o apoiam o lar. Se n\u00e3o trabalharmos com os homens, n\u00f3s n\u00e3o vamos avan\u00e7ar. N\u00f3s criamos os homens, e o machismo tamb\u00e9m est\u00e1 dentro de n\u00f3s\u201d, disse, em sua abordagem inicial.<\/p>\n<p>J\u00e1 Beatriz Guimar\u00e3es fez um panorama cultural da mulher, destacando o afastamento delas das profiss\u00f5es desde a inf\u00e2ncia. \u201cNas lojas de brinquedo, a aventura est\u00e1 mais ligada \u00e0 ala masculina que a feminina. J\u00e1 para as meninas ficam as bonecas, os conjuntos de passar e cozinhar. E isso precisa ser desconstru\u00eddo\u201d, afirmou.<\/p>\n<p>Cyntia Carvalho e Silva falou inicialmente da quest\u00e3o organizacional das fam\u00edlias e da import\u00e2ncia da mulher na sociedade. \u201cQuem movimenta a economia deste Pa\u00eds s\u00e3o as mulheres. Quem acorda \u00e0s 5h, quem coloca os filhos para estudar somos n\u00f3s. O homem n\u00e3o deve \u201cajudar\u201d. Ele tem o dever. O trabalho dom\u00e9stico \u00e9 da fam\u00edlia\u201d, destacou.<\/p>\n<p>Ma\u00edra Castro tamb\u00e9m falou de um quadro alarmante: 80% das mulheres v\u00edtimas de viol\u00eancia no lar se declaram independentes, mas precisam sair da pr\u00f3pria casa e tirar os filhos da escola. E destacou que, em muitos casos, quanto maior a renda, mais dif\u00edcil \u00e9 que a queixa policial seja registrada, lembrando ainda que o DF tem quase 400 \u00f3rf\u00e3os por feminic\u00eddio. \u201cQuando voc\u00ea salva uma mulher, voc\u00ea salva uma fam\u00edlia. O estado, sozinho, n\u00e3o vai dar conta\u201d, afirmou.<\/p>\n<p>\u201cA gente precisa levar as mulheres v\u00edtimas de viol\u00eancia ao hospital, correr atr\u00e1s de passagem para voltar a seu estado de origem&#8230; estes dias, uma mulher chegou com o maxilar dilacerado por socos e n\u00e3o tinha quem fosse buscar os filhos. Saiu do hospital desfigurada e com dor. N\u00e3o julguem uma mulher v\u00edtima de viol\u00eancia. Muitas mulheres n\u00e3o t\u00eam coragem e for\u00e7a para reagir, pois o ciclo da viol\u00eancia \u00e9 grande. Precisamos acolh\u00ea-las com for\u00e7a e amor\u201d, completou.<\/p>\n<p>Beatriz Guimar\u00e3es destacou ainda que \u00e9 preciso trabalhar uma legisla\u00e7\u00e3o e um termo de qualifica\u00e7\u00e3o para as mulheres v\u00edtimas da viol\u00eancia. \u201cElas precisam se sentir produtivas. A gente consegue partir para um plano de a\u00e7\u00e3o com os sindicatos e as empresas. S\u00f3 a Fecomercio tem 224 mil associados. J\u00e1 pensou em conseguir ao menos uma vaga para uma mulher v\u00edtima de viol\u00eancia em cada uma destas empresas?\u201d, destacou.<\/p>\n<p>A empres\u00e1ria lembra ainda que a reconstru\u00e7\u00e3o destas mulheres \u00e9 quase uma ressurei\u00e7\u00e3o. \u201cA sororidade \u00e9 uma palavra bonita, mas precisa de uma rede de apoio. Quantas vezes n\u00e3o preferimos um m\u00e9dico homem, no lugar de uma m\u00e9dica? N\u00f3s somos uma agente de transforma\u00e7\u00e3o\u201d, destacou.<\/p>\n<p>O evento terminou com o emocionante depoimento da advogada Maura Mariano, que contou sua hist\u00f3ria. Ela foi v\u00edtima de uma tentativa de feminic\u00eddio pelo ex-companheiro que, armado, invadiu sua casa em companhia de outros homens, amarrou suas filhas e tentou mat\u00e1-la a tiros. A palestra emocionou a todos e deixou no ar uma quest\u00e3o: at\u00e9 quando a sociedade vai permitir que distor\u00e7\u00f5es como o machismo intimidem, agridam e matem as mulheres brasileiras?<\/p>\n","protected":false},"excerpt":{"rendered":"<p>As mulheres s\u00e3o a maioria no eleitorado brasileiro (mais de 52%) e chefiam 50,8% dos 75 milh\u00f5es de lares no Pa\u00eds. Mas t\u00eam sal\u00e1rios menores, pouco acesso aos cargos de chefia e ac\u00famulo de tarefas dom\u00e9sticas e profissionais. E est\u00e3o longe dos principais postos pol\u00edticos, apesar de representarem 46,2% dos filiados das agremia\u00e7\u00f5es nacionais. O [&hellip;]<\/p>\n","protected":false},"author":2,"featured_media":321462,"comment_status":"closed","ping_status":"closed","sticky":false,"template":"","format":"standard","meta":{"_acf_changed":false,"footnotes":""},"categories":[161],"tags":[],"class_list":["post-321461","post","type-post","status-publish","format-standard","has-post-thumbnail","hentry","category-quadradinho-em-foco"],"acf":[],"yoast_head":"<!-- This site is optimized with the Yoast SEO plugin v27.2 - https:\/\/yoast.com\/product\/yoast-seo-wordpress\/ -->\n<title>PSD-Mulher quer mulher na pol\u00edtica para defender mulher - Notibras<\/title>\n<meta name=\"robots\" content=\"index, follow, max-snippet:-1, max-image-preview:large, max-video-preview:-1\" \/>\n<link rel=\"canonical\" href=\"https:\/\/www.notibras.com\/site\/psd-mulher-quer-mulher-na-politica-para-defender-mulher\/\" \/>\n<meta property=\"og:locale\" content=\"pt_BR\" \/>\n<meta property=\"og:type\" content=\"article\" \/>\n<meta property=\"og:title\" content=\"PSD-Mulher quer mulher na pol\u00edtica para defender mulher - Notibras\" \/>\n<meta property=\"og:description\" content=\"As mulheres s\u00e3o a maioria no eleitorado brasileiro (mais de 52%) e chefiam 50,8% dos 75 milh\u00f5es de lares no Pa\u00eds. Mas t\u00eam sal\u00e1rios menores, pouco acesso aos cargos de chefia e ac\u00famulo de tarefas dom\u00e9sticas e profissionais. E est\u00e3o longe dos principais postos pol\u00edticos, apesar de representarem 46,2% dos filiados das agremia\u00e7\u00f5es nacionais. O [&hellip;]\" \/>\n<meta property=\"og:url\" content=\"https:\/\/www.notibras.com\/site\/psd-mulher-quer-mulher-na-politica-para-defender-mulher\/\" \/>\n<meta property=\"og:site_name\" content=\"Notibras\" \/>\n<meta property=\"article:publisher\" content=\"https:\/\/www.facebook.com\/notibras\/\" \/>\n<meta property=\"article:published_time\" content=\"2024-01-31T04:28:17+00:00\" \/>\n<meta property=\"article:modified_time\" content=\"2024-01-31T10:36:19+00:00\" \/>\n<meta property=\"og:image\" content=\"https:\/\/www.notibras.com\/site\/wp-content\/uploads\/2024\/01\/pzzb4240.jpg\" \/>\n\t<meta property=\"og:image:width\" content=\"1170\" \/>\n\t<meta property=\"og:image:height\" content=\"700\" \/>\n\t<meta property=\"og:image:type\" content=\"image\/jpeg\" \/>\n<meta name=\"author\" content=\"Reda\u00e7\u00e3o\" \/>\n<meta name=\"twitter:card\" content=\"summary_large_image\" \/>\n<meta name=\"twitter:creator\" content=\"@Notibras\" \/>\n<meta name=\"twitter:site\" content=\"@Notibras\" \/>\n<meta name=\"twitter:label1\" content=\"Escrito por\" \/>\n\t<meta name=\"twitter:data1\" content=\"Reda\u00e7\u00e3o\" \/>\n\t<meta name=\"twitter:label2\" content=\"Est. tempo de leitura\" \/>\n\t<meta name=\"twitter:data2\" content=\"8 minutos\" \/>\n<script type=\"application\/ld+json\" class=\"yoast-schema-graph\">{\"@context\":\"https:\/\/schema.org\",\"@graph\":[{\"@type\":\"Article\",\"@id\":\"https:\/\/www.notibras.com\/site\/psd-mulher-quer-mulher-na-politica-para-defender-mulher\/#article\",\"isPartOf\":{\"@id\":\"https:\/\/www.notibras.com\/site\/psd-mulher-quer-mulher-na-politica-para-defender-mulher\/\"},\"author\":{\"name\":\"Reda\u00e7\u00e3o\",\"@id\":\"https:\/\/www.notibras.com\/site\/#\/schema\/person\/36ab0979449956132d3e5b517ea76ac8\"},\"headline\":\"PSD-Mulher quer mulher na pol\u00edtica para defender mulher\",\"datePublished\":\"2024-01-31T04:28:17+00:00\",\"dateModified\":\"2024-01-31T10:36:19+00:00\",\"mainEntityOfPage\":{\"@id\":\"https:\/\/www.notibras.com\/site\/psd-mulher-quer-mulher-na-politica-para-defender-mulher\/\"},\"wordCount\":1567,\"publisher\":{\"@id\":\"https:\/\/www.notibras.com\/site\/#organization\"},\"image\":{\"@id\":\"https:\/\/www.notibras.com\/site\/psd-mulher-quer-mulher-na-politica-para-defender-mulher\/#primaryimage\"},\"thumbnailUrl\":\"https:\/\/www.notibras.com\/site\/wp-content\/uploads\/2024\/01\/pzzb4240.jpg\",\"articleSection\":[\"Quadradinho em Foco\"],\"inLanguage\":\"pt-BR\"},{\"@type\":\"WebPage\",\"@id\":\"https:\/\/www.notibras.com\/site\/psd-mulher-quer-mulher-na-politica-para-defender-mulher\/\",\"url\":\"https:\/\/www.notibras.com\/site\/psd-mulher-quer-mulher-na-politica-para-defender-mulher\/\",\"name\":\"PSD-Mulher quer mulher na pol\u00edtica para defender mulher - Notibras\",\"isPartOf\":{\"@id\":\"https:\/\/www.notibras.com\/site\/#website\"},\"primaryImageOfPage\":{\"@id\":\"https:\/\/www.notibras.com\/site\/psd-mulher-quer-mulher-na-politica-para-defender-mulher\/#primaryimage\"},\"image\":{\"@id\":\"https:\/\/www.notibras.com\/site\/psd-mulher-quer-mulher-na-politica-para-defender-mulher\/#primaryimage\"},\"thumbnailUrl\":\"https:\/\/www.notibras.com\/site\/wp-content\/uploads\/2024\/01\/pzzb4240.jpg\",\"datePublished\":\"2024-01-31T04:28:17+00:00\",\"dateModified\":\"2024-01-31T10:36:19+00:00\",\"breadcrumb\":{\"@id\":\"https:\/\/www.notibras.com\/site\/psd-mulher-quer-mulher-na-politica-para-defender-mulher\/#breadcrumb\"},\"inLanguage\":\"pt-BR\",\"potentialAction\":[{\"@type\":\"ReadAction\",\"target\":[\"https:\/\/www.notibras.com\/site\/psd-mulher-quer-mulher-na-politica-para-defender-mulher\/\"]}]},{\"@type\":\"ImageObject\",\"inLanguage\":\"pt-BR\",\"@id\":\"https:\/\/www.notibras.com\/site\/psd-mulher-quer-mulher-na-politica-para-defender-mulher\/#primaryimage\",\"url\":\"https:\/\/www.notibras.com\/site\/wp-content\/uploads\/2024\/01\/pzzb4240.jpg\",\"contentUrl\":\"https:\/\/www.notibras.com\/site\/wp-content\/uploads\/2024\/01\/pzzb4240.jpg\",\"width\":1170,\"height\":700},{\"@type\":\"BreadcrumbList\",\"@id\":\"https:\/\/www.notibras.com\/site\/psd-mulher-quer-mulher-na-politica-para-defender-mulher\/#breadcrumb\",\"itemListElement\":[{\"@type\":\"ListItem\",\"position\":1,\"name\":\"In\u00edcio\",\"item\":\"https:\/\/www.notibras.com\/site\/\"},{\"@type\":\"ListItem\",\"position\":2,\"name\":\"PSD-Mulher quer mulher na pol\u00edtica para defender mulher\"}]},{\"@type\":\"WebSite\",\"@id\":\"https:\/\/www.notibras.com\/site\/#website\",\"url\":\"https:\/\/www.notibras.com\/site\/\",\"name\":\"Notibras\",\"description\":\"Not\u00edcias de Bras\u00edlia, do Brasil e do Mundo\",\"publisher\":{\"@id\":\"https:\/\/www.notibras.com\/site\/#organization\"},\"potentialAction\":[{\"@type\":\"SearchAction\",\"target\":{\"@type\":\"EntryPoint\",\"urlTemplate\":\"https:\/\/www.notibras.com\/site\/?s={search_term_string}\"},\"query-input\":{\"@type\":\"PropertyValueSpecification\",\"valueRequired\":true,\"valueName\":\"search_term_string\"}}],\"inLanguage\":\"pt-BR\"},{\"@type\":\"Organization\",\"@id\":\"https:\/\/www.notibras.com\/site\/#organization\",\"name\":\"Grupo Notibras de Comunica\u00e7\u00e3o\",\"url\":\"https:\/\/www.notibras.com\/site\/\",\"logo\":{\"@type\":\"ImageObject\",\"inLanguage\":\"pt-BR\",\"@id\":\"https:\/\/www.notibras.com\/site\/#\/schema\/logo\/image\/\",\"url\":\"https:\/\/www.notibras.com\/site\/wp-content\/uploads\/2023\/01\/notibras23.png\",\"contentUrl\":\"https:\/\/www.notibras.com\/site\/wp-content\/uploads\/2023\/01\/notibras23.png\",\"width\":350,\"height\":87,\"caption\":\"Grupo Notibras de Comunica\u00e7\u00e3o\"},\"image\":{\"@id\":\"https:\/\/www.notibras.com\/site\/#\/schema\/logo\/image\/\"},\"sameAs\":[\"https:\/\/www.facebook.com\/notibras\/\",\"https:\/\/x.com\/Notibras\",\"https:\/\/www.instagram.com\/notibras\/\"]},{\"@type\":\"Person\",\"@id\":\"https:\/\/www.notibras.com\/site\/#\/schema\/person\/36ab0979449956132d3e5b517ea76ac8\",\"name\":\"Reda\u00e7\u00e3o\",\"image\":{\"@type\":\"ImageObject\",\"inLanguage\":\"pt-BR\",\"@id\":\"https:\/\/secure.gravatar.com\/avatar\/e0a867bdedb85fd243eadf09663511f96fc81e0720a4a42581f334ad4303aa6b?s=96&d=mm&r=g\",\"url\":\"https:\/\/secure.gravatar.com\/avatar\/e0a867bdedb85fd243eadf09663511f96fc81e0720a4a42581f334ad4303aa6b?s=96&d=mm&r=g\",\"contentUrl\":\"https:\/\/secure.gravatar.com\/avatar\/e0a867bdedb85fd243eadf09663511f96fc81e0720a4a42581f334ad4303aa6b?s=96&d=mm&r=g\",\"caption\":\"Reda\u00e7\u00e3o\"}}]}<\/script>\n<!-- \/ Yoast SEO plugin. -->","yoast_head_json":{"title":"PSD-Mulher quer mulher na pol\u00edtica para defender mulher - Notibras","robots":{"index":"index","follow":"follow","max-snippet":"max-snippet:-1","max-image-preview":"max-image-preview:large","max-video-preview":"max-video-preview:-1"},"canonical":"https:\/\/www.notibras.com\/site\/psd-mulher-quer-mulher-na-politica-para-defender-mulher\/","og_locale":"pt_BR","og_type":"article","og_title":"PSD-Mulher quer mulher na pol\u00edtica para defender mulher - Notibras","og_description":"As mulheres s\u00e3o a maioria no eleitorado brasileiro (mais de 52%) e chefiam 50,8% dos 75 milh\u00f5es de lares no Pa\u00eds. Mas t\u00eam sal\u00e1rios menores, pouco acesso aos cargos de chefia e ac\u00famulo de tarefas dom\u00e9sticas e profissionais. E est\u00e3o longe dos principais postos pol\u00edticos, apesar de representarem 46,2% dos filiados das agremia\u00e7\u00f5es nacionais. O [&hellip;]","og_url":"https:\/\/www.notibras.com\/site\/psd-mulher-quer-mulher-na-politica-para-defender-mulher\/","og_site_name":"Notibras","article_publisher":"https:\/\/www.facebook.com\/notibras\/","article_published_time":"2024-01-31T04:28:17+00:00","article_modified_time":"2024-01-31T10:36:19+00:00","og_image":[{"width":1170,"height":700,"url":"https:\/\/www.notibras.com\/site\/wp-content\/uploads\/2024\/01\/pzzb4240.jpg","type":"image\/jpeg"}],"author":"Reda\u00e7\u00e3o","twitter_card":"summary_large_image","twitter_creator":"@Notibras","twitter_site":"@Notibras","twitter_misc":{"Escrito por":"Reda\u00e7\u00e3o","Est. tempo de leitura":"8 minutos"},"schema":{"@context":"https:\/\/schema.org","@graph":[{"@type":"Article","@id":"https:\/\/www.notibras.com\/site\/psd-mulher-quer-mulher-na-politica-para-defender-mulher\/#article","isPartOf":{"@id":"https:\/\/www.notibras.com\/site\/psd-mulher-quer-mulher-na-politica-para-defender-mulher\/"},"author":{"name":"Reda\u00e7\u00e3o","@id":"https:\/\/www.notibras.com\/site\/#\/schema\/person\/36ab0979449956132d3e5b517ea76ac8"},"headline":"PSD-Mulher quer mulher na pol\u00edtica para defender mulher","datePublished":"2024-01-31T04:28:17+00:00","dateModified":"2024-01-31T10:36:19+00:00","mainEntityOfPage":{"@id":"https:\/\/www.notibras.com\/site\/psd-mulher-quer-mulher-na-politica-para-defender-mulher\/"},"wordCount":1567,"publisher":{"@id":"https:\/\/www.notibras.com\/site\/#organization"},"image":{"@id":"https:\/\/www.notibras.com\/site\/psd-mulher-quer-mulher-na-politica-para-defender-mulher\/#primaryimage"},"thumbnailUrl":"https:\/\/www.notibras.com\/site\/wp-content\/uploads\/2024\/01\/pzzb4240.jpg","articleSection":["Quadradinho em Foco"],"inLanguage":"pt-BR"},{"@type":"WebPage","@id":"https:\/\/www.notibras.com\/site\/psd-mulher-quer-mulher-na-politica-para-defender-mulher\/","url":"https:\/\/www.notibras.com\/site\/psd-mulher-quer-mulher-na-politica-para-defender-mulher\/","name":"PSD-Mulher quer mulher na pol\u00edtica para defender mulher - Notibras","isPartOf":{"@id":"https:\/\/www.notibras.com\/site\/#website"},"primaryImageOfPage":{"@id":"https:\/\/www.notibras.com\/site\/psd-mulher-quer-mulher-na-politica-para-defender-mulher\/#primaryimage"},"image":{"@id":"https:\/\/www.notibras.com\/site\/psd-mulher-quer-mulher-na-politica-para-defender-mulher\/#primaryimage"},"thumbnailUrl":"https:\/\/www.notibras.com\/site\/wp-content\/uploads\/2024\/01\/pzzb4240.jpg","datePublished":"2024-01-31T04:28:17+00:00","dateModified":"2024-01-31T10:36:19+00:00","breadcrumb":{"@id":"https:\/\/www.notibras.com\/site\/psd-mulher-quer-mulher-na-politica-para-defender-mulher\/#breadcrumb"},"inLanguage":"pt-BR","potentialAction":[{"@type":"ReadAction","target":["https:\/\/www.notibras.com\/site\/psd-mulher-quer-mulher-na-politica-para-defender-mulher\/"]}]},{"@type":"ImageObject","inLanguage":"pt-BR","@id":"https:\/\/www.notibras.com\/site\/psd-mulher-quer-mulher-na-politica-para-defender-mulher\/#primaryimage","url":"https:\/\/www.notibras.com\/site\/wp-content\/uploads\/2024\/01\/pzzb4240.jpg","contentUrl":"https:\/\/www.notibras.com\/site\/wp-content\/uploads\/2024\/01\/pzzb4240.jpg","width":1170,"height":700},{"@type":"BreadcrumbList","@id":"https:\/\/www.notibras.com\/site\/psd-mulher-quer-mulher-na-politica-para-defender-mulher\/#breadcrumb","itemListElement":[{"@type":"ListItem","position":1,"name":"In\u00edcio","item":"https:\/\/www.notibras.com\/site\/"},{"@type":"ListItem","position":2,"name":"PSD-Mulher quer mulher na pol\u00edtica para defender mulher"}]},{"@type":"WebSite","@id":"https:\/\/www.notibras.com\/site\/#website","url":"https:\/\/www.notibras.com\/site\/","name":"Notibras","description":"Not\u00edcias de Bras\u00edlia, do Brasil e do Mundo","publisher":{"@id":"https:\/\/www.notibras.com\/site\/#organization"},"potentialAction":[{"@type":"SearchAction","target":{"@type":"EntryPoint","urlTemplate":"https:\/\/www.notibras.com\/site\/?s={search_term_string}"},"query-input":{"@type":"PropertyValueSpecification","valueRequired":true,"valueName":"search_term_string"}}],"inLanguage":"pt-BR"},{"@type":"Organization","@id":"https:\/\/www.notibras.com\/site\/#organization","name":"Grupo Notibras de Comunica\u00e7\u00e3o","url":"https:\/\/www.notibras.com\/site\/","logo":{"@type":"ImageObject","inLanguage":"pt-BR","@id":"https:\/\/www.notibras.com\/site\/#\/schema\/logo\/image\/","url":"https:\/\/www.notibras.com\/site\/wp-content\/uploads\/2023\/01\/notibras23.png","contentUrl":"https:\/\/www.notibras.com\/site\/wp-content\/uploads\/2023\/01\/notibras23.png","width":350,"height":87,"caption":"Grupo Notibras de Comunica\u00e7\u00e3o"},"image":{"@id":"https:\/\/www.notibras.com\/site\/#\/schema\/logo\/image\/"},"sameAs":["https:\/\/www.facebook.com\/notibras\/","https:\/\/x.com\/Notibras","https:\/\/www.instagram.com\/notibras\/"]},{"@type":"Person","@id":"https:\/\/www.notibras.com\/site\/#\/schema\/person\/36ab0979449956132d3e5b517ea76ac8","name":"Reda\u00e7\u00e3o","image":{"@type":"ImageObject","inLanguage":"pt-BR","@id":"https:\/\/secure.gravatar.com\/avatar\/e0a867bdedb85fd243eadf09663511f96fc81e0720a4a42581f334ad4303aa6b?s=96&d=mm&r=g","url":"https:\/\/secure.gravatar.com\/avatar\/e0a867bdedb85fd243eadf09663511f96fc81e0720a4a42581f334ad4303aa6b?s=96&d=mm&r=g","contentUrl":"https:\/\/secure.gravatar.com\/avatar\/e0a867bdedb85fd243eadf09663511f96fc81e0720a4a42581f334ad4303aa6b?s=96&d=mm&r=g","caption":"Reda\u00e7\u00e3o"}}]}},"amp_enabled":true,"_links":{"self":[{"href":"https:\/\/www.notibras.com\/site\/wp-json\/wp\/v2\/posts\/321461","targetHints":{"allow":["GET"]}}],"collection":[{"href":"https:\/\/www.notibras.com\/site\/wp-json\/wp\/v2\/posts"}],"about":[{"href":"https:\/\/www.notibras.com\/site\/wp-json\/wp\/v2\/types\/post"}],"author":[{"embeddable":true,"href":"https:\/\/www.notibras.com\/site\/wp-json\/wp\/v2\/users\/2"}],"replies":[{"embeddable":true,"href":"https:\/\/www.notibras.com\/site\/wp-json\/wp\/v2\/comments?post=321461"}],"version-history":[{"count":1,"href":"https:\/\/www.notibras.com\/site\/wp-json\/wp\/v2\/posts\/321461\/revisions"}],"predecessor-version":[{"id":321463,"href":"https:\/\/www.notibras.com\/site\/wp-json\/wp\/v2\/posts\/321461\/revisions\/321463"}],"wp:featuredmedia":[{"embeddable":true,"href":"https:\/\/www.notibras.com\/site\/wp-json\/wp\/v2\/media\/321462"}],"wp:attachment":[{"href":"https:\/\/www.notibras.com\/site\/wp-json\/wp\/v2\/media?parent=321461"}],"wp:term":[{"taxonomy":"category","embeddable":true,"href":"https:\/\/www.notibras.com\/site\/wp-json\/wp\/v2\/categories?post=321461"},{"taxonomy":"post_tag","embeddable":true,"href":"https:\/\/www.notibras.com\/site\/wp-json\/wp\/v2\/tags?post=321461"}],"curies":[{"name":"wp","href":"https:\/\/api.w.org\/{rel}","templated":true}]}}