{"id":321528,"date":"2024-02-01T07:34:34","date_gmt":"2024-02-01T10:34:34","guid":{"rendered":"https:\/\/www.notibras.com\/site\/?p=321528"},"modified":"2024-02-01T08:27:02","modified_gmt":"2024-02-01T11:27:02","slug":"quadros-que-nao-valem-nada-deixam-velhota-mais-rica","status":"publish","type":"post","link":"https:\/\/www.notibras.com\/site\/quadros-que-nao-valem-nada-deixam-velhota-mais-rica\/","title":{"rendered":"Quadros que n\u00e3o valem nada deixam velhota mais rica"},"content":{"rendered":"<p>N\u00e3o posso dizer que conheci aquele homem. \u00c9 verdade que eu o vi algumas vezes, mas jamais cheguei a escutar a sua voz. N\u00e3o que ele fosse mudo ou, ent\u00e3o, fosse eu o surdo. Nada disso. \u00c9 simplesmente porque eu contava com meus l\u00e1 sete, oito anos quando o dito cujo partiu desta para melhor, como costuma dizer a minha m\u00e3e.<\/p>\n<p>E, como nessa \u00e9poca as crian\u00e7as eram mantidas com outros meninos e meninas, n\u00e3o acontecia qualquer aproxima\u00e7\u00e3o entre adultos e a garotada. Portanto, eram eles l\u00e1, n\u00f3s aqui. Sen\u00e3o, o cinto cantava. E cantava alto l\u00e1 em casa, como as cicatrizes no meu traseiro podem provar.<\/p>\n<p>Apesar de guri, ainda hoje me lembro do s\u00e9quito de bajuladores que acompanhou o f\u00e9retro do velho, como se cachorro fosse em busca do \u00faltimo naco do que pudesse conseguir. O nome do defunto? Arquimedes, assim como o pai da alavanca.<\/p>\n<p>O falecido, sem filhos vivos, a n\u00e3o ser bastardos, deixou tudo para a neta favorita, que, tamb\u00e9m, era a \u00fanica. Arlete, com pouco mais de 30, solteira, se tornou a pessoa mais rica da cidade. A mulher, tamanha fortuna que lhe caiu no colo, possu\u00eda dinheiro saindo pelo ladr\u00e3o. Ali\u00e1s, para n\u00e3o faltar com a verdade, sejamos justos com a realidade dos fatos. Ela era herdeira e, ademais, nada sabia das falcatruas perpetradas pelo av\u00f4.<\/p>\n<p>Que o falecido fora um trambiqueiro de marca maior, todos sabemos ou, ent\u00e3o, aqueles que ainda n\u00e3o sabiam, agora ficaram cientes. Mas n\u00e3o nos atentemos a enxovalhar os que j\u00e1 partiram, mesmo porque o que nos interessa, neste momento, s\u00e3o aqueles dois quadros simetricamente pendurados na parede oposta \u00e0 grande sala de estar do palacete da esquina.<\/p>\n<p>Pois \u00e9, tal propriedade passou a ser a moradia de Arlete desde ent\u00e3o, que, m\u00eas passado, completou 62 anos. Quanto aos quadros, basta um olhar pouco cr\u00edtico para afirmar categoricamente que n\u00e3o passam de arte vulgar. No entanto, apesar do \u00f3bvio, eles t\u00eam recebido, desde que me entendo por gente, os mais elevados elogios, inclusive da aristocracia local.<\/p>\n<p>De t\u00e3o afamadas ficaram essas bugigangas, algum incauto prop\u00f4s que fossem expostas na sala dos vener\u00e1veis vereadores, que j\u00e1 n\u00e3o est\u00e3o entre n\u00f3s, ali na respeit\u00e1vel C\u00e2mara Municipal. Isso como se j\u00e1 houvesse tido algum pol\u00edtico por estas bandas que valesse o sacrif\u00edcio de se bater um prego naquelas paredes, cansadas de escutarem tantas promessas infrut\u00edferas.<\/p>\n<p>O primeiro quadro era o autorretrato de um tal Juv\u00eancio Badar\u00f3. Como sei disso? Bem, \u00e9 como est\u00e1 escrito, em letras garrafais, abaixo e do lado direito da tela. Data de 1918, local incerto. A pintura me pareceu um imenso borr\u00e3o, como se a tinta tivesse escorrido sem rumo e se misturado \u00e0 flagrante falta de talento do artista. Mas, \u00e0 despeito da minha opini\u00e3o, ouvi coment\u00e1rios lisonjeiros sobre aquele trambolho. Obviamente, mantive\u2013me calado, pois n\u00e3o sou de escaramu\u00e7as.<\/p>\n<p>Creio que j\u00e1 basta do desajeitado pintor. Se ele gostava tanto das tintas, que fosse dar cores \u00e0s paredes de algum barraco de favela, que, j\u00e1 naquela \u00e9poca, trazia deseleg\u00e2ncia \u00e0 cidade. Que fizesse tal favor aos nossos castigados olhos, obrigados a olhar tanta feiura e, ao mesmo tempo, levasse um pouco de caridade \u00e0 ral\u00e9.<\/p>\n<p>Quanto ao segundo, n\u00e3o h\u00e1 muito mais a se falar. Deplor\u00e1vel! Por incr\u00edvel que pare\u00e7a, castiga muito mais do que o autorretrato daquele Bador\u00f3 pela completa falta de gosto. Trata\u2013se de um descalabro de um qualquer, que nem se deu o trabalho de assinar aquela coisa horrenda.<\/p>\n<p>Quer saber? Pois bem. Imagine uma V\u00eanus de Milo passada dos 70 anos, que mostra todas as vergonhas daquele corpo decr\u00e9pito, ao inv\u00e9s de as cobrir, como seria mais apropriado. Afinal, quem quer ver aquilo? Causou\u2013me engulhos atr\u00e1s de engulhos. Como se fosse poss\u00edvel fitar aquele quadro sem sentir tais \u00e2nsias.<\/p>\n<p>Mas eis que a anfitri\u00e3 me puxou pelos bra\u00e7os. Ela queria porque queria que eu fosse apreciar aqueles quadros bem de perto. Contrariado, n\u00e3o tive escolha. Fui.<\/p>\n<p>\u2013 Fernando, soube pela sua m\u00e3e que voc\u00ea \u00e9 um apreciador de artes. Pois bem, quero a sua opini\u00e3o sincera sobre essas duas telas.<\/p>\n<p>L\u00e1 estava eu, diante daquelas execr\u00e1veis pinturas. Tendo uma reputa\u00e7\u00e3o a zelar, finalmente me senti confort\u00e1vel para dar a minha opini\u00e3o mais sincera para Arlete. Comecei a balbuciar as primeiras s\u00edlabas quando, ent\u00e3o, surgiu um homem de cartola e bengala. Devia ter l\u00e1 seus 80 ou mais.<\/p>\n<p>Acr\u00edsio Ventura. Maior criador de gado do munic\u00edpio vizinho. Ele havia sido atra\u00eddo pela fama daqueles dois quadros. T\u00e3o ou mais rico que a velha que n\u00e3o me soltava os bra\u00e7os, ele pareceu ainda mais interessado na minha opini\u00e3o. Fomos apresentados.<\/p>\n<p>\u2013 Ventura, que bom que voc\u00ea veio. Este \u00e9 o Fernando, o especialista em obras de arte que lhe contei.<\/p>\n<p>Eu, de esfor\u00e7ado estudioso sobre o assunto, naquele momento, me tornei um especialista. A princ\u00edpio fiquei confuso, mas logo percebi a inten\u00e7\u00e3o daquela ardilosa senhora.<\/p>\n<p>\u2013 Fernando, este \u00e9 o Ventura. Ele deseja adquirir essas duas obras de arte. Eu n\u00e3o as queria vender, mas ele insistiu tanto, que acabei convencida.<\/p>\n<p>Fiquei at\u00f4nito e devo ter feito cara de poucos amigos. Ela, certamente percebendo a minha rea\u00e7\u00e3o, tratou logo de me colocar naquele jogo.<\/p>\n<p>\u2013 Ah! Obviamente, que voc\u00ea ser\u00e1 bem remunerado pelos seus servi\u00e7os, meu filho.<\/p>\n<p>Sorri. Ali\u00e1s, todos n\u00f3s tr\u00eas sorrimos quase ao mesmo tempo.<\/p>\n<p>\u2013 Fernando, qual o valor desses quadros maravilhosos?<\/p>\n<p>\u2013 Bem, seu Ventura, um pre\u00e7o justo seria de seiscentos mil.<\/p>\n<p>\u2013 Pelos dois?<\/p>\n<p>\u2013 Cada um.<\/p>\n<p>O velhote fez aquela cara de felicidade, como se estivesse preste a fazer o melhor neg\u00f3cio do mundo. A Arlete fez um beicinho, como se triste pela separa\u00e7\u00e3o dos quadros. Ficou mais rica ainda e, melhor, se livrou daqueles trambolhos. Quanto a mim, eis que aqui estou com meus duzentos mil indo para a Europa na primeira classe.<\/p>\n","protected":false},"excerpt":{"rendered":"<p>N\u00e3o posso dizer que conheci aquele homem. \u00c9 verdade que eu o vi algumas vezes, mas jamais cheguei a escutar a sua voz. N\u00e3o que ele fosse mudo ou, ent\u00e3o, fosse eu o surdo. Nada disso. \u00c9 simplesmente porque eu contava com meus l\u00e1 sete, oito anos quando o dito cujo partiu desta para melhor, [&hellip;]<\/p>\n","protected":false},"author":2,"featured_media":321529,"comment_status":"closed","ping_status":"closed","sticky":false,"template":"","format":"standard","meta":{"_acf_changed":false,"footnotes":""},"categories":[161],"tags":[],"class_list":["post-321528","post","type-post","status-publish","format-standard","has-post-thumbnail","hentry","category-quadradinho-em-foco"],"acf":[],"yoast_head":"<!-- This site is optimized with the Yoast SEO plugin v27.2 - https:\/\/yoast.com\/product\/yoast-seo-wordpress\/ -->\n<title>Quadros que n\u00e3o valem nada deixam velhota mais rica - Notibras<\/title>\n<meta name=\"robots\" content=\"index, follow, max-snippet:-1, max-image-preview:large, max-video-preview:-1\" \/>\n<link rel=\"canonical\" href=\"https:\/\/www.notibras.com\/site\/quadros-que-nao-valem-nada-deixam-velhota-mais-rica\/\" \/>\n<meta property=\"og:locale\" content=\"pt_BR\" \/>\n<meta property=\"og:type\" content=\"article\" \/>\n<meta property=\"og:title\" content=\"Quadros que n\u00e3o valem nada deixam velhota mais rica - Notibras\" \/>\n<meta property=\"og:description\" content=\"N\u00e3o posso dizer que conheci aquele homem. \u00c9 verdade que eu o vi algumas vezes, mas jamais cheguei a escutar a sua voz. N\u00e3o que ele fosse mudo ou, ent\u00e3o, fosse eu o surdo. Nada disso. \u00c9 simplesmente porque eu contava com meus l\u00e1 sete, oito anos quando o dito cujo partiu desta para melhor, [&hellip;]\" \/>\n<meta property=\"og:url\" content=\"https:\/\/www.notibras.com\/site\/quadros-que-nao-valem-nada-deixam-velhota-mais-rica\/\" \/>\n<meta property=\"og:site_name\" content=\"Notibras\" \/>\n<meta property=\"article:publisher\" content=\"https:\/\/www.facebook.com\/notibras\/\" \/>\n<meta property=\"article:published_time\" content=\"2024-02-01T10:34:34+00:00\" \/>\n<meta property=\"article:modified_time\" content=\"2024-02-01T11:27:02+00:00\" \/>\n<meta property=\"og:image\" content=\"https:\/\/www.notibras.com\/site\/wp-content\/uploads\/2024\/02\/mansaoantiga.jpg\" \/>\n\t<meta property=\"og:image:width\" content=\"900\" \/>\n\t<meta property=\"og:image:height\" content=\"450\" \/>\n\t<meta property=\"og:image:type\" content=\"image\/jpeg\" \/>\n<meta name=\"author\" content=\"Reda\u00e7\u00e3o\" \/>\n<meta name=\"twitter:card\" content=\"summary_large_image\" \/>\n<meta name=\"twitter:creator\" content=\"@Notibras\" \/>\n<meta name=\"twitter:site\" content=\"@Notibras\" \/>\n<meta name=\"twitter:label1\" content=\"Escrito por\" \/>\n\t<meta name=\"twitter:data1\" content=\"Reda\u00e7\u00e3o\" \/>\n\t<meta name=\"twitter:label2\" content=\"Est. tempo de leitura\" \/>\n\t<meta name=\"twitter:data2\" content=\"6 minutos\" \/>\n<script type=\"application\/ld+json\" class=\"yoast-schema-graph\">{\"@context\":\"https:\/\/schema.org\",\"@graph\":[{\"@type\":\"Article\",\"@id\":\"https:\/\/www.notibras.com\/site\/quadros-que-nao-valem-nada-deixam-velhota-mais-rica\/#article\",\"isPartOf\":{\"@id\":\"https:\/\/www.notibras.com\/site\/quadros-que-nao-valem-nada-deixam-velhota-mais-rica\/\"},\"author\":{\"name\":\"Reda\u00e7\u00e3o\",\"@id\":\"https:\/\/www.notibras.com\/site\/#\/schema\/person\/36ab0979449956132d3e5b517ea76ac8\"},\"headline\":\"Quadros que n\u00e3o valem nada deixam velhota mais rica\",\"datePublished\":\"2024-02-01T10:34:34+00:00\",\"dateModified\":\"2024-02-01T11:27:02+00:00\",\"mainEntityOfPage\":{\"@id\":\"https:\/\/www.notibras.com\/site\/quadros-que-nao-valem-nada-deixam-velhota-mais-rica\/\"},\"wordCount\":1037,\"publisher\":{\"@id\":\"https:\/\/www.notibras.com\/site\/#organization\"},\"image\":{\"@id\":\"https:\/\/www.notibras.com\/site\/quadros-que-nao-valem-nada-deixam-velhota-mais-rica\/#primaryimage\"},\"thumbnailUrl\":\"https:\/\/www.notibras.com\/site\/wp-content\/uploads\/2024\/02\/mansaoantiga.jpg\",\"articleSection\":[\"Quadradinho em Foco\"],\"inLanguage\":\"pt-BR\"},{\"@type\":\"WebPage\",\"@id\":\"https:\/\/www.notibras.com\/site\/quadros-que-nao-valem-nada-deixam-velhota-mais-rica\/\",\"url\":\"https:\/\/www.notibras.com\/site\/quadros-que-nao-valem-nada-deixam-velhota-mais-rica\/\",\"name\":\"Quadros que n\u00e3o valem nada deixam velhota mais rica - Notibras\",\"isPartOf\":{\"@id\":\"https:\/\/www.notibras.com\/site\/#website\"},\"primaryImageOfPage\":{\"@id\":\"https:\/\/www.notibras.com\/site\/quadros-que-nao-valem-nada-deixam-velhota-mais-rica\/#primaryimage\"},\"image\":{\"@id\":\"https:\/\/www.notibras.com\/site\/quadros-que-nao-valem-nada-deixam-velhota-mais-rica\/#primaryimage\"},\"thumbnailUrl\":\"https:\/\/www.notibras.com\/site\/wp-content\/uploads\/2024\/02\/mansaoantiga.jpg\",\"datePublished\":\"2024-02-01T10:34:34+00:00\",\"dateModified\":\"2024-02-01T11:27:02+00:00\",\"breadcrumb\":{\"@id\":\"https:\/\/www.notibras.com\/site\/quadros-que-nao-valem-nada-deixam-velhota-mais-rica\/#breadcrumb\"},\"inLanguage\":\"pt-BR\",\"potentialAction\":[{\"@type\":\"ReadAction\",\"target\":[\"https:\/\/www.notibras.com\/site\/quadros-que-nao-valem-nada-deixam-velhota-mais-rica\/\"]}]},{\"@type\":\"ImageObject\",\"inLanguage\":\"pt-BR\",\"@id\":\"https:\/\/www.notibras.com\/site\/quadros-que-nao-valem-nada-deixam-velhota-mais-rica\/#primaryimage\",\"url\":\"https:\/\/www.notibras.com\/site\/wp-content\/uploads\/2024\/02\/mansaoantiga.jpg\",\"contentUrl\":\"https:\/\/www.notibras.com\/site\/wp-content\/uploads\/2024\/02\/mansaoantiga.jpg\",\"width\":900,\"height\":450},{\"@type\":\"BreadcrumbList\",\"@id\":\"https:\/\/www.notibras.com\/site\/quadros-que-nao-valem-nada-deixam-velhota-mais-rica\/#breadcrumb\",\"itemListElement\":[{\"@type\":\"ListItem\",\"position\":1,\"name\":\"In\u00edcio\",\"item\":\"https:\/\/www.notibras.com\/site\/\"},{\"@type\":\"ListItem\",\"position\":2,\"name\":\"Quadros que n\u00e3o valem nada deixam velhota mais rica\"}]},{\"@type\":\"WebSite\",\"@id\":\"https:\/\/www.notibras.com\/site\/#website\",\"url\":\"https:\/\/www.notibras.com\/site\/\",\"name\":\"Notibras\",\"description\":\"Not\u00edcias de Bras\u00edlia, do Brasil e do Mundo\",\"publisher\":{\"@id\":\"https:\/\/www.notibras.com\/site\/#organization\"},\"potentialAction\":[{\"@type\":\"SearchAction\",\"target\":{\"@type\":\"EntryPoint\",\"urlTemplate\":\"https:\/\/www.notibras.com\/site\/?s={search_term_string}\"},\"query-input\":{\"@type\":\"PropertyValueSpecification\",\"valueRequired\":true,\"valueName\":\"search_term_string\"}}],\"inLanguage\":\"pt-BR\"},{\"@type\":\"Organization\",\"@id\":\"https:\/\/www.notibras.com\/site\/#organization\",\"name\":\"Grupo Notibras de Comunica\u00e7\u00e3o\",\"url\":\"https:\/\/www.notibras.com\/site\/\",\"logo\":{\"@type\":\"ImageObject\",\"inLanguage\":\"pt-BR\",\"@id\":\"https:\/\/www.notibras.com\/site\/#\/schema\/logo\/image\/\",\"url\":\"https:\/\/www.notibras.com\/site\/wp-content\/uploads\/2023\/01\/notibras23.png\",\"contentUrl\":\"https:\/\/www.notibras.com\/site\/wp-content\/uploads\/2023\/01\/notibras23.png\",\"width\":350,\"height\":87,\"caption\":\"Grupo Notibras de Comunica\u00e7\u00e3o\"},\"image\":{\"@id\":\"https:\/\/www.notibras.com\/site\/#\/schema\/logo\/image\/\"},\"sameAs\":[\"https:\/\/www.facebook.com\/notibras\/\",\"https:\/\/x.com\/Notibras\",\"https:\/\/www.instagram.com\/notibras\/\"]},{\"@type\":\"Person\",\"@id\":\"https:\/\/www.notibras.com\/site\/#\/schema\/person\/36ab0979449956132d3e5b517ea76ac8\",\"name\":\"Reda\u00e7\u00e3o\",\"image\":{\"@type\":\"ImageObject\",\"inLanguage\":\"pt-BR\",\"@id\":\"https:\/\/secure.gravatar.com\/avatar\/e0a867bdedb85fd243eadf09663511f96fc81e0720a4a42581f334ad4303aa6b?s=96&d=mm&r=g\",\"url\":\"https:\/\/secure.gravatar.com\/avatar\/e0a867bdedb85fd243eadf09663511f96fc81e0720a4a42581f334ad4303aa6b?s=96&d=mm&r=g\",\"contentUrl\":\"https:\/\/secure.gravatar.com\/avatar\/e0a867bdedb85fd243eadf09663511f96fc81e0720a4a42581f334ad4303aa6b?s=96&d=mm&r=g\",\"caption\":\"Reda\u00e7\u00e3o\"}}]}<\/script>\n<!-- \/ Yoast SEO plugin. -->","yoast_head_json":{"title":"Quadros que n\u00e3o valem nada deixam velhota mais rica - Notibras","robots":{"index":"index","follow":"follow","max-snippet":"max-snippet:-1","max-image-preview":"max-image-preview:large","max-video-preview":"max-video-preview:-1"},"canonical":"https:\/\/www.notibras.com\/site\/quadros-que-nao-valem-nada-deixam-velhota-mais-rica\/","og_locale":"pt_BR","og_type":"article","og_title":"Quadros que n\u00e3o valem nada deixam velhota mais rica - Notibras","og_description":"N\u00e3o posso dizer que conheci aquele homem. \u00c9 verdade que eu o vi algumas vezes, mas jamais cheguei a escutar a sua voz. N\u00e3o que ele fosse mudo ou, ent\u00e3o, fosse eu o surdo. Nada disso. \u00c9 simplesmente porque eu contava com meus l\u00e1 sete, oito anos quando o dito cujo partiu desta para melhor, [&hellip;]","og_url":"https:\/\/www.notibras.com\/site\/quadros-que-nao-valem-nada-deixam-velhota-mais-rica\/","og_site_name":"Notibras","article_publisher":"https:\/\/www.facebook.com\/notibras\/","article_published_time":"2024-02-01T10:34:34+00:00","article_modified_time":"2024-02-01T11:27:02+00:00","og_image":[{"width":900,"height":450,"url":"https:\/\/www.notibras.com\/site\/wp-content\/uploads\/2024\/02\/mansaoantiga.jpg","type":"image\/jpeg"}],"author":"Reda\u00e7\u00e3o","twitter_card":"summary_large_image","twitter_creator":"@Notibras","twitter_site":"@Notibras","twitter_misc":{"Escrito por":"Reda\u00e7\u00e3o","Est. tempo de leitura":"6 minutos"},"schema":{"@context":"https:\/\/schema.org","@graph":[{"@type":"Article","@id":"https:\/\/www.notibras.com\/site\/quadros-que-nao-valem-nada-deixam-velhota-mais-rica\/#article","isPartOf":{"@id":"https:\/\/www.notibras.com\/site\/quadros-que-nao-valem-nada-deixam-velhota-mais-rica\/"},"author":{"name":"Reda\u00e7\u00e3o","@id":"https:\/\/www.notibras.com\/site\/#\/schema\/person\/36ab0979449956132d3e5b517ea76ac8"},"headline":"Quadros que n\u00e3o valem nada deixam velhota mais rica","datePublished":"2024-02-01T10:34:34+00:00","dateModified":"2024-02-01T11:27:02+00:00","mainEntityOfPage":{"@id":"https:\/\/www.notibras.com\/site\/quadros-que-nao-valem-nada-deixam-velhota-mais-rica\/"},"wordCount":1037,"publisher":{"@id":"https:\/\/www.notibras.com\/site\/#organization"},"image":{"@id":"https:\/\/www.notibras.com\/site\/quadros-que-nao-valem-nada-deixam-velhota-mais-rica\/#primaryimage"},"thumbnailUrl":"https:\/\/www.notibras.com\/site\/wp-content\/uploads\/2024\/02\/mansaoantiga.jpg","articleSection":["Quadradinho em Foco"],"inLanguage":"pt-BR"},{"@type":"WebPage","@id":"https:\/\/www.notibras.com\/site\/quadros-que-nao-valem-nada-deixam-velhota-mais-rica\/","url":"https:\/\/www.notibras.com\/site\/quadros-que-nao-valem-nada-deixam-velhota-mais-rica\/","name":"Quadros que n\u00e3o valem nada deixam velhota mais rica - Notibras","isPartOf":{"@id":"https:\/\/www.notibras.com\/site\/#website"},"primaryImageOfPage":{"@id":"https:\/\/www.notibras.com\/site\/quadros-que-nao-valem-nada-deixam-velhota-mais-rica\/#primaryimage"},"image":{"@id":"https:\/\/www.notibras.com\/site\/quadros-que-nao-valem-nada-deixam-velhota-mais-rica\/#primaryimage"},"thumbnailUrl":"https:\/\/www.notibras.com\/site\/wp-content\/uploads\/2024\/02\/mansaoantiga.jpg","datePublished":"2024-02-01T10:34:34+00:00","dateModified":"2024-02-01T11:27:02+00:00","breadcrumb":{"@id":"https:\/\/www.notibras.com\/site\/quadros-que-nao-valem-nada-deixam-velhota-mais-rica\/#breadcrumb"},"inLanguage":"pt-BR","potentialAction":[{"@type":"ReadAction","target":["https:\/\/www.notibras.com\/site\/quadros-que-nao-valem-nada-deixam-velhota-mais-rica\/"]}]},{"@type":"ImageObject","inLanguage":"pt-BR","@id":"https:\/\/www.notibras.com\/site\/quadros-que-nao-valem-nada-deixam-velhota-mais-rica\/#primaryimage","url":"https:\/\/www.notibras.com\/site\/wp-content\/uploads\/2024\/02\/mansaoantiga.jpg","contentUrl":"https:\/\/www.notibras.com\/site\/wp-content\/uploads\/2024\/02\/mansaoantiga.jpg","width":900,"height":450},{"@type":"BreadcrumbList","@id":"https:\/\/www.notibras.com\/site\/quadros-que-nao-valem-nada-deixam-velhota-mais-rica\/#breadcrumb","itemListElement":[{"@type":"ListItem","position":1,"name":"In\u00edcio","item":"https:\/\/www.notibras.com\/site\/"},{"@type":"ListItem","position":2,"name":"Quadros que n\u00e3o valem nada deixam velhota mais rica"}]},{"@type":"WebSite","@id":"https:\/\/www.notibras.com\/site\/#website","url":"https:\/\/www.notibras.com\/site\/","name":"Notibras","description":"Not\u00edcias de Bras\u00edlia, do Brasil e do Mundo","publisher":{"@id":"https:\/\/www.notibras.com\/site\/#organization"},"potentialAction":[{"@type":"SearchAction","target":{"@type":"EntryPoint","urlTemplate":"https:\/\/www.notibras.com\/site\/?s={search_term_string}"},"query-input":{"@type":"PropertyValueSpecification","valueRequired":true,"valueName":"search_term_string"}}],"inLanguage":"pt-BR"},{"@type":"Organization","@id":"https:\/\/www.notibras.com\/site\/#organization","name":"Grupo Notibras de Comunica\u00e7\u00e3o","url":"https:\/\/www.notibras.com\/site\/","logo":{"@type":"ImageObject","inLanguage":"pt-BR","@id":"https:\/\/www.notibras.com\/site\/#\/schema\/logo\/image\/","url":"https:\/\/www.notibras.com\/site\/wp-content\/uploads\/2023\/01\/notibras23.png","contentUrl":"https:\/\/www.notibras.com\/site\/wp-content\/uploads\/2023\/01\/notibras23.png","width":350,"height":87,"caption":"Grupo Notibras de Comunica\u00e7\u00e3o"},"image":{"@id":"https:\/\/www.notibras.com\/site\/#\/schema\/logo\/image\/"},"sameAs":["https:\/\/www.facebook.com\/notibras\/","https:\/\/x.com\/Notibras","https:\/\/www.instagram.com\/notibras\/"]},{"@type":"Person","@id":"https:\/\/www.notibras.com\/site\/#\/schema\/person\/36ab0979449956132d3e5b517ea76ac8","name":"Reda\u00e7\u00e3o","image":{"@type":"ImageObject","inLanguage":"pt-BR","@id":"https:\/\/secure.gravatar.com\/avatar\/e0a867bdedb85fd243eadf09663511f96fc81e0720a4a42581f334ad4303aa6b?s=96&d=mm&r=g","url":"https:\/\/secure.gravatar.com\/avatar\/e0a867bdedb85fd243eadf09663511f96fc81e0720a4a42581f334ad4303aa6b?s=96&d=mm&r=g","contentUrl":"https:\/\/secure.gravatar.com\/avatar\/e0a867bdedb85fd243eadf09663511f96fc81e0720a4a42581f334ad4303aa6b?s=96&d=mm&r=g","caption":"Reda\u00e7\u00e3o"}}]}},"amp_enabled":true,"_links":{"self":[{"href":"https:\/\/www.notibras.com\/site\/wp-json\/wp\/v2\/posts\/321528","targetHints":{"allow":["GET"]}}],"collection":[{"href":"https:\/\/www.notibras.com\/site\/wp-json\/wp\/v2\/posts"}],"about":[{"href":"https:\/\/www.notibras.com\/site\/wp-json\/wp\/v2\/types\/post"}],"author":[{"embeddable":true,"href":"https:\/\/www.notibras.com\/site\/wp-json\/wp\/v2\/users\/2"}],"replies":[{"embeddable":true,"href":"https:\/\/www.notibras.com\/site\/wp-json\/wp\/v2\/comments?post=321528"}],"version-history":[{"count":2,"href":"https:\/\/www.notibras.com\/site\/wp-json\/wp\/v2\/posts\/321528\/revisions"}],"predecessor-version":[{"id":321531,"href":"https:\/\/www.notibras.com\/site\/wp-json\/wp\/v2\/posts\/321528\/revisions\/321531"}],"wp:featuredmedia":[{"embeddable":true,"href":"https:\/\/www.notibras.com\/site\/wp-json\/wp\/v2\/media\/321529"}],"wp:attachment":[{"href":"https:\/\/www.notibras.com\/site\/wp-json\/wp\/v2\/media?parent=321528"}],"wp:term":[{"taxonomy":"category","embeddable":true,"href":"https:\/\/www.notibras.com\/site\/wp-json\/wp\/v2\/categories?post=321528"},{"taxonomy":"post_tag","embeddable":true,"href":"https:\/\/www.notibras.com\/site\/wp-json\/wp\/v2\/tags?post=321528"}],"curies":[{"name":"wp","href":"https:\/\/api.w.org\/{rel}","templated":true}]}}