{"id":321550,"date":"2024-02-01T08:48:50","date_gmt":"2024-02-01T11:48:50","guid":{"rendered":"https:\/\/www.notibras.com\/site\/?p=321550"},"modified":"2024-02-01T11:50:58","modified_gmt":"2024-02-01T14:50:58","slug":"prazo-para-inscricoes-no-prouni-vai-ate-sexta-feira","status":"publish","type":"post","link":"https:\/\/www.notibras.com\/site\/prazo-para-inscricoes-no-prouni-vai-ate-sexta-feira\/","title":{"rendered":"Prazo para inscri\u00e7\u00f5es no Prouni vai at\u00e9 sexta-feira"},"content":{"rendered":"<p>O prazo para os interessados em participar do processo seletivo do primeiro semestre de 2024 do Programa Universidade para Todos (Prouni) fazerem sua inscri\u00e7\u00e3o ser\u00e1 ampliado em um dia. As inscri\u00e7\u00f5es v\u00e3o terminar \u00e0s 23h59 (hor\u00e1rio de Bras\u00edlia) desta sexta-feira (2) pelo\u202fPortal \u00danico de Acesso ao Ensino Superior.<\/p>\n<p>S\u00e3o oferecidas 406.428\u202fbolsas, sendo 308.977 integrais (100%) e 97.451\u202fparciais\u202f(50%), distribu\u00eddas em\u202f15.482\u202fcursos,\u202fde 1.028\u202finstitui\u00e7\u00f5es participantes.<\/p>\n<p>Para se inscrever de forma gratuita, o participante precisa ter cadastro\u202fno login \u00fanico do\u202fgoverno\u202ffederal e criar uma conta no gov.br. Os resultados estar\u00e3o dispon\u00edveis\u202fem 6 de fevereiro (primeira chamada) e 27 de fevereiro (segunda chamada).<\/p>\n<p>Para participar do Prouni, \u00e9 preciso ter realizado pelo menos uma das duas \u00faltimas edi\u00e7\u00f5es do Exame Nacional do Ensino M\u00e9dio (Enem) e ter alcan\u00e7ado, no m\u00ednimo, 450 pontos de m\u00e9dia nas notas das cinco provas do exame. O estudante tamb\u00e9m n\u00e3o pode ter tirado zero na prova de reda\u00e7\u00e3o do Enem, nem ter participado do exame na condi\u00e7\u00e3o de treineiro.<\/p>\n","protected":false},"excerpt":{"rendered":"<p>O prazo para os interessados em participar do processo seletivo do primeiro semestre de 2024 do Programa Universidade para Todos (Prouni) fazerem sua inscri\u00e7\u00e3o ser\u00e1 ampliado em um dia. As inscri\u00e7\u00f5es v\u00e3o terminar \u00e0s 23h59 (hor\u00e1rio de Bras\u00edlia) desta sexta-feira (2) pelo\u202fPortal \u00danico de Acesso ao Ensino Superior. S\u00e3o oferecidas 406.428\u202fbolsas, sendo 308.977 integrais (100%) [&hellip;]<\/p>\n","protected":false},"author":2,"featured_media":321551,"comment_status":"closed","ping_status":"closed","sticky":false,"template":"","format":"standard","meta":{"_acf_changed":false,"footnotes":""},"categories":[161],"tags":[95],"class_list":["post-321550","post","type-post","status-publish","format-standard","has-post-thumbnail","hentry","category-quadradinho-em-foco","tag-capa"],"acf":[],"yoast_head":"<!-- This site is optimized with the Yoast SEO plugin v27.2 - https:\/\/yoast.com\/product\/yoast-seo-wordpress\/ -->\n<title>Prazo para inscri\u00e7\u00f5es no Prouni vai at\u00e9 sexta-feira - Notibras<\/title>\n<meta name=\"robots\" content=\"index, follow, max-snippet:-1, max-image-preview:large, max-video-preview:-1\" \/>\n<link rel=\"canonical\" href=\"https:\/\/www.notibras.com\/site\/prazo-para-inscricoes-no-prouni-vai-ate-sexta-feira\/\" \/>\n<meta property=\"og:locale\" content=\"pt_BR\" \/>\n<meta property=\"og:type\" content=\"article\" \/>\n<meta property=\"og:title\" content=\"Prazo para inscri\u00e7\u00f5es no Prouni vai at\u00e9 sexta-feira - Notibras\" \/>\n<meta property=\"og:description\" content=\"O prazo para os interessados em participar do processo seletivo do primeiro semestre de 2024 do Programa Universidade para Todos (Prouni) fazerem sua inscri\u00e7\u00e3o ser\u00e1 ampliado em um dia. As inscri\u00e7\u00f5es v\u00e3o terminar \u00e0s 23h59 (hor\u00e1rio de Bras\u00edlia) desta sexta-feira (2) pelo\u202fPortal \u00danico de Acesso ao Ensino Superior. S\u00e3o oferecidas 406.428\u202fbolsas, sendo 308.977 integrais (100%) [&hellip;]\" \/>\n<meta property=\"og:url\" content=\"https:\/\/www.notibras.com\/site\/prazo-para-inscricoes-no-prouni-vai-ate-sexta-feira\/\" \/>\n<meta property=\"og:site_name\" content=\"Notibras\" \/>\n<meta property=\"article:publisher\" content=\"https:\/\/www.facebook.com\/notibras\/\" \/>\n<meta property=\"article:published_time\" content=\"2024-02-01T11:48:50+00:00\" \/>\n<meta property=\"article:modified_time\" content=\"2024-02-01T14:50:58+00:00\" \/>\n<meta property=\"og:image\" content=\"https:\/\/www.notibras.com\/site\/wp-content\/uploads\/2024\/02\/insc.prouni.webp\" \/>\n\t<meta property=\"og:image:width\" content=\"1170\" \/>\n\t<meta property=\"og:image:height\" content=\"700\" \/>\n\t<meta property=\"og:image:type\" content=\"image\/webp\" \/>\n<meta name=\"author\" content=\"Reda\u00e7\u00e3o\" \/>\n<meta name=\"twitter:card\" content=\"summary_large_image\" \/>\n<meta name=\"twitter:creator\" content=\"@Notibras\" \/>\n<meta name=\"twitter:site\" content=\"@Notibras\" \/>\n<meta name=\"twitter:label1\" content=\"Escrito por\" \/>\n\t<meta name=\"twitter:data1\" content=\"Reda\u00e7\u00e3o\" \/>\n\t<meta name=\"twitter:label2\" content=\"Est. tempo de leitura\" \/>\n\t<meta name=\"twitter:data2\" content=\"1 minuto\" \/>\n<script type=\"application\/ld+json\" class=\"yoast-schema-graph\">{\"@context\":\"https:\/\/schema.org\",\"@graph\":[{\"@type\":\"Article\",\"@id\":\"https:\/\/www.notibras.com\/site\/prazo-para-inscricoes-no-prouni-vai-ate-sexta-feira\/#article\",\"isPartOf\":{\"@id\":\"https:\/\/www.notibras.com\/site\/prazo-para-inscricoes-no-prouni-vai-ate-sexta-feira\/\"},\"author\":{\"name\":\"Reda\u00e7\u00e3o\",\"@id\":\"https:\/\/www.notibras.com\/site\/#\/schema\/person\/36ab0979449956132d3e5b517ea76ac8\"},\"headline\":\"Prazo para inscri\u00e7\u00f5es no Prouni vai at\u00e9 sexta-feira\",\"datePublished\":\"2024-02-01T11:48:50+00:00\",\"dateModified\":\"2024-02-01T14:50:58+00:00\",\"mainEntityOfPage\":{\"@id\":\"https:\/\/www.notibras.com\/site\/prazo-para-inscricoes-no-prouni-vai-ate-sexta-feira\/\"},\"wordCount\":185,\"publisher\":{\"@id\":\"https:\/\/www.notibras.com\/site\/#organization\"},\"image\":{\"@id\":\"https:\/\/www.notibras.com\/site\/prazo-para-inscricoes-no-prouni-vai-ate-sexta-feira\/#primaryimage\"},\"thumbnailUrl\":\"https:\/\/www.notibras.com\/site\/wp-content\/uploads\/2024\/02\/insc.prouni.webp\",\"keywords\":[\"capa\"],\"articleSection\":[\"Quadradinho em Foco\"],\"inLanguage\":\"pt-BR\"},{\"@type\":\"WebPage\",\"@id\":\"https:\/\/www.notibras.com\/site\/prazo-para-inscricoes-no-prouni-vai-ate-sexta-feira\/\",\"url\":\"https:\/\/www.notibras.com\/site\/prazo-para-inscricoes-no-prouni-vai-ate-sexta-feira\/\",\"name\":\"Prazo para inscri\u00e7\u00f5es no Prouni vai at\u00e9 sexta-feira - Notibras\",\"isPartOf\":{\"@id\":\"https:\/\/www.notibras.com\/site\/#website\"},\"primaryImageOfPage\":{\"@id\":\"https:\/\/www.notibras.com\/site\/prazo-para-inscricoes-no-prouni-vai-ate-sexta-feira\/#primaryimage\"},\"image\":{\"@id\":\"https:\/\/www.notibras.com\/site\/prazo-para-inscricoes-no-prouni-vai-ate-sexta-feira\/#primaryimage\"},\"thumbnailUrl\":\"https:\/\/www.notibras.com\/site\/wp-content\/uploads\/2024\/02\/insc.prouni.webp\",\"datePublished\":\"2024-02-01T11:48:50+00:00\",\"dateModified\":\"2024-02-01T14:50:58+00:00\",\"breadcrumb\":{\"@id\":\"https:\/\/www.notibras.com\/site\/prazo-para-inscricoes-no-prouni-vai-ate-sexta-feira\/#breadcrumb\"},\"inLanguage\":\"pt-BR\",\"potentialAction\":[{\"@type\":\"ReadAction\",\"target\":[\"https:\/\/www.notibras.com\/site\/prazo-para-inscricoes-no-prouni-vai-ate-sexta-feira\/\"]}]},{\"@type\":\"ImageObject\",\"inLanguage\":\"pt-BR\",\"@id\":\"https:\/\/www.notibras.com\/site\/prazo-para-inscricoes-no-prouni-vai-ate-sexta-feira\/#primaryimage\",\"url\":\"https:\/\/www.notibras.com\/site\/wp-content\/uploads\/2024\/02\/insc.prouni.webp\",\"contentUrl\":\"https:\/\/www.notibras.com\/site\/wp-content\/uploads\/2024\/02\/insc.prouni.webp\",\"width\":1170,\"height\":700},{\"@type\":\"BreadcrumbList\",\"@id\":\"https:\/\/www.notibras.com\/site\/prazo-para-inscricoes-no-prouni-vai-ate-sexta-feira\/#breadcrumb\",\"itemListElement\":[{\"@type\":\"ListItem\",\"position\":1,\"name\":\"In\u00edcio\",\"item\":\"https:\/\/www.notibras.com\/site\/\"},{\"@type\":\"ListItem\",\"position\":2,\"name\":\"Prazo para inscri\u00e7\u00f5es no Prouni vai at\u00e9 sexta-feira\"}]},{\"@type\":\"WebSite\",\"@id\":\"https:\/\/www.notibras.com\/site\/#website\",\"url\":\"https:\/\/www.notibras.com\/site\/\",\"name\":\"Notibras\",\"description\":\"Not\u00edcias de Bras\u00edlia, do Brasil e do Mundo\",\"publisher\":{\"@id\":\"https:\/\/www.notibras.com\/site\/#organization\"},\"potentialAction\":[{\"@type\":\"SearchAction\",\"target\":{\"@type\":\"EntryPoint\",\"urlTemplate\":\"https:\/\/www.notibras.com\/site\/?s={search_term_string}\"},\"query-input\":{\"@type\":\"PropertyValueSpecification\",\"valueRequired\":true,\"valueName\":\"search_term_string\"}}],\"inLanguage\":\"pt-BR\"},{\"@type\":\"Organization\",\"@id\":\"https:\/\/www.notibras.com\/site\/#organization\",\"name\":\"Grupo Notibras de Comunica\u00e7\u00e3o\",\"url\":\"https:\/\/www.notibras.com\/site\/\",\"logo\":{\"@type\":\"ImageObject\",\"inLanguage\":\"pt-BR\",\"@id\":\"https:\/\/www.notibras.com\/site\/#\/schema\/logo\/image\/\",\"url\":\"https:\/\/www.notibras.com\/site\/wp-content\/uploads\/2023\/01\/notibras23.png\",\"contentUrl\":\"https:\/\/www.notibras.com\/site\/wp-content\/uploads\/2023\/01\/notibras23.png\",\"width\":350,\"height\":87,\"caption\":\"Grupo Notibras de Comunica\u00e7\u00e3o\"},\"image\":{\"@id\":\"https:\/\/www.notibras.com\/site\/#\/schema\/logo\/image\/\"},\"sameAs\":[\"https:\/\/www.facebook.com\/notibras\/\",\"https:\/\/x.com\/Notibras\",\"https:\/\/www.instagram.com\/notibras\/\"]},{\"@type\":\"Person\",\"@id\":\"https:\/\/www.notibras.com\/site\/#\/schema\/person\/36ab0979449956132d3e5b517ea76ac8\",\"name\":\"Reda\u00e7\u00e3o\",\"image\":{\"@type\":\"ImageObject\",\"inLanguage\":\"pt-BR\",\"@id\":\"https:\/\/secure.gravatar.com\/avatar\/e0a867bdedb85fd243eadf09663511f96fc81e0720a4a42581f334ad4303aa6b?s=96&d=mm&r=g\",\"url\":\"https:\/\/secure.gravatar.com\/avatar\/e0a867bdedb85fd243eadf09663511f96fc81e0720a4a42581f334ad4303aa6b?s=96&d=mm&r=g\",\"contentUrl\":\"https:\/\/secure.gravatar.com\/avatar\/e0a867bdedb85fd243eadf09663511f96fc81e0720a4a42581f334ad4303aa6b?s=96&d=mm&r=g\",\"caption\":\"Reda\u00e7\u00e3o\"}}]}<\/script>\n<!-- \/ Yoast SEO plugin. -->","yoast_head_json":{"title":"Prazo para inscri\u00e7\u00f5es no Prouni vai at\u00e9 sexta-feira - Notibras","robots":{"index":"index","follow":"follow","max-snippet":"max-snippet:-1","max-image-preview":"max-image-preview:large","max-video-preview":"max-video-preview:-1"},"canonical":"https:\/\/www.notibras.com\/site\/prazo-para-inscricoes-no-prouni-vai-ate-sexta-feira\/","og_locale":"pt_BR","og_type":"article","og_title":"Prazo para inscri\u00e7\u00f5es no Prouni vai at\u00e9 sexta-feira - Notibras","og_description":"O prazo para os interessados em participar do processo seletivo do primeiro semestre de 2024 do Programa Universidade para Todos (Prouni) fazerem sua inscri\u00e7\u00e3o ser\u00e1 ampliado em um dia. As inscri\u00e7\u00f5es v\u00e3o terminar \u00e0s 23h59 (hor\u00e1rio de Bras\u00edlia) desta sexta-feira (2) pelo\u202fPortal \u00danico de Acesso ao Ensino Superior. S\u00e3o oferecidas 406.428\u202fbolsas, sendo 308.977 integrais (100%) [&hellip;]","og_url":"https:\/\/www.notibras.com\/site\/prazo-para-inscricoes-no-prouni-vai-ate-sexta-feira\/","og_site_name":"Notibras","article_publisher":"https:\/\/www.facebook.com\/notibras\/","article_published_time":"2024-02-01T11:48:50+00:00","article_modified_time":"2024-02-01T14:50:58+00:00","og_image":[{"width":1170,"height":700,"url":"https:\/\/www.notibras.com\/site\/wp-content\/uploads\/2024\/02\/insc.prouni.webp","type":"image\/webp"}],"author":"Reda\u00e7\u00e3o","twitter_card":"summary_large_image","twitter_creator":"@Notibras","twitter_site":"@Notibras","twitter_misc":{"Escrito por":"Reda\u00e7\u00e3o","Est. tempo de leitura":"1 minuto"},"schema":{"@context":"https:\/\/schema.org","@graph":[{"@type":"Article","@id":"https:\/\/www.notibras.com\/site\/prazo-para-inscricoes-no-prouni-vai-ate-sexta-feira\/#article","isPartOf":{"@id":"https:\/\/www.notibras.com\/site\/prazo-para-inscricoes-no-prouni-vai-ate-sexta-feira\/"},"author":{"name":"Reda\u00e7\u00e3o","@id":"https:\/\/www.notibras.com\/site\/#\/schema\/person\/36ab0979449956132d3e5b517ea76ac8"},"headline":"Prazo para inscri\u00e7\u00f5es no Prouni vai at\u00e9 sexta-feira","datePublished":"2024-02-01T11:48:50+00:00","dateModified":"2024-02-01T14:50:58+00:00","mainEntityOfPage":{"@id":"https:\/\/www.notibras.com\/site\/prazo-para-inscricoes-no-prouni-vai-ate-sexta-feira\/"},"wordCount":185,"publisher":{"@id":"https:\/\/www.notibras.com\/site\/#organization"},"image":{"@id":"https:\/\/www.notibras.com\/site\/prazo-para-inscricoes-no-prouni-vai-ate-sexta-feira\/#primaryimage"},"thumbnailUrl":"https:\/\/www.notibras.com\/site\/wp-content\/uploads\/2024\/02\/insc.prouni.webp","keywords":["capa"],"articleSection":["Quadradinho em Foco"],"inLanguage":"pt-BR"},{"@type":"WebPage","@id":"https:\/\/www.notibras.com\/site\/prazo-para-inscricoes-no-prouni-vai-ate-sexta-feira\/","url":"https:\/\/www.notibras.com\/site\/prazo-para-inscricoes-no-prouni-vai-ate-sexta-feira\/","name":"Prazo para inscri\u00e7\u00f5es no Prouni vai at\u00e9 sexta-feira - Notibras","isPartOf":{"@id":"https:\/\/www.notibras.com\/site\/#website"},"primaryImageOfPage":{"@id":"https:\/\/www.notibras.com\/site\/prazo-para-inscricoes-no-prouni-vai-ate-sexta-feira\/#primaryimage"},"image":{"@id":"https:\/\/www.notibras.com\/site\/prazo-para-inscricoes-no-prouni-vai-ate-sexta-feira\/#primaryimage"},"thumbnailUrl":"https:\/\/www.notibras.com\/site\/wp-content\/uploads\/2024\/02\/insc.prouni.webp","datePublished":"2024-02-01T11:48:50+00:00","dateModified":"2024-02-01T14:50:58+00:00","breadcrumb":{"@id":"https:\/\/www.notibras.com\/site\/prazo-para-inscricoes-no-prouni-vai-ate-sexta-feira\/#breadcrumb"},"inLanguage":"pt-BR","potentialAction":[{"@type":"ReadAction","target":["https:\/\/www.notibras.com\/site\/prazo-para-inscricoes-no-prouni-vai-ate-sexta-feira\/"]}]},{"@type":"ImageObject","inLanguage":"pt-BR","@id":"https:\/\/www.notibras.com\/site\/prazo-para-inscricoes-no-prouni-vai-ate-sexta-feira\/#primaryimage","url":"https:\/\/www.notibras.com\/site\/wp-content\/uploads\/2024\/02\/insc.prouni.webp","contentUrl":"https:\/\/www.notibras.com\/site\/wp-content\/uploads\/2024\/02\/insc.prouni.webp","width":1170,"height":700},{"@type":"BreadcrumbList","@id":"https:\/\/www.notibras.com\/site\/prazo-para-inscricoes-no-prouni-vai-ate-sexta-feira\/#breadcrumb","itemListElement":[{"@type":"ListItem","position":1,"name":"In\u00edcio","item":"https:\/\/www.notibras.com\/site\/"},{"@type":"ListItem","position":2,"name":"Prazo para inscri\u00e7\u00f5es no Prouni vai at\u00e9 sexta-feira"}]},{"@type":"WebSite","@id":"https:\/\/www.notibras.com\/site\/#website","url":"https:\/\/www.notibras.com\/site\/","name":"Notibras","description":"Not\u00edcias de Bras\u00edlia, do Brasil e do Mundo","publisher":{"@id":"https:\/\/www.notibras.com\/site\/#organization"},"potentialAction":[{"@type":"SearchAction","target":{"@type":"EntryPoint","urlTemplate":"https:\/\/www.notibras.com\/site\/?s={search_term_string}"},"query-input":{"@type":"PropertyValueSpecification","valueRequired":true,"valueName":"search_term_string"}}],"inLanguage":"pt-BR"},{"@type":"Organization","@id":"https:\/\/www.notibras.com\/site\/#organization","name":"Grupo Notibras de Comunica\u00e7\u00e3o","url":"https:\/\/www.notibras.com\/site\/","logo":{"@type":"ImageObject","inLanguage":"pt-BR","@id":"https:\/\/www.notibras.com\/site\/#\/schema\/logo\/image\/","url":"https:\/\/www.notibras.com\/site\/wp-content\/uploads\/2023\/01\/notibras23.png","contentUrl":"https:\/\/www.notibras.com\/site\/wp-content\/uploads\/2023\/01\/notibras23.png","width":350,"height":87,"caption":"Grupo Notibras de Comunica\u00e7\u00e3o"},"image":{"@id":"https:\/\/www.notibras.com\/site\/#\/schema\/logo\/image\/"},"sameAs":["https:\/\/www.facebook.com\/notibras\/","https:\/\/x.com\/Notibras","https:\/\/www.instagram.com\/notibras\/"]},{"@type":"Person","@id":"https:\/\/www.notibras.com\/site\/#\/schema\/person\/36ab0979449956132d3e5b517ea76ac8","name":"Reda\u00e7\u00e3o","image":{"@type":"ImageObject","inLanguage":"pt-BR","@id":"https:\/\/secure.gravatar.com\/avatar\/e0a867bdedb85fd243eadf09663511f96fc81e0720a4a42581f334ad4303aa6b?s=96&d=mm&r=g","url":"https:\/\/secure.gravatar.com\/avatar\/e0a867bdedb85fd243eadf09663511f96fc81e0720a4a42581f334ad4303aa6b?s=96&d=mm&r=g","contentUrl":"https:\/\/secure.gravatar.com\/avatar\/e0a867bdedb85fd243eadf09663511f96fc81e0720a4a42581f334ad4303aa6b?s=96&d=mm&r=g","caption":"Reda\u00e7\u00e3o"}}]}},"amp_enabled":true,"_links":{"self":[{"href":"https:\/\/www.notibras.com\/site\/wp-json\/wp\/v2\/posts\/321550","targetHints":{"allow":["GET"]}}],"collection":[{"href":"https:\/\/www.notibras.com\/site\/wp-json\/wp\/v2\/posts"}],"about":[{"href":"https:\/\/www.notibras.com\/site\/wp-json\/wp\/v2\/types\/post"}],"author":[{"embeddable":true,"href":"https:\/\/www.notibras.com\/site\/wp-json\/wp\/v2\/users\/2"}],"replies":[{"embeddable":true,"href":"https:\/\/www.notibras.com\/site\/wp-json\/wp\/v2\/comments?post=321550"}],"version-history":[{"count":1,"href":"https:\/\/www.notibras.com\/site\/wp-json\/wp\/v2\/posts\/321550\/revisions"}],"predecessor-version":[{"id":321552,"href":"https:\/\/www.notibras.com\/site\/wp-json\/wp\/v2\/posts\/321550\/revisions\/321552"}],"wp:featuredmedia":[{"embeddable":true,"href":"https:\/\/www.notibras.com\/site\/wp-json\/wp\/v2\/media\/321551"}],"wp:attachment":[{"href":"https:\/\/www.notibras.com\/site\/wp-json\/wp\/v2\/media?parent=321550"}],"wp:term":[{"taxonomy":"category","embeddable":true,"href":"https:\/\/www.notibras.com\/site\/wp-json\/wp\/v2\/categories?post=321550"},{"taxonomy":"post_tag","embeddable":true,"href":"https:\/\/www.notibras.com\/site\/wp-json\/wp\/v2\/tags?post=321550"}],"curies":[{"name":"wp","href":"https:\/\/api.w.org\/{rel}","templated":true}]}}