{"id":321597,"date":"2024-02-02T06:58:05","date_gmt":"2024-02-02T09:58:05","guid":{"rendered":"https:\/\/www.notibras.com\/site\/?p=321597"},"modified":"2024-02-02T08:00:19","modified_gmt":"2024-02-02T11:00:19","slug":"tcdf-investiga-favorecimento-em-processos-seletivos","status":"publish","type":"post","link":"https:\/\/www.notibras.com\/site\/tcdf-investiga-favorecimento-em-processos-seletivos\/","title":{"rendered":"TCDF investiga favorecimento em processos seletivos"},"content":{"rendered":"<p>O Tribunal de Contas deu um prazo de cinco dias \u00fateis para que o Instituto de Gest\u00e3o Estrat\u00e9gica de Sa\u00fade do Distrito Federal (Iges-DF) apresente esclarecimentos sobre den\u00fancias de suposto direcionamento de vagas em processos seletivos para contrata\u00e7\u00e3o de pessoal, al\u00e9m de poss\u00edvel favorecimento de candidatos que trabalham ou j\u00e1 haviam trabalhado no Iges. Segundo a representa\u00e7\u00e3o protocolada pelo Minist\u00e9rio P\u00fablico a falta de objetividade nas sele\u00e7\u00f5es do instituto fere os princ\u00edpios da impessoalidade e da moralidade.<\/p>\n<p>Entre as supostas falhas apontadas pela representa\u00e7\u00e3o analisada no \u00e2mbito do processo\u202f00600-00015735\/2023-64-e, est\u00e1 a exclus\u00e3o de um candidato ao cargo de Analista de Contratos, ainda na etapa de avalia\u00e7\u00e3o curricular, apesar de ele possuir todos os pr\u00e9-requisitos obrigat\u00f3rios. Tamb\u00e9m foram identificadas poss\u00edveis irregularidades no Edital n\u00ba 101\/2023 para o cargo de Analista Administrativo. Segundo a den\u00fancia, n\u00e3o houve an\u00e1lise de recurso que questionava a experi\u00eancia exigida. S\u00f3 conseguiria cumprir a exig\u00eancia o candidato que j\u00e1 tivesse trabalhado na vaga espec\u00edfica ou que estivesse trabalhando em vaga similar dentro do pr\u00f3prio \u00f3rg\u00e3o, o que indica um poss\u00edvel direcionamento das vagas.<\/p>\n<p>Al\u00e9m disso, na sele\u00e7\u00e3o para o cargo Analista de Mobilidade, h\u00e1 suspeita de favorecimento. Segundo a den\u00fancia, apesar de n\u00e3o ter um curr\u00edculo de peso, somente o 5\u00ba colocado no processo seletivo, que j\u00e1 seria do quadro de empregados do instituto, teria sido classificado na etapa de an\u00e1lise curricular. O MPjTCDF aponta que &#8220;dos 351 candidatos classificados na fase de an\u00e1lise curricular, 53 s\u00e3o ou eram colaboradores do Iges\/DF&#8221;, o que correspondente a cerca de 15% dos candidatos aprovados.<\/p>\n<p>A representa\u00e7\u00e3o tamb\u00e9m questiona a falta de objetividade na etapa de entrevistas. Segundo relatos de candidatos feitos \u00e0 ouvidoria do MPjTCDF, ora as perguntas efetuadas pelos entrevistadores eram gen\u00e9ricas, impossibilitando examinar com objetividade o que se buscava avaliar; ora muito espec\u00edficas, demandando conhecimento das rotinas internas do Iges\/DF para serem satisfatoriamente respondidas e prejudicando, portanto, os concorrentes externos.<\/p>\n<p>A den\u00fancia ainda cita a decis\u00e3o 5350\/2022, que tratou quest\u00e3o similar no processo seletivo para o cargo de Analista de Compras no Iges-DF. Nela, o TCDF determinou o estabelecimento de crit\u00e9rios m\u00ednimos a serem observados pelo instituto na elabora\u00e7\u00e3o de seus editais, tais como par\u00e2metros objetivos para a defini\u00e7\u00e3o da pontua\u00e7\u00e3o atribu\u00edda aos candidatos. Segundo a den\u00fancia, apesar da decis\u00e3o do Tribunal, as sele\u00e7\u00f5es realizadas pelo instituto continuam com alto grau de subjetividade.<\/p>\n","protected":false},"excerpt":{"rendered":"<p>O Tribunal de Contas deu um prazo de cinco dias \u00fateis para que o Instituto de Gest\u00e3o Estrat\u00e9gica de Sa\u00fade do Distrito Federal (Iges-DF) apresente esclarecimentos sobre den\u00fancias de suposto direcionamento de vagas em processos seletivos para contrata\u00e7\u00e3o de pessoal, al\u00e9m de poss\u00edvel favorecimento de candidatos que trabalham ou j\u00e1 haviam trabalhado no Iges. Segundo [&hellip;]<\/p>\n","protected":false},"author":2,"featured_media":320169,"comment_status":"closed","ping_status":"closed","sticky":false,"template":"","format":"standard","meta":{"_acf_changed":false,"footnotes":""},"categories":[161],"tags":[],"class_list":["post-321597","post","type-post","status-publish","format-standard","has-post-thumbnail","hentry","category-quadradinho-em-foco"],"acf":[],"yoast_head":"<!-- This site is optimized with the Yoast SEO plugin v27.2 - https:\/\/yoast.com\/product\/yoast-seo-wordpress\/ -->\n<title>TCDF investiga favorecimento em processos seletivos - Notibras<\/title>\n<meta name=\"robots\" content=\"index, follow, max-snippet:-1, max-image-preview:large, max-video-preview:-1\" \/>\n<link rel=\"canonical\" href=\"https:\/\/www.notibras.com\/site\/tcdf-investiga-favorecimento-em-processos-seletivos\/\" \/>\n<meta property=\"og:locale\" content=\"pt_BR\" \/>\n<meta property=\"og:type\" content=\"article\" \/>\n<meta property=\"og:title\" content=\"TCDF investiga favorecimento em processos seletivos - Notibras\" \/>\n<meta property=\"og:description\" content=\"O Tribunal de Contas deu um prazo de cinco dias \u00fateis para que o Instituto de Gest\u00e3o Estrat\u00e9gica de Sa\u00fade do Distrito Federal (Iges-DF) apresente esclarecimentos sobre den\u00fancias de suposto direcionamento de vagas em processos seletivos para contrata\u00e7\u00e3o de pessoal, al\u00e9m de poss\u00edvel favorecimento de candidatos que trabalham ou j\u00e1 haviam trabalhado no Iges. Segundo [&hellip;]\" \/>\n<meta property=\"og:url\" content=\"https:\/\/www.notibras.com\/site\/tcdf-investiga-favorecimento-em-processos-seletivos\/\" \/>\n<meta property=\"og:site_name\" content=\"Notibras\" \/>\n<meta property=\"article:publisher\" content=\"https:\/\/www.facebook.com\/notibras\/\" \/>\n<meta property=\"article:published_time\" content=\"2024-02-02T09:58:05+00:00\" \/>\n<meta property=\"article:modified_time\" content=\"2024-02-02T11:00:19+00:00\" \/>\n<meta property=\"og:image\" content=\"https:\/\/www.notibras.com\/site\/wp-content\/uploads\/2024\/01\/medicosnorte.ne_.webp\" \/>\n\t<meta property=\"og:image:width\" content=\"1170\" \/>\n\t<meta property=\"og:image:height\" content=\"700\" \/>\n\t<meta property=\"og:image:type\" content=\"image\/webp\" \/>\n<meta name=\"author\" content=\"Reda\u00e7\u00e3o\" \/>\n<meta name=\"twitter:card\" content=\"summary_large_image\" \/>\n<meta name=\"twitter:creator\" content=\"@Notibras\" \/>\n<meta name=\"twitter:site\" content=\"@Notibras\" \/>\n<meta name=\"twitter:label1\" content=\"Escrito por\" \/>\n\t<meta name=\"twitter:data1\" content=\"Reda\u00e7\u00e3o\" \/>\n\t<meta name=\"twitter:label2\" content=\"Est. tempo de leitura\" \/>\n\t<meta name=\"twitter:data2\" content=\"3 minutos\" \/>\n<script type=\"application\/ld+json\" class=\"yoast-schema-graph\">{\"@context\":\"https:\/\/schema.org\",\"@graph\":[{\"@type\":\"Article\",\"@id\":\"https:\/\/www.notibras.com\/site\/tcdf-investiga-favorecimento-em-processos-seletivos\/#article\",\"isPartOf\":{\"@id\":\"https:\/\/www.notibras.com\/site\/tcdf-investiga-favorecimento-em-processos-seletivos\/\"},\"author\":{\"name\":\"Reda\u00e7\u00e3o\",\"@id\":\"https:\/\/www.notibras.com\/site\/#\/schema\/person\/36ab0979449956132d3e5b517ea76ac8\"},\"headline\":\"TCDF investiga favorecimento em processos seletivos\",\"datePublished\":\"2024-02-02T09:58:05+00:00\",\"dateModified\":\"2024-02-02T11:00:19+00:00\",\"mainEntityOfPage\":{\"@id\":\"https:\/\/www.notibras.com\/site\/tcdf-investiga-favorecimento-em-processos-seletivos\/\"},\"wordCount\":443,\"publisher\":{\"@id\":\"https:\/\/www.notibras.com\/site\/#organization\"},\"image\":{\"@id\":\"https:\/\/www.notibras.com\/site\/tcdf-investiga-favorecimento-em-processos-seletivos\/#primaryimage\"},\"thumbnailUrl\":\"https:\/\/www.notibras.com\/site\/wp-content\/uploads\/2024\/01\/medicosnorte.ne_.webp\",\"articleSection\":[\"Quadradinho em Foco\"],\"inLanguage\":\"pt-BR\"},{\"@type\":\"WebPage\",\"@id\":\"https:\/\/www.notibras.com\/site\/tcdf-investiga-favorecimento-em-processos-seletivos\/\",\"url\":\"https:\/\/www.notibras.com\/site\/tcdf-investiga-favorecimento-em-processos-seletivos\/\",\"name\":\"TCDF investiga favorecimento em processos seletivos - Notibras\",\"isPartOf\":{\"@id\":\"https:\/\/www.notibras.com\/site\/#website\"},\"primaryImageOfPage\":{\"@id\":\"https:\/\/www.notibras.com\/site\/tcdf-investiga-favorecimento-em-processos-seletivos\/#primaryimage\"},\"image\":{\"@id\":\"https:\/\/www.notibras.com\/site\/tcdf-investiga-favorecimento-em-processos-seletivos\/#primaryimage\"},\"thumbnailUrl\":\"https:\/\/www.notibras.com\/site\/wp-content\/uploads\/2024\/01\/medicosnorte.ne_.webp\",\"datePublished\":\"2024-02-02T09:58:05+00:00\",\"dateModified\":\"2024-02-02T11:00:19+00:00\",\"breadcrumb\":{\"@id\":\"https:\/\/www.notibras.com\/site\/tcdf-investiga-favorecimento-em-processos-seletivos\/#breadcrumb\"},\"inLanguage\":\"pt-BR\",\"potentialAction\":[{\"@type\":\"ReadAction\",\"target\":[\"https:\/\/www.notibras.com\/site\/tcdf-investiga-favorecimento-em-processos-seletivos\/\"]}]},{\"@type\":\"ImageObject\",\"inLanguage\":\"pt-BR\",\"@id\":\"https:\/\/www.notibras.com\/site\/tcdf-investiga-favorecimento-em-processos-seletivos\/#primaryimage\",\"url\":\"https:\/\/www.notibras.com\/site\/wp-content\/uploads\/2024\/01\/medicosnorte.ne_.webp\",\"contentUrl\":\"https:\/\/www.notibras.com\/site\/wp-content\/uploads\/2024\/01\/medicosnorte.ne_.webp\",\"width\":1170,\"height\":700},{\"@type\":\"BreadcrumbList\",\"@id\":\"https:\/\/www.notibras.com\/site\/tcdf-investiga-favorecimento-em-processos-seletivos\/#breadcrumb\",\"itemListElement\":[{\"@type\":\"ListItem\",\"position\":1,\"name\":\"In\u00edcio\",\"item\":\"https:\/\/www.notibras.com\/site\/\"},{\"@type\":\"ListItem\",\"position\":2,\"name\":\"TCDF investiga favorecimento em processos seletivos\"}]},{\"@type\":\"WebSite\",\"@id\":\"https:\/\/www.notibras.com\/site\/#website\",\"url\":\"https:\/\/www.notibras.com\/site\/\",\"name\":\"Notibras\",\"description\":\"Not\u00edcias de Bras\u00edlia, do Brasil e do Mundo\",\"publisher\":{\"@id\":\"https:\/\/www.notibras.com\/site\/#organization\"},\"potentialAction\":[{\"@type\":\"SearchAction\",\"target\":{\"@type\":\"EntryPoint\",\"urlTemplate\":\"https:\/\/www.notibras.com\/site\/?s={search_term_string}\"},\"query-input\":{\"@type\":\"PropertyValueSpecification\",\"valueRequired\":true,\"valueName\":\"search_term_string\"}}],\"inLanguage\":\"pt-BR\"},{\"@type\":\"Organization\",\"@id\":\"https:\/\/www.notibras.com\/site\/#organization\",\"name\":\"Grupo Notibras de Comunica\u00e7\u00e3o\",\"url\":\"https:\/\/www.notibras.com\/site\/\",\"logo\":{\"@type\":\"ImageObject\",\"inLanguage\":\"pt-BR\",\"@id\":\"https:\/\/www.notibras.com\/site\/#\/schema\/logo\/image\/\",\"url\":\"https:\/\/www.notibras.com\/site\/wp-content\/uploads\/2023\/01\/notibras23.png\",\"contentUrl\":\"https:\/\/www.notibras.com\/site\/wp-content\/uploads\/2023\/01\/notibras23.png\",\"width\":350,\"height\":87,\"caption\":\"Grupo Notibras de Comunica\u00e7\u00e3o\"},\"image\":{\"@id\":\"https:\/\/www.notibras.com\/site\/#\/schema\/logo\/image\/\"},\"sameAs\":[\"https:\/\/www.facebook.com\/notibras\/\",\"https:\/\/x.com\/Notibras\",\"https:\/\/www.instagram.com\/notibras\/\"]},{\"@type\":\"Person\",\"@id\":\"https:\/\/www.notibras.com\/site\/#\/schema\/person\/36ab0979449956132d3e5b517ea76ac8\",\"name\":\"Reda\u00e7\u00e3o\",\"image\":{\"@type\":\"ImageObject\",\"inLanguage\":\"pt-BR\",\"@id\":\"https:\/\/secure.gravatar.com\/avatar\/e0a867bdedb85fd243eadf09663511f96fc81e0720a4a42581f334ad4303aa6b?s=96&d=mm&r=g\",\"url\":\"https:\/\/secure.gravatar.com\/avatar\/e0a867bdedb85fd243eadf09663511f96fc81e0720a4a42581f334ad4303aa6b?s=96&d=mm&r=g\",\"contentUrl\":\"https:\/\/secure.gravatar.com\/avatar\/e0a867bdedb85fd243eadf09663511f96fc81e0720a4a42581f334ad4303aa6b?s=96&d=mm&r=g\",\"caption\":\"Reda\u00e7\u00e3o\"}}]}<\/script>\n<!-- \/ Yoast SEO plugin. -->","yoast_head_json":{"title":"TCDF investiga favorecimento em processos seletivos - Notibras","robots":{"index":"index","follow":"follow","max-snippet":"max-snippet:-1","max-image-preview":"max-image-preview:large","max-video-preview":"max-video-preview:-1"},"canonical":"https:\/\/www.notibras.com\/site\/tcdf-investiga-favorecimento-em-processos-seletivos\/","og_locale":"pt_BR","og_type":"article","og_title":"TCDF investiga favorecimento em processos seletivos - Notibras","og_description":"O Tribunal de Contas deu um prazo de cinco dias \u00fateis para que o Instituto de Gest\u00e3o Estrat\u00e9gica de Sa\u00fade do Distrito Federal (Iges-DF) apresente esclarecimentos sobre den\u00fancias de suposto direcionamento de vagas em processos seletivos para contrata\u00e7\u00e3o de pessoal, al\u00e9m de poss\u00edvel favorecimento de candidatos que trabalham ou j\u00e1 haviam trabalhado no Iges. Segundo [&hellip;]","og_url":"https:\/\/www.notibras.com\/site\/tcdf-investiga-favorecimento-em-processos-seletivos\/","og_site_name":"Notibras","article_publisher":"https:\/\/www.facebook.com\/notibras\/","article_published_time":"2024-02-02T09:58:05+00:00","article_modified_time":"2024-02-02T11:00:19+00:00","og_image":[{"width":1170,"height":700,"url":"https:\/\/www.notibras.com\/site\/wp-content\/uploads\/2024\/01\/medicosnorte.ne_.webp","type":"image\/webp"}],"author":"Reda\u00e7\u00e3o","twitter_card":"summary_large_image","twitter_creator":"@Notibras","twitter_site":"@Notibras","twitter_misc":{"Escrito por":"Reda\u00e7\u00e3o","Est. tempo de leitura":"3 minutos"},"schema":{"@context":"https:\/\/schema.org","@graph":[{"@type":"Article","@id":"https:\/\/www.notibras.com\/site\/tcdf-investiga-favorecimento-em-processos-seletivos\/#article","isPartOf":{"@id":"https:\/\/www.notibras.com\/site\/tcdf-investiga-favorecimento-em-processos-seletivos\/"},"author":{"name":"Reda\u00e7\u00e3o","@id":"https:\/\/www.notibras.com\/site\/#\/schema\/person\/36ab0979449956132d3e5b517ea76ac8"},"headline":"TCDF investiga favorecimento em processos seletivos","datePublished":"2024-02-02T09:58:05+00:00","dateModified":"2024-02-02T11:00:19+00:00","mainEntityOfPage":{"@id":"https:\/\/www.notibras.com\/site\/tcdf-investiga-favorecimento-em-processos-seletivos\/"},"wordCount":443,"publisher":{"@id":"https:\/\/www.notibras.com\/site\/#organization"},"image":{"@id":"https:\/\/www.notibras.com\/site\/tcdf-investiga-favorecimento-em-processos-seletivos\/#primaryimage"},"thumbnailUrl":"https:\/\/www.notibras.com\/site\/wp-content\/uploads\/2024\/01\/medicosnorte.ne_.webp","articleSection":["Quadradinho em Foco"],"inLanguage":"pt-BR"},{"@type":"WebPage","@id":"https:\/\/www.notibras.com\/site\/tcdf-investiga-favorecimento-em-processos-seletivos\/","url":"https:\/\/www.notibras.com\/site\/tcdf-investiga-favorecimento-em-processos-seletivos\/","name":"TCDF investiga favorecimento em processos seletivos - Notibras","isPartOf":{"@id":"https:\/\/www.notibras.com\/site\/#website"},"primaryImageOfPage":{"@id":"https:\/\/www.notibras.com\/site\/tcdf-investiga-favorecimento-em-processos-seletivos\/#primaryimage"},"image":{"@id":"https:\/\/www.notibras.com\/site\/tcdf-investiga-favorecimento-em-processos-seletivos\/#primaryimage"},"thumbnailUrl":"https:\/\/www.notibras.com\/site\/wp-content\/uploads\/2024\/01\/medicosnorte.ne_.webp","datePublished":"2024-02-02T09:58:05+00:00","dateModified":"2024-02-02T11:00:19+00:00","breadcrumb":{"@id":"https:\/\/www.notibras.com\/site\/tcdf-investiga-favorecimento-em-processos-seletivos\/#breadcrumb"},"inLanguage":"pt-BR","potentialAction":[{"@type":"ReadAction","target":["https:\/\/www.notibras.com\/site\/tcdf-investiga-favorecimento-em-processos-seletivos\/"]}]},{"@type":"ImageObject","inLanguage":"pt-BR","@id":"https:\/\/www.notibras.com\/site\/tcdf-investiga-favorecimento-em-processos-seletivos\/#primaryimage","url":"https:\/\/www.notibras.com\/site\/wp-content\/uploads\/2024\/01\/medicosnorte.ne_.webp","contentUrl":"https:\/\/www.notibras.com\/site\/wp-content\/uploads\/2024\/01\/medicosnorte.ne_.webp","width":1170,"height":700},{"@type":"BreadcrumbList","@id":"https:\/\/www.notibras.com\/site\/tcdf-investiga-favorecimento-em-processos-seletivos\/#breadcrumb","itemListElement":[{"@type":"ListItem","position":1,"name":"In\u00edcio","item":"https:\/\/www.notibras.com\/site\/"},{"@type":"ListItem","position":2,"name":"TCDF investiga favorecimento em processos seletivos"}]},{"@type":"WebSite","@id":"https:\/\/www.notibras.com\/site\/#website","url":"https:\/\/www.notibras.com\/site\/","name":"Notibras","description":"Not\u00edcias de Bras\u00edlia, do Brasil e do Mundo","publisher":{"@id":"https:\/\/www.notibras.com\/site\/#organization"},"potentialAction":[{"@type":"SearchAction","target":{"@type":"EntryPoint","urlTemplate":"https:\/\/www.notibras.com\/site\/?s={search_term_string}"},"query-input":{"@type":"PropertyValueSpecification","valueRequired":true,"valueName":"search_term_string"}}],"inLanguage":"pt-BR"},{"@type":"Organization","@id":"https:\/\/www.notibras.com\/site\/#organization","name":"Grupo Notibras de Comunica\u00e7\u00e3o","url":"https:\/\/www.notibras.com\/site\/","logo":{"@type":"ImageObject","inLanguage":"pt-BR","@id":"https:\/\/www.notibras.com\/site\/#\/schema\/logo\/image\/","url":"https:\/\/www.notibras.com\/site\/wp-content\/uploads\/2023\/01\/notibras23.png","contentUrl":"https:\/\/www.notibras.com\/site\/wp-content\/uploads\/2023\/01\/notibras23.png","width":350,"height":87,"caption":"Grupo Notibras de Comunica\u00e7\u00e3o"},"image":{"@id":"https:\/\/www.notibras.com\/site\/#\/schema\/logo\/image\/"},"sameAs":["https:\/\/www.facebook.com\/notibras\/","https:\/\/x.com\/Notibras","https:\/\/www.instagram.com\/notibras\/"]},{"@type":"Person","@id":"https:\/\/www.notibras.com\/site\/#\/schema\/person\/36ab0979449956132d3e5b517ea76ac8","name":"Reda\u00e7\u00e3o","image":{"@type":"ImageObject","inLanguage":"pt-BR","@id":"https:\/\/secure.gravatar.com\/avatar\/e0a867bdedb85fd243eadf09663511f96fc81e0720a4a42581f334ad4303aa6b?s=96&d=mm&r=g","url":"https:\/\/secure.gravatar.com\/avatar\/e0a867bdedb85fd243eadf09663511f96fc81e0720a4a42581f334ad4303aa6b?s=96&d=mm&r=g","contentUrl":"https:\/\/secure.gravatar.com\/avatar\/e0a867bdedb85fd243eadf09663511f96fc81e0720a4a42581f334ad4303aa6b?s=96&d=mm&r=g","caption":"Reda\u00e7\u00e3o"}}]}},"amp_enabled":true,"_links":{"self":[{"href":"https:\/\/www.notibras.com\/site\/wp-json\/wp\/v2\/posts\/321597","targetHints":{"allow":["GET"]}}],"collection":[{"href":"https:\/\/www.notibras.com\/site\/wp-json\/wp\/v2\/posts"}],"about":[{"href":"https:\/\/www.notibras.com\/site\/wp-json\/wp\/v2\/types\/post"}],"author":[{"embeddable":true,"href":"https:\/\/www.notibras.com\/site\/wp-json\/wp\/v2\/users\/2"}],"replies":[{"embeddable":true,"href":"https:\/\/www.notibras.com\/site\/wp-json\/wp\/v2\/comments?post=321597"}],"version-history":[{"count":1,"href":"https:\/\/www.notibras.com\/site\/wp-json\/wp\/v2\/posts\/321597\/revisions"}],"predecessor-version":[{"id":321598,"href":"https:\/\/www.notibras.com\/site\/wp-json\/wp\/v2\/posts\/321597\/revisions\/321598"}],"wp:featuredmedia":[{"embeddable":true,"href":"https:\/\/www.notibras.com\/site\/wp-json\/wp\/v2\/media\/320169"}],"wp:attachment":[{"href":"https:\/\/www.notibras.com\/site\/wp-json\/wp\/v2\/media?parent=321597"}],"wp:term":[{"taxonomy":"category","embeddable":true,"href":"https:\/\/www.notibras.com\/site\/wp-json\/wp\/v2\/categories?post=321597"},{"taxonomy":"post_tag","embeddable":true,"href":"https:\/\/www.notibras.com\/site\/wp-json\/wp\/v2\/tags?post=321597"}],"curies":[{"name":"wp","href":"https:\/\/api.w.org\/{rel}","templated":true}]}}