{"id":321599,"date":"2024-02-02T07:03:37","date_gmt":"2024-02-02T10:03:37","guid":{"rendered":"https:\/\/www.notibras.com\/site\/?p=321599"},"modified":"2024-02-02T08:05:23","modified_gmt":"2024-02-02T11:05:23","slug":"matricula-de-selecionados-comeca-nesta-sexta-feira","status":"publish","type":"post","link":"https:\/\/www.notibras.com\/site\/matricula-de-selecionados-comeca-nesta-sexta-feira\/","title":{"rendered":"Matr\u00edcula de selecionados come\u00e7a nesta sexta-feira"},"content":{"rendered":"<p>Come\u00e7a nesta sexta-feira (2) o prazo de matr\u00edcula dos selecionados na primeira chamada do processo seletivo de 2024 do Sistema de Sele\u00e7\u00e3o Unificada (Sisu). O resultado foi publicado definitivamente na quarta-feira (31) ap\u00f3s atrasos decorrentes de problemas t\u00e9cnicos.<\/p>\n<p>A matr\u00edcula ou o registro acad\u00eamico devem ser feitos at\u00e9 o dia 7 de fevereiro na institui\u00e7\u00e3o em que os selecionados foram admitidos.<\/p>\n<p>O Minist\u00e9rio da Educa\u00e7\u00e3o (MEC) alerta que cabe ao candidato \u201cobservar as condi\u00e7\u00f5es, os procedimentos e os documentos para a matr\u00edcula, bem como se atentar para os dias, hor\u00e1rios e locais de atendimento definidos por cada institui\u00e7\u00e3o, em edital pr\u00f3prio.\u201d<\/p>\n<p>O Sisu 2024 teve \u00fanica etapa de inscri\u00e7\u00e3o para todo ano e ofertou 264.181 vagas, em 6.827 cursos de gradua\u00e7\u00e3o, de 127 institui\u00e7\u00f5es p\u00fablicas de ensino superior de todo o Brasil. A sele\u00e7\u00e3o do candidato assegura apenas a expectativa de direito a vaga para a qual se inscreveu, explica o MEC. Al\u00e9m disso, a matr\u00edcula ou seu registro acad\u00eamico est\u00e3o condicionados a comprova\u00e7\u00e3o, junto a institui\u00e7\u00e3o para a qual foi selecionado.<\/p>\n<p>A universidade ou faculdade deve oferecer acesso gratuito \u00e0 internet para a inscri\u00e7\u00e3o, nos dias e hor\u00e1rios de funcionamento regular da institui\u00e7\u00e3o, n\u00e3o podendo ser cobradas quaisquer taxas relativas ao processo seletivo.<\/p>\n<p><strong>Lista de espera<\/strong><br \/>\nQuem n\u00e3o for selecionado nesta etapa, pode manifestar interesse pela lista de espera por vagas vindas da desist\u00eancia dos selecionados na primeira chamada, at\u00e9 o dia 7 de fevereiro.<\/p>\n<p>A participa\u00e7\u00e3o na lista de espera deve ser feita por meio da p\u00e1gina do Sisu no portal Acesso \u00danico.<\/p>\n<p>\u201cA lista de espera poder\u00e1 ser utilizada durante todo o ano de 2024 pelas institui\u00e7\u00f5es p\u00fablicas de educa\u00e7\u00e3o superior participantes, para preenchimento das vagas eventualmente n\u00e3o ocupadas na chamada regular\u201d, detalha o minist\u00e9rio.<\/p>\n<p>De acordo com o cronograma do Sisu 2024, a convoca\u00e7\u00e3o dos candidatos em lista de espera pelas institui\u00e7\u00f5es de ensino superior ocorrer\u00e1 em 16 de fevereiro.<\/p>\n<p><strong>Sisu<\/strong><br \/>\nDesde 2010, o sistema informatizado gerenciado pelo MEC re\u00fane as vagas de gradua\u00e7\u00e3o ofertadas por institui\u00e7\u00f5es p\u00fablicas de ensino superior de todo o Brasil que participam do processo seletivo vigente, sendo a maioria delas oferecida por institui\u00e7\u00f5es federais (universidades e institutos).<\/p>\n","protected":false},"excerpt":{"rendered":"<p>Come\u00e7a nesta sexta-feira (2) o prazo de matr\u00edcula dos selecionados na primeira chamada do processo seletivo de 2024 do Sistema de Sele\u00e7\u00e3o Unificada (Sisu). O resultado foi publicado definitivamente na quarta-feira (31) ap\u00f3s atrasos decorrentes de problemas t\u00e9cnicos. A matr\u00edcula ou o registro acad\u00eamico devem ser feitos at\u00e9 o dia 7 de fevereiro na institui\u00e7\u00e3o [&hellip;]<\/p>\n","protected":false},"author":2,"featured_media":321600,"comment_status":"closed","ping_status":"closed","sticky":false,"template":"","format":"standard","meta":{"_acf_changed":false,"footnotes":""},"categories":[161],"tags":[],"class_list":["post-321599","post","type-post","status-publish","format-standard","has-post-thumbnail","hentry","category-quadradinho-em-foco"],"acf":[],"yoast_head":"<!-- This site is optimized with the Yoast SEO plugin v27.2 - https:\/\/yoast.com\/product\/yoast-seo-wordpress\/ -->\n<title>Matr\u00edcula de selecionados come\u00e7a nesta sexta-feira - Notibras<\/title>\n<meta name=\"robots\" content=\"index, follow, max-snippet:-1, max-image-preview:large, max-video-preview:-1\" \/>\n<link rel=\"canonical\" href=\"https:\/\/www.notibras.com\/site\/matricula-de-selecionados-comeca-nesta-sexta-feira\/\" \/>\n<meta property=\"og:locale\" content=\"pt_BR\" \/>\n<meta property=\"og:type\" content=\"article\" \/>\n<meta property=\"og:title\" content=\"Matr\u00edcula de selecionados come\u00e7a nesta sexta-feira - Notibras\" \/>\n<meta property=\"og:description\" content=\"Come\u00e7a nesta sexta-feira (2) o prazo de matr\u00edcula dos selecionados na primeira chamada do processo seletivo de 2024 do Sistema de Sele\u00e7\u00e3o Unificada (Sisu). O resultado foi publicado definitivamente na quarta-feira (31) ap\u00f3s atrasos decorrentes de problemas t\u00e9cnicos. A matr\u00edcula ou o registro acad\u00eamico devem ser feitos at\u00e9 o dia 7 de fevereiro na institui\u00e7\u00e3o [&hellip;]\" \/>\n<meta property=\"og:url\" content=\"https:\/\/www.notibras.com\/site\/matricula-de-selecionados-comeca-nesta-sexta-feira\/\" \/>\n<meta property=\"og:site_name\" content=\"Notibras\" \/>\n<meta property=\"article:publisher\" content=\"https:\/\/www.facebook.com\/notibras\/\" \/>\n<meta property=\"article:published_time\" content=\"2024-02-02T10:03:37+00:00\" \/>\n<meta property=\"article:modified_time\" content=\"2024-02-02T11:05:23+00:00\" \/>\n<meta property=\"og:image\" content=\"https:\/\/www.notibras.com\/site\/wp-content\/uploads\/2024\/02\/estudante_confere_lista_do_enem_-_foto_valter_campanato-arquivo_agencia_brasil_0.jpg\" \/>\n\t<meta property=\"og:image:width\" content=\"1170\" \/>\n\t<meta property=\"og:image:height\" content=\"700\" \/>\n\t<meta property=\"og:image:type\" content=\"image\/jpeg\" \/>\n<meta name=\"author\" content=\"Reda\u00e7\u00e3o\" \/>\n<meta name=\"twitter:card\" content=\"summary_large_image\" \/>\n<meta name=\"twitter:creator\" content=\"@Notibras\" \/>\n<meta name=\"twitter:site\" content=\"@Notibras\" \/>\n<meta name=\"twitter:label1\" content=\"Escrito por\" \/>\n\t<meta name=\"twitter:data1\" content=\"Reda\u00e7\u00e3o\" \/>\n\t<meta name=\"twitter:label2\" content=\"Est. tempo de leitura\" \/>\n\t<meta name=\"twitter:data2\" content=\"2 minutos\" \/>\n<script type=\"application\/ld+json\" class=\"yoast-schema-graph\">{\"@context\":\"https:\/\/schema.org\",\"@graph\":[{\"@type\":\"Article\",\"@id\":\"https:\/\/www.notibras.com\/site\/matricula-de-selecionados-comeca-nesta-sexta-feira\/#article\",\"isPartOf\":{\"@id\":\"https:\/\/www.notibras.com\/site\/matricula-de-selecionados-comeca-nesta-sexta-feira\/\"},\"author\":{\"name\":\"Reda\u00e7\u00e3o\",\"@id\":\"https:\/\/www.notibras.com\/site\/#\/schema\/person\/36ab0979449956132d3e5b517ea76ac8\"},\"headline\":\"Matr\u00edcula de selecionados come\u00e7a nesta sexta-feira\",\"datePublished\":\"2024-02-02T10:03:37+00:00\",\"dateModified\":\"2024-02-02T11:05:23+00:00\",\"mainEntityOfPage\":{\"@id\":\"https:\/\/www.notibras.com\/site\/matricula-de-selecionados-comeca-nesta-sexta-feira\/\"},\"wordCount\":396,\"publisher\":{\"@id\":\"https:\/\/www.notibras.com\/site\/#organization\"},\"image\":{\"@id\":\"https:\/\/www.notibras.com\/site\/matricula-de-selecionados-comeca-nesta-sexta-feira\/#primaryimage\"},\"thumbnailUrl\":\"https:\/\/www.notibras.com\/site\/wp-content\/uploads\/2024\/02\/estudante_confere_lista_do_enem_-_foto_valter_campanato-arquivo_agencia_brasil_0.jpg\",\"articleSection\":[\"Quadradinho em Foco\"],\"inLanguage\":\"pt-BR\"},{\"@type\":\"WebPage\",\"@id\":\"https:\/\/www.notibras.com\/site\/matricula-de-selecionados-comeca-nesta-sexta-feira\/\",\"url\":\"https:\/\/www.notibras.com\/site\/matricula-de-selecionados-comeca-nesta-sexta-feira\/\",\"name\":\"Matr\u00edcula de selecionados come\u00e7a nesta sexta-feira - Notibras\",\"isPartOf\":{\"@id\":\"https:\/\/www.notibras.com\/site\/#website\"},\"primaryImageOfPage\":{\"@id\":\"https:\/\/www.notibras.com\/site\/matricula-de-selecionados-comeca-nesta-sexta-feira\/#primaryimage\"},\"image\":{\"@id\":\"https:\/\/www.notibras.com\/site\/matricula-de-selecionados-comeca-nesta-sexta-feira\/#primaryimage\"},\"thumbnailUrl\":\"https:\/\/www.notibras.com\/site\/wp-content\/uploads\/2024\/02\/estudante_confere_lista_do_enem_-_foto_valter_campanato-arquivo_agencia_brasil_0.jpg\",\"datePublished\":\"2024-02-02T10:03:37+00:00\",\"dateModified\":\"2024-02-02T11:05:23+00:00\",\"breadcrumb\":{\"@id\":\"https:\/\/www.notibras.com\/site\/matricula-de-selecionados-comeca-nesta-sexta-feira\/#breadcrumb\"},\"inLanguage\":\"pt-BR\",\"potentialAction\":[{\"@type\":\"ReadAction\",\"target\":[\"https:\/\/www.notibras.com\/site\/matricula-de-selecionados-comeca-nesta-sexta-feira\/\"]}]},{\"@type\":\"ImageObject\",\"inLanguage\":\"pt-BR\",\"@id\":\"https:\/\/www.notibras.com\/site\/matricula-de-selecionados-comeca-nesta-sexta-feira\/#primaryimage\",\"url\":\"https:\/\/www.notibras.com\/site\/wp-content\/uploads\/2024\/02\/estudante_confere_lista_do_enem_-_foto_valter_campanato-arquivo_agencia_brasil_0.jpg\",\"contentUrl\":\"https:\/\/www.notibras.com\/site\/wp-content\/uploads\/2024\/02\/estudante_confere_lista_do_enem_-_foto_valter_campanato-arquivo_agencia_brasil_0.jpg\",\"width\":1170,\"height\":700},{\"@type\":\"BreadcrumbList\",\"@id\":\"https:\/\/www.notibras.com\/site\/matricula-de-selecionados-comeca-nesta-sexta-feira\/#breadcrumb\",\"itemListElement\":[{\"@type\":\"ListItem\",\"position\":1,\"name\":\"In\u00edcio\",\"item\":\"https:\/\/www.notibras.com\/site\/\"},{\"@type\":\"ListItem\",\"position\":2,\"name\":\"Matr\u00edcula de selecionados come\u00e7a nesta sexta-feira\"}]},{\"@type\":\"WebSite\",\"@id\":\"https:\/\/www.notibras.com\/site\/#website\",\"url\":\"https:\/\/www.notibras.com\/site\/\",\"name\":\"Notibras\",\"description\":\"Not\u00edcias de Bras\u00edlia, do Brasil e do Mundo\",\"publisher\":{\"@id\":\"https:\/\/www.notibras.com\/site\/#organization\"},\"potentialAction\":[{\"@type\":\"SearchAction\",\"target\":{\"@type\":\"EntryPoint\",\"urlTemplate\":\"https:\/\/www.notibras.com\/site\/?s={search_term_string}\"},\"query-input\":{\"@type\":\"PropertyValueSpecification\",\"valueRequired\":true,\"valueName\":\"search_term_string\"}}],\"inLanguage\":\"pt-BR\"},{\"@type\":\"Organization\",\"@id\":\"https:\/\/www.notibras.com\/site\/#organization\",\"name\":\"Grupo Notibras de Comunica\u00e7\u00e3o\",\"url\":\"https:\/\/www.notibras.com\/site\/\",\"logo\":{\"@type\":\"ImageObject\",\"inLanguage\":\"pt-BR\",\"@id\":\"https:\/\/www.notibras.com\/site\/#\/schema\/logo\/image\/\",\"url\":\"https:\/\/www.notibras.com\/site\/wp-content\/uploads\/2023\/01\/notibras23.png\",\"contentUrl\":\"https:\/\/www.notibras.com\/site\/wp-content\/uploads\/2023\/01\/notibras23.png\",\"width\":350,\"height\":87,\"caption\":\"Grupo Notibras de Comunica\u00e7\u00e3o\"},\"image\":{\"@id\":\"https:\/\/www.notibras.com\/site\/#\/schema\/logo\/image\/\"},\"sameAs\":[\"https:\/\/www.facebook.com\/notibras\/\",\"https:\/\/x.com\/Notibras\",\"https:\/\/www.instagram.com\/notibras\/\"]},{\"@type\":\"Person\",\"@id\":\"https:\/\/www.notibras.com\/site\/#\/schema\/person\/36ab0979449956132d3e5b517ea76ac8\",\"name\":\"Reda\u00e7\u00e3o\",\"image\":{\"@type\":\"ImageObject\",\"inLanguage\":\"pt-BR\",\"@id\":\"https:\/\/secure.gravatar.com\/avatar\/e0a867bdedb85fd243eadf09663511f96fc81e0720a4a42581f334ad4303aa6b?s=96&d=mm&r=g\",\"url\":\"https:\/\/secure.gravatar.com\/avatar\/e0a867bdedb85fd243eadf09663511f96fc81e0720a4a42581f334ad4303aa6b?s=96&d=mm&r=g\",\"contentUrl\":\"https:\/\/secure.gravatar.com\/avatar\/e0a867bdedb85fd243eadf09663511f96fc81e0720a4a42581f334ad4303aa6b?s=96&d=mm&r=g\",\"caption\":\"Reda\u00e7\u00e3o\"}}]}<\/script>\n<!-- \/ Yoast SEO plugin. -->","yoast_head_json":{"title":"Matr\u00edcula de selecionados come\u00e7a nesta sexta-feira - Notibras","robots":{"index":"index","follow":"follow","max-snippet":"max-snippet:-1","max-image-preview":"max-image-preview:large","max-video-preview":"max-video-preview:-1"},"canonical":"https:\/\/www.notibras.com\/site\/matricula-de-selecionados-comeca-nesta-sexta-feira\/","og_locale":"pt_BR","og_type":"article","og_title":"Matr\u00edcula de selecionados come\u00e7a nesta sexta-feira - Notibras","og_description":"Come\u00e7a nesta sexta-feira (2) o prazo de matr\u00edcula dos selecionados na primeira chamada do processo seletivo de 2024 do Sistema de Sele\u00e7\u00e3o Unificada (Sisu). O resultado foi publicado definitivamente na quarta-feira (31) ap\u00f3s atrasos decorrentes de problemas t\u00e9cnicos. A matr\u00edcula ou o registro acad\u00eamico devem ser feitos at\u00e9 o dia 7 de fevereiro na institui\u00e7\u00e3o [&hellip;]","og_url":"https:\/\/www.notibras.com\/site\/matricula-de-selecionados-comeca-nesta-sexta-feira\/","og_site_name":"Notibras","article_publisher":"https:\/\/www.facebook.com\/notibras\/","article_published_time":"2024-02-02T10:03:37+00:00","article_modified_time":"2024-02-02T11:05:23+00:00","og_image":[{"width":1170,"height":700,"url":"https:\/\/www.notibras.com\/site\/wp-content\/uploads\/2024\/02\/estudante_confere_lista_do_enem_-_foto_valter_campanato-arquivo_agencia_brasil_0.jpg","type":"image\/jpeg"}],"author":"Reda\u00e7\u00e3o","twitter_card":"summary_large_image","twitter_creator":"@Notibras","twitter_site":"@Notibras","twitter_misc":{"Escrito por":"Reda\u00e7\u00e3o","Est. tempo de leitura":"2 minutos"},"schema":{"@context":"https:\/\/schema.org","@graph":[{"@type":"Article","@id":"https:\/\/www.notibras.com\/site\/matricula-de-selecionados-comeca-nesta-sexta-feira\/#article","isPartOf":{"@id":"https:\/\/www.notibras.com\/site\/matricula-de-selecionados-comeca-nesta-sexta-feira\/"},"author":{"name":"Reda\u00e7\u00e3o","@id":"https:\/\/www.notibras.com\/site\/#\/schema\/person\/36ab0979449956132d3e5b517ea76ac8"},"headline":"Matr\u00edcula de selecionados come\u00e7a nesta sexta-feira","datePublished":"2024-02-02T10:03:37+00:00","dateModified":"2024-02-02T11:05:23+00:00","mainEntityOfPage":{"@id":"https:\/\/www.notibras.com\/site\/matricula-de-selecionados-comeca-nesta-sexta-feira\/"},"wordCount":396,"publisher":{"@id":"https:\/\/www.notibras.com\/site\/#organization"},"image":{"@id":"https:\/\/www.notibras.com\/site\/matricula-de-selecionados-comeca-nesta-sexta-feira\/#primaryimage"},"thumbnailUrl":"https:\/\/www.notibras.com\/site\/wp-content\/uploads\/2024\/02\/estudante_confere_lista_do_enem_-_foto_valter_campanato-arquivo_agencia_brasil_0.jpg","articleSection":["Quadradinho em Foco"],"inLanguage":"pt-BR"},{"@type":"WebPage","@id":"https:\/\/www.notibras.com\/site\/matricula-de-selecionados-comeca-nesta-sexta-feira\/","url":"https:\/\/www.notibras.com\/site\/matricula-de-selecionados-comeca-nesta-sexta-feira\/","name":"Matr\u00edcula de selecionados come\u00e7a nesta sexta-feira - Notibras","isPartOf":{"@id":"https:\/\/www.notibras.com\/site\/#website"},"primaryImageOfPage":{"@id":"https:\/\/www.notibras.com\/site\/matricula-de-selecionados-comeca-nesta-sexta-feira\/#primaryimage"},"image":{"@id":"https:\/\/www.notibras.com\/site\/matricula-de-selecionados-comeca-nesta-sexta-feira\/#primaryimage"},"thumbnailUrl":"https:\/\/www.notibras.com\/site\/wp-content\/uploads\/2024\/02\/estudante_confere_lista_do_enem_-_foto_valter_campanato-arquivo_agencia_brasil_0.jpg","datePublished":"2024-02-02T10:03:37+00:00","dateModified":"2024-02-02T11:05:23+00:00","breadcrumb":{"@id":"https:\/\/www.notibras.com\/site\/matricula-de-selecionados-comeca-nesta-sexta-feira\/#breadcrumb"},"inLanguage":"pt-BR","potentialAction":[{"@type":"ReadAction","target":["https:\/\/www.notibras.com\/site\/matricula-de-selecionados-comeca-nesta-sexta-feira\/"]}]},{"@type":"ImageObject","inLanguage":"pt-BR","@id":"https:\/\/www.notibras.com\/site\/matricula-de-selecionados-comeca-nesta-sexta-feira\/#primaryimage","url":"https:\/\/www.notibras.com\/site\/wp-content\/uploads\/2024\/02\/estudante_confere_lista_do_enem_-_foto_valter_campanato-arquivo_agencia_brasil_0.jpg","contentUrl":"https:\/\/www.notibras.com\/site\/wp-content\/uploads\/2024\/02\/estudante_confere_lista_do_enem_-_foto_valter_campanato-arquivo_agencia_brasil_0.jpg","width":1170,"height":700},{"@type":"BreadcrumbList","@id":"https:\/\/www.notibras.com\/site\/matricula-de-selecionados-comeca-nesta-sexta-feira\/#breadcrumb","itemListElement":[{"@type":"ListItem","position":1,"name":"In\u00edcio","item":"https:\/\/www.notibras.com\/site\/"},{"@type":"ListItem","position":2,"name":"Matr\u00edcula de selecionados come\u00e7a nesta sexta-feira"}]},{"@type":"WebSite","@id":"https:\/\/www.notibras.com\/site\/#website","url":"https:\/\/www.notibras.com\/site\/","name":"Notibras","description":"Not\u00edcias de Bras\u00edlia, do Brasil e do Mundo","publisher":{"@id":"https:\/\/www.notibras.com\/site\/#organization"},"potentialAction":[{"@type":"SearchAction","target":{"@type":"EntryPoint","urlTemplate":"https:\/\/www.notibras.com\/site\/?s={search_term_string}"},"query-input":{"@type":"PropertyValueSpecification","valueRequired":true,"valueName":"search_term_string"}}],"inLanguage":"pt-BR"},{"@type":"Organization","@id":"https:\/\/www.notibras.com\/site\/#organization","name":"Grupo Notibras de Comunica\u00e7\u00e3o","url":"https:\/\/www.notibras.com\/site\/","logo":{"@type":"ImageObject","inLanguage":"pt-BR","@id":"https:\/\/www.notibras.com\/site\/#\/schema\/logo\/image\/","url":"https:\/\/www.notibras.com\/site\/wp-content\/uploads\/2023\/01\/notibras23.png","contentUrl":"https:\/\/www.notibras.com\/site\/wp-content\/uploads\/2023\/01\/notibras23.png","width":350,"height":87,"caption":"Grupo Notibras de Comunica\u00e7\u00e3o"},"image":{"@id":"https:\/\/www.notibras.com\/site\/#\/schema\/logo\/image\/"},"sameAs":["https:\/\/www.facebook.com\/notibras\/","https:\/\/x.com\/Notibras","https:\/\/www.instagram.com\/notibras\/"]},{"@type":"Person","@id":"https:\/\/www.notibras.com\/site\/#\/schema\/person\/36ab0979449956132d3e5b517ea76ac8","name":"Reda\u00e7\u00e3o","image":{"@type":"ImageObject","inLanguage":"pt-BR","@id":"https:\/\/secure.gravatar.com\/avatar\/e0a867bdedb85fd243eadf09663511f96fc81e0720a4a42581f334ad4303aa6b?s=96&d=mm&r=g","url":"https:\/\/secure.gravatar.com\/avatar\/e0a867bdedb85fd243eadf09663511f96fc81e0720a4a42581f334ad4303aa6b?s=96&d=mm&r=g","contentUrl":"https:\/\/secure.gravatar.com\/avatar\/e0a867bdedb85fd243eadf09663511f96fc81e0720a4a42581f334ad4303aa6b?s=96&d=mm&r=g","caption":"Reda\u00e7\u00e3o"}}]}},"amp_enabled":true,"_links":{"self":[{"href":"https:\/\/www.notibras.com\/site\/wp-json\/wp\/v2\/posts\/321599","targetHints":{"allow":["GET"]}}],"collection":[{"href":"https:\/\/www.notibras.com\/site\/wp-json\/wp\/v2\/posts"}],"about":[{"href":"https:\/\/www.notibras.com\/site\/wp-json\/wp\/v2\/types\/post"}],"author":[{"embeddable":true,"href":"https:\/\/www.notibras.com\/site\/wp-json\/wp\/v2\/users\/2"}],"replies":[{"embeddable":true,"href":"https:\/\/www.notibras.com\/site\/wp-json\/wp\/v2\/comments?post=321599"}],"version-history":[{"count":1,"href":"https:\/\/www.notibras.com\/site\/wp-json\/wp\/v2\/posts\/321599\/revisions"}],"predecessor-version":[{"id":321601,"href":"https:\/\/www.notibras.com\/site\/wp-json\/wp\/v2\/posts\/321599\/revisions\/321601"}],"wp:featuredmedia":[{"embeddable":true,"href":"https:\/\/www.notibras.com\/site\/wp-json\/wp\/v2\/media\/321600"}],"wp:attachment":[{"href":"https:\/\/www.notibras.com\/site\/wp-json\/wp\/v2\/media?parent=321599"}],"wp:term":[{"taxonomy":"category","embeddable":true,"href":"https:\/\/www.notibras.com\/site\/wp-json\/wp\/v2\/categories?post=321599"},{"taxonomy":"post_tag","embeddable":true,"href":"https:\/\/www.notibras.com\/site\/wp-json\/wp\/v2\/tags?post=321599"}],"curies":[{"name":"wp","href":"https:\/\/api.w.org\/{rel}","templated":true}]}}