{"id":321603,"date":"2024-02-02T00:10:17","date_gmt":"2024-02-02T03:10:17","guid":{"rendered":"https:\/\/www.notibras.com\/site\/?p=321603"},"modified":"2024-02-02T08:12:14","modified_gmt":"2024-02-02T11:12:14","slug":"hospital-de-campanha-vai-socorrer-pacientes-com-dengue","status":"publish","type":"post","link":"https:\/\/www.notibras.com\/site\/hospital-de-campanha-vai-socorrer-pacientes-com-dengue\/","title":{"rendered":"Hospital de campanha vai socorrer pacientes com dengue"},"content":{"rendered":"<p>O governo do Distrito Federal vai instalar um hospital de campanha em uma tentativa de ampliar o atendimento a casos suspeitos e confirmados de dengue. A proposta \u00e9 fortalecer a rede de sa\u00fade p\u00fablica com cadeiras de hidrata\u00e7\u00e3o e leitos de interna\u00e7\u00e3o.<\/p>\n<p>Atualmente, o DF conta com 176 unidades b\u00e1sicas de sa\u00fade, nove tendas e duas carretas atuando como porta de entrada de pacientes com sinais como febre, mal-estar e dores no corpo.<\/p>\n<p>A previs\u00e3o \u00e9 que o hospital de campanha seja montado nos pr\u00f3ximos dias e conte com efetivo, equipamentos e insumos da Aeron\u00e1utica. O local ainda ser\u00e1 definido pelo governador do DF, Ibaneis Rocha, levando em considera\u00e7\u00e3o dados epidemiol\u00f3gicos.<\/p>\n<p>Com funcionamento 24 horas, o espa\u00e7o deve contar com mais de 60 leitos dentro de um m\u00f3dulo grande e \u00fanico, al\u00e9m de acoplados e tendas, a depender da necessidade.<\/p>\n<p>O Minist\u00e9rio da Defesa j\u00e1 havia cedido 247 militares para atuar no combate \u00e0 dengue no DF. Os militares trabalham vistoriando casas, como motoristas de fumac\u00ea e em ambul\u00e2ncias.<\/p>\n<p>Parceria com universidades<br \/>\nO GDF tamb\u00e9m anunciou parceria com duas escolas de medicina para refor\u00e7ar o atendimento a pacientes com sintomas de dengue. A Funda\u00e7\u00e3o de Ensino e Pesquisa em Ci\u00eancias da Sa\u00fade (Fepecs), vinculada \u00e0 Universidade do Distrito Federal (UnDF), e o Centro Universit\u00e1rio de Bras\u00edlia (Ceub) v\u00e3o ceder estudantes dos \u00faltimos anos do curso para prestar atendimento nas tendas.<\/p>\n<p><strong>Fumac\u00ea<\/strong><br \/>\nA Secretaria de Sa\u00fade do Distrito Federal publicou nesta semana edital para contrata\u00e7\u00e3o de empresa especializada na aplica\u00e7\u00e3o de inseticida para o combate ao mosquito causador da dengue \u2013 Aedes aegypti. O sistema \u00e9 conhecido popularmente como fumac\u00ea. O edital foi publicado em edi\u00e7\u00e3o extra do Di\u00e1rio Oficial do Distrito Federal.<\/p>\n<p>O contrato \u2013 em formato emergencial \u2013 prev\u00ea o servi\u00e7o de pulveriza\u00e7\u00e3o de adulticidas para aplica\u00e7\u00e3o de ultrabaixo volume (UBV) acoplado em ve\u00edculo do tipo pick-up. \u201cA empresa dever\u00e1 fornecer todo o equipamento e tamb\u00e9m motorista e operador habilitados ao manuseio. Os demais custos operacionais tamb\u00e9m ser\u00e3o de responsabilidade da empresa contratada\u201d, informou a secretaria.<\/p>\n<p><strong>Emerg\u00eancia<\/strong><br \/>\nO GDF declarou situa\u00e7\u00e3o de emerg\u00eancia no \u00e2mbito da sa\u00fade p\u00fablica na semana passada em meio a uma explos\u00e3o de casos de dengue. O decreto cita n\u00e3o apenas a expans\u00e3o da dengue, mas risco de epidemia pelas demais doen\u00e7as transmitidas pelo Aedes aegypti, como zika e Chikungunya.<\/p>\n<p>O texto autoriza o governador Ibaneis Rocha a tomar medidas administrativas para conter a doen\u00e7a, incluindo a aquisi\u00e7\u00e3o de insumos e materiais e a contrata\u00e7\u00e3o de servi\u00e7os necess\u00e1rios ao atendimento da situa\u00e7\u00e3o emergencial. O decreto vai perdurar enquanto a situa\u00e7\u00e3o sanit\u00e1ria causada por arboviroses no Distrito Federal n\u00e3o for estabilizada.<\/p>\n","protected":false},"excerpt":{"rendered":"<p>O governo do Distrito Federal vai instalar um hospital de campanha em uma tentativa de ampliar o atendimento a casos suspeitos e confirmados de dengue. A proposta \u00e9 fortalecer a rede de sa\u00fade p\u00fablica com cadeiras de hidrata\u00e7\u00e3o e leitos de interna\u00e7\u00e3o. Atualmente, o DF conta com 176 unidades b\u00e1sicas de sa\u00fade, nove tendas e [&hellip;]<\/p>\n","protected":false},"author":2,"featured_media":321604,"comment_status":"closed","ping_status":"closed","sticky":false,"template":"","format":"standard","meta":{"_acf_changed":false,"footnotes":""},"categories":[161],"tags":[],"class_list":["post-321603","post","type-post","status-publish","format-standard","has-post-thumbnail","hentry","category-quadradinho-em-foco"],"acf":[],"yoast_head":"<!-- This site is optimized with the Yoast SEO plugin v27.2 - https:\/\/yoast.com\/product\/yoast-seo-wordpress\/ -->\n<title>Hospital de campanha vai socorrer pacientes com dengue - Notibras<\/title>\n<meta name=\"robots\" content=\"index, follow, max-snippet:-1, max-image-preview:large, max-video-preview:-1\" \/>\n<link rel=\"canonical\" href=\"https:\/\/www.notibras.com\/site\/hospital-de-campanha-vai-socorrer-pacientes-com-dengue\/\" \/>\n<meta property=\"og:locale\" content=\"pt_BR\" \/>\n<meta property=\"og:type\" content=\"article\" \/>\n<meta property=\"og:title\" content=\"Hospital de campanha vai socorrer pacientes com dengue - Notibras\" \/>\n<meta property=\"og:description\" content=\"O governo do Distrito Federal vai instalar um hospital de campanha em uma tentativa de ampliar o atendimento a casos suspeitos e confirmados de dengue. A proposta \u00e9 fortalecer a rede de sa\u00fade p\u00fablica com cadeiras de hidrata\u00e7\u00e3o e leitos de interna\u00e7\u00e3o. Atualmente, o DF conta com 176 unidades b\u00e1sicas de sa\u00fade, nove tendas e [&hellip;]\" \/>\n<meta property=\"og:url\" content=\"https:\/\/www.notibras.com\/site\/hospital-de-campanha-vai-socorrer-pacientes-com-dengue\/\" \/>\n<meta property=\"og:site_name\" content=\"Notibras\" \/>\n<meta property=\"article:publisher\" content=\"https:\/\/www.facebook.com\/notibras\/\" \/>\n<meta property=\"article:published_time\" content=\"2024-02-02T03:10:17+00:00\" \/>\n<meta property=\"article:modified_time\" content=\"2024-02-02T11:12:14+00:00\" \/>\n<meta property=\"og:image\" content=\"https:\/\/www.notibras.com\/site\/wp-content\/uploads\/2024\/02\/dengue.hosp_.cam_.webp\" \/>\n\t<meta property=\"og:image:width\" content=\"1170\" \/>\n\t<meta property=\"og:image:height\" content=\"700\" \/>\n\t<meta property=\"og:image:type\" content=\"image\/webp\" \/>\n<meta name=\"author\" content=\"Reda\u00e7\u00e3o\" \/>\n<meta name=\"twitter:card\" content=\"summary_large_image\" \/>\n<meta name=\"twitter:creator\" content=\"@Notibras\" \/>\n<meta name=\"twitter:site\" content=\"@Notibras\" \/>\n<meta name=\"twitter:label1\" content=\"Escrito por\" \/>\n\t<meta name=\"twitter:data1\" content=\"Reda\u00e7\u00e3o\" \/>\n\t<meta name=\"twitter:label2\" content=\"Est. tempo de leitura\" \/>\n\t<meta name=\"twitter:data2\" content=\"3 minutos\" \/>\n<script type=\"application\/ld+json\" class=\"yoast-schema-graph\">{\"@context\":\"https:\/\/schema.org\",\"@graph\":[{\"@type\":\"Article\",\"@id\":\"https:\/\/www.notibras.com\/site\/hospital-de-campanha-vai-socorrer-pacientes-com-dengue\/#article\",\"isPartOf\":{\"@id\":\"https:\/\/www.notibras.com\/site\/hospital-de-campanha-vai-socorrer-pacientes-com-dengue\/\"},\"author\":{\"name\":\"Reda\u00e7\u00e3o\",\"@id\":\"https:\/\/www.notibras.com\/site\/#\/schema\/person\/36ab0979449956132d3e5b517ea76ac8\"},\"headline\":\"Hospital de campanha vai socorrer pacientes com dengue\",\"datePublished\":\"2024-02-02T03:10:17+00:00\",\"dateModified\":\"2024-02-02T11:12:14+00:00\",\"mainEntityOfPage\":{\"@id\":\"https:\/\/www.notibras.com\/site\/hospital-de-campanha-vai-socorrer-pacientes-com-dengue\/\"},\"wordCount\":485,\"publisher\":{\"@id\":\"https:\/\/www.notibras.com\/site\/#organization\"},\"image\":{\"@id\":\"https:\/\/www.notibras.com\/site\/hospital-de-campanha-vai-socorrer-pacientes-com-dengue\/#primaryimage\"},\"thumbnailUrl\":\"https:\/\/www.notibras.com\/site\/wp-content\/uploads\/2024\/02\/dengue.hosp_.cam_.webp\",\"articleSection\":[\"Quadradinho em Foco\"],\"inLanguage\":\"pt-BR\"},{\"@type\":\"WebPage\",\"@id\":\"https:\/\/www.notibras.com\/site\/hospital-de-campanha-vai-socorrer-pacientes-com-dengue\/\",\"url\":\"https:\/\/www.notibras.com\/site\/hospital-de-campanha-vai-socorrer-pacientes-com-dengue\/\",\"name\":\"Hospital de campanha vai socorrer pacientes com dengue - Notibras\",\"isPartOf\":{\"@id\":\"https:\/\/www.notibras.com\/site\/#website\"},\"primaryImageOfPage\":{\"@id\":\"https:\/\/www.notibras.com\/site\/hospital-de-campanha-vai-socorrer-pacientes-com-dengue\/#primaryimage\"},\"image\":{\"@id\":\"https:\/\/www.notibras.com\/site\/hospital-de-campanha-vai-socorrer-pacientes-com-dengue\/#primaryimage\"},\"thumbnailUrl\":\"https:\/\/www.notibras.com\/site\/wp-content\/uploads\/2024\/02\/dengue.hosp_.cam_.webp\",\"datePublished\":\"2024-02-02T03:10:17+00:00\",\"dateModified\":\"2024-02-02T11:12:14+00:00\",\"breadcrumb\":{\"@id\":\"https:\/\/www.notibras.com\/site\/hospital-de-campanha-vai-socorrer-pacientes-com-dengue\/#breadcrumb\"},\"inLanguage\":\"pt-BR\",\"potentialAction\":[{\"@type\":\"ReadAction\",\"target\":[\"https:\/\/www.notibras.com\/site\/hospital-de-campanha-vai-socorrer-pacientes-com-dengue\/\"]}]},{\"@type\":\"ImageObject\",\"inLanguage\":\"pt-BR\",\"@id\":\"https:\/\/www.notibras.com\/site\/hospital-de-campanha-vai-socorrer-pacientes-com-dengue\/#primaryimage\",\"url\":\"https:\/\/www.notibras.com\/site\/wp-content\/uploads\/2024\/02\/dengue.hosp_.cam_.webp\",\"contentUrl\":\"https:\/\/www.notibras.com\/site\/wp-content\/uploads\/2024\/02\/dengue.hosp_.cam_.webp\",\"width\":1170,\"height\":700},{\"@type\":\"BreadcrumbList\",\"@id\":\"https:\/\/www.notibras.com\/site\/hospital-de-campanha-vai-socorrer-pacientes-com-dengue\/#breadcrumb\",\"itemListElement\":[{\"@type\":\"ListItem\",\"position\":1,\"name\":\"In\u00edcio\",\"item\":\"https:\/\/www.notibras.com\/site\/\"},{\"@type\":\"ListItem\",\"position\":2,\"name\":\"Hospital de campanha vai socorrer pacientes com dengue\"}]},{\"@type\":\"WebSite\",\"@id\":\"https:\/\/www.notibras.com\/site\/#website\",\"url\":\"https:\/\/www.notibras.com\/site\/\",\"name\":\"Notibras\",\"description\":\"Not\u00edcias de Bras\u00edlia, do Brasil e do Mundo\",\"publisher\":{\"@id\":\"https:\/\/www.notibras.com\/site\/#organization\"},\"potentialAction\":[{\"@type\":\"SearchAction\",\"target\":{\"@type\":\"EntryPoint\",\"urlTemplate\":\"https:\/\/www.notibras.com\/site\/?s={search_term_string}\"},\"query-input\":{\"@type\":\"PropertyValueSpecification\",\"valueRequired\":true,\"valueName\":\"search_term_string\"}}],\"inLanguage\":\"pt-BR\"},{\"@type\":\"Organization\",\"@id\":\"https:\/\/www.notibras.com\/site\/#organization\",\"name\":\"Grupo Notibras de Comunica\u00e7\u00e3o\",\"url\":\"https:\/\/www.notibras.com\/site\/\",\"logo\":{\"@type\":\"ImageObject\",\"inLanguage\":\"pt-BR\",\"@id\":\"https:\/\/www.notibras.com\/site\/#\/schema\/logo\/image\/\",\"url\":\"https:\/\/www.notibras.com\/site\/wp-content\/uploads\/2023\/01\/notibras23.png\",\"contentUrl\":\"https:\/\/www.notibras.com\/site\/wp-content\/uploads\/2023\/01\/notibras23.png\",\"width\":350,\"height\":87,\"caption\":\"Grupo Notibras de Comunica\u00e7\u00e3o\"},\"image\":{\"@id\":\"https:\/\/www.notibras.com\/site\/#\/schema\/logo\/image\/\"},\"sameAs\":[\"https:\/\/www.facebook.com\/notibras\/\",\"https:\/\/x.com\/Notibras\",\"https:\/\/www.instagram.com\/notibras\/\"]},{\"@type\":\"Person\",\"@id\":\"https:\/\/www.notibras.com\/site\/#\/schema\/person\/36ab0979449956132d3e5b517ea76ac8\",\"name\":\"Reda\u00e7\u00e3o\",\"image\":{\"@type\":\"ImageObject\",\"inLanguage\":\"pt-BR\",\"@id\":\"https:\/\/secure.gravatar.com\/avatar\/e0a867bdedb85fd243eadf09663511f96fc81e0720a4a42581f334ad4303aa6b?s=96&d=mm&r=g\",\"url\":\"https:\/\/secure.gravatar.com\/avatar\/e0a867bdedb85fd243eadf09663511f96fc81e0720a4a42581f334ad4303aa6b?s=96&d=mm&r=g\",\"contentUrl\":\"https:\/\/secure.gravatar.com\/avatar\/e0a867bdedb85fd243eadf09663511f96fc81e0720a4a42581f334ad4303aa6b?s=96&d=mm&r=g\",\"caption\":\"Reda\u00e7\u00e3o\"}}]}<\/script>\n<!-- \/ Yoast SEO plugin. -->","yoast_head_json":{"title":"Hospital de campanha vai socorrer pacientes com dengue - Notibras","robots":{"index":"index","follow":"follow","max-snippet":"max-snippet:-1","max-image-preview":"max-image-preview:large","max-video-preview":"max-video-preview:-1"},"canonical":"https:\/\/www.notibras.com\/site\/hospital-de-campanha-vai-socorrer-pacientes-com-dengue\/","og_locale":"pt_BR","og_type":"article","og_title":"Hospital de campanha vai socorrer pacientes com dengue - Notibras","og_description":"O governo do Distrito Federal vai instalar um hospital de campanha em uma tentativa de ampliar o atendimento a casos suspeitos e confirmados de dengue. A proposta \u00e9 fortalecer a rede de sa\u00fade p\u00fablica com cadeiras de hidrata\u00e7\u00e3o e leitos de interna\u00e7\u00e3o. Atualmente, o DF conta com 176 unidades b\u00e1sicas de sa\u00fade, nove tendas e [&hellip;]","og_url":"https:\/\/www.notibras.com\/site\/hospital-de-campanha-vai-socorrer-pacientes-com-dengue\/","og_site_name":"Notibras","article_publisher":"https:\/\/www.facebook.com\/notibras\/","article_published_time":"2024-02-02T03:10:17+00:00","article_modified_time":"2024-02-02T11:12:14+00:00","og_image":[{"width":1170,"height":700,"url":"https:\/\/www.notibras.com\/site\/wp-content\/uploads\/2024\/02\/dengue.hosp_.cam_.webp","type":"image\/webp"}],"author":"Reda\u00e7\u00e3o","twitter_card":"summary_large_image","twitter_creator":"@Notibras","twitter_site":"@Notibras","twitter_misc":{"Escrito por":"Reda\u00e7\u00e3o","Est. tempo de leitura":"3 minutos"},"schema":{"@context":"https:\/\/schema.org","@graph":[{"@type":"Article","@id":"https:\/\/www.notibras.com\/site\/hospital-de-campanha-vai-socorrer-pacientes-com-dengue\/#article","isPartOf":{"@id":"https:\/\/www.notibras.com\/site\/hospital-de-campanha-vai-socorrer-pacientes-com-dengue\/"},"author":{"name":"Reda\u00e7\u00e3o","@id":"https:\/\/www.notibras.com\/site\/#\/schema\/person\/36ab0979449956132d3e5b517ea76ac8"},"headline":"Hospital de campanha vai socorrer pacientes com dengue","datePublished":"2024-02-02T03:10:17+00:00","dateModified":"2024-02-02T11:12:14+00:00","mainEntityOfPage":{"@id":"https:\/\/www.notibras.com\/site\/hospital-de-campanha-vai-socorrer-pacientes-com-dengue\/"},"wordCount":485,"publisher":{"@id":"https:\/\/www.notibras.com\/site\/#organization"},"image":{"@id":"https:\/\/www.notibras.com\/site\/hospital-de-campanha-vai-socorrer-pacientes-com-dengue\/#primaryimage"},"thumbnailUrl":"https:\/\/www.notibras.com\/site\/wp-content\/uploads\/2024\/02\/dengue.hosp_.cam_.webp","articleSection":["Quadradinho em Foco"],"inLanguage":"pt-BR"},{"@type":"WebPage","@id":"https:\/\/www.notibras.com\/site\/hospital-de-campanha-vai-socorrer-pacientes-com-dengue\/","url":"https:\/\/www.notibras.com\/site\/hospital-de-campanha-vai-socorrer-pacientes-com-dengue\/","name":"Hospital de campanha vai socorrer pacientes com dengue - Notibras","isPartOf":{"@id":"https:\/\/www.notibras.com\/site\/#website"},"primaryImageOfPage":{"@id":"https:\/\/www.notibras.com\/site\/hospital-de-campanha-vai-socorrer-pacientes-com-dengue\/#primaryimage"},"image":{"@id":"https:\/\/www.notibras.com\/site\/hospital-de-campanha-vai-socorrer-pacientes-com-dengue\/#primaryimage"},"thumbnailUrl":"https:\/\/www.notibras.com\/site\/wp-content\/uploads\/2024\/02\/dengue.hosp_.cam_.webp","datePublished":"2024-02-02T03:10:17+00:00","dateModified":"2024-02-02T11:12:14+00:00","breadcrumb":{"@id":"https:\/\/www.notibras.com\/site\/hospital-de-campanha-vai-socorrer-pacientes-com-dengue\/#breadcrumb"},"inLanguage":"pt-BR","potentialAction":[{"@type":"ReadAction","target":["https:\/\/www.notibras.com\/site\/hospital-de-campanha-vai-socorrer-pacientes-com-dengue\/"]}]},{"@type":"ImageObject","inLanguage":"pt-BR","@id":"https:\/\/www.notibras.com\/site\/hospital-de-campanha-vai-socorrer-pacientes-com-dengue\/#primaryimage","url":"https:\/\/www.notibras.com\/site\/wp-content\/uploads\/2024\/02\/dengue.hosp_.cam_.webp","contentUrl":"https:\/\/www.notibras.com\/site\/wp-content\/uploads\/2024\/02\/dengue.hosp_.cam_.webp","width":1170,"height":700},{"@type":"BreadcrumbList","@id":"https:\/\/www.notibras.com\/site\/hospital-de-campanha-vai-socorrer-pacientes-com-dengue\/#breadcrumb","itemListElement":[{"@type":"ListItem","position":1,"name":"In\u00edcio","item":"https:\/\/www.notibras.com\/site\/"},{"@type":"ListItem","position":2,"name":"Hospital de campanha vai socorrer pacientes com dengue"}]},{"@type":"WebSite","@id":"https:\/\/www.notibras.com\/site\/#website","url":"https:\/\/www.notibras.com\/site\/","name":"Notibras","description":"Not\u00edcias de Bras\u00edlia, do Brasil e do Mundo","publisher":{"@id":"https:\/\/www.notibras.com\/site\/#organization"},"potentialAction":[{"@type":"SearchAction","target":{"@type":"EntryPoint","urlTemplate":"https:\/\/www.notibras.com\/site\/?s={search_term_string}"},"query-input":{"@type":"PropertyValueSpecification","valueRequired":true,"valueName":"search_term_string"}}],"inLanguage":"pt-BR"},{"@type":"Organization","@id":"https:\/\/www.notibras.com\/site\/#organization","name":"Grupo Notibras de Comunica\u00e7\u00e3o","url":"https:\/\/www.notibras.com\/site\/","logo":{"@type":"ImageObject","inLanguage":"pt-BR","@id":"https:\/\/www.notibras.com\/site\/#\/schema\/logo\/image\/","url":"https:\/\/www.notibras.com\/site\/wp-content\/uploads\/2023\/01\/notibras23.png","contentUrl":"https:\/\/www.notibras.com\/site\/wp-content\/uploads\/2023\/01\/notibras23.png","width":350,"height":87,"caption":"Grupo Notibras de Comunica\u00e7\u00e3o"},"image":{"@id":"https:\/\/www.notibras.com\/site\/#\/schema\/logo\/image\/"},"sameAs":["https:\/\/www.facebook.com\/notibras\/","https:\/\/x.com\/Notibras","https:\/\/www.instagram.com\/notibras\/"]},{"@type":"Person","@id":"https:\/\/www.notibras.com\/site\/#\/schema\/person\/36ab0979449956132d3e5b517ea76ac8","name":"Reda\u00e7\u00e3o","image":{"@type":"ImageObject","inLanguage":"pt-BR","@id":"https:\/\/secure.gravatar.com\/avatar\/e0a867bdedb85fd243eadf09663511f96fc81e0720a4a42581f334ad4303aa6b?s=96&d=mm&r=g","url":"https:\/\/secure.gravatar.com\/avatar\/e0a867bdedb85fd243eadf09663511f96fc81e0720a4a42581f334ad4303aa6b?s=96&d=mm&r=g","contentUrl":"https:\/\/secure.gravatar.com\/avatar\/e0a867bdedb85fd243eadf09663511f96fc81e0720a4a42581f334ad4303aa6b?s=96&d=mm&r=g","caption":"Reda\u00e7\u00e3o"}}]}},"amp_enabled":true,"_links":{"self":[{"href":"https:\/\/www.notibras.com\/site\/wp-json\/wp\/v2\/posts\/321603","targetHints":{"allow":["GET"]}}],"collection":[{"href":"https:\/\/www.notibras.com\/site\/wp-json\/wp\/v2\/posts"}],"about":[{"href":"https:\/\/www.notibras.com\/site\/wp-json\/wp\/v2\/types\/post"}],"author":[{"embeddable":true,"href":"https:\/\/www.notibras.com\/site\/wp-json\/wp\/v2\/users\/2"}],"replies":[{"embeddable":true,"href":"https:\/\/www.notibras.com\/site\/wp-json\/wp\/v2\/comments?post=321603"}],"version-history":[{"count":1,"href":"https:\/\/www.notibras.com\/site\/wp-json\/wp\/v2\/posts\/321603\/revisions"}],"predecessor-version":[{"id":321605,"href":"https:\/\/www.notibras.com\/site\/wp-json\/wp\/v2\/posts\/321603\/revisions\/321605"}],"wp:featuredmedia":[{"embeddable":true,"href":"https:\/\/www.notibras.com\/site\/wp-json\/wp\/v2\/media\/321604"}],"wp:attachment":[{"href":"https:\/\/www.notibras.com\/site\/wp-json\/wp\/v2\/media?parent=321603"}],"wp:term":[{"taxonomy":"category","embeddable":true,"href":"https:\/\/www.notibras.com\/site\/wp-json\/wp\/v2\/categories?post=321603"},{"taxonomy":"post_tag","embeddable":true,"href":"https:\/\/www.notibras.com\/site\/wp-json\/wp\/v2\/tags?post=321603"}],"curies":[{"name":"wp","href":"https:\/\/api.w.org\/{rel}","templated":true}]}}