{"id":321606,"date":"2024-02-02T08:23:16","date_gmt":"2024-02-02T11:23:16","guid":{"rendered":"https:\/\/www.notibras.com\/site\/?p=321606"},"modified":"2024-02-02T08:24:47","modified_gmt":"2024-02-02T11:24:47","slug":"viagem-imaginaria-mostra-meio-ambiente-livre-de-pragas","status":"publish","type":"post","link":"https:\/\/www.notibras.com\/site\/viagem-imaginaria-mostra-meio-ambiente-livre-de-pragas\/","title":{"rendered":"Viagem imagin\u00e1ria mostra meio ambiente livre de pragas"},"content":{"rendered":"<p>Tirei o dia para navegar com minha f\u00e9rtil imagina\u00e7\u00e3o. Sentado em minha cadeira de rodas, fui passear pela floresta, onde senti o sussurro suave das \u00e1rvores contando hist\u00f3rias milenares. Cada folha parecia um cap\u00edtulo, e o vento, um h\u00e1bil narrador. Na intera\u00e7\u00e3o com a natureza, descobri que somos visitantes tempor\u00e1rios em um livro vivo, onde nossa responsabilidade \u00e9 preservar cada p\u00e1gina verde que ainda resta.<\/p>\n<p>\u00c0 beira-mar, testemunhei o hipnotizante bal\u00e9 das mar\u00e9s. A areia era palco para a dan\u00e7a eterna entre \u00e1gua e terra. Nas ondas, percebi a coreografia da natureza, um espet\u00e1culo que transcende o tempo. Nossa intera\u00e7\u00e3o com esse cen\u00e1rio sublime deve ser uma dan\u00e7a cuidadosa, uma harmonia que preserva a beleza inigual\u00e1vel do oceano.<\/p>\n<p>No cora\u00e7\u00e3o da cidade, encontrei o paradoxo da intera\u00e7\u00e3o homem-meio ambiente. Entre arranha-c\u00e9us de concreto, brotavam o\u00e1sis urbanos. Pra\u00e7as e parques eram ref\u00fagios onde a natureza e o urbano coexistiam. A li\u00e7\u00e3o \u00e9 clara: nossa rela\u00e7\u00e3o com o meio ambiente n\u00e3o \u00e9 uma batalha, mas uma sinfonia em que cada nota, seja \u00e1rvore ou edif\u00edcio, contribui para a melodia da coexist\u00eancia sustent\u00e1vel.<\/p>\n<p>Na primavera, as flores despertam do sono, exibindo suas cores como obras de arte ef\u00eameras. Pude sentir a intera\u00e7\u00e3o \u00edntima entre o ciclo da natureza e nosso papel como espectadores ativos. \u00c9 um lembrete de que, ao cuidarmos das plantas, estamos preservando a paleta vibrante que embeleza nosso planeta.<\/p>\n<p>A intera\u00e7\u00e3o com o meio ambiente \u00e9 um di\u00e1logo silencioso, onde cada ato humano pode ser uma palavra que molda o futuro da Terra. Que possamos escrever uma hist\u00f3ria de respeito, conserva\u00e7\u00e3o e amor pelo lugar que todos chamamos de lar.<\/p>\n<p><strong>*Aos nossos leitores:\u00a0<em>Notibras<\/em>\u00a0abriu este espa\u00e7o editorial para o segmento PcD. Para que possamos interagir, mostrarmos que somos pessoas comuns. Encaminhe sugest\u00f5es, mande seus textos. Prometo que tudo ser\u00e1 bem recebido e aproveitado. Meu WhasApp \u00e9 +55 61 98425-4895.<\/strong><\/p>\n<div id=\"wpdevar_comment_4\"><\/div>\n","protected":false},"excerpt":{"rendered":"<p>Tirei o dia para navegar com minha f\u00e9rtil imagina\u00e7\u00e3o. Sentado em minha cadeira de rodas, fui passear pela floresta, onde senti o sussurro suave das \u00e1rvores contando hist\u00f3rias milenares. Cada folha parecia um cap\u00edtulo, e o vento, um h\u00e1bil narrador. Na intera\u00e7\u00e3o com a natureza, descobri que somos visitantes tempor\u00e1rios em um livro vivo, onde [&hellip;]<\/p>\n","protected":false},"author":2,"featured_media":321607,"comment_status":"closed","ping_status":"closed","sticky":false,"template":"","format":"standard","meta":{"_acf_changed":false,"footnotes":""},"categories":[161],"tags":[],"class_list":["post-321606","post","type-post","status-publish","format-standard","has-post-thumbnail","hentry","category-quadradinho-em-foco"],"acf":[],"yoast_head":"<!-- This site is optimized with the Yoast SEO plugin v27.2 - https:\/\/yoast.com\/product\/yoast-seo-wordpress\/ -->\n<title>Viagem imagin\u00e1ria mostra meio ambiente livre de pragas - Notibras<\/title>\n<meta name=\"robots\" content=\"index, follow, max-snippet:-1, max-image-preview:large, max-video-preview:-1\" \/>\n<link rel=\"canonical\" href=\"https:\/\/www.notibras.com\/site\/viagem-imaginaria-mostra-meio-ambiente-livre-de-pragas\/\" \/>\n<meta property=\"og:locale\" content=\"pt_BR\" \/>\n<meta property=\"og:type\" content=\"article\" \/>\n<meta property=\"og:title\" content=\"Viagem imagin\u00e1ria mostra meio ambiente livre de pragas - Notibras\" \/>\n<meta property=\"og:description\" content=\"Tirei o dia para navegar com minha f\u00e9rtil imagina\u00e7\u00e3o. Sentado em minha cadeira de rodas, fui passear pela floresta, onde senti o sussurro suave das \u00e1rvores contando hist\u00f3rias milenares. Cada folha parecia um cap\u00edtulo, e o vento, um h\u00e1bil narrador. Na intera\u00e7\u00e3o com a natureza, descobri que somos visitantes tempor\u00e1rios em um livro vivo, onde [&hellip;]\" \/>\n<meta property=\"og:url\" content=\"https:\/\/www.notibras.com\/site\/viagem-imaginaria-mostra-meio-ambiente-livre-de-pragas\/\" \/>\n<meta property=\"og:site_name\" content=\"Notibras\" \/>\n<meta property=\"article:publisher\" content=\"https:\/\/www.facebook.com\/notibras\/\" \/>\n<meta property=\"article:published_time\" content=\"2024-02-02T11:23:16+00:00\" \/>\n<meta property=\"article:modified_time\" content=\"2024-02-02T11:24:47+00:00\" \/>\n<meta property=\"og:image\" content=\"https:\/\/www.notibras.com\/site\/wp-content\/uploads\/2024\/02\/Capa-5.jpg\" \/>\n\t<meta property=\"og:image:width\" content=\"2155\" \/>\n\t<meta property=\"og:image:height\" content=\"1436\" \/>\n\t<meta property=\"og:image:type\" content=\"image\/jpeg\" \/>\n<meta name=\"author\" content=\"Reda\u00e7\u00e3o\" \/>\n<meta name=\"twitter:card\" content=\"summary_large_image\" \/>\n<meta name=\"twitter:creator\" content=\"@Notibras\" \/>\n<meta name=\"twitter:site\" content=\"@Notibras\" \/>\n<meta name=\"twitter:label1\" content=\"Escrito por\" \/>\n\t<meta name=\"twitter:data1\" content=\"Reda\u00e7\u00e3o\" \/>\n\t<meta name=\"twitter:label2\" content=\"Est. tempo de leitura\" \/>\n\t<meta name=\"twitter:data2\" content=\"2 minutos\" \/>\n<script type=\"application\/ld+json\" class=\"yoast-schema-graph\">{\"@context\":\"https:\/\/schema.org\",\"@graph\":[{\"@type\":\"Article\",\"@id\":\"https:\/\/www.notibras.com\/site\/viagem-imaginaria-mostra-meio-ambiente-livre-de-pragas\/#article\",\"isPartOf\":{\"@id\":\"https:\/\/www.notibras.com\/site\/viagem-imaginaria-mostra-meio-ambiente-livre-de-pragas\/\"},\"author\":{\"name\":\"Reda\u00e7\u00e3o\",\"@id\":\"https:\/\/www.notibras.com\/site\/#\/schema\/person\/36ab0979449956132d3e5b517ea76ac8\"},\"headline\":\"Viagem imagin\u00e1ria mostra meio ambiente livre de pragas\",\"datePublished\":\"2024-02-02T11:23:16+00:00\",\"dateModified\":\"2024-02-02T11:24:47+00:00\",\"mainEntityOfPage\":{\"@id\":\"https:\/\/www.notibras.com\/site\/viagem-imaginaria-mostra-meio-ambiente-livre-de-pragas\/\"},\"wordCount\":345,\"publisher\":{\"@id\":\"https:\/\/www.notibras.com\/site\/#organization\"},\"image\":{\"@id\":\"https:\/\/www.notibras.com\/site\/viagem-imaginaria-mostra-meio-ambiente-livre-de-pragas\/#primaryimage\"},\"thumbnailUrl\":\"https:\/\/www.notibras.com\/site\/wp-content\/uploads\/2024\/02\/Capa-5.jpg\",\"articleSection\":[\"Quadradinho em Foco\"],\"inLanguage\":\"pt-BR\"},{\"@type\":\"WebPage\",\"@id\":\"https:\/\/www.notibras.com\/site\/viagem-imaginaria-mostra-meio-ambiente-livre-de-pragas\/\",\"url\":\"https:\/\/www.notibras.com\/site\/viagem-imaginaria-mostra-meio-ambiente-livre-de-pragas\/\",\"name\":\"Viagem imagin\u00e1ria mostra meio ambiente livre de pragas - Notibras\",\"isPartOf\":{\"@id\":\"https:\/\/www.notibras.com\/site\/#website\"},\"primaryImageOfPage\":{\"@id\":\"https:\/\/www.notibras.com\/site\/viagem-imaginaria-mostra-meio-ambiente-livre-de-pragas\/#primaryimage\"},\"image\":{\"@id\":\"https:\/\/www.notibras.com\/site\/viagem-imaginaria-mostra-meio-ambiente-livre-de-pragas\/#primaryimage\"},\"thumbnailUrl\":\"https:\/\/www.notibras.com\/site\/wp-content\/uploads\/2024\/02\/Capa-5.jpg\",\"datePublished\":\"2024-02-02T11:23:16+00:00\",\"dateModified\":\"2024-02-02T11:24:47+00:00\",\"breadcrumb\":{\"@id\":\"https:\/\/www.notibras.com\/site\/viagem-imaginaria-mostra-meio-ambiente-livre-de-pragas\/#breadcrumb\"},\"inLanguage\":\"pt-BR\",\"potentialAction\":[{\"@type\":\"ReadAction\",\"target\":[\"https:\/\/www.notibras.com\/site\/viagem-imaginaria-mostra-meio-ambiente-livre-de-pragas\/\"]}]},{\"@type\":\"ImageObject\",\"inLanguage\":\"pt-BR\",\"@id\":\"https:\/\/www.notibras.com\/site\/viagem-imaginaria-mostra-meio-ambiente-livre-de-pragas\/#primaryimage\",\"url\":\"https:\/\/www.notibras.com\/site\/wp-content\/uploads\/2024\/02\/Capa-5.jpg\",\"contentUrl\":\"https:\/\/www.notibras.com\/site\/wp-content\/uploads\/2024\/02\/Capa-5.jpg\",\"width\":2155,\"height\":1436},{\"@type\":\"BreadcrumbList\",\"@id\":\"https:\/\/www.notibras.com\/site\/viagem-imaginaria-mostra-meio-ambiente-livre-de-pragas\/#breadcrumb\",\"itemListElement\":[{\"@type\":\"ListItem\",\"position\":1,\"name\":\"In\u00edcio\",\"item\":\"https:\/\/www.notibras.com\/site\/\"},{\"@type\":\"ListItem\",\"position\":2,\"name\":\"Viagem imagin\u00e1ria mostra meio ambiente livre de pragas\"}]},{\"@type\":\"WebSite\",\"@id\":\"https:\/\/www.notibras.com\/site\/#website\",\"url\":\"https:\/\/www.notibras.com\/site\/\",\"name\":\"Notibras\",\"description\":\"Not\u00edcias de Bras\u00edlia, do Brasil e do Mundo\",\"publisher\":{\"@id\":\"https:\/\/www.notibras.com\/site\/#organization\"},\"potentialAction\":[{\"@type\":\"SearchAction\",\"target\":{\"@type\":\"EntryPoint\",\"urlTemplate\":\"https:\/\/www.notibras.com\/site\/?s={search_term_string}\"},\"query-input\":{\"@type\":\"PropertyValueSpecification\",\"valueRequired\":true,\"valueName\":\"search_term_string\"}}],\"inLanguage\":\"pt-BR\"},{\"@type\":\"Organization\",\"@id\":\"https:\/\/www.notibras.com\/site\/#organization\",\"name\":\"Grupo Notibras de Comunica\u00e7\u00e3o\",\"url\":\"https:\/\/www.notibras.com\/site\/\",\"logo\":{\"@type\":\"ImageObject\",\"inLanguage\":\"pt-BR\",\"@id\":\"https:\/\/www.notibras.com\/site\/#\/schema\/logo\/image\/\",\"url\":\"https:\/\/www.notibras.com\/site\/wp-content\/uploads\/2023\/01\/notibras23.png\",\"contentUrl\":\"https:\/\/www.notibras.com\/site\/wp-content\/uploads\/2023\/01\/notibras23.png\",\"width\":350,\"height\":87,\"caption\":\"Grupo Notibras de Comunica\u00e7\u00e3o\"},\"image\":{\"@id\":\"https:\/\/www.notibras.com\/site\/#\/schema\/logo\/image\/\"},\"sameAs\":[\"https:\/\/www.facebook.com\/notibras\/\",\"https:\/\/x.com\/Notibras\",\"https:\/\/www.instagram.com\/notibras\/\"]},{\"@type\":\"Person\",\"@id\":\"https:\/\/www.notibras.com\/site\/#\/schema\/person\/36ab0979449956132d3e5b517ea76ac8\",\"name\":\"Reda\u00e7\u00e3o\",\"image\":{\"@type\":\"ImageObject\",\"inLanguage\":\"pt-BR\",\"@id\":\"https:\/\/secure.gravatar.com\/avatar\/e0a867bdedb85fd243eadf09663511f96fc81e0720a4a42581f334ad4303aa6b?s=96&d=mm&r=g\",\"url\":\"https:\/\/secure.gravatar.com\/avatar\/e0a867bdedb85fd243eadf09663511f96fc81e0720a4a42581f334ad4303aa6b?s=96&d=mm&r=g\",\"contentUrl\":\"https:\/\/secure.gravatar.com\/avatar\/e0a867bdedb85fd243eadf09663511f96fc81e0720a4a42581f334ad4303aa6b?s=96&d=mm&r=g\",\"caption\":\"Reda\u00e7\u00e3o\"}}]}<\/script>\n<!-- \/ Yoast SEO plugin. -->","yoast_head_json":{"title":"Viagem imagin\u00e1ria mostra meio ambiente livre de pragas - Notibras","robots":{"index":"index","follow":"follow","max-snippet":"max-snippet:-1","max-image-preview":"max-image-preview:large","max-video-preview":"max-video-preview:-1"},"canonical":"https:\/\/www.notibras.com\/site\/viagem-imaginaria-mostra-meio-ambiente-livre-de-pragas\/","og_locale":"pt_BR","og_type":"article","og_title":"Viagem imagin\u00e1ria mostra meio ambiente livre de pragas - Notibras","og_description":"Tirei o dia para navegar com minha f\u00e9rtil imagina\u00e7\u00e3o. Sentado em minha cadeira de rodas, fui passear pela floresta, onde senti o sussurro suave das \u00e1rvores contando hist\u00f3rias milenares. Cada folha parecia um cap\u00edtulo, e o vento, um h\u00e1bil narrador. Na intera\u00e7\u00e3o com a natureza, descobri que somos visitantes tempor\u00e1rios em um livro vivo, onde [&hellip;]","og_url":"https:\/\/www.notibras.com\/site\/viagem-imaginaria-mostra-meio-ambiente-livre-de-pragas\/","og_site_name":"Notibras","article_publisher":"https:\/\/www.facebook.com\/notibras\/","article_published_time":"2024-02-02T11:23:16+00:00","article_modified_time":"2024-02-02T11:24:47+00:00","og_image":[{"width":2155,"height":1436,"url":"https:\/\/www.notibras.com\/site\/wp-content\/uploads\/2024\/02\/Capa-5.jpg","type":"image\/jpeg"}],"author":"Reda\u00e7\u00e3o","twitter_card":"summary_large_image","twitter_creator":"@Notibras","twitter_site":"@Notibras","twitter_misc":{"Escrito por":"Reda\u00e7\u00e3o","Est. tempo de leitura":"2 minutos"},"schema":{"@context":"https:\/\/schema.org","@graph":[{"@type":"Article","@id":"https:\/\/www.notibras.com\/site\/viagem-imaginaria-mostra-meio-ambiente-livre-de-pragas\/#article","isPartOf":{"@id":"https:\/\/www.notibras.com\/site\/viagem-imaginaria-mostra-meio-ambiente-livre-de-pragas\/"},"author":{"name":"Reda\u00e7\u00e3o","@id":"https:\/\/www.notibras.com\/site\/#\/schema\/person\/36ab0979449956132d3e5b517ea76ac8"},"headline":"Viagem imagin\u00e1ria mostra meio ambiente livre de pragas","datePublished":"2024-02-02T11:23:16+00:00","dateModified":"2024-02-02T11:24:47+00:00","mainEntityOfPage":{"@id":"https:\/\/www.notibras.com\/site\/viagem-imaginaria-mostra-meio-ambiente-livre-de-pragas\/"},"wordCount":345,"publisher":{"@id":"https:\/\/www.notibras.com\/site\/#organization"},"image":{"@id":"https:\/\/www.notibras.com\/site\/viagem-imaginaria-mostra-meio-ambiente-livre-de-pragas\/#primaryimage"},"thumbnailUrl":"https:\/\/www.notibras.com\/site\/wp-content\/uploads\/2024\/02\/Capa-5.jpg","articleSection":["Quadradinho em Foco"],"inLanguage":"pt-BR"},{"@type":"WebPage","@id":"https:\/\/www.notibras.com\/site\/viagem-imaginaria-mostra-meio-ambiente-livre-de-pragas\/","url":"https:\/\/www.notibras.com\/site\/viagem-imaginaria-mostra-meio-ambiente-livre-de-pragas\/","name":"Viagem imagin\u00e1ria mostra meio ambiente livre de pragas - Notibras","isPartOf":{"@id":"https:\/\/www.notibras.com\/site\/#website"},"primaryImageOfPage":{"@id":"https:\/\/www.notibras.com\/site\/viagem-imaginaria-mostra-meio-ambiente-livre-de-pragas\/#primaryimage"},"image":{"@id":"https:\/\/www.notibras.com\/site\/viagem-imaginaria-mostra-meio-ambiente-livre-de-pragas\/#primaryimage"},"thumbnailUrl":"https:\/\/www.notibras.com\/site\/wp-content\/uploads\/2024\/02\/Capa-5.jpg","datePublished":"2024-02-02T11:23:16+00:00","dateModified":"2024-02-02T11:24:47+00:00","breadcrumb":{"@id":"https:\/\/www.notibras.com\/site\/viagem-imaginaria-mostra-meio-ambiente-livre-de-pragas\/#breadcrumb"},"inLanguage":"pt-BR","potentialAction":[{"@type":"ReadAction","target":["https:\/\/www.notibras.com\/site\/viagem-imaginaria-mostra-meio-ambiente-livre-de-pragas\/"]}]},{"@type":"ImageObject","inLanguage":"pt-BR","@id":"https:\/\/www.notibras.com\/site\/viagem-imaginaria-mostra-meio-ambiente-livre-de-pragas\/#primaryimage","url":"https:\/\/www.notibras.com\/site\/wp-content\/uploads\/2024\/02\/Capa-5.jpg","contentUrl":"https:\/\/www.notibras.com\/site\/wp-content\/uploads\/2024\/02\/Capa-5.jpg","width":2155,"height":1436},{"@type":"BreadcrumbList","@id":"https:\/\/www.notibras.com\/site\/viagem-imaginaria-mostra-meio-ambiente-livre-de-pragas\/#breadcrumb","itemListElement":[{"@type":"ListItem","position":1,"name":"In\u00edcio","item":"https:\/\/www.notibras.com\/site\/"},{"@type":"ListItem","position":2,"name":"Viagem imagin\u00e1ria mostra meio ambiente livre de pragas"}]},{"@type":"WebSite","@id":"https:\/\/www.notibras.com\/site\/#website","url":"https:\/\/www.notibras.com\/site\/","name":"Notibras","description":"Not\u00edcias de Bras\u00edlia, do Brasil e do Mundo","publisher":{"@id":"https:\/\/www.notibras.com\/site\/#organization"},"potentialAction":[{"@type":"SearchAction","target":{"@type":"EntryPoint","urlTemplate":"https:\/\/www.notibras.com\/site\/?s={search_term_string}"},"query-input":{"@type":"PropertyValueSpecification","valueRequired":true,"valueName":"search_term_string"}}],"inLanguage":"pt-BR"},{"@type":"Organization","@id":"https:\/\/www.notibras.com\/site\/#organization","name":"Grupo Notibras de Comunica\u00e7\u00e3o","url":"https:\/\/www.notibras.com\/site\/","logo":{"@type":"ImageObject","inLanguage":"pt-BR","@id":"https:\/\/www.notibras.com\/site\/#\/schema\/logo\/image\/","url":"https:\/\/www.notibras.com\/site\/wp-content\/uploads\/2023\/01\/notibras23.png","contentUrl":"https:\/\/www.notibras.com\/site\/wp-content\/uploads\/2023\/01\/notibras23.png","width":350,"height":87,"caption":"Grupo Notibras de Comunica\u00e7\u00e3o"},"image":{"@id":"https:\/\/www.notibras.com\/site\/#\/schema\/logo\/image\/"},"sameAs":["https:\/\/www.facebook.com\/notibras\/","https:\/\/x.com\/Notibras","https:\/\/www.instagram.com\/notibras\/"]},{"@type":"Person","@id":"https:\/\/www.notibras.com\/site\/#\/schema\/person\/36ab0979449956132d3e5b517ea76ac8","name":"Reda\u00e7\u00e3o","image":{"@type":"ImageObject","inLanguage":"pt-BR","@id":"https:\/\/secure.gravatar.com\/avatar\/e0a867bdedb85fd243eadf09663511f96fc81e0720a4a42581f334ad4303aa6b?s=96&d=mm&r=g","url":"https:\/\/secure.gravatar.com\/avatar\/e0a867bdedb85fd243eadf09663511f96fc81e0720a4a42581f334ad4303aa6b?s=96&d=mm&r=g","contentUrl":"https:\/\/secure.gravatar.com\/avatar\/e0a867bdedb85fd243eadf09663511f96fc81e0720a4a42581f334ad4303aa6b?s=96&d=mm&r=g","caption":"Reda\u00e7\u00e3o"}}]}},"amp_enabled":true,"_links":{"self":[{"href":"https:\/\/www.notibras.com\/site\/wp-json\/wp\/v2\/posts\/321606","targetHints":{"allow":["GET"]}}],"collection":[{"href":"https:\/\/www.notibras.com\/site\/wp-json\/wp\/v2\/posts"}],"about":[{"href":"https:\/\/www.notibras.com\/site\/wp-json\/wp\/v2\/types\/post"}],"author":[{"embeddable":true,"href":"https:\/\/www.notibras.com\/site\/wp-json\/wp\/v2\/users\/2"}],"replies":[{"embeddable":true,"href":"https:\/\/www.notibras.com\/site\/wp-json\/wp\/v2\/comments?post=321606"}],"version-history":[{"count":2,"href":"https:\/\/www.notibras.com\/site\/wp-json\/wp\/v2\/posts\/321606\/revisions"}],"predecessor-version":[{"id":321609,"href":"https:\/\/www.notibras.com\/site\/wp-json\/wp\/v2\/posts\/321606\/revisions\/321609"}],"wp:featuredmedia":[{"embeddable":true,"href":"https:\/\/www.notibras.com\/site\/wp-json\/wp\/v2\/media\/321607"}],"wp:attachment":[{"href":"https:\/\/www.notibras.com\/site\/wp-json\/wp\/v2\/media?parent=321606"}],"wp:term":[{"taxonomy":"category","embeddable":true,"href":"https:\/\/www.notibras.com\/site\/wp-json\/wp\/v2\/categories?post=321606"},{"taxonomy":"post_tag","embeddable":true,"href":"https:\/\/www.notibras.com\/site\/wp-json\/wp\/v2\/tags?post=321606"}],"curies":[{"name":"wp","href":"https:\/\/api.w.org\/{rel}","templated":true}]}}