{"id":321658,"date":"2024-02-03T10:50:41","date_gmt":"2024-02-03T13:50:41","guid":{"rendered":"https:\/\/www.notibras.com\/site\/?p=321658"},"modified":"2024-02-03T10:50:41","modified_gmt":"2024-02-03T13:50:41","slug":"almeidinha-em-dia-ruim-e-o-caixa-do-banco","status":"publish","type":"post","link":"https:\/\/www.notibras.com\/site\/almeidinha-em-dia-ruim-e-o-caixa-do-banco\/","title":{"rendered":"Almeidinha, em dia ruim, e o caixa do banco"},"content":{"rendered":"<p>J\u00e1 fazia um bom tempo que eu havia perdido contato com o meu grande amigo Almeidinha, que se aventurou por nesse mundar\u00e9u chamado Brasil. Eu sempre me perguntava por onde andava esse meu companheiro do curso de jornalismo, at\u00e9 que, certo dia, l\u00e1 estava eu na fila de um banco. Por coincid\u00eancia, estava conversando com um outro amigo, tamb\u00e9m chamado Almeidinha, que aqui vou chamar pelo outro sobrenome para que essa hist\u00f3ria n\u00e3o fique confusa: Alvarenga.<\/p>\n<p>Pois bem, o Alvarenga e eu fal\u00e1vamos qualquer coisa, que nem me lembro o que era, tamanho o acontecimento que se seguiu. Um bate-boca vindo l\u00e1 na frente entre o caixa e um cliente nos chamou a aten\u00e7\u00e3o. Ali\u00e1s, chamou a aten\u00e7\u00e3o de todo mundo, tanto \u00e9 que os que estavam mais atr\u00e1s na fila, como no nosso caso, esticaram o pesco\u00e7o para ver do que se tratava.<\/p>\n<p>Um homem corpulento e de voz rascante reclamava em alto e bom som com o homem do caixa. Observei aquela cena por alguns mil\u00e9simos de segundo quando, ent\u00e3o, constatei que era o Almeidinha. Sim, o meu amigo l\u00e1 dos tempos da faculdade de jornalismo estava logo ali esbravejando. Sa\u00ed da fila e fui at\u00e9 ele. Toquei o seu ombro direito e falei: &#8220;Almeidinha, h\u00e1 quanto tempo!&#8221;<\/p>\n<p>Tudo parecia lindo e maravilhoso! Eu acabara de reencontrar o meu grande amigo, por quem procurei por anos. Todavia, logo me lembrei que o Almeidinha tem certas peculiaridades t\u00e3o arraigadas, que eu nem deveria ficar surpreso com o desfecho desse encontro. Ele olhou para mim como se tiv\u00e9ssemos nos visto no dia anterior e disse: &#8220;Oi, Edu!&#8221; Depois, ele se virou e continuou a brigar com o caixa.<\/p>\n","protected":false},"excerpt":{"rendered":"<p>J\u00e1 fazia um bom tempo que eu havia perdido contato com o meu grande amigo Almeidinha, que se aventurou por nesse mundar\u00e9u chamado Brasil. Eu sempre me perguntava por onde andava esse meu companheiro do curso de jornalismo, at\u00e9 que, certo dia, l\u00e1 estava eu na fila de um banco. Por coincid\u00eancia, estava conversando com [&hellip;]<\/p>\n","protected":false},"author":2,"featured_media":321659,"comment_status":"closed","ping_status":"closed","sticky":false,"template":"","format":"standard","meta":{"_acf_changed":false,"footnotes":""},"categories":[161],"tags":[],"class_list":["post-321658","post","type-post","status-publish","format-standard","has-post-thumbnail","hentry","category-quadradinho-em-foco"],"acf":[],"yoast_head":"<!-- This site is optimized with the Yoast SEO plugin v27.2 - https:\/\/yoast.com\/product\/yoast-seo-wordpress\/ -->\n<title>Almeidinha, em dia ruim, e o caixa do banco - Notibras<\/title>\n<meta name=\"robots\" content=\"index, follow, max-snippet:-1, max-image-preview:large, max-video-preview:-1\" \/>\n<link rel=\"canonical\" href=\"https:\/\/www.notibras.com\/site\/almeidinha-em-dia-ruim-e-o-caixa-do-banco\/\" \/>\n<meta property=\"og:locale\" content=\"pt_BR\" \/>\n<meta property=\"og:type\" content=\"article\" \/>\n<meta property=\"og:title\" content=\"Almeidinha, em dia ruim, e o caixa do banco - Notibras\" \/>\n<meta property=\"og:description\" content=\"J\u00e1 fazia um bom tempo que eu havia perdido contato com o meu grande amigo Almeidinha, que se aventurou por nesse mundar\u00e9u chamado Brasil. Eu sempre me perguntava por onde andava esse meu companheiro do curso de jornalismo, at\u00e9 que, certo dia, l\u00e1 estava eu na fila de um banco. Por coincid\u00eancia, estava conversando com [&hellip;]\" \/>\n<meta property=\"og:url\" content=\"https:\/\/www.notibras.com\/site\/almeidinha-em-dia-ruim-e-o-caixa-do-banco\/\" \/>\n<meta property=\"og:site_name\" content=\"Notibras\" \/>\n<meta property=\"article:publisher\" content=\"https:\/\/www.facebook.com\/notibras\/\" \/>\n<meta property=\"article:published_time\" content=\"2024-02-03T13:50:41+00:00\" \/>\n<meta property=\"og:image\" content=\"https:\/\/www.notibras.com\/site\/wp-content\/uploads\/2024\/02\/f3384e99-ab13-49d0-afd6-586f20f4d2eb.jpeg\" \/>\n\t<meta property=\"og:image:width\" content=\"509\" \/>\n\t<meta property=\"og:image:height\" content=\"456\" \/>\n\t<meta property=\"og:image:type\" content=\"image\/jpeg\" \/>\n<meta name=\"author\" content=\"Reda\u00e7\u00e3o\" \/>\n<meta name=\"twitter:card\" content=\"summary_large_image\" \/>\n<meta name=\"twitter:creator\" content=\"@Notibras\" \/>\n<meta name=\"twitter:site\" content=\"@Notibras\" \/>\n<meta name=\"twitter:label1\" content=\"Escrito por\" \/>\n\t<meta name=\"twitter:data1\" content=\"Reda\u00e7\u00e3o\" \/>\n\t<meta name=\"twitter:label2\" content=\"Est. tempo de leitura\" \/>\n\t<meta name=\"twitter:data2\" content=\"2 minutos\" \/>\n<script type=\"application\/ld+json\" class=\"yoast-schema-graph\">{\"@context\":\"https:\/\/schema.org\",\"@graph\":[{\"@type\":\"Article\",\"@id\":\"https:\/\/www.notibras.com\/site\/almeidinha-em-dia-ruim-e-o-caixa-do-banco\/#article\",\"isPartOf\":{\"@id\":\"https:\/\/www.notibras.com\/site\/almeidinha-em-dia-ruim-e-o-caixa-do-banco\/\"},\"author\":{\"name\":\"Reda\u00e7\u00e3o\",\"@id\":\"https:\/\/www.notibras.com\/site\/#\/schema\/person\/36ab0979449956132d3e5b517ea76ac8\"},\"headline\":\"Almeidinha, em dia ruim, e o caixa do banco\",\"datePublished\":\"2024-02-03T13:50:41+00:00\",\"mainEntityOfPage\":{\"@id\":\"https:\/\/www.notibras.com\/site\/almeidinha-em-dia-ruim-e-o-caixa-do-banco\/\"},\"wordCount\":301,\"publisher\":{\"@id\":\"https:\/\/www.notibras.com\/site\/#organization\"},\"image\":{\"@id\":\"https:\/\/www.notibras.com\/site\/almeidinha-em-dia-ruim-e-o-caixa-do-banco\/#primaryimage\"},\"thumbnailUrl\":\"https:\/\/www.notibras.com\/site\/wp-content\/uploads\/2024\/02\/f3384e99-ab13-49d0-afd6-586f20f4d2eb.jpeg\",\"articleSection\":[\"Quadradinho em Foco\"],\"inLanguage\":\"pt-BR\"},{\"@type\":\"WebPage\",\"@id\":\"https:\/\/www.notibras.com\/site\/almeidinha-em-dia-ruim-e-o-caixa-do-banco\/\",\"url\":\"https:\/\/www.notibras.com\/site\/almeidinha-em-dia-ruim-e-o-caixa-do-banco\/\",\"name\":\"Almeidinha, em dia ruim, e o caixa do banco - Notibras\",\"isPartOf\":{\"@id\":\"https:\/\/www.notibras.com\/site\/#website\"},\"primaryImageOfPage\":{\"@id\":\"https:\/\/www.notibras.com\/site\/almeidinha-em-dia-ruim-e-o-caixa-do-banco\/#primaryimage\"},\"image\":{\"@id\":\"https:\/\/www.notibras.com\/site\/almeidinha-em-dia-ruim-e-o-caixa-do-banco\/#primaryimage\"},\"thumbnailUrl\":\"https:\/\/www.notibras.com\/site\/wp-content\/uploads\/2024\/02\/f3384e99-ab13-49d0-afd6-586f20f4d2eb.jpeg\",\"datePublished\":\"2024-02-03T13:50:41+00:00\",\"breadcrumb\":{\"@id\":\"https:\/\/www.notibras.com\/site\/almeidinha-em-dia-ruim-e-o-caixa-do-banco\/#breadcrumb\"},\"inLanguage\":\"pt-BR\",\"potentialAction\":[{\"@type\":\"ReadAction\",\"target\":[\"https:\/\/www.notibras.com\/site\/almeidinha-em-dia-ruim-e-o-caixa-do-banco\/\"]}]},{\"@type\":\"ImageObject\",\"inLanguage\":\"pt-BR\",\"@id\":\"https:\/\/www.notibras.com\/site\/almeidinha-em-dia-ruim-e-o-caixa-do-banco\/#primaryimage\",\"url\":\"https:\/\/www.notibras.com\/site\/wp-content\/uploads\/2024\/02\/f3384e99-ab13-49d0-afd6-586f20f4d2eb.jpeg\",\"contentUrl\":\"https:\/\/www.notibras.com\/site\/wp-content\/uploads\/2024\/02\/f3384e99-ab13-49d0-afd6-586f20f4d2eb.jpeg\",\"width\":509,\"height\":456},{\"@type\":\"BreadcrumbList\",\"@id\":\"https:\/\/www.notibras.com\/site\/almeidinha-em-dia-ruim-e-o-caixa-do-banco\/#breadcrumb\",\"itemListElement\":[{\"@type\":\"ListItem\",\"position\":1,\"name\":\"In\u00edcio\",\"item\":\"https:\/\/www.notibras.com\/site\/\"},{\"@type\":\"ListItem\",\"position\":2,\"name\":\"Almeidinha, em dia ruim, e o caixa do banco\"}]},{\"@type\":\"WebSite\",\"@id\":\"https:\/\/www.notibras.com\/site\/#website\",\"url\":\"https:\/\/www.notibras.com\/site\/\",\"name\":\"Notibras\",\"description\":\"Not\u00edcias de Bras\u00edlia, do Brasil e do Mundo\",\"publisher\":{\"@id\":\"https:\/\/www.notibras.com\/site\/#organization\"},\"potentialAction\":[{\"@type\":\"SearchAction\",\"target\":{\"@type\":\"EntryPoint\",\"urlTemplate\":\"https:\/\/www.notibras.com\/site\/?s={search_term_string}\"},\"query-input\":{\"@type\":\"PropertyValueSpecification\",\"valueRequired\":true,\"valueName\":\"search_term_string\"}}],\"inLanguage\":\"pt-BR\"},{\"@type\":\"Organization\",\"@id\":\"https:\/\/www.notibras.com\/site\/#organization\",\"name\":\"Grupo Notibras de Comunica\u00e7\u00e3o\",\"url\":\"https:\/\/www.notibras.com\/site\/\",\"logo\":{\"@type\":\"ImageObject\",\"inLanguage\":\"pt-BR\",\"@id\":\"https:\/\/www.notibras.com\/site\/#\/schema\/logo\/image\/\",\"url\":\"https:\/\/www.notibras.com\/site\/wp-content\/uploads\/2023\/01\/notibras23.png\",\"contentUrl\":\"https:\/\/www.notibras.com\/site\/wp-content\/uploads\/2023\/01\/notibras23.png\",\"width\":350,\"height\":87,\"caption\":\"Grupo Notibras de Comunica\u00e7\u00e3o\"},\"image\":{\"@id\":\"https:\/\/www.notibras.com\/site\/#\/schema\/logo\/image\/\"},\"sameAs\":[\"https:\/\/www.facebook.com\/notibras\/\",\"https:\/\/x.com\/Notibras\",\"https:\/\/www.instagram.com\/notibras\/\"]},{\"@type\":\"Person\",\"@id\":\"https:\/\/www.notibras.com\/site\/#\/schema\/person\/36ab0979449956132d3e5b517ea76ac8\",\"name\":\"Reda\u00e7\u00e3o\",\"image\":{\"@type\":\"ImageObject\",\"inLanguage\":\"pt-BR\",\"@id\":\"https:\/\/secure.gravatar.com\/avatar\/e0a867bdedb85fd243eadf09663511f96fc81e0720a4a42581f334ad4303aa6b?s=96&d=mm&r=g\",\"url\":\"https:\/\/secure.gravatar.com\/avatar\/e0a867bdedb85fd243eadf09663511f96fc81e0720a4a42581f334ad4303aa6b?s=96&d=mm&r=g\",\"contentUrl\":\"https:\/\/secure.gravatar.com\/avatar\/e0a867bdedb85fd243eadf09663511f96fc81e0720a4a42581f334ad4303aa6b?s=96&d=mm&r=g\",\"caption\":\"Reda\u00e7\u00e3o\"}}]}<\/script>\n<!-- \/ Yoast SEO plugin. -->","yoast_head_json":{"title":"Almeidinha, em dia ruim, e o caixa do banco - Notibras","robots":{"index":"index","follow":"follow","max-snippet":"max-snippet:-1","max-image-preview":"max-image-preview:large","max-video-preview":"max-video-preview:-1"},"canonical":"https:\/\/www.notibras.com\/site\/almeidinha-em-dia-ruim-e-o-caixa-do-banco\/","og_locale":"pt_BR","og_type":"article","og_title":"Almeidinha, em dia ruim, e o caixa do banco - Notibras","og_description":"J\u00e1 fazia um bom tempo que eu havia perdido contato com o meu grande amigo Almeidinha, que se aventurou por nesse mundar\u00e9u chamado Brasil. Eu sempre me perguntava por onde andava esse meu companheiro do curso de jornalismo, at\u00e9 que, certo dia, l\u00e1 estava eu na fila de um banco. Por coincid\u00eancia, estava conversando com [&hellip;]","og_url":"https:\/\/www.notibras.com\/site\/almeidinha-em-dia-ruim-e-o-caixa-do-banco\/","og_site_name":"Notibras","article_publisher":"https:\/\/www.facebook.com\/notibras\/","article_published_time":"2024-02-03T13:50:41+00:00","og_image":[{"width":509,"height":456,"url":"https:\/\/www.notibras.com\/site\/wp-content\/uploads\/2024\/02\/f3384e99-ab13-49d0-afd6-586f20f4d2eb.jpeg","type":"image\/jpeg"}],"author":"Reda\u00e7\u00e3o","twitter_card":"summary_large_image","twitter_creator":"@Notibras","twitter_site":"@Notibras","twitter_misc":{"Escrito por":"Reda\u00e7\u00e3o","Est. tempo de leitura":"2 minutos"},"schema":{"@context":"https:\/\/schema.org","@graph":[{"@type":"Article","@id":"https:\/\/www.notibras.com\/site\/almeidinha-em-dia-ruim-e-o-caixa-do-banco\/#article","isPartOf":{"@id":"https:\/\/www.notibras.com\/site\/almeidinha-em-dia-ruim-e-o-caixa-do-banco\/"},"author":{"name":"Reda\u00e7\u00e3o","@id":"https:\/\/www.notibras.com\/site\/#\/schema\/person\/36ab0979449956132d3e5b517ea76ac8"},"headline":"Almeidinha, em dia ruim, e o caixa do banco","datePublished":"2024-02-03T13:50:41+00:00","mainEntityOfPage":{"@id":"https:\/\/www.notibras.com\/site\/almeidinha-em-dia-ruim-e-o-caixa-do-banco\/"},"wordCount":301,"publisher":{"@id":"https:\/\/www.notibras.com\/site\/#organization"},"image":{"@id":"https:\/\/www.notibras.com\/site\/almeidinha-em-dia-ruim-e-o-caixa-do-banco\/#primaryimage"},"thumbnailUrl":"https:\/\/www.notibras.com\/site\/wp-content\/uploads\/2024\/02\/f3384e99-ab13-49d0-afd6-586f20f4d2eb.jpeg","articleSection":["Quadradinho em Foco"],"inLanguage":"pt-BR"},{"@type":"WebPage","@id":"https:\/\/www.notibras.com\/site\/almeidinha-em-dia-ruim-e-o-caixa-do-banco\/","url":"https:\/\/www.notibras.com\/site\/almeidinha-em-dia-ruim-e-o-caixa-do-banco\/","name":"Almeidinha, em dia ruim, e o caixa do banco - Notibras","isPartOf":{"@id":"https:\/\/www.notibras.com\/site\/#website"},"primaryImageOfPage":{"@id":"https:\/\/www.notibras.com\/site\/almeidinha-em-dia-ruim-e-o-caixa-do-banco\/#primaryimage"},"image":{"@id":"https:\/\/www.notibras.com\/site\/almeidinha-em-dia-ruim-e-o-caixa-do-banco\/#primaryimage"},"thumbnailUrl":"https:\/\/www.notibras.com\/site\/wp-content\/uploads\/2024\/02\/f3384e99-ab13-49d0-afd6-586f20f4d2eb.jpeg","datePublished":"2024-02-03T13:50:41+00:00","breadcrumb":{"@id":"https:\/\/www.notibras.com\/site\/almeidinha-em-dia-ruim-e-o-caixa-do-banco\/#breadcrumb"},"inLanguage":"pt-BR","potentialAction":[{"@type":"ReadAction","target":["https:\/\/www.notibras.com\/site\/almeidinha-em-dia-ruim-e-o-caixa-do-banco\/"]}]},{"@type":"ImageObject","inLanguage":"pt-BR","@id":"https:\/\/www.notibras.com\/site\/almeidinha-em-dia-ruim-e-o-caixa-do-banco\/#primaryimage","url":"https:\/\/www.notibras.com\/site\/wp-content\/uploads\/2024\/02\/f3384e99-ab13-49d0-afd6-586f20f4d2eb.jpeg","contentUrl":"https:\/\/www.notibras.com\/site\/wp-content\/uploads\/2024\/02\/f3384e99-ab13-49d0-afd6-586f20f4d2eb.jpeg","width":509,"height":456},{"@type":"BreadcrumbList","@id":"https:\/\/www.notibras.com\/site\/almeidinha-em-dia-ruim-e-o-caixa-do-banco\/#breadcrumb","itemListElement":[{"@type":"ListItem","position":1,"name":"In\u00edcio","item":"https:\/\/www.notibras.com\/site\/"},{"@type":"ListItem","position":2,"name":"Almeidinha, em dia ruim, e o caixa do banco"}]},{"@type":"WebSite","@id":"https:\/\/www.notibras.com\/site\/#website","url":"https:\/\/www.notibras.com\/site\/","name":"Notibras","description":"Not\u00edcias de Bras\u00edlia, do Brasil e do Mundo","publisher":{"@id":"https:\/\/www.notibras.com\/site\/#organization"},"potentialAction":[{"@type":"SearchAction","target":{"@type":"EntryPoint","urlTemplate":"https:\/\/www.notibras.com\/site\/?s={search_term_string}"},"query-input":{"@type":"PropertyValueSpecification","valueRequired":true,"valueName":"search_term_string"}}],"inLanguage":"pt-BR"},{"@type":"Organization","@id":"https:\/\/www.notibras.com\/site\/#organization","name":"Grupo Notibras de Comunica\u00e7\u00e3o","url":"https:\/\/www.notibras.com\/site\/","logo":{"@type":"ImageObject","inLanguage":"pt-BR","@id":"https:\/\/www.notibras.com\/site\/#\/schema\/logo\/image\/","url":"https:\/\/www.notibras.com\/site\/wp-content\/uploads\/2023\/01\/notibras23.png","contentUrl":"https:\/\/www.notibras.com\/site\/wp-content\/uploads\/2023\/01\/notibras23.png","width":350,"height":87,"caption":"Grupo Notibras de Comunica\u00e7\u00e3o"},"image":{"@id":"https:\/\/www.notibras.com\/site\/#\/schema\/logo\/image\/"},"sameAs":["https:\/\/www.facebook.com\/notibras\/","https:\/\/x.com\/Notibras","https:\/\/www.instagram.com\/notibras\/"]},{"@type":"Person","@id":"https:\/\/www.notibras.com\/site\/#\/schema\/person\/36ab0979449956132d3e5b517ea76ac8","name":"Reda\u00e7\u00e3o","image":{"@type":"ImageObject","inLanguage":"pt-BR","@id":"https:\/\/secure.gravatar.com\/avatar\/e0a867bdedb85fd243eadf09663511f96fc81e0720a4a42581f334ad4303aa6b?s=96&d=mm&r=g","url":"https:\/\/secure.gravatar.com\/avatar\/e0a867bdedb85fd243eadf09663511f96fc81e0720a4a42581f334ad4303aa6b?s=96&d=mm&r=g","contentUrl":"https:\/\/secure.gravatar.com\/avatar\/e0a867bdedb85fd243eadf09663511f96fc81e0720a4a42581f334ad4303aa6b?s=96&d=mm&r=g","caption":"Reda\u00e7\u00e3o"}}]}},"amp_enabled":true,"_links":{"self":[{"href":"https:\/\/www.notibras.com\/site\/wp-json\/wp\/v2\/posts\/321658","targetHints":{"allow":["GET"]}}],"collection":[{"href":"https:\/\/www.notibras.com\/site\/wp-json\/wp\/v2\/posts"}],"about":[{"href":"https:\/\/www.notibras.com\/site\/wp-json\/wp\/v2\/types\/post"}],"author":[{"embeddable":true,"href":"https:\/\/www.notibras.com\/site\/wp-json\/wp\/v2\/users\/2"}],"replies":[{"embeddable":true,"href":"https:\/\/www.notibras.com\/site\/wp-json\/wp\/v2\/comments?post=321658"}],"version-history":[{"count":1,"href":"https:\/\/www.notibras.com\/site\/wp-json\/wp\/v2\/posts\/321658\/revisions"}],"predecessor-version":[{"id":321660,"href":"https:\/\/www.notibras.com\/site\/wp-json\/wp\/v2\/posts\/321658\/revisions\/321660"}],"wp:featuredmedia":[{"embeddable":true,"href":"https:\/\/www.notibras.com\/site\/wp-json\/wp\/v2\/media\/321659"}],"wp:attachment":[{"href":"https:\/\/www.notibras.com\/site\/wp-json\/wp\/v2\/media?parent=321658"}],"wp:term":[{"taxonomy":"category","embeddable":true,"href":"https:\/\/www.notibras.com\/site\/wp-json\/wp\/v2\/categories?post=321658"},{"taxonomy":"post_tag","embeddable":true,"href":"https:\/\/www.notibras.com\/site\/wp-json\/wp\/v2\/tags?post=321658"}],"curies":[{"name":"wp","href":"https:\/\/api.w.org\/{rel}","templated":true}]}}