{"id":321695,"date":"2024-02-04T00:02:20","date_gmt":"2024-02-04T03:02:20","guid":{"rendered":"https:\/\/www.notibras.com\/site\/?p=321695"},"modified":"2024-02-04T07:43:18","modified_gmt":"2024-02-04T10:43:18","slug":"suvaco-da-asa-traz-carnaval-de-pernambuco-a-brasilia","status":"publish","type":"post","link":"https:\/\/www.notibras.com\/site\/suvaco-da-asa-traz-carnaval-de-pernambuco-a-brasilia\/","title":{"rendered":"Suvaco da Asa traz carnaval de Pernambuco a Bras\u00edlia"},"content":{"rendered":"<p>Bras\u00edlia e Pernambuco se misturam em diversos blocos de carnaval e, tamb\u00e9m, no pr\u00e9-carnaval, com a vers\u00e3o infantil de um dos blocos mais tradicionais da capital federal: o Suvaco da Asa. Os pequenos foli\u00f5es deram a largada para a festa mais alegre do ano neste s\u00e1bado (3), no estacionamento do Complexo da Funarte, pr\u00f3ximo \u00e0 Torre de TV.<\/p>\n<p>\u201cKaya Roschel est\u00e1 nadando e dan\u00e7ando. N\u00e3o para de se mexer. Percebo claramente que ela gosta de um batuque\u201d, disse a administradora Bianca Roschel, 30 anos, gr\u00e1vida de seis meses, ao apontar para a pr\u00f3pria barriga em meio aos sons percussivos que transitavam entre maracatu e frevo do grupo Vivendo e Batucando. \u201cEla j\u00e1 est\u00e1 treinando para o carnaval\u201d, acrescentou.<\/p>\n<p>A rela\u00e7\u00e3o da administradora com o carnaval vem da inf\u00e2ncia, nas folias curtidas na companhia de seus pais. \u201cEstou passando aos meus filhos o que recebi de meus pais: o gosto pelo carnaval. Eles sempre me levaram para os blocos. Quero que meus filhos sintam da mesma felicidade\u201d, contou, em meio a declara\u00e7\u00f5es de amor ao samba de raiz e \u00e0s tantas escolas de samba pelas quais j\u00e1 desfilou.<\/p>\n<p>\u201cJ\u00e1 curti tamb\u00e9m muitos carnavais do Nordeste. Fui a Salvador, na Bahia; a Olinda, no Recife. J\u00e1 conheci o carnaval de quase todos os estados que t\u00eam tradi\u00e7\u00e3o no carnaval\u201d, complementou enquanto apontava para sua outra filha, Ayla, de 3 anos. \u201cEla faz quest\u00e3o de ter uma fantasia para cada dia de carnaval. Para este ano, Ayla preparou fantasias de unic\u00f3rnio, pompom, arco-\u00edris e de ETzinha\u201d.<\/p>\n<p>Os planos para o carnaval de 2024 n\u00e3o param. \u201cAinda mais agora que o carnaval de Bras\u00edlia est\u00e1 caindo no gosto das pessoas\u201d.<\/p>\n<p>O servidor p\u00fablico Lucas Alves, 34 anos, companheiro de Bianca, disse que os planos do casal \u00e9 deixar as crian\u00e7as com uma bab\u00e1 e cair na folia. \u201cFaremos maratonas nesse carnaval. Pularemos todos os blocos que der\u201d.<\/p>\n<p><strong>Pijamas<\/strong><br \/>\nN\u00e3o h\u00e1 regras para fantasias de carnaval. O casal de servidores p\u00fablicos Matheus Mendon\u00e7a, 38 anos, e Ana Lu\u00edza Machado, 37 anos, leva a s\u00e9rio. Acompanhados do filho Bernardo, de 1 ano, os tr\u00eas pareciam ter pulado da cama direto para pular o carnaval. Todos estavam de pijamas.<\/p>\n<p>\u201cRoupa mais confort\u00e1vel n\u00e3o existe. Unimos o \u00fatil ao agrad\u00e1vel. Al\u00e9m disso, \u00e9 f\u00e1cil para fantasiar a crian\u00e7a. Acordamos j\u00e1 prontos para o carnaval\u201d, brincou Ana Lu\u00edza. \u201cCarnaval \u00e9 isso: rir das fantasias dos outros e fazer os outros rirem das nossas fantasias\u201d, resumiu a foli\u00e3.<\/p>\n<p>Foi na festa de 2019, em meio ao fortalecimento do carnaval de rua de Belo Horizonte, que Matheus e Ana Lu\u00edza \u201cse fortaleceram\u201d enquanto casal. \u201cFoi nosso primeiro carnaval enquanto casal\u201d, explicou Matheus, que elogiou a melhora no carnaval de rua brasiliense nos \u00faltimos anos.<\/p>\n<p><strong>Suvaco da Asa<\/strong><br \/>\nEssa melhora se deve a figuras como Pablo Feitosa, o diretor-presidente do bloco Suvaco da Asa. \u201cSomos um bloco pernambucano criado com o objetivo de esquentar o pr\u00e9-carnaval desta cidade que j\u00e1 conta com v\u00e1rios blocos inspirados na cultura de Pernambuco. A princ\u00edpio, foi uma forma de matarmos a saudade de nosso carnaval. Trouxemos a folia de l\u00e1 para c\u00e1, porque se Maom\u00e9 n\u00e3o p\u00f4de ir \u00e0 montanha, a montanha veio a Maom\u00e9\u201d, explicou o organizador da festa.<\/p>\n<p>A expectativa \u00e9 de que, em 2024, o Suvaco da Asa re\u00fana entre 30 e 40 mil pessoas. Para este ano, est\u00e3o previstas homenagens ao cantor pernambucano Reginaldo Rossi, falecido em 2013. \u201cEle \u00e9 um rei para Pernambuco: o Rei do Brega\u201d, justificou Feitosa.<\/p>\n<p>Um dos pontos altos da festa ser\u00e1 o show do cantor pernambucano Otto, amigo e f\u00e3 de Reginaldo Rossi.<\/p>\n<p><strong>Carnaval democr\u00e1tico<\/strong><br \/>\nFeitosa enfatiza que, para ser pernambucano, \u00e9 fundamental que o carnaval seja democr\u00e1tico. \u201cPortanto, gratuito\u201d, acrescentou. Segundo o diretor do bloco, a retomada de um ambiente pol\u00edtico mais democr\u00e1tico tem refletido tamb\u00e9m nos festejos deste ano.<\/p>\n<p>\u201cAs pessoas est\u00e3o mais \u00e0 vontade para manifestar alegria e felicidade. Este \u00e9 o clima do nosso bloco. Um bloco sem ass\u00e9dio, no qual mulheres se sentem protegidas, em um ambiente que \u00e9 essencialmente contra o machismo, contra a homofobia e contra o racismo\u201d.<\/p>\n<p>Carnaval \u00e9 ambiente de alegria, mas tamb\u00e9m de neg\u00f3cios \u2013 que ajudam a gerar empregos e a fortalecer a economia local. \u201c\u00c9 muito f\u00e1cil vender cerveja no carnaval\u201d, comemorava o gerente de vendas da cervejaria artesanal Quatro Poderes, Ralf Louzada, 37 anos.<\/p>\n<p>Para valorizar o produto, ele dizia que a festa era pernambucana, mas o sabor da \u201calegria l\u00edquida\u201d era bem brasiliense. \u201cN\u00f3s usamos, em nossas receitas, muitas frutas locais, como cagaita, caju e maracuj\u00e1 do Cerrado\u201d.<\/p>\n","protected":false},"excerpt":{"rendered":"<p>Bras\u00edlia e Pernambuco se misturam em diversos blocos de carnaval e, tamb\u00e9m, no pr\u00e9-carnaval, com a vers\u00e3o infantil de um dos blocos mais tradicionais da capital federal: o Suvaco da Asa. Os pequenos foli\u00f5es deram a largada para a festa mais alegre do ano neste s\u00e1bado (3), no estacionamento do Complexo da Funarte, pr\u00f3ximo \u00e0 [&hellip;]<\/p>\n","protected":false},"author":2,"featured_media":321696,"comment_status":"closed","ping_status":"closed","sticky":false,"template":"","format":"standard","meta":{"_acf_changed":false,"footnotes":""},"categories":[161],"tags":[],"class_list":["post-321695","post","type-post","status-publish","format-standard","has-post-thumbnail","hentry","category-quadradinho-em-foco"],"acf":[],"yoast_head":"<!-- This site is optimized with the Yoast SEO plugin v27.2 - https:\/\/yoast.com\/product\/yoast-seo-wordpress\/ -->\n<title>Suvaco da Asa traz carnaval de Pernambuco a Bras\u00edlia - Notibras<\/title>\n<meta name=\"robots\" content=\"index, follow, max-snippet:-1, max-image-preview:large, max-video-preview:-1\" \/>\n<link rel=\"canonical\" href=\"https:\/\/www.notibras.com\/site\/suvaco-da-asa-traz-carnaval-de-pernambuco-a-brasilia\/\" \/>\n<meta property=\"og:locale\" content=\"pt_BR\" \/>\n<meta property=\"og:type\" content=\"article\" \/>\n<meta property=\"og:title\" content=\"Suvaco da Asa traz carnaval de Pernambuco a Bras\u00edlia - Notibras\" \/>\n<meta property=\"og:description\" content=\"Bras\u00edlia e Pernambuco se misturam em diversos blocos de carnaval e, tamb\u00e9m, no pr\u00e9-carnaval, com a vers\u00e3o infantil de um dos blocos mais tradicionais da capital federal: o Suvaco da Asa. Os pequenos foli\u00f5es deram a largada para a festa mais alegre do ano neste s\u00e1bado (3), no estacionamento do Complexo da Funarte, pr\u00f3ximo \u00e0 [&hellip;]\" \/>\n<meta property=\"og:url\" content=\"https:\/\/www.notibras.com\/site\/suvaco-da-asa-traz-carnaval-de-pernambuco-a-brasilia\/\" \/>\n<meta property=\"og:site_name\" content=\"Notibras\" \/>\n<meta property=\"article:publisher\" content=\"https:\/\/www.facebook.com\/notibras\/\" \/>\n<meta property=\"article:published_time\" content=\"2024-02-04T03:02:20+00:00\" \/>\n<meta property=\"article:modified_time\" content=\"2024-02-04T10:43:18+00:00\" \/>\n<meta property=\"og:image\" content=\"https:\/\/www.notibras.com\/site\/wp-content\/uploads\/2024\/02\/suvacodf.car_.webp\" \/>\n\t<meta property=\"og:image:width\" content=\"1170\" \/>\n\t<meta property=\"og:image:height\" content=\"700\" \/>\n\t<meta property=\"og:image:type\" content=\"image\/webp\" \/>\n<meta name=\"author\" content=\"Reda\u00e7\u00e3o\" \/>\n<meta name=\"twitter:card\" content=\"summary_large_image\" \/>\n<meta name=\"twitter:creator\" content=\"@Notibras\" \/>\n<meta name=\"twitter:site\" content=\"@Notibras\" \/>\n<meta name=\"twitter:label1\" content=\"Escrito por\" \/>\n\t<meta name=\"twitter:data1\" content=\"Reda\u00e7\u00e3o\" \/>\n\t<meta name=\"twitter:label2\" content=\"Est. tempo de leitura\" \/>\n\t<meta name=\"twitter:data2\" content=\"5 minutos\" \/>\n<script type=\"application\/ld+json\" class=\"yoast-schema-graph\">{\"@context\":\"https:\/\/schema.org\",\"@graph\":[{\"@type\":\"Article\",\"@id\":\"https:\/\/www.notibras.com\/site\/suvaco-da-asa-traz-carnaval-de-pernambuco-a-brasilia\/#article\",\"isPartOf\":{\"@id\":\"https:\/\/www.notibras.com\/site\/suvaco-da-asa-traz-carnaval-de-pernambuco-a-brasilia\/\"},\"author\":{\"name\":\"Reda\u00e7\u00e3o\",\"@id\":\"https:\/\/www.notibras.com\/site\/#\/schema\/person\/36ab0979449956132d3e5b517ea76ac8\"},\"headline\":\"Suvaco da Asa traz carnaval de Pernambuco a Bras\u00edlia\",\"datePublished\":\"2024-02-04T03:02:20+00:00\",\"dateModified\":\"2024-02-04T10:43:18+00:00\",\"mainEntityOfPage\":{\"@id\":\"https:\/\/www.notibras.com\/site\/suvaco-da-asa-traz-carnaval-de-pernambuco-a-brasilia\/\"},\"wordCount\":795,\"publisher\":{\"@id\":\"https:\/\/www.notibras.com\/site\/#organization\"},\"image\":{\"@id\":\"https:\/\/www.notibras.com\/site\/suvaco-da-asa-traz-carnaval-de-pernambuco-a-brasilia\/#primaryimage\"},\"thumbnailUrl\":\"https:\/\/www.notibras.com\/site\/wp-content\/uploads\/2024\/02\/suvacodf.car_.webp\",\"articleSection\":[\"Quadradinho em Foco\"],\"inLanguage\":\"pt-BR\"},{\"@type\":\"WebPage\",\"@id\":\"https:\/\/www.notibras.com\/site\/suvaco-da-asa-traz-carnaval-de-pernambuco-a-brasilia\/\",\"url\":\"https:\/\/www.notibras.com\/site\/suvaco-da-asa-traz-carnaval-de-pernambuco-a-brasilia\/\",\"name\":\"Suvaco da Asa traz carnaval de Pernambuco a Bras\u00edlia - Notibras\",\"isPartOf\":{\"@id\":\"https:\/\/www.notibras.com\/site\/#website\"},\"primaryImageOfPage\":{\"@id\":\"https:\/\/www.notibras.com\/site\/suvaco-da-asa-traz-carnaval-de-pernambuco-a-brasilia\/#primaryimage\"},\"image\":{\"@id\":\"https:\/\/www.notibras.com\/site\/suvaco-da-asa-traz-carnaval-de-pernambuco-a-brasilia\/#primaryimage\"},\"thumbnailUrl\":\"https:\/\/www.notibras.com\/site\/wp-content\/uploads\/2024\/02\/suvacodf.car_.webp\",\"datePublished\":\"2024-02-04T03:02:20+00:00\",\"dateModified\":\"2024-02-04T10:43:18+00:00\",\"breadcrumb\":{\"@id\":\"https:\/\/www.notibras.com\/site\/suvaco-da-asa-traz-carnaval-de-pernambuco-a-brasilia\/#breadcrumb\"},\"inLanguage\":\"pt-BR\",\"potentialAction\":[{\"@type\":\"ReadAction\",\"target\":[\"https:\/\/www.notibras.com\/site\/suvaco-da-asa-traz-carnaval-de-pernambuco-a-brasilia\/\"]}]},{\"@type\":\"ImageObject\",\"inLanguage\":\"pt-BR\",\"@id\":\"https:\/\/www.notibras.com\/site\/suvaco-da-asa-traz-carnaval-de-pernambuco-a-brasilia\/#primaryimage\",\"url\":\"https:\/\/www.notibras.com\/site\/wp-content\/uploads\/2024\/02\/suvacodf.car_.webp\",\"contentUrl\":\"https:\/\/www.notibras.com\/site\/wp-content\/uploads\/2024\/02\/suvacodf.car_.webp\",\"width\":1170,\"height\":700},{\"@type\":\"BreadcrumbList\",\"@id\":\"https:\/\/www.notibras.com\/site\/suvaco-da-asa-traz-carnaval-de-pernambuco-a-brasilia\/#breadcrumb\",\"itemListElement\":[{\"@type\":\"ListItem\",\"position\":1,\"name\":\"In\u00edcio\",\"item\":\"https:\/\/www.notibras.com\/site\/\"},{\"@type\":\"ListItem\",\"position\":2,\"name\":\"Suvaco da Asa traz carnaval de Pernambuco a Bras\u00edlia\"}]},{\"@type\":\"WebSite\",\"@id\":\"https:\/\/www.notibras.com\/site\/#website\",\"url\":\"https:\/\/www.notibras.com\/site\/\",\"name\":\"Notibras\",\"description\":\"Not\u00edcias de Bras\u00edlia, do Brasil e do Mundo\",\"publisher\":{\"@id\":\"https:\/\/www.notibras.com\/site\/#organization\"},\"potentialAction\":[{\"@type\":\"SearchAction\",\"target\":{\"@type\":\"EntryPoint\",\"urlTemplate\":\"https:\/\/www.notibras.com\/site\/?s={search_term_string}\"},\"query-input\":{\"@type\":\"PropertyValueSpecification\",\"valueRequired\":true,\"valueName\":\"search_term_string\"}}],\"inLanguage\":\"pt-BR\"},{\"@type\":\"Organization\",\"@id\":\"https:\/\/www.notibras.com\/site\/#organization\",\"name\":\"Grupo Notibras de Comunica\u00e7\u00e3o\",\"url\":\"https:\/\/www.notibras.com\/site\/\",\"logo\":{\"@type\":\"ImageObject\",\"inLanguage\":\"pt-BR\",\"@id\":\"https:\/\/www.notibras.com\/site\/#\/schema\/logo\/image\/\",\"url\":\"https:\/\/www.notibras.com\/site\/wp-content\/uploads\/2023\/01\/notibras23.png\",\"contentUrl\":\"https:\/\/www.notibras.com\/site\/wp-content\/uploads\/2023\/01\/notibras23.png\",\"width\":350,\"height\":87,\"caption\":\"Grupo Notibras de Comunica\u00e7\u00e3o\"},\"image\":{\"@id\":\"https:\/\/www.notibras.com\/site\/#\/schema\/logo\/image\/\"},\"sameAs\":[\"https:\/\/www.facebook.com\/notibras\/\",\"https:\/\/x.com\/Notibras\",\"https:\/\/www.instagram.com\/notibras\/\"]},{\"@type\":\"Person\",\"@id\":\"https:\/\/www.notibras.com\/site\/#\/schema\/person\/36ab0979449956132d3e5b517ea76ac8\",\"name\":\"Reda\u00e7\u00e3o\",\"image\":{\"@type\":\"ImageObject\",\"inLanguage\":\"pt-BR\",\"@id\":\"https:\/\/secure.gravatar.com\/avatar\/e0a867bdedb85fd243eadf09663511f96fc81e0720a4a42581f334ad4303aa6b?s=96&d=mm&r=g\",\"url\":\"https:\/\/secure.gravatar.com\/avatar\/e0a867bdedb85fd243eadf09663511f96fc81e0720a4a42581f334ad4303aa6b?s=96&d=mm&r=g\",\"contentUrl\":\"https:\/\/secure.gravatar.com\/avatar\/e0a867bdedb85fd243eadf09663511f96fc81e0720a4a42581f334ad4303aa6b?s=96&d=mm&r=g\",\"caption\":\"Reda\u00e7\u00e3o\"}}]}<\/script>\n<!-- \/ Yoast SEO plugin. -->","yoast_head_json":{"title":"Suvaco da Asa traz carnaval de Pernambuco a Bras\u00edlia - Notibras","robots":{"index":"index","follow":"follow","max-snippet":"max-snippet:-1","max-image-preview":"max-image-preview:large","max-video-preview":"max-video-preview:-1"},"canonical":"https:\/\/www.notibras.com\/site\/suvaco-da-asa-traz-carnaval-de-pernambuco-a-brasilia\/","og_locale":"pt_BR","og_type":"article","og_title":"Suvaco da Asa traz carnaval de Pernambuco a Bras\u00edlia - Notibras","og_description":"Bras\u00edlia e Pernambuco se misturam em diversos blocos de carnaval e, tamb\u00e9m, no pr\u00e9-carnaval, com a vers\u00e3o infantil de um dos blocos mais tradicionais da capital federal: o Suvaco da Asa. Os pequenos foli\u00f5es deram a largada para a festa mais alegre do ano neste s\u00e1bado (3), no estacionamento do Complexo da Funarte, pr\u00f3ximo \u00e0 [&hellip;]","og_url":"https:\/\/www.notibras.com\/site\/suvaco-da-asa-traz-carnaval-de-pernambuco-a-brasilia\/","og_site_name":"Notibras","article_publisher":"https:\/\/www.facebook.com\/notibras\/","article_published_time":"2024-02-04T03:02:20+00:00","article_modified_time":"2024-02-04T10:43:18+00:00","og_image":[{"width":1170,"height":700,"url":"https:\/\/www.notibras.com\/site\/wp-content\/uploads\/2024\/02\/suvacodf.car_.webp","type":"image\/webp"}],"author":"Reda\u00e7\u00e3o","twitter_card":"summary_large_image","twitter_creator":"@Notibras","twitter_site":"@Notibras","twitter_misc":{"Escrito por":"Reda\u00e7\u00e3o","Est. tempo de leitura":"5 minutos"},"schema":{"@context":"https:\/\/schema.org","@graph":[{"@type":"Article","@id":"https:\/\/www.notibras.com\/site\/suvaco-da-asa-traz-carnaval-de-pernambuco-a-brasilia\/#article","isPartOf":{"@id":"https:\/\/www.notibras.com\/site\/suvaco-da-asa-traz-carnaval-de-pernambuco-a-brasilia\/"},"author":{"name":"Reda\u00e7\u00e3o","@id":"https:\/\/www.notibras.com\/site\/#\/schema\/person\/36ab0979449956132d3e5b517ea76ac8"},"headline":"Suvaco da Asa traz carnaval de Pernambuco a Bras\u00edlia","datePublished":"2024-02-04T03:02:20+00:00","dateModified":"2024-02-04T10:43:18+00:00","mainEntityOfPage":{"@id":"https:\/\/www.notibras.com\/site\/suvaco-da-asa-traz-carnaval-de-pernambuco-a-brasilia\/"},"wordCount":795,"publisher":{"@id":"https:\/\/www.notibras.com\/site\/#organization"},"image":{"@id":"https:\/\/www.notibras.com\/site\/suvaco-da-asa-traz-carnaval-de-pernambuco-a-brasilia\/#primaryimage"},"thumbnailUrl":"https:\/\/www.notibras.com\/site\/wp-content\/uploads\/2024\/02\/suvacodf.car_.webp","articleSection":["Quadradinho em Foco"],"inLanguage":"pt-BR"},{"@type":"WebPage","@id":"https:\/\/www.notibras.com\/site\/suvaco-da-asa-traz-carnaval-de-pernambuco-a-brasilia\/","url":"https:\/\/www.notibras.com\/site\/suvaco-da-asa-traz-carnaval-de-pernambuco-a-brasilia\/","name":"Suvaco da Asa traz carnaval de Pernambuco a Bras\u00edlia - Notibras","isPartOf":{"@id":"https:\/\/www.notibras.com\/site\/#website"},"primaryImageOfPage":{"@id":"https:\/\/www.notibras.com\/site\/suvaco-da-asa-traz-carnaval-de-pernambuco-a-brasilia\/#primaryimage"},"image":{"@id":"https:\/\/www.notibras.com\/site\/suvaco-da-asa-traz-carnaval-de-pernambuco-a-brasilia\/#primaryimage"},"thumbnailUrl":"https:\/\/www.notibras.com\/site\/wp-content\/uploads\/2024\/02\/suvacodf.car_.webp","datePublished":"2024-02-04T03:02:20+00:00","dateModified":"2024-02-04T10:43:18+00:00","breadcrumb":{"@id":"https:\/\/www.notibras.com\/site\/suvaco-da-asa-traz-carnaval-de-pernambuco-a-brasilia\/#breadcrumb"},"inLanguage":"pt-BR","potentialAction":[{"@type":"ReadAction","target":["https:\/\/www.notibras.com\/site\/suvaco-da-asa-traz-carnaval-de-pernambuco-a-brasilia\/"]}]},{"@type":"ImageObject","inLanguage":"pt-BR","@id":"https:\/\/www.notibras.com\/site\/suvaco-da-asa-traz-carnaval-de-pernambuco-a-brasilia\/#primaryimage","url":"https:\/\/www.notibras.com\/site\/wp-content\/uploads\/2024\/02\/suvacodf.car_.webp","contentUrl":"https:\/\/www.notibras.com\/site\/wp-content\/uploads\/2024\/02\/suvacodf.car_.webp","width":1170,"height":700},{"@type":"BreadcrumbList","@id":"https:\/\/www.notibras.com\/site\/suvaco-da-asa-traz-carnaval-de-pernambuco-a-brasilia\/#breadcrumb","itemListElement":[{"@type":"ListItem","position":1,"name":"In\u00edcio","item":"https:\/\/www.notibras.com\/site\/"},{"@type":"ListItem","position":2,"name":"Suvaco da Asa traz carnaval de Pernambuco a Bras\u00edlia"}]},{"@type":"WebSite","@id":"https:\/\/www.notibras.com\/site\/#website","url":"https:\/\/www.notibras.com\/site\/","name":"Notibras","description":"Not\u00edcias de Bras\u00edlia, do Brasil e do Mundo","publisher":{"@id":"https:\/\/www.notibras.com\/site\/#organization"},"potentialAction":[{"@type":"SearchAction","target":{"@type":"EntryPoint","urlTemplate":"https:\/\/www.notibras.com\/site\/?s={search_term_string}"},"query-input":{"@type":"PropertyValueSpecification","valueRequired":true,"valueName":"search_term_string"}}],"inLanguage":"pt-BR"},{"@type":"Organization","@id":"https:\/\/www.notibras.com\/site\/#organization","name":"Grupo Notibras de Comunica\u00e7\u00e3o","url":"https:\/\/www.notibras.com\/site\/","logo":{"@type":"ImageObject","inLanguage":"pt-BR","@id":"https:\/\/www.notibras.com\/site\/#\/schema\/logo\/image\/","url":"https:\/\/www.notibras.com\/site\/wp-content\/uploads\/2023\/01\/notibras23.png","contentUrl":"https:\/\/www.notibras.com\/site\/wp-content\/uploads\/2023\/01\/notibras23.png","width":350,"height":87,"caption":"Grupo Notibras de Comunica\u00e7\u00e3o"},"image":{"@id":"https:\/\/www.notibras.com\/site\/#\/schema\/logo\/image\/"},"sameAs":["https:\/\/www.facebook.com\/notibras\/","https:\/\/x.com\/Notibras","https:\/\/www.instagram.com\/notibras\/"]},{"@type":"Person","@id":"https:\/\/www.notibras.com\/site\/#\/schema\/person\/36ab0979449956132d3e5b517ea76ac8","name":"Reda\u00e7\u00e3o","image":{"@type":"ImageObject","inLanguage":"pt-BR","@id":"https:\/\/secure.gravatar.com\/avatar\/e0a867bdedb85fd243eadf09663511f96fc81e0720a4a42581f334ad4303aa6b?s=96&d=mm&r=g","url":"https:\/\/secure.gravatar.com\/avatar\/e0a867bdedb85fd243eadf09663511f96fc81e0720a4a42581f334ad4303aa6b?s=96&d=mm&r=g","contentUrl":"https:\/\/secure.gravatar.com\/avatar\/e0a867bdedb85fd243eadf09663511f96fc81e0720a4a42581f334ad4303aa6b?s=96&d=mm&r=g","caption":"Reda\u00e7\u00e3o"}}]}},"amp_enabled":true,"_links":{"self":[{"href":"https:\/\/www.notibras.com\/site\/wp-json\/wp\/v2\/posts\/321695","targetHints":{"allow":["GET"]}}],"collection":[{"href":"https:\/\/www.notibras.com\/site\/wp-json\/wp\/v2\/posts"}],"about":[{"href":"https:\/\/www.notibras.com\/site\/wp-json\/wp\/v2\/types\/post"}],"author":[{"embeddable":true,"href":"https:\/\/www.notibras.com\/site\/wp-json\/wp\/v2\/users\/2"}],"replies":[{"embeddable":true,"href":"https:\/\/www.notibras.com\/site\/wp-json\/wp\/v2\/comments?post=321695"}],"version-history":[{"count":1,"href":"https:\/\/www.notibras.com\/site\/wp-json\/wp\/v2\/posts\/321695\/revisions"}],"predecessor-version":[{"id":321697,"href":"https:\/\/www.notibras.com\/site\/wp-json\/wp\/v2\/posts\/321695\/revisions\/321697"}],"wp:featuredmedia":[{"embeddable":true,"href":"https:\/\/www.notibras.com\/site\/wp-json\/wp\/v2\/media\/321696"}],"wp:attachment":[{"href":"https:\/\/www.notibras.com\/site\/wp-json\/wp\/v2\/media?parent=321695"}],"wp:term":[{"taxonomy":"category","embeddable":true,"href":"https:\/\/www.notibras.com\/site\/wp-json\/wp\/v2\/categories?post=321695"},{"taxonomy":"post_tag","embeddable":true,"href":"https:\/\/www.notibras.com\/site\/wp-json\/wp\/v2\/tags?post=321695"}],"curies":[{"name":"wp","href":"https:\/\/api.w.org\/{rel}","templated":true}]}}