{"id":321698,"date":"2024-02-04T00:02:53","date_gmt":"2024-02-04T03:02:53","guid":{"rendered":"https:\/\/www.notibras.com\/site\/?p=321698"},"modified":"2024-02-04T07:52:44","modified_gmt":"2024-02-04T10:52:44","slug":"foliao-deve-ficar-atento-aos-direitos-do-consumidor","status":"publish","type":"post","link":"https:\/\/www.notibras.com\/site\/foliao-deve-ficar-atento-aos-direitos-do-consumidor\/","title":{"rendered":"Foli\u00e3o deve ficar atento aos direitos do consumidor"},"content":{"rendered":"<p>Para que o consumidor aproveite o per\u00edodo do Carnaval livre de problemas e poss\u00edveis aborrecimentos durante os dias de folia, o Instituto de Defesa do Consumidor (Procon-DF) levantou algumas dicas de como evitar os golpes nesta \u00e9poca festiva.<\/p>\n<p>A aten\u00e7\u00e3o redobrada est\u00e1 entre as principais orienta\u00e7\u00f5es do \u00f3rg\u00e3o, tanto em rela\u00e7\u00e3o \u00e0s compras quanto \u00e0s movimenta\u00e7\u00f5es durante o evento.<\/p>\n<p>Ter cuidado com as compras feitas na internet pode evitar grandes dores de cabe\u00e7a. Ao comprar fantasias, ingressos para festas ou at\u00e9 viagens, \u00e9 importante verificar se a oferta vem realmente do site oficial da empresa. O recomendado \u00e9 ir diretamente \u00e0 p\u00e1gina oficial, sem abrir links aleat\u00f3rios, conferindo se h\u00e1 um \u00edcone de cadeado no canto inferior da p\u00e1gina.<\/p>\n<p>Deve-se observar, tamb\u00e9m, se h\u00e1 mais de uma forma de pagamento al\u00e9m de Pix e boletos banc\u00e1rios, dando prioridade ao cart\u00e3o de cr\u00e9dito \u2013 por meio do qual voc\u00ea pode contestar as compras feitas.<\/p>\n<p>No caso de aquisi\u00e7\u00e3o de passagens a\u00e9reas ou pacotes de viagem, \u00e9 indicado que o interessado fa\u00e7a uma pesquisa pr\u00e9via na ag\u00eancia de turismo e sites de reclama\u00e7\u00e3o para averiguar se a empresa \u00e9 confi\u00e1vel.<\/p>\n<p><strong>Qualidade dos produtos<\/strong><br \/>\nEm algumas festas ou bloquinhos, os abad\u00e1s s\u00e3o aquisi\u00e7\u00f5es comuns dos foli\u00f5es. O indicado pelo Procon \u00e9 que as pessoas adquiram o item diretamente na loja oficial de venda.<\/p>\n<p>\u00c9 interessante ficar atento tamb\u00e9m ao material fabricado, verificando, entre outros aspectos, se o tecido pode provocar alergias \u2013 especialmente em crian\u00e7as \u2013 , tendo aten\u00e7\u00e3o redobrada na hora de comprar m\u00e1scaras e fantasias infantis.<\/p>\n<p>Evitar comprar aerossol de cambistas tamb\u00e9m \u00e9 uma orienta\u00e7\u00e3o da pasta, visto que nesses casos n\u00e3o s\u00e3o emitidas notas fiscais. Em vez disso, d\u00ea prefer\u00eancia sempre \u00e0s lojas que fornecem os comprovantes, atentando se as embalagens n\u00e3o apresentam deteriora\u00e7\u00e3o.<\/p>\n<p>Tratando-se de brinquedos e outros materiais, recomenda-se sempre checar a faixa et\u00e1ria de utiliza\u00e7\u00e3o e preferir os que possuem o selo do Inmetro, o que garante que passaram por testes e an\u00e1lises nos organismos acreditados para certifica\u00e7\u00e3o. \u00c9 o caso das espumas em aerossol, que devem conter o selo Inmetro e n\u00e3o podem ser t\u00f3xicas, e das fantasias infantis, que n\u00e3o podem ser feitas de tecidos inflam\u00e1veis.<\/p>\n<p><strong>Alimenta\u00e7\u00e3o e bebidas<\/strong><br \/>\nDurante os festejos de Carnaval, h\u00e1 sempre a parte de consumo. Por isso \u00e9 importante checar as condi\u00e7\u00f5es de alimentos prontos para degusta\u00e7\u00e3o \u2013 inclusive bebidas -, nos quais devem ser observados itens como data de validade, temperatura e o estado de armazenamento dos produtos.<\/p>\n<p>Em festas que incluem alimenta\u00e7\u00e3o e bebidas, \u00e9 importante observar se o que \u00e9 oferecido condiz com o que foi anunciado pela organiza\u00e7\u00e3o.<\/p>\n<p>O consumidor tamb\u00e9m deve estar atento ao aspecto de lanches vendidos por ambulantes, j\u00e1 que o estado de conserva\u00e7\u00e3o pode n\u00e3o ser adequado. Quem for curtir nas ruas de Bras\u00edlia deve lembrar de tirar do cart\u00e3o a op\u00e7\u00e3o de aproxima\u00e7\u00e3o para evitar furtos e transi\u00e7\u00f5es indesejadas, al\u00e9m de n\u00e3o entregar o cart\u00e3o para o comerciante, para prevenir altera\u00e7\u00e3o nos valores.<\/p>\n<p>Existem regras preestabelecidas para os restaurantes e bares, como os locais com couvert art\u00edstico. \u00c9 obrigat\u00f3rio que se avise sobre o servi\u00e7o antes de cobr\u00e1-lo, assim que o cliente chega ao local, al\u00e9m de informar o valor.<\/p>\n<p>Outra quest\u00e3o \u00e9 em caso de perda de comanda: o estabelecimento n\u00e3o pode cobrar determinado valor caso o consumidor perca o cart\u00e3o ou equivalente. Al\u00e9m disso, n\u00e3o pode haver m\u00ednimo de consuma\u00e7\u00e3o a ser cobrado.<\/p>\n<p>\u201cO papel do Procon \u00e9 dar apoio ao consumidor, partindo sempre da orienta\u00e7\u00e3o. \u00c9 preciso ter calma para fazer as compras e atentar aos requisitos b\u00e1sicos. E as orienta\u00e7\u00f5es tamb\u00e9m se estendem aos comerciantes, para que cumpram as medidas estabelecidas\u201d, ressalta o diretor-geral do Procon, Marcelo de Souza Nascimento.<\/p>\n","protected":false},"excerpt":{"rendered":"<p>Para que o consumidor aproveite o per\u00edodo do Carnaval livre de problemas e poss\u00edveis aborrecimentos durante os dias de folia, o Instituto de Defesa do Consumidor (Procon-DF) levantou algumas dicas de como evitar os golpes nesta \u00e9poca festiva. A aten\u00e7\u00e3o redobrada est\u00e1 entre as principais orienta\u00e7\u00f5es do \u00f3rg\u00e3o, tanto em rela\u00e7\u00e3o \u00e0s compras quanto \u00e0s [&hellip;]<\/p>\n","protected":false},"author":2,"featured_media":321699,"comment_status":"closed","ping_status":"closed","sticky":false,"template":"","format":"standard","meta":{"_acf_changed":false,"footnotes":""},"categories":[161],"tags":[],"class_list":["post-321698","post","type-post","status-publish","format-standard","has-post-thumbnail","hentry","category-quadradinho-em-foco"],"acf":[],"yoast_head":"<!-- This site is optimized with the Yoast SEO plugin v27.2 - https:\/\/yoast.com\/product\/yoast-seo-wordpress\/ -->\n<title>Foli\u00e3o deve ficar atento aos direitos do consumidor - Notibras<\/title>\n<meta name=\"robots\" content=\"index, follow, max-snippet:-1, max-image-preview:large, max-video-preview:-1\" \/>\n<link rel=\"canonical\" href=\"https:\/\/www.notibras.com\/site\/foliao-deve-ficar-atento-aos-direitos-do-consumidor\/\" \/>\n<meta property=\"og:locale\" content=\"pt_BR\" \/>\n<meta property=\"og:type\" content=\"article\" \/>\n<meta property=\"og:title\" content=\"Foli\u00e3o deve ficar atento aos direitos do consumidor - Notibras\" \/>\n<meta property=\"og:description\" content=\"Para que o consumidor aproveite o per\u00edodo do Carnaval livre de problemas e poss\u00edveis aborrecimentos durante os dias de folia, o Instituto de Defesa do Consumidor (Procon-DF) levantou algumas dicas de como evitar os golpes nesta \u00e9poca festiva. A aten\u00e7\u00e3o redobrada est\u00e1 entre as principais orienta\u00e7\u00f5es do \u00f3rg\u00e3o, tanto em rela\u00e7\u00e3o \u00e0s compras quanto \u00e0s [&hellip;]\" \/>\n<meta property=\"og:url\" content=\"https:\/\/www.notibras.com\/site\/foliao-deve-ficar-atento-aos-direitos-do-consumidor\/\" \/>\n<meta property=\"og:site_name\" content=\"Notibras\" \/>\n<meta property=\"article:publisher\" content=\"https:\/\/www.facebook.com\/notibras\/\" \/>\n<meta property=\"article:published_time\" content=\"2024-02-04T03:02:53+00:00\" \/>\n<meta property=\"article:modified_time\" content=\"2024-02-04T10:52:44+00:00\" \/>\n<meta property=\"og:image\" content=\"https:\/\/www.notibras.com\/site\/wp-content\/uploads\/2024\/02\/carnapre.jpg\" \/>\n\t<meta property=\"og:image:width\" content=\"799\" \/>\n\t<meta property=\"og:image:height\" content=\"533\" \/>\n\t<meta property=\"og:image:type\" content=\"image\/jpeg\" \/>\n<meta name=\"author\" content=\"Reda\u00e7\u00e3o\" \/>\n<meta name=\"twitter:card\" content=\"summary_large_image\" \/>\n<meta name=\"twitter:creator\" content=\"@Notibras\" \/>\n<meta name=\"twitter:site\" content=\"@Notibras\" \/>\n<meta name=\"twitter:label1\" content=\"Escrito por\" \/>\n\t<meta name=\"twitter:data1\" content=\"Reda\u00e7\u00e3o\" \/>\n\t<meta name=\"twitter:label2\" content=\"Est. tempo de leitura\" \/>\n\t<meta name=\"twitter:data2\" content=\"4 minutos\" \/>\n<script type=\"application\/ld+json\" class=\"yoast-schema-graph\">{\"@context\":\"https:\/\/schema.org\",\"@graph\":[{\"@type\":\"Article\",\"@id\":\"https:\/\/www.notibras.com\/site\/foliao-deve-ficar-atento-aos-direitos-do-consumidor\/#article\",\"isPartOf\":{\"@id\":\"https:\/\/www.notibras.com\/site\/foliao-deve-ficar-atento-aos-direitos-do-consumidor\/\"},\"author\":{\"name\":\"Reda\u00e7\u00e3o\",\"@id\":\"https:\/\/www.notibras.com\/site\/#\/schema\/person\/36ab0979449956132d3e5b517ea76ac8\"},\"headline\":\"Foli\u00e3o deve ficar atento aos direitos do consumidor\",\"datePublished\":\"2024-02-04T03:02:53+00:00\",\"dateModified\":\"2024-02-04T10:52:44+00:00\",\"mainEntityOfPage\":{\"@id\":\"https:\/\/www.notibras.com\/site\/foliao-deve-ficar-atento-aos-direitos-do-consumidor\/\"},\"wordCount\":680,\"publisher\":{\"@id\":\"https:\/\/www.notibras.com\/site\/#organization\"},\"image\":{\"@id\":\"https:\/\/www.notibras.com\/site\/foliao-deve-ficar-atento-aos-direitos-do-consumidor\/#primaryimage\"},\"thumbnailUrl\":\"https:\/\/www.notibras.com\/site\/wp-content\/uploads\/2024\/02\/carnapre.jpg\",\"articleSection\":[\"Quadradinho em Foco\"],\"inLanguage\":\"pt-BR\"},{\"@type\":\"WebPage\",\"@id\":\"https:\/\/www.notibras.com\/site\/foliao-deve-ficar-atento-aos-direitos-do-consumidor\/\",\"url\":\"https:\/\/www.notibras.com\/site\/foliao-deve-ficar-atento-aos-direitos-do-consumidor\/\",\"name\":\"Foli\u00e3o deve ficar atento aos direitos do consumidor - Notibras\",\"isPartOf\":{\"@id\":\"https:\/\/www.notibras.com\/site\/#website\"},\"primaryImageOfPage\":{\"@id\":\"https:\/\/www.notibras.com\/site\/foliao-deve-ficar-atento-aos-direitos-do-consumidor\/#primaryimage\"},\"image\":{\"@id\":\"https:\/\/www.notibras.com\/site\/foliao-deve-ficar-atento-aos-direitos-do-consumidor\/#primaryimage\"},\"thumbnailUrl\":\"https:\/\/www.notibras.com\/site\/wp-content\/uploads\/2024\/02\/carnapre.jpg\",\"datePublished\":\"2024-02-04T03:02:53+00:00\",\"dateModified\":\"2024-02-04T10:52:44+00:00\",\"breadcrumb\":{\"@id\":\"https:\/\/www.notibras.com\/site\/foliao-deve-ficar-atento-aos-direitos-do-consumidor\/#breadcrumb\"},\"inLanguage\":\"pt-BR\",\"potentialAction\":[{\"@type\":\"ReadAction\",\"target\":[\"https:\/\/www.notibras.com\/site\/foliao-deve-ficar-atento-aos-direitos-do-consumidor\/\"]}]},{\"@type\":\"ImageObject\",\"inLanguage\":\"pt-BR\",\"@id\":\"https:\/\/www.notibras.com\/site\/foliao-deve-ficar-atento-aos-direitos-do-consumidor\/#primaryimage\",\"url\":\"https:\/\/www.notibras.com\/site\/wp-content\/uploads\/2024\/02\/carnapre.jpg\",\"contentUrl\":\"https:\/\/www.notibras.com\/site\/wp-content\/uploads\/2024\/02\/carnapre.jpg\",\"width\":799,\"height\":533},{\"@type\":\"BreadcrumbList\",\"@id\":\"https:\/\/www.notibras.com\/site\/foliao-deve-ficar-atento-aos-direitos-do-consumidor\/#breadcrumb\",\"itemListElement\":[{\"@type\":\"ListItem\",\"position\":1,\"name\":\"In\u00edcio\",\"item\":\"https:\/\/www.notibras.com\/site\/\"},{\"@type\":\"ListItem\",\"position\":2,\"name\":\"Foli\u00e3o deve ficar atento aos direitos do consumidor\"}]},{\"@type\":\"WebSite\",\"@id\":\"https:\/\/www.notibras.com\/site\/#website\",\"url\":\"https:\/\/www.notibras.com\/site\/\",\"name\":\"Notibras\",\"description\":\"Not\u00edcias de Bras\u00edlia, do Brasil e do Mundo\",\"publisher\":{\"@id\":\"https:\/\/www.notibras.com\/site\/#organization\"},\"potentialAction\":[{\"@type\":\"SearchAction\",\"target\":{\"@type\":\"EntryPoint\",\"urlTemplate\":\"https:\/\/www.notibras.com\/site\/?s={search_term_string}\"},\"query-input\":{\"@type\":\"PropertyValueSpecification\",\"valueRequired\":true,\"valueName\":\"search_term_string\"}}],\"inLanguage\":\"pt-BR\"},{\"@type\":\"Organization\",\"@id\":\"https:\/\/www.notibras.com\/site\/#organization\",\"name\":\"Grupo Notibras de Comunica\u00e7\u00e3o\",\"url\":\"https:\/\/www.notibras.com\/site\/\",\"logo\":{\"@type\":\"ImageObject\",\"inLanguage\":\"pt-BR\",\"@id\":\"https:\/\/www.notibras.com\/site\/#\/schema\/logo\/image\/\",\"url\":\"https:\/\/www.notibras.com\/site\/wp-content\/uploads\/2023\/01\/notibras23.png\",\"contentUrl\":\"https:\/\/www.notibras.com\/site\/wp-content\/uploads\/2023\/01\/notibras23.png\",\"width\":350,\"height\":87,\"caption\":\"Grupo Notibras de Comunica\u00e7\u00e3o\"},\"image\":{\"@id\":\"https:\/\/www.notibras.com\/site\/#\/schema\/logo\/image\/\"},\"sameAs\":[\"https:\/\/www.facebook.com\/notibras\/\",\"https:\/\/x.com\/Notibras\",\"https:\/\/www.instagram.com\/notibras\/\"]},{\"@type\":\"Person\",\"@id\":\"https:\/\/www.notibras.com\/site\/#\/schema\/person\/36ab0979449956132d3e5b517ea76ac8\",\"name\":\"Reda\u00e7\u00e3o\",\"image\":{\"@type\":\"ImageObject\",\"inLanguage\":\"pt-BR\",\"@id\":\"https:\/\/secure.gravatar.com\/avatar\/e0a867bdedb85fd243eadf09663511f96fc81e0720a4a42581f334ad4303aa6b?s=96&d=mm&r=g\",\"url\":\"https:\/\/secure.gravatar.com\/avatar\/e0a867bdedb85fd243eadf09663511f96fc81e0720a4a42581f334ad4303aa6b?s=96&d=mm&r=g\",\"contentUrl\":\"https:\/\/secure.gravatar.com\/avatar\/e0a867bdedb85fd243eadf09663511f96fc81e0720a4a42581f334ad4303aa6b?s=96&d=mm&r=g\",\"caption\":\"Reda\u00e7\u00e3o\"}}]}<\/script>\n<!-- \/ Yoast SEO plugin. -->","yoast_head_json":{"title":"Foli\u00e3o deve ficar atento aos direitos do consumidor - Notibras","robots":{"index":"index","follow":"follow","max-snippet":"max-snippet:-1","max-image-preview":"max-image-preview:large","max-video-preview":"max-video-preview:-1"},"canonical":"https:\/\/www.notibras.com\/site\/foliao-deve-ficar-atento-aos-direitos-do-consumidor\/","og_locale":"pt_BR","og_type":"article","og_title":"Foli\u00e3o deve ficar atento aos direitos do consumidor - Notibras","og_description":"Para que o consumidor aproveite o per\u00edodo do Carnaval livre de problemas e poss\u00edveis aborrecimentos durante os dias de folia, o Instituto de Defesa do Consumidor (Procon-DF) levantou algumas dicas de como evitar os golpes nesta \u00e9poca festiva. A aten\u00e7\u00e3o redobrada est\u00e1 entre as principais orienta\u00e7\u00f5es do \u00f3rg\u00e3o, tanto em rela\u00e7\u00e3o \u00e0s compras quanto \u00e0s [&hellip;]","og_url":"https:\/\/www.notibras.com\/site\/foliao-deve-ficar-atento-aos-direitos-do-consumidor\/","og_site_name":"Notibras","article_publisher":"https:\/\/www.facebook.com\/notibras\/","article_published_time":"2024-02-04T03:02:53+00:00","article_modified_time":"2024-02-04T10:52:44+00:00","og_image":[{"width":799,"height":533,"url":"https:\/\/www.notibras.com\/site\/wp-content\/uploads\/2024\/02\/carnapre.jpg","type":"image\/jpeg"}],"author":"Reda\u00e7\u00e3o","twitter_card":"summary_large_image","twitter_creator":"@Notibras","twitter_site":"@Notibras","twitter_misc":{"Escrito por":"Reda\u00e7\u00e3o","Est. tempo de leitura":"4 minutos"},"schema":{"@context":"https:\/\/schema.org","@graph":[{"@type":"Article","@id":"https:\/\/www.notibras.com\/site\/foliao-deve-ficar-atento-aos-direitos-do-consumidor\/#article","isPartOf":{"@id":"https:\/\/www.notibras.com\/site\/foliao-deve-ficar-atento-aos-direitos-do-consumidor\/"},"author":{"name":"Reda\u00e7\u00e3o","@id":"https:\/\/www.notibras.com\/site\/#\/schema\/person\/36ab0979449956132d3e5b517ea76ac8"},"headline":"Foli\u00e3o deve ficar atento aos direitos do consumidor","datePublished":"2024-02-04T03:02:53+00:00","dateModified":"2024-02-04T10:52:44+00:00","mainEntityOfPage":{"@id":"https:\/\/www.notibras.com\/site\/foliao-deve-ficar-atento-aos-direitos-do-consumidor\/"},"wordCount":680,"publisher":{"@id":"https:\/\/www.notibras.com\/site\/#organization"},"image":{"@id":"https:\/\/www.notibras.com\/site\/foliao-deve-ficar-atento-aos-direitos-do-consumidor\/#primaryimage"},"thumbnailUrl":"https:\/\/www.notibras.com\/site\/wp-content\/uploads\/2024\/02\/carnapre.jpg","articleSection":["Quadradinho em Foco"],"inLanguage":"pt-BR"},{"@type":"WebPage","@id":"https:\/\/www.notibras.com\/site\/foliao-deve-ficar-atento-aos-direitos-do-consumidor\/","url":"https:\/\/www.notibras.com\/site\/foliao-deve-ficar-atento-aos-direitos-do-consumidor\/","name":"Foli\u00e3o deve ficar atento aos direitos do consumidor - Notibras","isPartOf":{"@id":"https:\/\/www.notibras.com\/site\/#website"},"primaryImageOfPage":{"@id":"https:\/\/www.notibras.com\/site\/foliao-deve-ficar-atento-aos-direitos-do-consumidor\/#primaryimage"},"image":{"@id":"https:\/\/www.notibras.com\/site\/foliao-deve-ficar-atento-aos-direitos-do-consumidor\/#primaryimage"},"thumbnailUrl":"https:\/\/www.notibras.com\/site\/wp-content\/uploads\/2024\/02\/carnapre.jpg","datePublished":"2024-02-04T03:02:53+00:00","dateModified":"2024-02-04T10:52:44+00:00","breadcrumb":{"@id":"https:\/\/www.notibras.com\/site\/foliao-deve-ficar-atento-aos-direitos-do-consumidor\/#breadcrumb"},"inLanguage":"pt-BR","potentialAction":[{"@type":"ReadAction","target":["https:\/\/www.notibras.com\/site\/foliao-deve-ficar-atento-aos-direitos-do-consumidor\/"]}]},{"@type":"ImageObject","inLanguage":"pt-BR","@id":"https:\/\/www.notibras.com\/site\/foliao-deve-ficar-atento-aos-direitos-do-consumidor\/#primaryimage","url":"https:\/\/www.notibras.com\/site\/wp-content\/uploads\/2024\/02\/carnapre.jpg","contentUrl":"https:\/\/www.notibras.com\/site\/wp-content\/uploads\/2024\/02\/carnapre.jpg","width":799,"height":533},{"@type":"BreadcrumbList","@id":"https:\/\/www.notibras.com\/site\/foliao-deve-ficar-atento-aos-direitos-do-consumidor\/#breadcrumb","itemListElement":[{"@type":"ListItem","position":1,"name":"In\u00edcio","item":"https:\/\/www.notibras.com\/site\/"},{"@type":"ListItem","position":2,"name":"Foli\u00e3o deve ficar atento aos direitos do consumidor"}]},{"@type":"WebSite","@id":"https:\/\/www.notibras.com\/site\/#website","url":"https:\/\/www.notibras.com\/site\/","name":"Notibras","description":"Not\u00edcias de Bras\u00edlia, do Brasil e do Mundo","publisher":{"@id":"https:\/\/www.notibras.com\/site\/#organization"},"potentialAction":[{"@type":"SearchAction","target":{"@type":"EntryPoint","urlTemplate":"https:\/\/www.notibras.com\/site\/?s={search_term_string}"},"query-input":{"@type":"PropertyValueSpecification","valueRequired":true,"valueName":"search_term_string"}}],"inLanguage":"pt-BR"},{"@type":"Organization","@id":"https:\/\/www.notibras.com\/site\/#organization","name":"Grupo Notibras de Comunica\u00e7\u00e3o","url":"https:\/\/www.notibras.com\/site\/","logo":{"@type":"ImageObject","inLanguage":"pt-BR","@id":"https:\/\/www.notibras.com\/site\/#\/schema\/logo\/image\/","url":"https:\/\/www.notibras.com\/site\/wp-content\/uploads\/2023\/01\/notibras23.png","contentUrl":"https:\/\/www.notibras.com\/site\/wp-content\/uploads\/2023\/01\/notibras23.png","width":350,"height":87,"caption":"Grupo Notibras de Comunica\u00e7\u00e3o"},"image":{"@id":"https:\/\/www.notibras.com\/site\/#\/schema\/logo\/image\/"},"sameAs":["https:\/\/www.facebook.com\/notibras\/","https:\/\/x.com\/Notibras","https:\/\/www.instagram.com\/notibras\/"]},{"@type":"Person","@id":"https:\/\/www.notibras.com\/site\/#\/schema\/person\/36ab0979449956132d3e5b517ea76ac8","name":"Reda\u00e7\u00e3o","image":{"@type":"ImageObject","inLanguage":"pt-BR","@id":"https:\/\/secure.gravatar.com\/avatar\/e0a867bdedb85fd243eadf09663511f96fc81e0720a4a42581f334ad4303aa6b?s=96&d=mm&r=g","url":"https:\/\/secure.gravatar.com\/avatar\/e0a867bdedb85fd243eadf09663511f96fc81e0720a4a42581f334ad4303aa6b?s=96&d=mm&r=g","contentUrl":"https:\/\/secure.gravatar.com\/avatar\/e0a867bdedb85fd243eadf09663511f96fc81e0720a4a42581f334ad4303aa6b?s=96&d=mm&r=g","caption":"Reda\u00e7\u00e3o"}}]}},"amp_enabled":true,"_links":{"self":[{"href":"https:\/\/www.notibras.com\/site\/wp-json\/wp\/v2\/posts\/321698","targetHints":{"allow":["GET"]}}],"collection":[{"href":"https:\/\/www.notibras.com\/site\/wp-json\/wp\/v2\/posts"}],"about":[{"href":"https:\/\/www.notibras.com\/site\/wp-json\/wp\/v2\/types\/post"}],"author":[{"embeddable":true,"href":"https:\/\/www.notibras.com\/site\/wp-json\/wp\/v2\/users\/2"}],"replies":[{"embeddable":true,"href":"https:\/\/www.notibras.com\/site\/wp-json\/wp\/v2\/comments?post=321698"}],"version-history":[{"count":1,"href":"https:\/\/www.notibras.com\/site\/wp-json\/wp\/v2\/posts\/321698\/revisions"}],"predecessor-version":[{"id":321700,"href":"https:\/\/www.notibras.com\/site\/wp-json\/wp\/v2\/posts\/321698\/revisions\/321700"}],"wp:featuredmedia":[{"embeddable":true,"href":"https:\/\/www.notibras.com\/site\/wp-json\/wp\/v2\/media\/321699"}],"wp:attachment":[{"href":"https:\/\/www.notibras.com\/site\/wp-json\/wp\/v2\/media?parent=321698"}],"wp:term":[{"taxonomy":"category","embeddable":true,"href":"https:\/\/www.notibras.com\/site\/wp-json\/wp\/v2\/categories?post=321698"},{"taxonomy":"post_tag","embeddable":true,"href":"https:\/\/www.notibras.com\/site\/wp-json\/wp\/v2\/tags?post=321698"}],"curies":[{"name":"wp","href":"https:\/\/api.w.org\/{rel}","templated":true}]}}