{"id":321701,"date":"2024-02-04T00:01:58","date_gmt":"2024-02-04T03:01:58","guid":{"rendered":"https:\/\/www.notibras.com\/site\/?p=321701"},"modified":"2024-02-04T08:00:17","modified_gmt":"2024-02-04T11:00:17","slug":"cruzeiro-tera-carnaval-de-rua-especial-para-todas-as-idades","status":"publish","type":"post","link":"https:\/\/www.notibras.com\/site\/cruzeiro-tera-carnaval-de-rua-especial-para-todas-as-idades\/","title":{"rendered":"Cruzeiro ter\u00e1 Carnaval de rua especial para todas as idades"},"content":{"rendered":"<p>Com o Carnaval se aproximando, os moradores do Cruzeiro j\u00e1 est\u00e3o ansiosos para celebrar essa festa t\u00e3o tradicional. Este ano, a programa\u00e7\u00e3o promete divers\u00e3o para todos os gostos e idades. Os eventos contam com apoio da Secretaria de Cultura e Economia Criativa (Secec-DF) e da Administra\u00e7\u00e3o Regional do Cruzeiro.<\/p>\n<p>Uma das principais atra\u00e7\u00f5es ser\u00e1 o desfile de rua da Associa\u00e7\u00e3o Recreativa Cultural Unidos do Cruzeiro (Aruc) que, no dia 10, tomar\u00e1 conta da Avenida das Mangueiras, na divisa entre o Cruzeiro Novo e o Cruzeiro Velho. O desfile ser\u00e1 das 16h \u00e0s 22h, com concentra\u00e7\u00e3o atr\u00e1s do Superveneza, na Quadra 811 do Cruzeiro Velho, a partir das 15h. Os foli\u00f5es poder\u00e3o se juntar ao cortejo e se divertir ao som das marchinhas e do tema-enredo Din\u00e2mico R, o super-her\u00f3i do Cruzeiro encontra Garuquinho.<\/p>\n<p>A Aruc atrai a juventude e as crian\u00e7as ao apresentar personagens criados na pr\u00f3pria cidade. \u201cSer\u00e1 um desfile descontra\u00eddo, com a presen\u00e7a de todos os nossos segmentos. Pela primeira vez na hist\u00f3ria, o desfile de rua ser\u00e1 tem\u00e1tico e teremos a presen\u00e7a dos personagens do t\u00edtulo na comiss\u00e3o de frente\u201d, comenta o presidente da Aruc, Rafael Fernandes.<\/p>\n<p>O Bloco Gag\u00e1\u2026vi\u00e3o, tradicional do Cruzeiro, promete agitar o estacionamento do Gin\u00e1sio do Cruzeiro no dia 17. Programado para come\u00e7ar \u00e0s 12h, o evento contar\u00e1 com trio el\u00e9trico e ser\u00e1 aberto a todos.<\/p>\n<p>Para os que quiserem levar as crian\u00e7as para curtir a folia, o Gag\u00e1\u2026 vi\u00e3o tamb\u00e9m disp\u00f5e de um bloco infantil: o Gag\u00e1\u2026vi\u00e3ozinho, \u00e0s 9h, tamb\u00e9m no estacionamento do Gin\u00e1sio de Esportes do Cruzeiro. Al\u00e9m de m\u00fasica, a atra\u00e7\u00e3o ter\u00e1 brinquedos infl\u00e1veis, futebol de sab\u00e3o e muito mais.<\/p>\n<p>O Gag\u00e1\u2026 vi\u00e3o desfila pelas ruas da cidade desde 2009. Esse ano ser\u00e1 a 16\u00aa edi\u00e7\u00e3o do bloco, com o tema-enredo Nas zonas de Copacabana. \u201cVenham todos com vontade de se divertir e de respeitar\u201d, convida Gildo Seixas, fundador e presidente do bloco.<\/p>\n<p>\u201cEstamos esperando bons n\u00fameros de p\u00fablico para comemorar o Carnaval com a gente esse ano\u201d, afirma o administrador regional do Cruzeiro, Gustavo Aires.<\/p>\n<p><strong>Programa\u00e7\u00e3o<\/strong><br \/>\nDesfile de rua da Aruc<br \/>\n\u2192 Data: dia 10<br \/>\n\u2192 Hor\u00e1rio: das 16h \u00e0s 22h<br \/>\n\u2192 Local: Av. das Mangueiras<\/p>\n<p>Bloco Gag\u00e1\u2026vi\u00e3ozinho<br \/>\n\u2192 Data: dia 17<br \/>\n\u2192 Hor\u00e1rio: \u00e0s 9h<br \/>\n\u2192 Local: Estacionamento do Gin\u00e1sio do Cruzeiro<\/p>\n<p>Bloco Gag\u00e1\u2026vi\u00e3o<br \/>\n\u2192 Data: dia 17<br \/>\n\u2192 Hor\u00e1rio: \u00e0s 12h<br \/>\n\u2192 Local: Estacionamento do Gin\u00e1sio do Cruzeiro.<\/p>\n","protected":false},"excerpt":{"rendered":"<p>Com o Carnaval se aproximando, os moradores do Cruzeiro j\u00e1 est\u00e3o ansiosos para celebrar essa festa t\u00e3o tradicional. Este ano, a programa\u00e7\u00e3o promete divers\u00e3o para todos os gostos e idades. Os eventos contam com apoio da Secretaria de Cultura e Economia Criativa (Secec-DF) e da Administra\u00e7\u00e3o Regional do Cruzeiro. Uma das principais atra\u00e7\u00f5es ser\u00e1 o [&hellip;]<\/p>\n","protected":false},"author":2,"featured_media":321702,"comment_status":"closed","ping_status":"closed","sticky":false,"template":"","format":"standard","meta":{"_acf_changed":false,"footnotes":""},"categories":[161],"tags":[],"class_list":["post-321701","post","type-post","status-publish","format-standard","has-post-thumbnail","hentry","category-quadradinho-em-foco"],"acf":[],"yoast_head":"<!-- This site is optimized with the Yoast SEO plugin v27.2 - https:\/\/yoast.com\/product\/yoast-seo-wordpress\/ -->\n<title>Cruzeiro ter\u00e1 Carnaval de rua especial para todas as idades - Notibras<\/title>\n<meta name=\"robots\" content=\"index, follow, max-snippet:-1, max-image-preview:large, max-video-preview:-1\" \/>\n<link rel=\"canonical\" href=\"https:\/\/www.notibras.com\/site\/cruzeiro-tera-carnaval-de-rua-especial-para-todas-as-idades\/\" \/>\n<meta property=\"og:locale\" content=\"pt_BR\" \/>\n<meta property=\"og:type\" content=\"article\" \/>\n<meta property=\"og:title\" content=\"Cruzeiro ter\u00e1 Carnaval de rua especial para todas as idades - Notibras\" \/>\n<meta property=\"og:description\" content=\"Com o Carnaval se aproximando, os moradores do Cruzeiro j\u00e1 est\u00e3o ansiosos para celebrar essa festa t\u00e3o tradicional. Este ano, a programa\u00e7\u00e3o promete divers\u00e3o para todos os gostos e idades. Os eventos contam com apoio da Secretaria de Cultura e Economia Criativa (Secec-DF) e da Administra\u00e7\u00e3o Regional do Cruzeiro. Uma das principais atra\u00e7\u00f5es ser\u00e1 o [&hellip;]\" \/>\n<meta property=\"og:url\" content=\"https:\/\/www.notibras.com\/site\/cruzeiro-tera-carnaval-de-rua-especial-para-todas-as-idades\/\" \/>\n<meta property=\"og:site_name\" content=\"Notibras\" \/>\n<meta property=\"article:publisher\" content=\"https:\/\/www.facebook.com\/notibras\/\" \/>\n<meta property=\"article:published_time\" content=\"2024-02-04T03:01:58+00:00\" \/>\n<meta property=\"article:modified_time\" content=\"2024-02-04T11:00:17+00:00\" \/>\n<meta property=\"og:image\" content=\"https:\/\/www.notibras.com\/site\/wp-content\/uploads\/2024\/02\/IMG_9304.jpg\" \/>\n\t<meta property=\"og:image:width\" content=\"722\" \/>\n\t<meta property=\"og:image:height\" content=\"465\" \/>\n\t<meta property=\"og:image:type\" content=\"image\/jpeg\" \/>\n<meta name=\"author\" content=\"Reda\u00e7\u00e3o\" \/>\n<meta name=\"twitter:card\" content=\"summary_large_image\" \/>\n<meta name=\"twitter:creator\" content=\"@Notibras\" \/>\n<meta name=\"twitter:site\" content=\"@Notibras\" \/>\n<meta name=\"twitter:label1\" content=\"Escrito por\" \/>\n\t<meta name=\"twitter:data1\" content=\"Reda\u00e7\u00e3o\" \/>\n\t<meta name=\"twitter:label2\" content=\"Est. tempo de leitura\" \/>\n\t<meta name=\"twitter:data2\" content=\"3 minutos\" \/>\n<script type=\"application\/ld+json\" class=\"yoast-schema-graph\">{\"@context\":\"https:\/\/schema.org\",\"@graph\":[{\"@type\":\"Article\",\"@id\":\"https:\/\/www.notibras.com\/site\/cruzeiro-tera-carnaval-de-rua-especial-para-todas-as-idades\/#article\",\"isPartOf\":{\"@id\":\"https:\/\/www.notibras.com\/site\/cruzeiro-tera-carnaval-de-rua-especial-para-todas-as-idades\/\"},\"author\":{\"name\":\"Reda\u00e7\u00e3o\",\"@id\":\"https:\/\/www.notibras.com\/site\/#\/schema\/person\/36ab0979449956132d3e5b517ea76ac8\"},\"headline\":\"Cruzeiro ter\u00e1 Carnaval de rua especial para todas as idades\",\"datePublished\":\"2024-02-04T03:01:58+00:00\",\"dateModified\":\"2024-02-04T11:00:17+00:00\",\"mainEntityOfPage\":{\"@id\":\"https:\/\/www.notibras.com\/site\/cruzeiro-tera-carnaval-de-rua-especial-para-todas-as-idades\/\"},\"wordCount\":438,\"publisher\":{\"@id\":\"https:\/\/www.notibras.com\/site\/#organization\"},\"image\":{\"@id\":\"https:\/\/www.notibras.com\/site\/cruzeiro-tera-carnaval-de-rua-especial-para-todas-as-idades\/#primaryimage\"},\"thumbnailUrl\":\"https:\/\/www.notibras.com\/site\/wp-content\/uploads\/2024\/02\/IMG_9304.jpg\",\"articleSection\":[\"Quadradinho em Foco\"],\"inLanguage\":\"pt-BR\"},{\"@type\":\"WebPage\",\"@id\":\"https:\/\/www.notibras.com\/site\/cruzeiro-tera-carnaval-de-rua-especial-para-todas-as-idades\/\",\"url\":\"https:\/\/www.notibras.com\/site\/cruzeiro-tera-carnaval-de-rua-especial-para-todas-as-idades\/\",\"name\":\"Cruzeiro ter\u00e1 Carnaval de rua especial para todas as idades - Notibras\",\"isPartOf\":{\"@id\":\"https:\/\/www.notibras.com\/site\/#website\"},\"primaryImageOfPage\":{\"@id\":\"https:\/\/www.notibras.com\/site\/cruzeiro-tera-carnaval-de-rua-especial-para-todas-as-idades\/#primaryimage\"},\"image\":{\"@id\":\"https:\/\/www.notibras.com\/site\/cruzeiro-tera-carnaval-de-rua-especial-para-todas-as-idades\/#primaryimage\"},\"thumbnailUrl\":\"https:\/\/www.notibras.com\/site\/wp-content\/uploads\/2024\/02\/IMG_9304.jpg\",\"datePublished\":\"2024-02-04T03:01:58+00:00\",\"dateModified\":\"2024-02-04T11:00:17+00:00\",\"breadcrumb\":{\"@id\":\"https:\/\/www.notibras.com\/site\/cruzeiro-tera-carnaval-de-rua-especial-para-todas-as-idades\/#breadcrumb\"},\"inLanguage\":\"pt-BR\",\"potentialAction\":[{\"@type\":\"ReadAction\",\"target\":[\"https:\/\/www.notibras.com\/site\/cruzeiro-tera-carnaval-de-rua-especial-para-todas-as-idades\/\"]}]},{\"@type\":\"ImageObject\",\"inLanguage\":\"pt-BR\",\"@id\":\"https:\/\/www.notibras.com\/site\/cruzeiro-tera-carnaval-de-rua-especial-para-todas-as-idades\/#primaryimage\",\"url\":\"https:\/\/www.notibras.com\/site\/wp-content\/uploads\/2024\/02\/IMG_9304.jpg\",\"contentUrl\":\"https:\/\/www.notibras.com\/site\/wp-content\/uploads\/2024\/02\/IMG_9304.jpg\",\"width\":722,\"height\":465},{\"@type\":\"BreadcrumbList\",\"@id\":\"https:\/\/www.notibras.com\/site\/cruzeiro-tera-carnaval-de-rua-especial-para-todas-as-idades\/#breadcrumb\",\"itemListElement\":[{\"@type\":\"ListItem\",\"position\":1,\"name\":\"In\u00edcio\",\"item\":\"https:\/\/www.notibras.com\/site\/\"},{\"@type\":\"ListItem\",\"position\":2,\"name\":\"Cruzeiro ter\u00e1 Carnaval de rua especial para todas as idades\"}]},{\"@type\":\"WebSite\",\"@id\":\"https:\/\/www.notibras.com\/site\/#website\",\"url\":\"https:\/\/www.notibras.com\/site\/\",\"name\":\"Notibras\",\"description\":\"Not\u00edcias de Bras\u00edlia, do Brasil e do Mundo\",\"publisher\":{\"@id\":\"https:\/\/www.notibras.com\/site\/#organization\"},\"potentialAction\":[{\"@type\":\"SearchAction\",\"target\":{\"@type\":\"EntryPoint\",\"urlTemplate\":\"https:\/\/www.notibras.com\/site\/?s={search_term_string}\"},\"query-input\":{\"@type\":\"PropertyValueSpecification\",\"valueRequired\":true,\"valueName\":\"search_term_string\"}}],\"inLanguage\":\"pt-BR\"},{\"@type\":\"Organization\",\"@id\":\"https:\/\/www.notibras.com\/site\/#organization\",\"name\":\"Grupo Notibras de Comunica\u00e7\u00e3o\",\"url\":\"https:\/\/www.notibras.com\/site\/\",\"logo\":{\"@type\":\"ImageObject\",\"inLanguage\":\"pt-BR\",\"@id\":\"https:\/\/www.notibras.com\/site\/#\/schema\/logo\/image\/\",\"url\":\"https:\/\/www.notibras.com\/site\/wp-content\/uploads\/2023\/01\/notibras23.png\",\"contentUrl\":\"https:\/\/www.notibras.com\/site\/wp-content\/uploads\/2023\/01\/notibras23.png\",\"width\":350,\"height\":87,\"caption\":\"Grupo Notibras de Comunica\u00e7\u00e3o\"},\"image\":{\"@id\":\"https:\/\/www.notibras.com\/site\/#\/schema\/logo\/image\/\"},\"sameAs\":[\"https:\/\/www.facebook.com\/notibras\/\",\"https:\/\/x.com\/Notibras\",\"https:\/\/www.instagram.com\/notibras\/\"]},{\"@type\":\"Person\",\"@id\":\"https:\/\/www.notibras.com\/site\/#\/schema\/person\/36ab0979449956132d3e5b517ea76ac8\",\"name\":\"Reda\u00e7\u00e3o\",\"image\":{\"@type\":\"ImageObject\",\"inLanguage\":\"pt-BR\",\"@id\":\"https:\/\/secure.gravatar.com\/avatar\/e0a867bdedb85fd243eadf09663511f96fc81e0720a4a42581f334ad4303aa6b?s=96&d=mm&r=g\",\"url\":\"https:\/\/secure.gravatar.com\/avatar\/e0a867bdedb85fd243eadf09663511f96fc81e0720a4a42581f334ad4303aa6b?s=96&d=mm&r=g\",\"contentUrl\":\"https:\/\/secure.gravatar.com\/avatar\/e0a867bdedb85fd243eadf09663511f96fc81e0720a4a42581f334ad4303aa6b?s=96&d=mm&r=g\",\"caption\":\"Reda\u00e7\u00e3o\"}}]}<\/script>\n<!-- \/ Yoast SEO plugin. -->","yoast_head_json":{"title":"Cruzeiro ter\u00e1 Carnaval de rua especial para todas as idades - Notibras","robots":{"index":"index","follow":"follow","max-snippet":"max-snippet:-1","max-image-preview":"max-image-preview:large","max-video-preview":"max-video-preview:-1"},"canonical":"https:\/\/www.notibras.com\/site\/cruzeiro-tera-carnaval-de-rua-especial-para-todas-as-idades\/","og_locale":"pt_BR","og_type":"article","og_title":"Cruzeiro ter\u00e1 Carnaval de rua especial para todas as idades - Notibras","og_description":"Com o Carnaval se aproximando, os moradores do Cruzeiro j\u00e1 est\u00e3o ansiosos para celebrar essa festa t\u00e3o tradicional. Este ano, a programa\u00e7\u00e3o promete divers\u00e3o para todos os gostos e idades. Os eventos contam com apoio da Secretaria de Cultura e Economia Criativa (Secec-DF) e da Administra\u00e7\u00e3o Regional do Cruzeiro. Uma das principais atra\u00e7\u00f5es ser\u00e1 o [&hellip;]","og_url":"https:\/\/www.notibras.com\/site\/cruzeiro-tera-carnaval-de-rua-especial-para-todas-as-idades\/","og_site_name":"Notibras","article_publisher":"https:\/\/www.facebook.com\/notibras\/","article_published_time":"2024-02-04T03:01:58+00:00","article_modified_time":"2024-02-04T11:00:17+00:00","og_image":[{"width":722,"height":465,"url":"https:\/\/www.notibras.com\/site\/wp-content\/uploads\/2024\/02\/IMG_9304.jpg","type":"image\/jpeg"}],"author":"Reda\u00e7\u00e3o","twitter_card":"summary_large_image","twitter_creator":"@Notibras","twitter_site":"@Notibras","twitter_misc":{"Escrito por":"Reda\u00e7\u00e3o","Est. tempo de leitura":"3 minutos"},"schema":{"@context":"https:\/\/schema.org","@graph":[{"@type":"Article","@id":"https:\/\/www.notibras.com\/site\/cruzeiro-tera-carnaval-de-rua-especial-para-todas-as-idades\/#article","isPartOf":{"@id":"https:\/\/www.notibras.com\/site\/cruzeiro-tera-carnaval-de-rua-especial-para-todas-as-idades\/"},"author":{"name":"Reda\u00e7\u00e3o","@id":"https:\/\/www.notibras.com\/site\/#\/schema\/person\/36ab0979449956132d3e5b517ea76ac8"},"headline":"Cruzeiro ter\u00e1 Carnaval de rua especial para todas as idades","datePublished":"2024-02-04T03:01:58+00:00","dateModified":"2024-02-04T11:00:17+00:00","mainEntityOfPage":{"@id":"https:\/\/www.notibras.com\/site\/cruzeiro-tera-carnaval-de-rua-especial-para-todas-as-idades\/"},"wordCount":438,"publisher":{"@id":"https:\/\/www.notibras.com\/site\/#organization"},"image":{"@id":"https:\/\/www.notibras.com\/site\/cruzeiro-tera-carnaval-de-rua-especial-para-todas-as-idades\/#primaryimage"},"thumbnailUrl":"https:\/\/www.notibras.com\/site\/wp-content\/uploads\/2024\/02\/IMG_9304.jpg","articleSection":["Quadradinho em Foco"],"inLanguage":"pt-BR"},{"@type":"WebPage","@id":"https:\/\/www.notibras.com\/site\/cruzeiro-tera-carnaval-de-rua-especial-para-todas-as-idades\/","url":"https:\/\/www.notibras.com\/site\/cruzeiro-tera-carnaval-de-rua-especial-para-todas-as-idades\/","name":"Cruzeiro ter\u00e1 Carnaval de rua especial para todas as idades - Notibras","isPartOf":{"@id":"https:\/\/www.notibras.com\/site\/#website"},"primaryImageOfPage":{"@id":"https:\/\/www.notibras.com\/site\/cruzeiro-tera-carnaval-de-rua-especial-para-todas-as-idades\/#primaryimage"},"image":{"@id":"https:\/\/www.notibras.com\/site\/cruzeiro-tera-carnaval-de-rua-especial-para-todas-as-idades\/#primaryimage"},"thumbnailUrl":"https:\/\/www.notibras.com\/site\/wp-content\/uploads\/2024\/02\/IMG_9304.jpg","datePublished":"2024-02-04T03:01:58+00:00","dateModified":"2024-02-04T11:00:17+00:00","breadcrumb":{"@id":"https:\/\/www.notibras.com\/site\/cruzeiro-tera-carnaval-de-rua-especial-para-todas-as-idades\/#breadcrumb"},"inLanguage":"pt-BR","potentialAction":[{"@type":"ReadAction","target":["https:\/\/www.notibras.com\/site\/cruzeiro-tera-carnaval-de-rua-especial-para-todas-as-idades\/"]}]},{"@type":"ImageObject","inLanguage":"pt-BR","@id":"https:\/\/www.notibras.com\/site\/cruzeiro-tera-carnaval-de-rua-especial-para-todas-as-idades\/#primaryimage","url":"https:\/\/www.notibras.com\/site\/wp-content\/uploads\/2024\/02\/IMG_9304.jpg","contentUrl":"https:\/\/www.notibras.com\/site\/wp-content\/uploads\/2024\/02\/IMG_9304.jpg","width":722,"height":465},{"@type":"BreadcrumbList","@id":"https:\/\/www.notibras.com\/site\/cruzeiro-tera-carnaval-de-rua-especial-para-todas-as-idades\/#breadcrumb","itemListElement":[{"@type":"ListItem","position":1,"name":"In\u00edcio","item":"https:\/\/www.notibras.com\/site\/"},{"@type":"ListItem","position":2,"name":"Cruzeiro ter\u00e1 Carnaval de rua especial para todas as idades"}]},{"@type":"WebSite","@id":"https:\/\/www.notibras.com\/site\/#website","url":"https:\/\/www.notibras.com\/site\/","name":"Notibras","description":"Not\u00edcias de Bras\u00edlia, do Brasil e do Mundo","publisher":{"@id":"https:\/\/www.notibras.com\/site\/#organization"},"potentialAction":[{"@type":"SearchAction","target":{"@type":"EntryPoint","urlTemplate":"https:\/\/www.notibras.com\/site\/?s={search_term_string}"},"query-input":{"@type":"PropertyValueSpecification","valueRequired":true,"valueName":"search_term_string"}}],"inLanguage":"pt-BR"},{"@type":"Organization","@id":"https:\/\/www.notibras.com\/site\/#organization","name":"Grupo Notibras de Comunica\u00e7\u00e3o","url":"https:\/\/www.notibras.com\/site\/","logo":{"@type":"ImageObject","inLanguage":"pt-BR","@id":"https:\/\/www.notibras.com\/site\/#\/schema\/logo\/image\/","url":"https:\/\/www.notibras.com\/site\/wp-content\/uploads\/2023\/01\/notibras23.png","contentUrl":"https:\/\/www.notibras.com\/site\/wp-content\/uploads\/2023\/01\/notibras23.png","width":350,"height":87,"caption":"Grupo Notibras de Comunica\u00e7\u00e3o"},"image":{"@id":"https:\/\/www.notibras.com\/site\/#\/schema\/logo\/image\/"},"sameAs":["https:\/\/www.facebook.com\/notibras\/","https:\/\/x.com\/Notibras","https:\/\/www.instagram.com\/notibras\/"]},{"@type":"Person","@id":"https:\/\/www.notibras.com\/site\/#\/schema\/person\/36ab0979449956132d3e5b517ea76ac8","name":"Reda\u00e7\u00e3o","image":{"@type":"ImageObject","inLanguage":"pt-BR","@id":"https:\/\/secure.gravatar.com\/avatar\/e0a867bdedb85fd243eadf09663511f96fc81e0720a4a42581f334ad4303aa6b?s=96&d=mm&r=g","url":"https:\/\/secure.gravatar.com\/avatar\/e0a867bdedb85fd243eadf09663511f96fc81e0720a4a42581f334ad4303aa6b?s=96&d=mm&r=g","contentUrl":"https:\/\/secure.gravatar.com\/avatar\/e0a867bdedb85fd243eadf09663511f96fc81e0720a4a42581f334ad4303aa6b?s=96&d=mm&r=g","caption":"Reda\u00e7\u00e3o"}}]}},"amp_enabled":true,"_links":{"self":[{"href":"https:\/\/www.notibras.com\/site\/wp-json\/wp\/v2\/posts\/321701","targetHints":{"allow":["GET"]}}],"collection":[{"href":"https:\/\/www.notibras.com\/site\/wp-json\/wp\/v2\/posts"}],"about":[{"href":"https:\/\/www.notibras.com\/site\/wp-json\/wp\/v2\/types\/post"}],"author":[{"embeddable":true,"href":"https:\/\/www.notibras.com\/site\/wp-json\/wp\/v2\/users\/2"}],"replies":[{"embeddable":true,"href":"https:\/\/www.notibras.com\/site\/wp-json\/wp\/v2\/comments?post=321701"}],"version-history":[{"count":1,"href":"https:\/\/www.notibras.com\/site\/wp-json\/wp\/v2\/posts\/321701\/revisions"}],"predecessor-version":[{"id":321703,"href":"https:\/\/www.notibras.com\/site\/wp-json\/wp\/v2\/posts\/321701\/revisions\/321703"}],"wp:featuredmedia":[{"embeddable":true,"href":"https:\/\/www.notibras.com\/site\/wp-json\/wp\/v2\/media\/321702"}],"wp:attachment":[{"href":"https:\/\/www.notibras.com\/site\/wp-json\/wp\/v2\/media?parent=321701"}],"wp:term":[{"taxonomy":"category","embeddable":true,"href":"https:\/\/www.notibras.com\/site\/wp-json\/wp\/v2\/categories?post=321701"},{"taxonomy":"post_tag","embeddable":true,"href":"https:\/\/www.notibras.com\/site\/wp-json\/wp\/v2\/tags?post=321701"}],"curies":[{"name":"wp","href":"https:\/\/api.w.org\/{rel}","templated":true}]}}