{"id":321704,"date":"2024-02-04T00:00:04","date_gmt":"2024-02-04T03:00:04","guid":{"rendered":"https:\/\/www.notibras.com\/site\/?p=321704"},"modified":"2024-02-04T08:06:51","modified_gmt":"2024-02-04T11:06:51","slug":"cuidados-para-seguir-tratar-e-retardar-o-alzheimer","status":"publish","type":"post","link":"https:\/\/www.notibras.com\/site\/cuidados-para-seguir-tratar-e-retardar-o-alzheimer\/","title":{"rendered":"Cuidados para seguir, tratar e retardar o Alzheimer"},"content":{"rendered":"<p>M\u00eas a m\u00eas, a Sa\u00fade elege temas que merecem uma aten\u00e7\u00e3o especial da popula\u00e7\u00e3o. Com a chegada do Fevereiro Roxo, os olhares est\u00e3o lan\u00e7ados para as doen\u00e7as cr\u00f4nicas, aquelas sem cura, entre elas o Alzheimer.<\/p>\n<p>Essa doen\u00e7a neurodegenerativa que provoca decl\u00ednio das fun\u00e7\u00f5es cognitivas n\u00e3o tem cura, mas o tratamento \u00e9 ofertado pela rede p\u00fablica de sa\u00fade. O paciente com suspeita da enfermidade deve procurar a unidade b\u00e1sica de sa\u00fade (UBS) mais pr\u00f3xima de casa para receber um diagn\u00f3stico da equipe de Sa\u00fade da Fam\u00edlia.<\/p>\n<p>Se o m\u00e9dico avaliar que o paciente tem um quadro de dem\u00eancia, ele \u00e9 inserido na regula\u00e7\u00e3o da geriatria e passa a ser acompanhado e tratado. Esse cuidado envolve a prescri\u00e7\u00e3o de medicamentos para retardar a evolu\u00e7\u00e3o da doen\u00e7a e tamb\u00e9m o apoio de uma equipe multidisciplinar que vai desde fonoaudi\u00f3logos at\u00e9 fisioterapeutas e psic\u00f3logos. Todo apoio familiar e cl\u00ednico \u00e9 importante, sendo que esses profissionais e os cuidadores tamb\u00e9m devem receber aten\u00e7\u00e3o de terapeutas para lidar da melhor forma poss\u00edvel com a doen\u00e7a.<\/p>\n<p>\u201cTem-se uma impress\u00e3o que a gente foca somente a mem\u00f3ria, mas essa \u00e9 s\u00f3 uma das coisas afetadas. Pode afetar o comportamento, a linguagem, a pessoa pode ter dificuldade em falar determinadas palavras, nomear objetos, pode ter dificuldade na compreens\u00e3o de frases at\u00e9 chegar ao ponto de reduzir a capacidade de trabalho, as rela\u00e7\u00f5es sociais. O comportamento fica modificado, a personalidade muda e ela fica cada vez mais dependente\u201d, explica a geriatra Marcela Pandolfi da Secretaria de Sa\u00fade (SES-DF), presidente da Sociedade Brasileira de Geriatria e Gerontologia (SBBG-DF).<\/p>\n<p>Al\u00e9m de o Alzheimer n\u00e3o ter cura, a popula\u00e7\u00e3o deve estar ciente de que h\u00e1 fatores de risco modific\u00e1veis e n\u00e3o modific\u00e1veis na doen\u00e7a. O que n\u00e3o se pode mudar \u00e9 a idade da pessoa, uma vez que o envelhecimento \u00e9 o principal fator de risco, e tamb\u00e9m a gen\u00e9tica da pessoa. Por outro lado, h\u00e1 12 fatores que, sob atua\u00e7\u00e3o e tratamento, permitem prevenir em at\u00e9 50% as chances de um quadro demencial. S\u00e3o eles: hipertens\u00e3o, escolaridade (tentar sempre aprender algo novo), defici\u00eancia auditiva, tabagismo, bebida alco\u00f3lica, obesidade, depress\u00e3o, diabetes, baixo conv\u00edvio social, polui\u00e7\u00e3o do ar e traumas cerebrais.<\/p>\n<p><strong>Sinais<\/strong><br \/>\nA popula\u00e7\u00e3o deve ficar atenta aos sinais de alerta da doen\u00e7a. A m\u00e9dica especialista em geriatria refor\u00e7a que alguns esquecimentos podem ser normais, quando n\u00e3o geram grau de depend\u00eancia, mas \u00e9 preciso observar. \u201cUm deles \u00e9 a perda de mem\u00f3ria, quando o paciente tem esquecimentos recorrentes, frequentes, de datas importantes, pergunta a mesma coisa v\u00e1rias vezes. Quando \u00e9 eventual, n\u00e3o gera alerta, mas se \u00e9 recorrente, temos que ficar atentos\u201d, detalha Marcela Pandolfi.<\/p>\n<p>Outros sinais tamb\u00e9m devem ser observados, como a dificuldade de planejamento, de resolu\u00e7\u00e3o de problemas, de fazer tarefas de casa, trocar ingredientes, esquecer que j\u00e1 comeu e querer comer de novo, perder no\u00e7\u00e3o de tempo e espa\u00e7o e apresentar problemas de linguagem.<\/p>\n<p>\u201cA import\u00e2ncia da campanha \u00e9 de conscientiza\u00e7\u00e3o, tanto do combate de falsas informa\u00e7\u00f5es quanto do apoio a essas pessoas e fam\u00edlias. \u00c9 importante observar e dar o diagn\u00f3stico da maneira mais precoce poss\u00edvel; e, ap\u00f3s o diagn\u00f3stico, que essa fam\u00edlia tenha acolhimento, o que ela precisar da equipe multidisciplinar, para que o paciente tenha uma doen\u00e7a controlada e que a equipe possa proporcionar conforto aos pacientes e \u00e0s fam\u00edlias\u201d, acrescenta a m\u00e9dica.<\/p>\n<p>Outra orienta\u00e7\u00e3o importante \u00e9 que nem toda dem\u00eancia significa Alzheimer. Essa \u00e9 a mais conhecida forma das dem\u00eancias, mas n\u00e3o a \u00fanica. \u00c9 importante que um paciente com a mem\u00f3ria comprometida ou mudan\u00e7a de comportamento seja atendido por um m\u00e9dico. \u00c9 o corpo cl\u00ednico que ser\u00e1 capaz de fazer os exames para diferenciar o tipo de dem\u00eancia, e somente ap\u00f3s o diagn\u00f3stico se poder\u00e1 determinar o tratamento correto.<\/p>\n","protected":false},"excerpt":{"rendered":"<p>M\u00eas a m\u00eas, a Sa\u00fade elege temas que merecem uma aten\u00e7\u00e3o especial da popula\u00e7\u00e3o. Com a chegada do Fevereiro Roxo, os olhares est\u00e3o lan\u00e7ados para as doen\u00e7as cr\u00f4nicas, aquelas sem cura, entre elas o Alzheimer. Essa doen\u00e7a neurodegenerativa que provoca decl\u00ednio das fun\u00e7\u00f5es cognitivas n\u00e3o tem cura, mas o tratamento \u00e9 ofertado pela rede p\u00fablica [&hellip;]<\/p>\n","protected":false},"author":2,"featured_media":321705,"comment_status":"closed","ping_status":"closed","sticky":false,"template":"","format":"standard","meta":{"_acf_changed":false,"footnotes":""},"categories":[161],"tags":[],"class_list":["post-321704","post","type-post","status-publish","format-standard","has-post-thumbnail","hentry","category-quadradinho-em-foco"],"acf":[],"yoast_head":"<!-- This site is optimized with the Yoast SEO plugin v27.2 - https:\/\/yoast.com\/product\/yoast-seo-wordpress\/ -->\n<title>Cuidados para seguir, tratar e retardar o Alzheimer - Notibras<\/title>\n<meta name=\"robots\" content=\"index, follow, max-snippet:-1, max-image-preview:large, max-video-preview:-1\" \/>\n<link rel=\"canonical\" href=\"https:\/\/www.notibras.com\/site\/cuidados-para-seguir-tratar-e-retardar-o-alzheimer\/\" \/>\n<meta property=\"og:locale\" content=\"pt_BR\" \/>\n<meta property=\"og:type\" content=\"article\" \/>\n<meta property=\"og:title\" content=\"Cuidados para seguir, tratar e retardar o Alzheimer - Notibras\" \/>\n<meta property=\"og:description\" content=\"M\u00eas a m\u00eas, a Sa\u00fade elege temas que merecem uma aten\u00e7\u00e3o especial da popula\u00e7\u00e3o. Com a chegada do Fevereiro Roxo, os olhares est\u00e3o lan\u00e7ados para as doen\u00e7as cr\u00f4nicas, aquelas sem cura, entre elas o Alzheimer. Essa doen\u00e7a neurodegenerativa que provoca decl\u00ednio das fun\u00e7\u00f5es cognitivas n\u00e3o tem cura, mas o tratamento \u00e9 ofertado pela rede p\u00fablica [&hellip;]\" \/>\n<meta property=\"og:url\" content=\"https:\/\/www.notibras.com\/site\/cuidados-para-seguir-tratar-e-retardar-o-alzheimer\/\" \/>\n<meta property=\"og:site_name\" content=\"Notibras\" \/>\n<meta property=\"article:publisher\" content=\"https:\/\/www.facebook.com\/notibras\/\" \/>\n<meta property=\"article:published_time\" content=\"2024-02-04T03:00:04+00:00\" \/>\n<meta property=\"article:modified_time\" content=\"2024-02-04T11:06:51+00:00\" \/>\n<meta property=\"og:image\" content=\"https:\/\/www.notibras.com\/site\/wp-content\/uploads\/2024\/02\/Tomaz-Silva-Agencia-Brasil-copiar.jpg\" \/>\n\t<meta property=\"og:image:width\" content=\"1170\" \/>\n\t<meta property=\"og:image:height\" content=\"700\" \/>\n\t<meta property=\"og:image:type\" content=\"image\/jpeg\" \/>\n<meta name=\"author\" content=\"Reda\u00e7\u00e3o\" \/>\n<meta name=\"twitter:card\" content=\"summary_large_image\" \/>\n<meta name=\"twitter:creator\" content=\"@Notibras\" \/>\n<meta name=\"twitter:site\" content=\"@Notibras\" \/>\n<meta name=\"twitter:label1\" content=\"Escrito por\" \/>\n\t<meta name=\"twitter:data1\" content=\"Reda\u00e7\u00e3o\" \/>\n\t<meta name=\"twitter:label2\" content=\"Est. tempo de leitura\" \/>\n\t<meta name=\"twitter:data2\" content=\"4 minutos\" \/>\n<script type=\"application\/ld+json\" class=\"yoast-schema-graph\">{\"@context\":\"https:\/\/schema.org\",\"@graph\":[{\"@type\":\"Article\",\"@id\":\"https:\/\/www.notibras.com\/site\/cuidados-para-seguir-tratar-e-retardar-o-alzheimer\/#article\",\"isPartOf\":{\"@id\":\"https:\/\/www.notibras.com\/site\/cuidados-para-seguir-tratar-e-retardar-o-alzheimer\/\"},\"author\":{\"name\":\"Reda\u00e7\u00e3o\",\"@id\":\"https:\/\/www.notibras.com\/site\/#\/schema\/person\/36ab0979449956132d3e5b517ea76ac8\"},\"headline\":\"Cuidados para seguir, tratar e retardar o Alzheimer\",\"datePublished\":\"2024-02-04T03:00:04+00:00\",\"dateModified\":\"2024-02-04T11:06:51+00:00\",\"mainEntityOfPage\":{\"@id\":\"https:\/\/www.notibras.com\/site\/cuidados-para-seguir-tratar-e-retardar-o-alzheimer\/\"},\"wordCount\":697,\"publisher\":{\"@id\":\"https:\/\/www.notibras.com\/site\/#organization\"},\"image\":{\"@id\":\"https:\/\/www.notibras.com\/site\/cuidados-para-seguir-tratar-e-retardar-o-alzheimer\/#primaryimage\"},\"thumbnailUrl\":\"https:\/\/www.notibras.com\/site\/wp-content\/uploads\/2024\/02\/Tomaz-Silva-Agencia-Brasil-copiar.jpg\",\"articleSection\":[\"Quadradinho em Foco\"],\"inLanguage\":\"pt-BR\"},{\"@type\":\"WebPage\",\"@id\":\"https:\/\/www.notibras.com\/site\/cuidados-para-seguir-tratar-e-retardar-o-alzheimer\/\",\"url\":\"https:\/\/www.notibras.com\/site\/cuidados-para-seguir-tratar-e-retardar-o-alzheimer\/\",\"name\":\"Cuidados para seguir, tratar e retardar o Alzheimer - Notibras\",\"isPartOf\":{\"@id\":\"https:\/\/www.notibras.com\/site\/#website\"},\"primaryImageOfPage\":{\"@id\":\"https:\/\/www.notibras.com\/site\/cuidados-para-seguir-tratar-e-retardar-o-alzheimer\/#primaryimage\"},\"image\":{\"@id\":\"https:\/\/www.notibras.com\/site\/cuidados-para-seguir-tratar-e-retardar-o-alzheimer\/#primaryimage\"},\"thumbnailUrl\":\"https:\/\/www.notibras.com\/site\/wp-content\/uploads\/2024\/02\/Tomaz-Silva-Agencia-Brasil-copiar.jpg\",\"datePublished\":\"2024-02-04T03:00:04+00:00\",\"dateModified\":\"2024-02-04T11:06:51+00:00\",\"breadcrumb\":{\"@id\":\"https:\/\/www.notibras.com\/site\/cuidados-para-seguir-tratar-e-retardar-o-alzheimer\/#breadcrumb\"},\"inLanguage\":\"pt-BR\",\"potentialAction\":[{\"@type\":\"ReadAction\",\"target\":[\"https:\/\/www.notibras.com\/site\/cuidados-para-seguir-tratar-e-retardar-o-alzheimer\/\"]}]},{\"@type\":\"ImageObject\",\"inLanguage\":\"pt-BR\",\"@id\":\"https:\/\/www.notibras.com\/site\/cuidados-para-seguir-tratar-e-retardar-o-alzheimer\/#primaryimage\",\"url\":\"https:\/\/www.notibras.com\/site\/wp-content\/uploads\/2024\/02\/Tomaz-Silva-Agencia-Brasil-copiar.jpg\",\"contentUrl\":\"https:\/\/www.notibras.com\/site\/wp-content\/uploads\/2024\/02\/Tomaz-Silva-Agencia-Brasil-copiar.jpg\",\"width\":1170,\"height\":700},{\"@type\":\"BreadcrumbList\",\"@id\":\"https:\/\/www.notibras.com\/site\/cuidados-para-seguir-tratar-e-retardar-o-alzheimer\/#breadcrumb\",\"itemListElement\":[{\"@type\":\"ListItem\",\"position\":1,\"name\":\"In\u00edcio\",\"item\":\"https:\/\/www.notibras.com\/site\/\"},{\"@type\":\"ListItem\",\"position\":2,\"name\":\"Cuidados para seguir, tratar e retardar o Alzheimer\"}]},{\"@type\":\"WebSite\",\"@id\":\"https:\/\/www.notibras.com\/site\/#website\",\"url\":\"https:\/\/www.notibras.com\/site\/\",\"name\":\"Notibras\",\"description\":\"Not\u00edcias de Bras\u00edlia, do Brasil e do Mundo\",\"publisher\":{\"@id\":\"https:\/\/www.notibras.com\/site\/#organization\"},\"potentialAction\":[{\"@type\":\"SearchAction\",\"target\":{\"@type\":\"EntryPoint\",\"urlTemplate\":\"https:\/\/www.notibras.com\/site\/?s={search_term_string}\"},\"query-input\":{\"@type\":\"PropertyValueSpecification\",\"valueRequired\":true,\"valueName\":\"search_term_string\"}}],\"inLanguage\":\"pt-BR\"},{\"@type\":\"Organization\",\"@id\":\"https:\/\/www.notibras.com\/site\/#organization\",\"name\":\"Grupo Notibras de Comunica\u00e7\u00e3o\",\"url\":\"https:\/\/www.notibras.com\/site\/\",\"logo\":{\"@type\":\"ImageObject\",\"inLanguage\":\"pt-BR\",\"@id\":\"https:\/\/www.notibras.com\/site\/#\/schema\/logo\/image\/\",\"url\":\"https:\/\/www.notibras.com\/site\/wp-content\/uploads\/2023\/01\/notibras23.png\",\"contentUrl\":\"https:\/\/www.notibras.com\/site\/wp-content\/uploads\/2023\/01\/notibras23.png\",\"width\":350,\"height\":87,\"caption\":\"Grupo Notibras de Comunica\u00e7\u00e3o\"},\"image\":{\"@id\":\"https:\/\/www.notibras.com\/site\/#\/schema\/logo\/image\/\"},\"sameAs\":[\"https:\/\/www.facebook.com\/notibras\/\",\"https:\/\/x.com\/Notibras\",\"https:\/\/www.instagram.com\/notibras\/\"]},{\"@type\":\"Person\",\"@id\":\"https:\/\/www.notibras.com\/site\/#\/schema\/person\/36ab0979449956132d3e5b517ea76ac8\",\"name\":\"Reda\u00e7\u00e3o\",\"image\":{\"@type\":\"ImageObject\",\"inLanguage\":\"pt-BR\",\"@id\":\"https:\/\/secure.gravatar.com\/avatar\/e0a867bdedb85fd243eadf09663511f96fc81e0720a4a42581f334ad4303aa6b?s=96&d=mm&r=g\",\"url\":\"https:\/\/secure.gravatar.com\/avatar\/e0a867bdedb85fd243eadf09663511f96fc81e0720a4a42581f334ad4303aa6b?s=96&d=mm&r=g\",\"contentUrl\":\"https:\/\/secure.gravatar.com\/avatar\/e0a867bdedb85fd243eadf09663511f96fc81e0720a4a42581f334ad4303aa6b?s=96&d=mm&r=g\",\"caption\":\"Reda\u00e7\u00e3o\"}}]}<\/script>\n<!-- \/ Yoast SEO plugin. -->","yoast_head_json":{"title":"Cuidados para seguir, tratar e retardar o Alzheimer - Notibras","robots":{"index":"index","follow":"follow","max-snippet":"max-snippet:-1","max-image-preview":"max-image-preview:large","max-video-preview":"max-video-preview:-1"},"canonical":"https:\/\/www.notibras.com\/site\/cuidados-para-seguir-tratar-e-retardar-o-alzheimer\/","og_locale":"pt_BR","og_type":"article","og_title":"Cuidados para seguir, tratar e retardar o Alzheimer - Notibras","og_description":"M\u00eas a m\u00eas, a Sa\u00fade elege temas que merecem uma aten\u00e7\u00e3o especial da popula\u00e7\u00e3o. Com a chegada do Fevereiro Roxo, os olhares est\u00e3o lan\u00e7ados para as doen\u00e7as cr\u00f4nicas, aquelas sem cura, entre elas o Alzheimer. Essa doen\u00e7a neurodegenerativa que provoca decl\u00ednio das fun\u00e7\u00f5es cognitivas n\u00e3o tem cura, mas o tratamento \u00e9 ofertado pela rede p\u00fablica [&hellip;]","og_url":"https:\/\/www.notibras.com\/site\/cuidados-para-seguir-tratar-e-retardar-o-alzheimer\/","og_site_name":"Notibras","article_publisher":"https:\/\/www.facebook.com\/notibras\/","article_published_time":"2024-02-04T03:00:04+00:00","article_modified_time":"2024-02-04T11:06:51+00:00","og_image":[{"width":1170,"height":700,"url":"https:\/\/www.notibras.com\/site\/wp-content\/uploads\/2024\/02\/Tomaz-Silva-Agencia-Brasil-copiar.jpg","type":"image\/jpeg"}],"author":"Reda\u00e7\u00e3o","twitter_card":"summary_large_image","twitter_creator":"@Notibras","twitter_site":"@Notibras","twitter_misc":{"Escrito por":"Reda\u00e7\u00e3o","Est. tempo de leitura":"4 minutos"},"schema":{"@context":"https:\/\/schema.org","@graph":[{"@type":"Article","@id":"https:\/\/www.notibras.com\/site\/cuidados-para-seguir-tratar-e-retardar-o-alzheimer\/#article","isPartOf":{"@id":"https:\/\/www.notibras.com\/site\/cuidados-para-seguir-tratar-e-retardar-o-alzheimer\/"},"author":{"name":"Reda\u00e7\u00e3o","@id":"https:\/\/www.notibras.com\/site\/#\/schema\/person\/36ab0979449956132d3e5b517ea76ac8"},"headline":"Cuidados para seguir, tratar e retardar o Alzheimer","datePublished":"2024-02-04T03:00:04+00:00","dateModified":"2024-02-04T11:06:51+00:00","mainEntityOfPage":{"@id":"https:\/\/www.notibras.com\/site\/cuidados-para-seguir-tratar-e-retardar-o-alzheimer\/"},"wordCount":697,"publisher":{"@id":"https:\/\/www.notibras.com\/site\/#organization"},"image":{"@id":"https:\/\/www.notibras.com\/site\/cuidados-para-seguir-tratar-e-retardar-o-alzheimer\/#primaryimage"},"thumbnailUrl":"https:\/\/www.notibras.com\/site\/wp-content\/uploads\/2024\/02\/Tomaz-Silva-Agencia-Brasil-copiar.jpg","articleSection":["Quadradinho em Foco"],"inLanguage":"pt-BR"},{"@type":"WebPage","@id":"https:\/\/www.notibras.com\/site\/cuidados-para-seguir-tratar-e-retardar-o-alzheimer\/","url":"https:\/\/www.notibras.com\/site\/cuidados-para-seguir-tratar-e-retardar-o-alzheimer\/","name":"Cuidados para seguir, tratar e retardar o Alzheimer - Notibras","isPartOf":{"@id":"https:\/\/www.notibras.com\/site\/#website"},"primaryImageOfPage":{"@id":"https:\/\/www.notibras.com\/site\/cuidados-para-seguir-tratar-e-retardar-o-alzheimer\/#primaryimage"},"image":{"@id":"https:\/\/www.notibras.com\/site\/cuidados-para-seguir-tratar-e-retardar-o-alzheimer\/#primaryimage"},"thumbnailUrl":"https:\/\/www.notibras.com\/site\/wp-content\/uploads\/2024\/02\/Tomaz-Silva-Agencia-Brasil-copiar.jpg","datePublished":"2024-02-04T03:00:04+00:00","dateModified":"2024-02-04T11:06:51+00:00","breadcrumb":{"@id":"https:\/\/www.notibras.com\/site\/cuidados-para-seguir-tratar-e-retardar-o-alzheimer\/#breadcrumb"},"inLanguage":"pt-BR","potentialAction":[{"@type":"ReadAction","target":["https:\/\/www.notibras.com\/site\/cuidados-para-seguir-tratar-e-retardar-o-alzheimer\/"]}]},{"@type":"ImageObject","inLanguage":"pt-BR","@id":"https:\/\/www.notibras.com\/site\/cuidados-para-seguir-tratar-e-retardar-o-alzheimer\/#primaryimage","url":"https:\/\/www.notibras.com\/site\/wp-content\/uploads\/2024\/02\/Tomaz-Silva-Agencia-Brasil-copiar.jpg","contentUrl":"https:\/\/www.notibras.com\/site\/wp-content\/uploads\/2024\/02\/Tomaz-Silva-Agencia-Brasil-copiar.jpg","width":1170,"height":700},{"@type":"BreadcrumbList","@id":"https:\/\/www.notibras.com\/site\/cuidados-para-seguir-tratar-e-retardar-o-alzheimer\/#breadcrumb","itemListElement":[{"@type":"ListItem","position":1,"name":"In\u00edcio","item":"https:\/\/www.notibras.com\/site\/"},{"@type":"ListItem","position":2,"name":"Cuidados para seguir, tratar e retardar o Alzheimer"}]},{"@type":"WebSite","@id":"https:\/\/www.notibras.com\/site\/#website","url":"https:\/\/www.notibras.com\/site\/","name":"Notibras","description":"Not\u00edcias de Bras\u00edlia, do Brasil e do Mundo","publisher":{"@id":"https:\/\/www.notibras.com\/site\/#organization"},"potentialAction":[{"@type":"SearchAction","target":{"@type":"EntryPoint","urlTemplate":"https:\/\/www.notibras.com\/site\/?s={search_term_string}"},"query-input":{"@type":"PropertyValueSpecification","valueRequired":true,"valueName":"search_term_string"}}],"inLanguage":"pt-BR"},{"@type":"Organization","@id":"https:\/\/www.notibras.com\/site\/#organization","name":"Grupo Notibras de Comunica\u00e7\u00e3o","url":"https:\/\/www.notibras.com\/site\/","logo":{"@type":"ImageObject","inLanguage":"pt-BR","@id":"https:\/\/www.notibras.com\/site\/#\/schema\/logo\/image\/","url":"https:\/\/www.notibras.com\/site\/wp-content\/uploads\/2023\/01\/notibras23.png","contentUrl":"https:\/\/www.notibras.com\/site\/wp-content\/uploads\/2023\/01\/notibras23.png","width":350,"height":87,"caption":"Grupo Notibras de Comunica\u00e7\u00e3o"},"image":{"@id":"https:\/\/www.notibras.com\/site\/#\/schema\/logo\/image\/"},"sameAs":["https:\/\/www.facebook.com\/notibras\/","https:\/\/x.com\/Notibras","https:\/\/www.instagram.com\/notibras\/"]},{"@type":"Person","@id":"https:\/\/www.notibras.com\/site\/#\/schema\/person\/36ab0979449956132d3e5b517ea76ac8","name":"Reda\u00e7\u00e3o","image":{"@type":"ImageObject","inLanguage":"pt-BR","@id":"https:\/\/secure.gravatar.com\/avatar\/e0a867bdedb85fd243eadf09663511f96fc81e0720a4a42581f334ad4303aa6b?s=96&d=mm&r=g","url":"https:\/\/secure.gravatar.com\/avatar\/e0a867bdedb85fd243eadf09663511f96fc81e0720a4a42581f334ad4303aa6b?s=96&d=mm&r=g","contentUrl":"https:\/\/secure.gravatar.com\/avatar\/e0a867bdedb85fd243eadf09663511f96fc81e0720a4a42581f334ad4303aa6b?s=96&d=mm&r=g","caption":"Reda\u00e7\u00e3o"}}]}},"amp_enabled":true,"_links":{"self":[{"href":"https:\/\/www.notibras.com\/site\/wp-json\/wp\/v2\/posts\/321704","targetHints":{"allow":["GET"]}}],"collection":[{"href":"https:\/\/www.notibras.com\/site\/wp-json\/wp\/v2\/posts"}],"about":[{"href":"https:\/\/www.notibras.com\/site\/wp-json\/wp\/v2\/types\/post"}],"author":[{"embeddable":true,"href":"https:\/\/www.notibras.com\/site\/wp-json\/wp\/v2\/users\/2"}],"replies":[{"embeddable":true,"href":"https:\/\/www.notibras.com\/site\/wp-json\/wp\/v2\/comments?post=321704"}],"version-history":[{"count":1,"href":"https:\/\/www.notibras.com\/site\/wp-json\/wp\/v2\/posts\/321704\/revisions"}],"predecessor-version":[{"id":321706,"href":"https:\/\/www.notibras.com\/site\/wp-json\/wp\/v2\/posts\/321704\/revisions\/321706"}],"wp:featuredmedia":[{"embeddable":true,"href":"https:\/\/www.notibras.com\/site\/wp-json\/wp\/v2\/media\/321705"}],"wp:attachment":[{"href":"https:\/\/www.notibras.com\/site\/wp-json\/wp\/v2\/media?parent=321704"}],"wp:term":[{"taxonomy":"category","embeddable":true,"href":"https:\/\/www.notibras.com\/site\/wp-json\/wp\/v2\/categories?post=321704"},{"taxonomy":"post_tag","embeddable":true,"href":"https:\/\/www.notibras.com\/site\/wp-json\/wp\/v2\/tags?post=321704"}],"curies":[{"name":"wp","href":"https:\/\/api.w.org\/{rel}","templated":true}]}}