{"id":321707,"date":"2024-02-04T00:00:55","date_gmt":"2024-02-04T03:00:55","guid":{"rendered":"https:\/\/www.notibras.com\/site\/?p=321707"},"modified":"2024-02-04T08:18:38","modified_gmt":"2024-02-04T11:18:38","slug":"cestas-verdes-levam-alimentacao-saudavel-para-baixa-renda","status":"publish","type":"post","link":"https:\/\/www.notibras.com\/site\/cestas-verdes-levam-alimentacao-saudavel-para-baixa-renda\/","title":{"rendered":"Cestas verdes levam alimenta\u00e7\u00e3o saud\u00e1vel para baixa renda"},"content":{"rendered":"<p>Legumes, frutas e verduras fresquinhas, produzidas por agricultores locais, na mesa de quem realmente precisa. Ao longo de 2023, o Governo do Distrito Federal (GDF) distribuiu 86.377 cestas verdes para fam\u00edlias que se encontravam em situa\u00e7\u00e3o de inseguran\u00e7a alimentar. Os kits, com 13 kg de alimentos variados, foram entregues em domic\u00edlio para os benefici\u00e1rios do Cart\u00e3o Prato Cheio e da Cesta Emergencial.<\/p>\n<p>Os programas do GDF que universalizam o acesso a alimentos de qualidade atendem a popula\u00e7\u00e3o em duas modalidades: pec\u00fania e cesta b\u00e1sica. Nos dois casos, a cesta verde \u00e9 entregue como um complemento para garantir refei\u00e7\u00f5es mais balanceadas. \u00c9 o que explica a diretora de Programas Sociais de Seguran\u00e7a Alimentar e Nutricional da Secretaria de Desenvolvimento Social (Sedes-DF), Tatieli Paz.<\/p>\n<p>\u201cAs fam\u00edlias que atendem aos requisitos necess\u00e1rios, como residir no DF, estar em situa\u00e7\u00e3o de seguran\u00e7a alimentar e ter renda per capita de at\u00e9 meio sal\u00e1rio m\u00ednimo, participam do programa Cart\u00e3o Prato Cheio, recebendo aux\u00edlio financeiro de R$ 250 por nove meses. Durante todo esse per\u00edodo, tamb\u00e9m ganham cestas verdes\u201d, explica Tatieli.<\/p>\n<p><strong>Cestas<\/strong><br \/>\nJ\u00e1 os benefici\u00e1rios que n\u00e3o se enquadram nas exig\u00eancias legais para receber cart\u00e3o de cr\u00e9dito podem solicitar as cestas b\u00e1sicas, que s\u00e3o entregues sempre acompanhadas do kit com legumes, verduras e frutas. \u201cNeste caso, a entrega n\u00e3o \u00e9 feita de forma cont\u00ednua. Atendemos as fam\u00edlias de forma pontual, de acordo com a necessidade\u201d, observa Tatieli. \u201cEm 2023, foram entregues 7.740 cestas b\u00e1sicas\u201d.<\/p>\n<p>Para fazer parte do programa Cart\u00e3o Prato Cheio, \u00e9 preciso estar cadastrado no Sistema da Assist\u00eancia Social. Para isso, o interessado deve passar por atendimento assistencial em qualquer um dos equipamentos oferecidos pelo GDF. Pode ser no Centro de Refer\u00eancia de Assist\u00eancia Social (Cras), no Centro de Refer\u00eancia Especializado de Assist\u00eancia Social (Crea), no Centro de Refer\u00eancia Especializado para Popula\u00e7\u00e3o em Situa\u00e7\u00e3o de Rua (Centro Pop) ou em qualquer unidade de acolhimento.<\/p>\n<p>\u201cA entrega das cestas verdes, bem como das cestas b\u00e1sicas, s\u00f3 \u00e9 realizada mediante pr\u00e9vio agendamento\u201d, informa Tatieli. \u201cPor isso, pedimos aos benefici\u00e1rios que mantenham seus telefones de contato atualizados. S\u00f3 assim poderemos marcar a data em que vamos levar os alimentos at\u00e9 a casa deles.\u201d<\/p>\n<p><strong>Sazonalidade<\/strong><br \/>\nTodos os produtos oferecidos nas cestas verdes v\u00eam da agricultura familiar do Distrito Federal, o que colabora para o fomento do agroneg\u00f3cio local. Os kits, cada um com 13 kg, devem conter itens de oito grupos de alimentos, que incluem frutas, verduras e legumes, entre outros.<\/p>\n<p>\u201cEsses grupos s\u00e3o padronizados \u2013 toda cesta deve ter pelo menos um produto de cada um deles\u201d, conta Tatieli. \u201cMas respeitamos a sazonalidade da produ\u00e7\u00e3o local. Por isso, os alimentos oferecidos variam de acordo com a \u00e9poca do ano.\u201d<\/p>\n","protected":false},"excerpt":{"rendered":"<p>Legumes, frutas e verduras fresquinhas, produzidas por agricultores locais, na mesa de quem realmente precisa. Ao longo de 2023, o Governo do Distrito Federal (GDF) distribuiu 86.377 cestas verdes para fam\u00edlias que se encontravam em situa\u00e7\u00e3o de inseguran\u00e7a alimentar. Os kits, com 13 kg de alimentos variados, foram entregues em domic\u00edlio para os benefici\u00e1rios do [&hellip;]<\/p>\n","protected":false},"author":2,"featured_media":321708,"comment_status":"closed","ping_status":"closed","sticky":false,"template":"","format":"standard","meta":{"_acf_changed":false,"footnotes":""},"categories":[161],"tags":[],"class_list":["post-321707","post","type-post","status-publish","format-standard","has-post-thumbnail","hentry","category-quadradinho-em-foco"],"acf":[],"yoast_head":"<!-- This site is optimized with the Yoast SEO plugin v27.2 - https:\/\/yoast.com\/product\/yoast-seo-wordpress\/ -->\n<title>Cestas verdes levam alimenta\u00e7\u00e3o saud\u00e1vel para baixa renda - Notibras<\/title>\n<meta name=\"robots\" content=\"index, follow, max-snippet:-1, max-image-preview:large, max-video-preview:-1\" \/>\n<link rel=\"canonical\" href=\"https:\/\/www.notibras.com\/site\/cestas-verdes-levam-alimentacao-saudavel-para-baixa-renda\/\" \/>\n<meta property=\"og:locale\" content=\"pt_BR\" \/>\n<meta property=\"og:type\" content=\"article\" \/>\n<meta property=\"og:title\" content=\"Cestas verdes levam alimenta\u00e7\u00e3o saud\u00e1vel para baixa renda - Notibras\" \/>\n<meta property=\"og:description\" content=\"Legumes, frutas e verduras fresquinhas, produzidas por agricultores locais, na mesa de quem realmente precisa. Ao longo de 2023, o Governo do Distrito Federal (GDF) distribuiu 86.377 cestas verdes para fam\u00edlias que se encontravam em situa\u00e7\u00e3o de inseguran\u00e7a alimentar. Os kits, com 13 kg de alimentos variados, foram entregues em domic\u00edlio para os benefici\u00e1rios do [&hellip;]\" \/>\n<meta property=\"og:url\" content=\"https:\/\/www.notibras.com\/site\/cestas-verdes-levam-alimentacao-saudavel-para-baixa-renda\/\" \/>\n<meta property=\"og:site_name\" content=\"Notibras\" \/>\n<meta property=\"article:publisher\" content=\"https:\/\/www.facebook.com\/notibras\/\" \/>\n<meta property=\"article:published_time\" content=\"2024-02-04T03:00:55+00:00\" \/>\n<meta property=\"article:modified_time\" content=\"2024-02-04T11:18:38+00:00\" \/>\n<meta property=\"og:image\" content=\"https:\/\/www.notibras.com\/site\/wp-content\/uploads\/2024\/02\/Tony-Oliveira-Agencia-Brasilia-5-1536x1024-1.jpg\" \/>\n\t<meta property=\"og:image:width\" content=\"1536\" \/>\n\t<meta property=\"og:image:height\" content=\"1024\" \/>\n\t<meta property=\"og:image:type\" content=\"image\/jpeg\" \/>\n<meta name=\"author\" content=\"Reda\u00e7\u00e3o\" \/>\n<meta name=\"twitter:card\" content=\"summary_large_image\" \/>\n<meta name=\"twitter:creator\" content=\"@Notibras\" \/>\n<meta name=\"twitter:site\" content=\"@Notibras\" \/>\n<meta name=\"twitter:label1\" content=\"Escrito por\" \/>\n\t<meta name=\"twitter:data1\" content=\"Reda\u00e7\u00e3o\" \/>\n\t<meta name=\"twitter:label2\" content=\"Est. tempo de leitura\" \/>\n\t<meta name=\"twitter:data2\" content=\"3 minutos\" \/>\n<script type=\"application\/ld+json\" class=\"yoast-schema-graph\">{\"@context\":\"https:\/\/schema.org\",\"@graph\":[{\"@type\":\"Article\",\"@id\":\"https:\/\/www.notibras.com\/site\/cestas-verdes-levam-alimentacao-saudavel-para-baixa-renda\/#article\",\"isPartOf\":{\"@id\":\"https:\/\/www.notibras.com\/site\/cestas-verdes-levam-alimentacao-saudavel-para-baixa-renda\/\"},\"author\":{\"name\":\"Reda\u00e7\u00e3o\",\"@id\":\"https:\/\/www.notibras.com\/site\/#\/schema\/person\/36ab0979449956132d3e5b517ea76ac8\"},\"headline\":\"Cestas verdes levam alimenta\u00e7\u00e3o saud\u00e1vel para baixa renda\",\"datePublished\":\"2024-02-04T03:00:55+00:00\",\"dateModified\":\"2024-02-04T11:18:38+00:00\",\"mainEntityOfPage\":{\"@id\":\"https:\/\/www.notibras.com\/site\/cestas-verdes-levam-alimentacao-saudavel-para-baixa-renda\/\"},\"wordCount\":486,\"publisher\":{\"@id\":\"https:\/\/www.notibras.com\/site\/#organization\"},\"image\":{\"@id\":\"https:\/\/www.notibras.com\/site\/cestas-verdes-levam-alimentacao-saudavel-para-baixa-renda\/#primaryimage\"},\"thumbnailUrl\":\"https:\/\/www.notibras.com\/site\/wp-content\/uploads\/2024\/02\/Tony-Oliveira-Agencia-Brasilia-5-1536x1024-1.jpg\",\"articleSection\":[\"Quadradinho em Foco\"],\"inLanguage\":\"pt-BR\"},{\"@type\":\"WebPage\",\"@id\":\"https:\/\/www.notibras.com\/site\/cestas-verdes-levam-alimentacao-saudavel-para-baixa-renda\/\",\"url\":\"https:\/\/www.notibras.com\/site\/cestas-verdes-levam-alimentacao-saudavel-para-baixa-renda\/\",\"name\":\"Cestas verdes levam alimenta\u00e7\u00e3o saud\u00e1vel para baixa renda - Notibras\",\"isPartOf\":{\"@id\":\"https:\/\/www.notibras.com\/site\/#website\"},\"primaryImageOfPage\":{\"@id\":\"https:\/\/www.notibras.com\/site\/cestas-verdes-levam-alimentacao-saudavel-para-baixa-renda\/#primaryimage\"},\"image\":{\"@id\":\"https:\/\/www.notibras.com\/site\/cestas-verdes-levam-alimentacao-saudavel-para-baixa-renda\/#primaryimage\"},\"thumbnailUrl\":\"https:\/\/www.notibras.com\/site\/wp-content\/uploads\/2024\/02\/Tony-Oliveira-Agencia-Brasilia-5-1536x1024-1.jpg\",\"datePublished\":\"2024-02-04T03:00:55+00:00\",\"dateModified\":\"2024-02-04T11:18:38+00:00\",\"breadcrumb\":{\"@id\":\"https:\/\/www.notibras.com\/site\/cestas-verdes-levam-alimentacao-saudavel-para-baixa-renda\/#breadcrumb\"},\"inLanguage\":\"pt-BR\",\"potentialAction\":[{\"@type\":\"ReadAction\",\"target\":[\"https:\/\/www.notibras.com\/site\/cestas-verdes-levam-alimentacao-saudavel-para-baixa-renda\/\"]}]},{\"@type\":\"ImageObject\",\"inLanguage\":\"pt-BR\",\"@id\":\"https:\/\/www.notibras.com\/site\/cestas-verdes-levam-alimentacao-saudavel-para-baixa-renda\/#primaryimage\",\"url\":\"https:\/\/www.notibras.com\/site\/wp-content\/uploads\/2024\/02\/Tony-Oliveira-Agencia-Brasilia-5-1536x1024-1.jpg\",\"contentUrl\":\"https:\/\/www.notibras.com\/site\/wp-content\/uploads\/2024\/02\/Tony-Oliveira-Agencia-Brasilia-5-1536x1024-1.jpg\",\"width\":1536,\"height\":1024},{\"@type\":\"BreadcrumbList\",\"@id\":\"https:\/\/www.notibras.com\/site\/cestas-verdes-levam-alimentacao-saudavel-para-baixa-renda\/#breadcrumb\",\"itemListElement\":[{\"@type\":\"ListItem\",\"position\":1,\"name\":\"In\u00edcio\",\"item\":\"https:\/\/www.notibras.com\/site\/\"},{\"@type\":\"ListItem\",\"position\":2,\"name\":\"Cestas verdes levam alimenta\u00e7\u00e3o saud\u00e1vel para baixa renda\"}]},{\"@type\":\"WebSite\",\"@id\":\"https:\/\/www.notibras.com\/site\/#website\",\"url\":\"https:\/\/www.notibras.com\/site\/\",\"name\":\"Notibras\",\"description\":\"Not\u00edcias de Bras\u00edlia, do Brasil e do Mundo\",\"publisher\":{\"@id\":\"https:\/\/www.notibras.com\/site\/#organization\"},\"potentialAction\":[{\"@type\":\"SearchAction\",\"target\":{\"@type\":\"EntryPoint\",\"urlTemplate\":\"https:\/\/www.notibras.com\/site\/?s={search_term_string}\"},\"query-input\":{\"@type\":\"PropertyValueSpecification\",\"valueRequired\":true,\"valueName\":\"search_term_string\"}}],\"inLanguage\":\"pt-BR\"},{\"@type\":\"Organization\",\"@id\":\"https:\/\/www.notibras.com\/site\/#organization\",\"name\":\"Grupo Notibras de Comunica\u00e7\u00e3o\",\"url\":\"https:\/\/www.notibras.com\/site\/\",\"logo\":{\"@type\":\"ImageObject\",\"inLanguage\":\"pt-BR\",\"@id\":\"https:\/\/www.notibras.com\/site\/#\/schema\/logo\/image\/\",\"url\":\"https:\/\/www.notibras.com\/site\/wp-content\/uploads\/2023\/01\/notibras23.png\",\"contentUrl\":\"https:\/\/www.notibras.com\/site\/wp-content\/uploads\/2023\/01\/notibras23.png\",\"width\":350,\"height\":87,\"caption\":\"Grupo Notibras de Comunica\u00e7\u00e3o\"},\"image\":{\"@id\":\"https:\/\/www.notibras.com\/site\/#\/schema\/logo\/image\/\"},\"sameAs\":[\"https:\/\/www.facebook.com\/notibras\/\",\"https:\/\/x.com\/Notibras\",\"https:\/\/www.instagram.com\/notibras\/\"]},{\"@type\":\"Person\",\"@id\":\"https:\/\/www.notibras.com\/site\/#\/schema\/person\/36ab0979449956132d3e5b517ea76ac8\",\"name\":\"Reda\u00e7\u00e3o\",\"image\":{\"@type\":\"ImageObject\",\"inLanguage\":\"pt-BR\",\"@id\":\"https:\/\/secure.gravatar.com\/avatar\/e0a867bdedb85fd243eadf09663511f96fc81e0720a4a42581f334ad4303aa6b?s=96&d=mm&r=g\",\"url\":\"https:\/\/secure.gravatar.com\/avatar\/e0a867bdedb85fd243eadf09663511f96fc81e0720a4a42581f334ad4303aa6b?s=96&d=mm&r=g\",\"contentUrl\":\"https:\/\/secure.gravatar.com\/avatar\/e0a867bdedb85fd243eadf09663511f96fc81e0720a4a42581f334ad4303aa6b?s=96&d=mm&r=g\",\"caption\":\"Reda\u00e7\u00e3o\"}}]}<\/script>\n<!-- \/ Yoast SEO plugin. -->","yoast_head_json":{"title":"Cestas verdes levam alimenta\u00e7\u00e3o saud\u00e1vel para baixa renda - Notibras","robots":{"index":"index","follow":"follow","max-snippet":"max-snippet:-1","max-image-preview":"max-image-preview:large","max-video-preview":"max-video-preview:-1"},"canonical":"https:\/\/www.notibras.com\/site\/cestas-verdes-levam-alimentacao-saudavel-para-baixa-renda\/","og_locale":"pt_BR","og_type":"article","og_title":"Cestas verdes levam alimenta\u00e7\u00e3o saud\u00e1vel para baixa renda - Notibras","og_description":"Legumes, frutas e verduras fresquinhas, produzidas por agricultores locais, na mesa de quem realmente precisa. Ao longo de 2023, o Governo do Distrito Federal (GDF) distribuiu 86.377 cestas verdes para fam\u00edlias que se encontravam em situa\u00e7\u00e3o de inseguran\u00e7a alimentar. Os kits, com 13 kg de alimentos variados, foram entregues em domic\u00edlio para os benefici\u00e1rios do [&hellip;]","og_url":"https:\/\/www.notibras.com\/site\/cestas-verdes-levam-alimentacao-saudavel-para-baixa-renda\/","og_site_name":"Notibras","article_publisher":"https:\/\/www.facebook.com\/notibras\/","article_published_time":"2024-02-04T03:00:55+00:00","article_modified_time":"2024-02-04T11:18:38+00:00","og_image":[{"width":1536,"height":1024,"url":"https:\/\/www.notibras.com\/site\/wp-content\/uploads\/2024\/02\/Tony-Oliveira-Agencia-Brasilia-5-1536x1024-1.jpg","type":"image\/jpeg"}],"author":"Reda\u00e7\u00e3o","twitter_card":"summary_large_image","twitter_creator":"@Notibras","twitter_site":"@Notibras","twitter_misc":{"Escrito por":"Reda\u00e7\u00e3o","Est. tempo de leitura":"3 minutos"},"schema":{"@context":"https:\/\/schema.org","@graph":[{"@type":"Article","@id":"https:\/\/www.notibras.com\/site\/cestas-verdes-levam-alimentacao-saudavel-para-baixa-renda\/#article","isPartOf":{"@id":"https:\/\/www.notibras.com\/site\/cestas-verdes-levam-alimentacao-saudavel-para-baixa-renda\/"},"author":{"name":"Reda\u00e7\u00e3o","@id":"https:\/\/www.notibras.com\/site\/#\/schema\/person\/36ab0979449956132d3e5b517ea76ac8"},"headline":"Cestas verdes levam alimenta\u00e7\u00e3o saud\u00e1vel para baixa renda","datePublished":"2024-02-04T03:00:55+00:00","dateModified":"2024-02-04T11:18:38+00:00","mainEntityOfPage":{"@id":"https:\/\/www.notibras.com\/site\/cestas-verdes-levam-alimentacao-saudavel-para-baixa-renda\/"},"wordCount":486,"publisher":{"@id":"https:\/\/www.notibras.com\/site\/#organization"},"image":{"@id":"https:\/\/www.notibras.com\/site\/cestas-verdes-levam-alimentacao-saudavel-para-baixa-renda\/#primaryimage"},"thumbnailUrl":"https:\/\/www.notibras.com\/site\/wp-content\/uploads\/2024\/02\/Tony-Oliveira-Agencia-Brasilia-5-1536x1024-1.jpg","articleSection":["Quadradinho em Foco"],"inLanguage":"pt-BR"},{"@type":"WebPage","@id":"https:\/\/www.notibras.com\/site\/cestas-verdes-levam-alimentacao-saudavel-para-baixa-renda\/","url":"https:\/\/www.notibras.com\/site\/cestas-verdes-levam-alimentacao-saudavel-para-baixa-renda\/","name":"Cestas verdes levam alimenta\u00e7\u00e3o saud\u00e1vel para baixa renda - Notibras","isPartOf":{"@id":"https:\/\/www.notibras.com\/site\/#website"},"primaryImageOfPage":{"@id":"https:\/\/www.notibras.com\/site\/cestas-verdes-levam-alimentacao-saudavel-para-baixa-renda\/#primaryimage"},"image":{"@id":"https:\/\/www.notibras.com\/site\/cestas-verdes-levam-alimentacao-saudavel-para-baixa-renda\/#primaryimage"},"thumbnailUrl":"https:\/\/www.notibras.com\/site\/wp-content\/uploads\/2024\/02\/Tony-Oliveira-Agencia-Brasilia-5-1536x1024-1.jpg","datePublished":"2024-02-04T03:00:55+00:00","dateModified":"2024-02-04T11:18:38+00:00","breadcrumb":{"@id":"https:\/\/www.notibras.com\/site\/cestas-verdes-levam-alimentacao-saudavel-para-baixa-renda\/#breadcrumb"},"inLanguage":"pt-BR","potentialAction":[{"@type":"ReadAction","target":["https:\/\/www.notibras.com\/site\/cestas-verdes-levam-alimentacao-saudavel-para-baixa-renda\/"]}]},{"@type":"ImageObject","inLanguage":"pt-BR","@id":"https:\/\/www.notibras.com\/site\/cestas-verdes-levam-alimentacao-saudavel-para-baixa-renda\/#primaryimage","url":"https:\/\/www.notibras.com\/site\/wp-content\/uploads\/2024\/02\/Tony-Oliveira-Agencia-Brasilia-5-1536x1024-1.jpg","contentUrl":"https:\/\/www.notibras.com\/site\/wp-content\/uploads\/2024\/02\/Tony-Oliveira-Agencia-Brasilia-5-1536x1024-1.jpg","width":1536,"height":1024},{"@type":"BreadcrumbList","@id":"https:\/\/www.notibras.com\/site\/cestas-verdes-levam-alimentacao-saudavel-para-baixa-renda\/#breadcrumb","itemListElement":[{"@type":"ListItem","position":1,"name":"In\u00edcio","item":"https:\/\/www.notibras.com\/site\/"},{"@type":"ListItem","position":2,"name":"Cestas verdes levam alimenta\u00e7\u00e3o saud\u00e1vel para baixa renda"}]},{"@type":"WebSite","@id":"https:\/\/www.notibras.com\/site\/#website","url":"https:\/\/www.notibras.com\/site\/","name":"Notibras","description":"Not\u00edcias de Bras\u00edlia, do Brasil e do Mundo","publisher":{"@id":"https:\/\/www.notibras.com\/site\/#organization"},"potentialAction":[{"@type":"SearchAction","target":{"@type":"EntryPoint","urlTemplate":"https:\/\/www.notibras.com\/site\/?s={search_term_string}"},"query-input":{"@type":"PropertyValueSpecification","valueRequired":true,"valueName":"search_term_string"}}],"inLanguage":"pt-BR"},{"@type":"Organization","@id":"https:\/\/www.notibras.com\/site\/#organization","name":"Grupo Notibras de Comunica\u00e7\u00e3o","url":"https:\/\/www.notibras.com\/site\/","logo":{"@type":"ImageObject","inLanguage":"pt-BR","@id":"https:\/\/www.notibras.com\/site\/#\/schema\/logo\/image\/","url":"https:\/\/www.notibras.com\/site\/wp-content\/uploads\/2023\/01\/notibras23.png","contentUrl":"https:\/\/www.notibras.com\/site\/wp-content\/uploads\/2023\/01\/notibras23.png","width":350,"height":87,"caption":"Grupo Notibras de Comunica\u00e7\u00e3o"},"image":{"@id":"https:\/\/www.notibras.com\/site\/#\/schema\/logo\/image\/"},"sameAs":["https:\/\/www.facebook.com\/notibras\/","https:\/\/x.com\/Notibras","https:\/\/www.instagram.com\/notibras\/"]},{"@type":"Person","@id":"https:\/\/www.notibras.com\/site\/#\/schema\/person\/36ab0979449956132d3e5b517ea76ac8","name":"Reda\u00e7\u00e3o","image":{"@type":"ImageObject","inLanguage":"pt-BR","@id":"https:\/\/secure.gravatar.com\/avatar\/e0a867bdedb85fd243eadf09663511f96fc81e0720a4a42581f334ad4303aa6b?s=96&d=mm&r=g","url":"https:\/\/secure.gravatar.com\/avatar\/e0a867bdedb85fd243eadf09663511f96fc81e0720a4a42581f334ad4303aa6b?s=96&d=mm&r=g","contentUrl":"https:\/\/secure.gravatar.com\/avatar\/e0a867bdedb85fd243eadf09663511f96fc81e0720a4a42581f334ad4303aa6b?s=96&d=mm&r=g","caption":"Reda\u00e7\u00e3o"}}]}},"amp_enabled":true,"_links":{"self":[{"href":"https:\/\/www.notibras.com\/site\/wp-json\/wp\/v2\/posts\/321707","targetHints":{"allow":["GET"]}}],"collection":[{"href":"https:\/\/www.notibras.com\/site\/wp-json\/wp\/v2\/posts"}],"about":[{"href":"https:\/\/www.notibras.com\/site\/wp-json\/wp\/v2\/types\/post"}],"author":[{"embeddable":true,"href":"https:\/\/www.notibras.com\/site\/wp-json\/wp\/v2\/users\/2"}],"replies":[{"embeddable":true,"href":"https:\/\/www.notibras.com\/site\/wp-json\/wp\/v2\/comments?post=321707"}],"version-history":[{"count":1,"href":"https:\/\/www.notibras.com\/site\/wp-json\/wp\/v2\/posts\/321707\/revisions"}],"predecessor-version":[{"id":321709,"href":"https:\/\/www.notibras.com\/site\/wp-json\/wp\/v2\/posts\/321707\/revisions\/321709"}],"wp:featuredmedia":[{"embeddable":true,"href":"https:\/\/www.notibras.com\/site\/wp-json\/wp\/v2\/media\/321708"}],"wp:attachment":[{"href":"https:\/\/www.notibras.com\/site\/wp-json\/wp\/v2\/media?parent=321707"}],"wp:term":[{"taxonomy":"category","embeddable":true,"href":"https:\/\/www.notibras.com\/site\/wp-json\/wp\/v2\/categories?post=321707"},{"taxonomy":"post_tag","embeddable":true,"href":"https:\/\/www.notibras.com\/site\/wp-json\/wp\/v2\/tags?post=321707"}],"curies":[{"name":"wp","href":"https:\/\/api.w.org\/{rel}","templated":true}]}}