{"id":32171,"date":"2014-12-25T19:36:00","date_gmt":"2014-12-25T22:36:00","guid":{"rendered":"http:\/\/www.notibras.com\/site\/?p=32171"},"modified":"2014-12-26T11:11:20","modified_gmt":"2014-12-26T14:11:20","slug":"cientistas-politicos-avaliam-que-dilma-fatiou-bolo-da-alianca-em-ministerios-para-ter-governabilidade","status":"publish","type":"post","link":"https:\/\/www.notibras.com\/site\/cientistas-politicos-avaliam-que-dilma-fatiou-bolo-da-alianca-em-ministerios-para-ter-governabilidade\/","title":{"rendered":"Dilma fatia o bolo da alian\u00e7a eleitoral com os minist\u00e9rios para ter a governabilidade"},"content":{"rendered":"<p>A preocupa\u00e7\u00e3o com a composi\u00e7\u00e3o do pr\u00f3ximo Congresso Nacional foi um dos principais elementos para a escolha dos novos ministros, disse o cientista pol\u00edtico Ricardo Ismael, da Pontif\u00edcia Universidade Cat\u00f3lica do Rio de Janeiro (PUC-Rio). Apesar de o PT e o PMDB terem as maiores bancadas, tamb\u00e9m cresceram partidos como o PSD, de Gilberto Kassab, escolhido para o Minist\u00e9rio das Cidades, e o PRB, de George Hilton, contemplado com a pasta do Esporte.<\/p>\n<p>De acordo com a an\u00e1lise de Ismael, desde as primeiras nomea\u00e7\u00f5es, a presidenta tem buscado dialogar com v\u00e1rios setores da sociedade. Segundo ele, isso ficou claro com as indica\u00e7\u00f5es de Joaquim Levy para a Fazenda, de Armando Monteiro para o Desenvolvimento, Ind\u00fastria e Com\u00e9rcio Exterior e de Nelson Barbosa para o Planejamento. &#8220;Foi uma tentativa de atender o mercado financeiro, sinalizando mudan\u00e7as na politica econ\u00f4mica. Com os 13 novos nomes anunciados, a preocupa\u00e7\u00e3o foi na mesma linha, contemplando a base aliada, sobretudo o PMDB, que ficou com seis pastas.\u201d<\/p>\n<p>Para Jo\u00e3o Feres J\u00fanior, professor de p\u00f3s-gradua\u00e7\u00e3o do Instituto de Estudos Sociais e Pol\u00edticos (Iesp), \u00e9 natural que pol\u00edticos sejam escolhidos para altos cargos no governo. Segundo ele, esta \u00e9 uma forma de tentar um di\u00e1logo mais pr\u00f3ximo com representantes eleitos para o Congresso e garantir que as propostas do Planalto sejam aprovadas pelo Legislativo.<\/p>\n<p>\u201cO presidente da Rep\u00fablica tem uma autonomia limitada. V\u00e1rias das politicas p\u00fablicas do Executivo t\u00eam de ser aprovadas na forma de lei. Para uma lei ser aprovada, precisa passar pelo Parlamento. Ent\u00e3o, a presidenta tem de ter aliados l\u00e1\u201d, comentou Feres.<\/p>\n<p>Ele lembrou que a Presid\u00eancia da Rep\u00fablica apresenta mais projetos de lei que deputados e senadores, mas precisa tratar com eles. \u201cNo sistema presidencialista, o conte\u00fado do governo tem de ser negociado constantemente com o Legislativo. A presidenta n\u00e3o escolhe not\u00e1veis em cada \u00e1rea e os coloca nos minist\u00e9rios. O gabinete ministerial reflete o acordo com a base parlamentar, uma articula\u00e7\u00e3o com a maioria do Parlamento\u201d, explicou. \u201cPol\u00edtica \u00e9 uma arte complicada. \u00c9 correr no fio da navalha\u201d, disse.<\/p>\n<blockquote><p>Embora muitos nomes n\u00e3o agradem a eleitores mais \u00e0 esquerda do PT, Luciana Veiga, professora de Ci\u00eancia Pol\u00edtica da Universidade Federal do Paran\u00e1, lembrou que Dilma venceu representando uma coliga\u00e7\u00e3o da qual ficaria dependente. \u201cN\u00e3o podemos pensar em desvirtuamento do voto. Pressup\u00f5e-se que os eleitores sabiam que era uma coliga\u00e7\u00e3o sustentada pelos votos do Parlamento, que, na C\u00e2mara, ficaram divididos entre PT e PMDB\u201d, acentuou.<\/p><\/blockquote>\n<p>Luciana acredita que, com cen\u00e1rio econ\u00f4mico mais apertado, sob influ\u00eancia das investiga\u00e7\u00f5es da Opera\u00e7\u00e3o Lava Jato, o segundo mandato ser\u00e1 de negocia\u00e7\u00e3o constante entre as for\u00e7as que elegeram a presidenta. \u201cH\u00e1 os eleitores de esquerda que, na reta final, viabilizaram a elei\u00e7\u00e3o. Mas eles n\u00e3o s\u00e3o maioria entre os eleitores de Dilma. Pensando fria e estrategicamente em termos eleitorais, s\u00e3o eles os \u00faltimos a deixar de votar no PT em uma eventual disputa contra o PSDB.\u201d<\/p>\n<p>A professora da UFPR acrescentou que a escolha por pol\u00edticos foi pensada para garantir a governabilidade, diante das incertezas econ\u00f4micas e do cen\u00e1rio pol\u00edtico. \u201cV\u00e3o-se os an\u00e9is, mas ficam os dedos. Tem de negociar. Se ela fizer birra agora, cai na armadilha de negociar vota\u00e7\u00e3o por vota\u00e7\u00e3o. Sabemos como isso fica caro\u201d, disse Luciana, referindo-se, por exemplo, ao tr\u00e2mite tumultuado do decreto criando a Pol\u00edtica Nacional de Participa\u00e7\u00e3o Social (PNPS).<\/p>\n<p>A an\u00e1lise de Jo\u00e3o Feres Jr. \u00e9 semelhante. Ele sugere que os setores descontentes com as indica\u00e7\u00f5es devem cobrem de Dilma por terem sido decisivos na reta final da campanha. \u201cOs movimentos sociais t\u00eam de cobrar a d\u00edvida, enquanto o papel da presidenta \u00e9 governar\u201d, justificou.<\/p>\n<p><strong>Isabela Vieira, Br<\/strong><\/p>\n","protected":false},"excerpt":{"rendered":"<p>A preocupa\u00e7\u00e3o com a composi\u00e7\u00e3o do pr\u00f3ximo Congresso Nacional foi um dos principais elementos para a escolha dos novos ministros, disse o cientista pol\u00edtico Ricardo Ismael, da Pontif\u00edcia Universidade Cat\u00f3lica do Rio de Janeiro (PUC-Rio). Apesar de o PT e o PMDB terem as maiores bancadas, tamb\u00e9m cresceram partidos como o PSD, de Gilberto Kassab, [&hellip;]<\/p>\n","protected":false},"author":2,"featured_media":32172,"comment_status":"open","ping_status":"closed","sticky":false,"template":"","format":"standard","meta":{"_acf_changed":false,"footnotes":""},"categories":[16],"tags":[],"class_list":["post-32171","post","type-post","status-publish","format-standard","has-post-thumbnail","hentry","category-brasil"],"acf":[],"yoast_head":"<!-- This site is optimized with the Yoast SEO plugin v27.2 - https:\/\/yoast.com\/product\/yoast-seo-wordpress\/ -->\n<title>Dilma fatia o bolo da alian\u00e7a eleitoral com os minist\u00e9rios para ter a governabilidade - Notibras<\/title>\n<meta name=\"robots\" content=\"index, follow, max-snippet:-1, max-image-preview:large, max-video-preview:-1\" \/>\n<link rel=\"canonical\" href=\"https:\/\/www.notibras.com\/site\/cientistas-politicos-avaliam-que-dilma-fatiou-bolo-da-alianca-em-ministerios-para-ter-governabilidade\/\" \/>\n<meta property=\"og:locale\" content=\"pt_BR\" \/>\n<meta property=\"og:type\" content=\"article\" \/>\n<meta property=\"og:title\" content=\"Dilma fatia o bolo da alian\u00e7a eleitoral com os minist\u00e9rios para ter a governabilidade - Notibras\" \/>\n<meta property=\"og:description\" content=\"A preocupa\u00e7\u00e3o com a composi\u00e7\u00e3o do pr\u00f3ximo Congresso Nacional foi um dos principais elementos para a escolha dos novos ministros, disse o cientista pol\u00edtico Ricardo Ismael, da Pontif\u00edcia Universidade Cat\u00f3lica do Rio de Janeiro (PUC-Rio). Apesar de o PT e o PMDB terem as maiores bancadas, tamb\u00e9m cresceram partidos como o PSD, de Gilberto Kassab, [&hellip;]\" \/>\n<meta property=\"og:url\" content=\"https:\/\/www.notibras.com\/site\/cientistas-politicos-avaliam-que-dilma-fatiou-bolo-da-alianca-em-ministerios-para-ter-governabilidade\/\" \/>\n<meta property=\"og:site_name\" content=\"Notibras\" \/>\n<meta property=\"article:publisher\" content=\"https:\/\/www.facebook.com\/notibras\/\" \/>\n<meta property=\"article:published_time\" content=\"2014-12-25T22:36:00+00:00\" \/>\n<meta property=\"article:modified_time\" content=\"2014-12-26T14:11:20+00:00\" \/>\n<meta property=\"og:image\" content=\"https:\/\/www.notibras.com\/site\/wp-content\/uploads\/2014\/12\/Dilma9.jpg\" \/>\n\t<meta property=\"og:image:width\" content=\"550\" \/>\n\t<meta property=\"og:image:height\" content=\"375\" \/>\n\t<meta property=\"og:image:type\" content=\"image\/jpeg\" \/>\n<meta name=\"author\" content=\"Reda\u00e7\u00e3o\" \/>\n<meta name=\"twitter:card\" content=\"summary_large_image\" \/>\n<meta name=\"twitter:creator\" content=\"@Notibras\" \/>\n<meta name=\"twitter:site\" content=\"@Notibras\" \/>\n<meta name=\"twitter:label1\" content=\"Escrito por\" \/>\n\t<meta name=\"twitter:data1\" content=\"Reda\u00e7\u00e3o\" \/>\n\t<meta name=\"twitter:label2\" content=\"Est. tempo de leitura\" \/>\n\t<meta name=\"twitter:data2\" content=\"3 minutos\" \/>\n<script type=\"application\/ld+json\" class=\"yoast-schema-graph\">{\"@context\":\"https:\/\/schema.org\",\"@graph\":[{\"@type\":\"Article\",\"@id\":\"https:\/\/www.notibras.com\/site\/cientistas-politicos-avaliam-que-dilma-fatiou-bolo-da-alianca-em-ministerios-para-ter-governabilidade\/#article\",\"isPartOf\":{\"@id\":\"https:\/\/www.notibras.com\/site\/cientistas-politicos-avaliam-que-dilma-fatiou-bolo-da-alianca-em-ministerios-para-ter-governabilidade\/\"},\"author\":{\"name\":\"Reda\u00e7\u00e3o\",\"@id\":\"https:\/\/www.notibras.com\/site\/#\/schema\/person\/36ab0979449956132d3e5b517ea76ac8\"},\"headline\":\"Dilma fatia o bolo da alian\u00e7a eleitoral com os minist\u00e9rios para ter a governabilidade\",\"datePublished\":\"2014-12-25T22:36:00+00:00\",\"dateModified\":\"2014-12-26T14:11:20+00:00\",\"mainEntityOfPage\":{\"@id\":\"https:\/\/www.notibras.com\/site\/cientistas-politicos-avaliam-que-dilma-fatiou-bolo-da-alianca-em-ministerios-para-ter-governabilidade\/\"},\"wordCount\":678,\"commentCount\":0,\"publisher\":{\"@id\":\"https:\/\/www.notibras.com\/site\/#organization\"},\"image\":{\"@id\":\"https:\/\/www.notibras.com\/site\/cientistas-politicos-avaliam-que-dilma-fatiou-bolo-da-alianca-em-ministerios-para-ter-governabilidade\/#primaryimage\"},\"thumbnailUrl\":\"https:\/\/www.notibras.com\/site\/wp-content\/uploads\/2014\/12\/Dilma9.jpg\",\"articleSection\":[\"Brasil\"],\"inLanguage\":\"pt-BR\",\"potentialAction\":[{\"@type\":\"CommentAction\",\"name\":\"Comment\",\"target\":[\"https:\/\/www.notibras.com\/site\/cientistas-politicos-avaliam-que-dilma-fatiou-bolo-da-alianca-em-ministerios-para-ter-governabilidade\/#respond\"]}]},{\"@type\":\"WebPage\",\"@id\":\"https:\/\/www.notibras.com\/site\/cientistas-politicos-avaliam-que-dilma-fatiou-bolo-da-alianca-em-ministerios-para-ter-governabilidade\/\",\"url\":\"https:\/\/www.notibras.com\/site\/cientistas-politicos-avaliam-que-dilma-fatiou-bolo-da-alianca-em-ministerios-para-ter-governabilidade\/\",\"name\":\"Dilma fatia o bolo da alian\u00e7a eleitoral com os minist\u00e9rios para ter a governabilidade - Notibras\",\"isPartOf\":{\"@id\":\"https:\/\/www.notibras.com\/site\/#website\"},\"primaryImageOfPage\":{\"@id\":\"https:\/\/www.notibras.com\/site\/cientistas-politicos-avaliam-que-dilma-fatiou-bolo-da-alianca-em-ministerios-para-ter-governabilidade\/#primaryimage\"},\"image\":{\"@id\":\"https:\/\/www.notibras.com\/site\/cientistas-politicos-avaliam-que-dilma-fatiou-bolo-da-alianca-em-ministerios-para-ter-governabilidade\/#primaryimage\"},\"thumbnailUrl\":\"https:\/\/www.notibras.com\/site\/wp-content\/uploads\/2014\/12\/Dilma9.jpg\",\"datePublished\":\"2014-12-25T22:36:00+00:00\",\"dateModified\":\"2014-12-26T14:11:20+00:00\",\"breadcrumb\":{\"@id\":\"https:\/\/www.notibras.com\/site\/cientistas-politicos-avaliam-que-dilma-fatiou-bolo-da-alianca-em-ministerios-para-ter-governabilidade\/#breadcrumb\"},\"inLanguage\":\"pt-BR\",\"potentialAction\":[{\"@type\":\"ReadAction\",\"target\":[\"https:\/\/www.notibras.com\/site\/cientistas-politicos-avaliam-que-dilma-fatiou-bolo-da-alianca-em-ministerios-para-ter-governabilidade\/\"]}]},{\"@type\":\"ImageObject\",\"inLanguage\":\"pt-BR\",\"@id\":\"https:\/\/www.notibras.com\/site\/cientistas-politicos-avaliam-que-dilma-fatiou-bolo-da-alianca-em-ministerios-para-ter-governabilidade\/#primaryimage\",\"url\":\"https:\/\/www.notibras.com\/site\/wp-content\/uploads\/2014\/12\/Dilma9.jpg\",\"contentUrl\":\"https:\/\/www.notibras.com\/site\/wp-content\/uploads\/2014\/12\/Dilma9.jpg\",\"width\":550,\"height\":375},{\"@type\":\"BreadcrumbList\",\"@id\":\"https:\/\/www.notibras.com\/site\/cientistas-politicos-avaliam-que-dilma-fatiou-bolo-da-alianca-em-ministerios-para-ter-governabilidade\/#breadcrumb\",\"itemListElement\":[{\"@type\":\"ListItem\",\"position\":1,\"name\":\"In\u00edcio\",\"item\":\"https:\/\/www.notibras.com\/site\/\"},{\"@type\":\"ListItem\",\"position\":2,\"name\":\"Dilma fatia o bolo da alian\u00e7a eleitoral com os minist\u00e9rios para ter a governabilidade\"}]},{\"@type\":\"WebSite\",\"@id\":\"https:\/\/www.notibras.com\/site\/#website\",\"url\":\"https:\/\/www.notibras.com\/site\/\",\"name\":\"Notibras\",\"description\":\"Not\u00edcias de Bras\u00edlia, do Brasil e do Mundo\",\"publisher\":{\"@id\":\"https:\/\/www.notibras.com\/site\/#organization\"},\"potentialAction\":[{\"@type\":\"SearchAction\",\"target\":{\"@type\":\"EntryPoint\",\"urlTemplate\":\"https:\/\/www.notibras.com\/site\/?s={search_term_string}\"},\"query-input\":{\"@type\":\"PropertyValueSpecification\",\"valueRequired\":true,\"valueName\":\"search_term_string\"}}],\"inLanguage\":\"pt-BR\"},{\"@type\":\"Organization\",\"@id\":\"https:\/\/www.notibras.com\/site\/#organization\",\"name\":\"Grupo Notibras de Comunica\u00e7\u00e3o\",\"url\":\"https:\/\/www.notibras.com\/site\/\",\"logo\":{\"@type\":\"ImageObject\",\"inLanguage\":\"pt-BR\",\"@id\":\"https:\/\/www.notibras.com\/site\/#\/schema\/logo\/image\/\",\"url\":\"https:\/\/www.notibras.com\/site\/wp-content\/uploads\/2023\/01\/notibras23.png\",\"contentUrl\":\"https:\/\/www.notibras.com\/site\/wp-content\/uploads\/2023\/01\/notibras23.png\",\"width\":350,\"height\":87,\"caption\":\"Grupo Notibras de Comunica\u00e7\u00e3o\"},\"image\":{\"@id\":\"https:\/\/www.notibras.com\/site\/#\/schema\/logo\/image\/\"},\"sameAs\":[\"https:\/\/www.facebook.com\/notibras\/\",\"https:\/\/x.com\/Notibras\",\"https:\/\/www.instagram.com\/notibras\/\"]},{\"@type\":\"Person\",\"@id\":\"https:\/\/www.notibras.com\/site\/#\/schema\/person\/36ab0979449956132d3e5b517ea76ac8\",\"name\":\"Reda\u00e7\u00e3o\",\"image\":{\"@type\":\"ImageObject\",\"inLanguage\":\"pt-BR\",\"@id\":\"https:\/\/secure.gravatar.com\/avatar\/e0a867bdedb85fd243eadf09663511f96fc81e0720a4a42581f334ad4303aa6b?s=96&d=mm&r=g\",\"url\":\"https:\/\/secure.gravatar.com\/avatar\/e0a867bdedb85fd243eadf09663511f96fc81e0720a4a42581f334ad4303aa6b?s=96&d=mm&r=g\",\"contentUrl\":\"https:\/\/secure.gravatar.com\/avatar\/e0a867bdedb85fd243eadf09663511f96fc81e0720a4a42581f334ad4303aa6b?s=96&d=mm&r=g\",\"caption\":\"Reda\u00e7\u00e3o\"}}]}<\/script>\n<!-- \/ Yoast SEO plugin. -->","yoast_head_json":{"title":"Dilma fatia o bolo da alian\u00e7a eleitoral com os minist\u00e9rios para ter a governabilidade - Notibras","robots":{"index":"index","follow":"follow","max-snippet":"max-snippet:-1","max-image-preview":"max-image-preview:large","max-video-preview":"max-video-preview:-1"},"canonical":"https:\/\/www.notibras.com\/site\/cientistas-politicos-avaliam-que-dilma-fatiou-bolo-da-alianca-em-ministerios-para-ter-governabilidade\/","og_locale":"pt_BR","og_type":"article","og_title":"Dilma fatia o bolo da alian\u00e7a eleitoral com os minist\u00e9rios para ter a governabilidade - Notibras","og_description":"A preocupa\u00e7\u00e3o com a composi\u00e7\u00e3o do pr\u00f3ximo Congresso Nacional foi um dos principais elementos para a escolha dos novos ministros, disse o cientista pol\u00edtico Ricardo Ismael, da Pontif\u00edcia Universidade Cat\u00f3lica do Rio de Janeiro (PUC-Rio). Apesar de o PT e o PMDB terem as maiores bancadas, tamb\u00e9m cresceram partidos como o PSD, de Gilberto Kassab, [&hellip;]","og_url":"https:\/\/www.notibras.com\/site\/cientistas-politicos-avaliam-que-dilma-fatiou-bolo-da-alianca-em-ministerios-para-ter-governabilidade\/","og_site_name":"Notibras","article_publisher":"https:\/\/www.facebook.com\/notibras\/","article_published_time":"2014-12-25T22:36:00+00:00","article_modified_time":"2014-12-26T14:11:20+00:00","og_image":[{"width":550,"height":375,"url":"https:\/\/www.notibras.com\/site\/wp-content\/uploads\/2014\/12\/Dilma9.jpg","type":"image\/jpeg"}],"author":"Reda\u00e7\u00e3o","twitter_card":"summary_large_image","twitter_creator":"@Notibras","twitter_site":"@Notibras","twitter_misc":{"Escrito por":"Reda\u00e7\u00e3o","Est. tempo de leitura":"3 minutos"},"schema":{"@context":"https:\/\/schema.org","@graph":[{"@type":"Article","@id":"https:\/\/www.notibras.com\/site\/cientistas-politicos-avaliam-que-dilma-fatiou-bolo-da-alianca-em-ministerios-para-ter-governabilidade\/#article","isPartOf":{"@id":"https:\/\/www.notibras.com\/site\/cientistas-politicos-avaliam-que-dilma-fatiou-bolo-da-alianca-em-ministerios-para-ter-governabilidade\/"},"author":{"name":"Reda\u00e7\u00e3o","@id":"https:\/\/www.notibras.com\/site\/#\/schema\/person\/36ab0979449956132d3e5b517ea76ac8"},"headline":"Dilma fatia o bolo da alian\u00e7a eleitoral com os minist\u00e9rios para ter a governabilidade","datePublished":"2014-12-25T22:36:00+00:00","dateModified":"2014-12-26T14:11:20+00:00","mainEntityOfPage":{"@id":"https:\/\/www.notibras.com\/site\/cientistas-politicos-avaliam-que-dilma-fatiou-bolo-da-alianca-em-ministerios-para-ter-governabilidade\/"},"wordCount":678,"commentCount":0,"publisher":{"@id":"https:\/\/www.notibras.com\/site\/#organization"},"image":{"@id":"https:\/\/www.notibras.com\/site\/cientistas-politicos-avaliam-que-dilma-fatiou-bolo-da-alianca-em-ministerios-para-ter-governabilidade\/#primaryimage"},"thumbnailUrl":"https:\/\/www.notibras.com\/site\/wp-content\/uploads\/2014\/12\/Dilma9.jpg","articleSection":["Brasil"],"inLanguage":"pt-BR","potentialAction":[{"@type":"CommentAction","name":"Comment","target":["https:\/\/www.notibras.com\/site\/cientistas-politicos-avaliam-que-dilma-fatiou-bolo-da-alianca-em-ministerios-para-ter-governabilidade\/#respond"]}]},{"@type":"WebPage","@id":"https:\/\/www.notibras.com\/site\/cientistas-politicos-avaliam-que-dilma-fatiou-bolo-da-alianca-em-ministerios-para-ter-governabilidade\/","url":"https:\/\/www.notibras.com\/site\/cientistas-politicos-avaliam-que-dilma-fatiou-bolo-da-alianca-em-ministerios-para-ter-governabilidade\/","name":"Dilma fatia o bolo da alian\u00e7a eleitoral com os minist\u00e9rios para ter a governabilidade - Notibras","isPartOf":{"@id":"https:\/\/www.notibras.com\/site\/#website"},"primaryImageOfPage":{"@id":"https:\/\/www.notibras.com\/site\/cientistas-politicos-avaliam-que-dilma-fatiou-bolo-da-alianca-em-ministerios-para-ter-governabilidade\/#primaryimage"},"image":{"@id":"https:\/\/www.notibras.com\/site\/cientistas-politicos-avaliam-que-dilma-fatiou-bolo-da-alianca-em-ministerios-para-ter-governabilidade\/#primaryimage"},"thumbnailUrl":"https:\/\/www.notibras.com\/site\/wp-content\/uploads\/2014\/12\/Dilma9.jpg","datePublished":"2014-12-25T22:36:00+00:00","dateModified":"2014-12-26T14:11:20+00:00","breadcrumb":{"@id":"https:\/\/www.notibras.com\/site\/cientistas-politicos-avaliam-que-dilma-fatiou-bolo-da-alianca-em-ministerios-para-ter-governabilidade\/#breadcrumb"},"inLanguage":"pt-BR","potentialAction":[{"@type":"ReadAction","target":["https:\/\/www.notibras.com\/site\/cientistas-politicos-avaliam-que-dilma-fatiou-bolo-da-alianca-em-ministerios-para-ter-governabilidade\/"]}]},{"@type":"ImageObject","inLanguage":"pt-BR","@id":"https:\/\/www.notibras.com\/site\/cientistas-politicos-avaliam-que-dilma-fatiou-bolo-da-alianca-em-ministerios-para-ter-governabilidade\/#primaryimage","url":"https:\/\/www.notibras.com\/site\/wp-content\/uploads\/2014\/12\/Dilma9.jpg","contentUrl":"https:\/\/www.notibras.com\/site\/wp-content\/uploads\/2014\/12\/Dilma9.jpg","width":550,"height":375},{"@type":"BreadcrumbList","@id":"https:\/\/www.notibras.com\/site\/cientistas-politicos-avaliam-que-dilma-fatiou-bolo-da-alianca-em-ministerios-para-ter-governabilidade\/#breadcrumb","itemListElement":[{"@type":"ListItem","position":1,"name":"In\u00edcio","item":"https:\/\/www.notibras.com\/site\/"},{"@type":"ListItem","position":2,"name":"Dilma fatia o bolo da alian\u00e7a eleitoral com os minist\u00e9rios para ter a governabilidade"}]},{"@type":"WebSite","@id":"https:\/\/www.notibras.com\/site\/#website","url":"https:\/\/www.notibras.com\/site\/","name":"Notibras","description":"Not\u00edcias de Bras\u00edlia, do Brasil e do Mundo","publisher":{"@id":"https:\/\/www.notibras.com\/site\/#organization"},"potentialAction":[{"@type":"SearchAction","target":{"@type":"EntryPoint","urlTemplate":"https:\/\/www.notibras.com\/site\/?s={search_term_string}"},"query-input":{"@type":"PropertyValueSpecification","valueRequired":true,"valueName":"search_term_string"}}],"inLanguage":"pt-BR"},{"@type":"Organization","@id":"https:\/\/www.notibras.com\/site\/#organization","name":"Grupo Notibras de Comunica\u00e7\u00e3o","url":"https:\/\/www.notibras.com\/site\/","logo":{"@type":"ImageObject","inLanguage":"pt-BR","@id":"https:\/\/www.notibras.com\/site\/#\/schema\/logo\/image\/","url":"https:\/\/www.notibras.com\/site\/wp-content\/uploads\/2023\/01\/notibras23.png","contentUrl":"https:\/\/www.notibras.com\/site\/wp-content\/uploads\/2023\/01\/notibras23.png","width":350,"height":87,"caption":"Grupo Notibras de Comunica\u00e7\u00e3o"},"image":{"@id":"https:\/\/www.notibras.com\/site\/#\/schema\/logo\/image\/"},"sameAs":["https:\/\/www.facebook.com\/notibras\/","https:\/\/x.com\/Notibras","https:\/\/www.instagram.com\/notibras\/"]},{"@type":"Person","@id":"https:\/\/www.notibras.com\/site\/#\/schema\/person\/36ab0979449956132d3e5b517ea76ac8","name":"Reda\u00e7\u00e3o","image":{"@type":"ImageObject","inLanguage":"pt-BR","@id":"https:\/\/secure.gravatar.com\/avatar\/e0a867bdedb85fd243eadf09663511f96fc81e0720a4a42581f334ad4303aa6b?s=96&d=mm&r=g","url":"https:\/\/secure.gravatar.com\/avatar\/e0a867bdedb85fd243eadf09663511f96fc81e0720a4a42581f334ad4303aa6b?s=96&d=mm&r=g","contentUrl":"https:\/\/secure.gravatar.com\/avatar\/e0a867bdedb85fd243eadf09663511f96fc81e0720a4a42581f334ad4303aa6b?s=96&d=mm&r=g","caption":"Reda\u00e7\u00e3o"}}]}},"amp_enabled":true,"_links":{"self":[{"href":"https:\/\/www.notibras.com\/site\/wp-json\/wp\/v2\/posts\/32171","targetHints":{"allow":["GET"]}}],"collection":[{"href":"https:\/\/www.notibras.com\/site\/wp-json\/wp\/v2\/posts"}],"about":[{"href":"https:\/\/www.notibras.com\/site\/wp-json\/wp\/v2\/types\/post"}],"author":[{"embeddable":true,"href":"https:\/\/www.notibras.com\/site\/wp-json\/wp\/v2\/users\/2"}],"replies":[{"embeddable":true,"href":"https:\/\/www.notibras.com\/site\/wp-json\/wp\/v2\/comments?post=32171"}],"version-history":[{"count":0,"href":"https:\/\/www.notibras.com\/site\/wp-json\/wp\/v2\/posts\/32171\/revisions"}],"wp:featuredmedia":[{"embeddable":true,"href":"https:\/\/www.notibras.com\/site\/wp-json\/wp\/v2\/media\/32172"}],"wp:attachment":[{"href":"https:\/\/www.notibras.com\/site\/wp-json\/wp\/v2\/media?parent=32171"}],"wp:term":[{"taxonomy":"category","embeddable":true,"href":"https:\/\/www.notibras.com\/site\/wp-json\/wp\/v2\/categories?post=32171"},{"taxonomy":"post_tag","embeddable":true,"href":"https:\/\/www.notibras.com\/site\/wp-json\/wp\/v2\/tags?post=32171"}],"curies":[{"name":"wp","href":"https:\/\/api.w.org\/{rel}","templated":true}]}}