{"id":321710,"date":"2024-02-04T08:27:49","date_gmt":"2024-02-04T11:27:49","guid":{"rendered":"https:\/\/www.notibras.com\/site\/?p=321710"},"modified":"2024-02-04T08:27:49","modified_gmt":"2024-02-04T11:27:49","slug":"uma-aula-sobre-o-que-e-dor-e-sofrimento","status":"publish","type":"post","link":"https:\/\/www.notibras.com\/site\/uma-aula-sobre-o-que-e-dor-e-sofrimento\/","title":{"rendered":"Uma aula sobre o que \u00e9 dor e sofrimento"},"content":{"rendered":"<p>H\u00e1 os que afirmam que ela nasceu em Teresina, se bem que, parece, logo se mudou para Caxias. Por conta dessa disputa entre essas duas cidades t\u00e3o pr\u00f3ximas, ora dizem que \u00e9 piauiense, ora afirmam categoricamente que \u00e9 conterr\u00e2nea de Gon\u00e7alves Dias. A verdade, talvez, esteja muito al\u00e9m da certid\u00e3o de nascimento da Dona Irene.<\/p>\n<p>Essa mulher, bem antes de entrar para a escola, j\u00e1 sabia ler, gra\u00e7as aos ensinamentos de seus pais, que visualizaram algo a mais na ca\u00e7ula. Al\u00e9m da intelig\u00eancia bem acima da m\u00e9dia, a ent\u00e3o pequena Dona Irene j\u00e1 demonstrava uma capacidade incr\u00edvel de memoriza\u00e7\u00e3o. Isso, ali\u00e1s, ela gosta de afirmar, at\u00e9 com certa mod\u00e9stia, \u00e9 algo comum.<\/p>\n<p>Talvez ela imagine que saber de cor e salteado poesias quilom\u00e9tricas de Fernando Pessoa, hinos de v\u00e1rios times de futebol e, pasmem, a carta de despedida do Get\u00falio Vargas sejam coisas que a maioria das pessoas domina.<\/p>\n<p>Tirando esse talento para decorar tantas coisas, a Dona Irene \u00e9 o que se pode chamar de concurseira nata. Pois \u00e9, provavelmente ela tenha sido picada pela mosquinha do concurso p\u00fablico, j\u00e1 que morou por um tempo em Bras\u00edlia. Passou em v\u00e1rios!!! Mas n\u00e3o pense que a vida dessa mulher foi f\u00e1cil desde sempre. Ledo engano! Ela teve que ralar muito em uma famosa rede de lanchonetes enquanto estudava.<\/p>\n<p>Pois foi justamente por conta da sua aprova\u00e7\u00e3o em mais uma dessas provas que fez, que ela foi morar em Porto Alegre no finalzinho de 2021. Apesar da dist\u00e2ncia da fam\u00edlia, a Dona Irene se apaixonou pela cidade ga\u00facha, onde foi muito bem acolhida. Ela gosta de dizer que se sente em casa em Porto Alegre, mas, plagiando o poeta, n\u00e3o se pode afirmar que tudo s\u00e3o flores.<\/p>\n<p>Em uma das viagens a trabalho da Dona Irene, eis que ela foi para Caxias do Sul. Tudo corria bem, at\u00e9 que ela atendeu um dos funcion\u00e1rios. O homem estranhou o sotaque da Dona Irene e a questionou de onde ela era. Ela respondeu que era do Piau\u00ed, quando, ent\u00e3o, o tal funcion\u00e1rio perguntou por que ela n\u00e3o voltava para a terra dela, j\u00e1 que ali n\u00e3o era o seu lugar. A Dona Irene, do alto do seu 1,60 m, respondeu: &#8220;Aqui \u00e9 a minha terra tamb\u00e9m e ningu\u00e9m me tira daqui!&#8221;<\/p>\n<p>Outra situa\u00e7\u00e3o que essa mulher incr\u00edvel passou foi justamente comigo. Pois bem, foi quando ela estava gr\u00e1vida e muito feliz porque daria \u00e0 luz na segunda metade de 2023. E l\u00e1 est\u00e1vamos n\u00f3s dois conversando, quando ela me disse que queria fazer parto normal. Confesso que isso \u00e9 algo que sempre me afligiu, pois sou muito sens\u00edvel \u00e0 dor. Ela, que \u00e9 bem mais jovem que eu, me deu mais uma li\u00e7\u00e3o de vida.<\/p>\n<p>&#8211; Mas voc\u00ea n\u00e3o tem medo de sofrer? Tenho medo de voc\u00ea sentir dor.<\/p>\n<p>&#8211; Dudu, dor e sofrimento s\u00e3o coisas diferentes.<\/p>\n","protected":false},"excerpt":{"rendered":"<p>H\u00e1 os que afirmam que ela nasceu em Teresina, se bem que, parece, logo se mudou para Caxias. Por conta dessa disputa entre essas duas cidades t\u00e3o pr\u00f3ximas, ora dizem que \u00e9 piauiense, ora afirmam categoricamente que \u00e9 conterr\u00e2nea de Gon\u00e7alves Dias. A verdade, talvez, esteja muito al\u00e9m da certid\u00e3o de nascimento da Dona Irene. [&hellip;]<\/p>\n","protected":false},"author":2,"featured_media":321711,"comment_status":"closed","ping_status":"closed","sticky":false,"template":"","format":"standard","meta":{"_acf_changed":false,"footnotes":""},"categories":[161],"tags":[],"class_list":["post-321710","post","type-post","status-publish","format-standard","has-post-thumbnail","hentry","category-quadradinho-em-foco"],"acf":[],"yoast_head":"<!-- This site is optimized with the Yoast SEO plugin v27.2 - https:\/\/yoast.com\/product\/yoast-seo-wordpress\/ -->\n<title>Uma aula sobre o que \u00e9 dor e sofrimento - Notibras<\/title>\n<meta name=\"robots\" content=\"index, follow, max-snippet:-1, max-image-preview:large, max-video-preview:-1\" \/>\n<link rel=\"canonical\" href=\"https:\/\/www.notibras.com\/site\/uma-aula-sobre-o-que-e-dor-e-sofrimento\/\" \/>\n<meta property=\"og:locale\" content=\"pt_BR\" \/>\n<meta property=\"og:type\" content=\"article\" \/>\n<meta property=\"og:title\" content=\"Uma aula sobre o que \u00e9 dor e sofrimento - Notibras\" \/>\n<meta property=\"og:description\" content=\"H\u00e1 os que afirmam que ela nasceu em Teresina, se bem que, parece, logo se mudou para Caxias. Por conta dessa disputa entre essas duas cidades t\u00e3o pr\u00f3ximas, ora dizem que \u00e9 piauiense, ora afirmam categoricamente que \u00e9 conterr\u00e2nea de Gon\u00e7alves Dias. A verdade, talvez, esteja muito al\u00e9m da certid\u00e3o de nascimento da Dona Irene. [&hellip;]\" \/>\n<meta property=\"og:url\" content=\"https:\/\/www.notibras.com\/site\/uma-aula-sobre-o-que-e-dor-e-sofrimento\/\" \/>\n<meta property=\"og:site_name\" content=\"Notibras\" \/>\n<meta property=\"article:publisher\" content=\"https:\/\/www.facebook.com\/notibras\/\" \/>\n<meta property=\"article:published_time\" content=\"2024-02-04T11:27:49+00:00\" \/>\n<meta property=\"og:image\" content=\"https:\/\/www.notibras.com\/site\/wp-content\/uploads\/2024\/02\/5f5e062e-c722-4ef6-bb7f-d70c224bfde7.jpeg\" \/>\n\t<meta property=\"og:image:width\" content=\"768\" \/>\n\t<meta property=\"og:image:height\" content=\"1024\" \/>\n\t<meta property=\"og:image:type\" content=\"image\/jpeg\" \/>\n<meta name=\"author\" content=\"Reda\u00e7\u00e3o\" \/>\n<meta name=\"twitter:card\" content=\"summary_large_image\" \/>\n<meta name=\"twitter:creator\" content=\"@Notibras\" \/>\n<meta name=\"twitter:site\" content=\"@Notibras\" \/>\n<meta name=\"twitter:label1\" content=\"Escrito por\" \/>\n\t<meta name=\"twitter:data1\" content=\"Reda\u00e7\u00e3o\" \/>\n\t<meta name=\"twitter:label2\" content=\"Est. tempo de leitura\" \/>\n\t<meta name=\"twitter:data2\" content=\"3 minutos\" \/>\n<script type=\"application\/ld+json\" class=\"yoast-schema-graph\">{\"@context\":\"https:\/\/schema.org\",\"@graph\":[{\"@type\":\"Article\",\"@id\":\"https:\/\/www.notibras.com\/site\/uma-aula-sobre-o-que-e-dor-e-sofrimento\/#article\",\"isPartOf\":{\"@id\":\"https:\/\/www.notibras.com\/site\/uma-aula-sobre-o-que-e-dor-e-sofrimento\/\"},\"author\":{\"name\":\"Reda\u00e7\u00e3o\",\"@id\":\"https:\/\/www.notibras.com\/site\/#\/schema\/person\/36ab0979449956132d3e5b517ea76ac8\"},\"headline\":\"Uma aula sobre o que \u00e9 dor e sofrimento\",\"datePublished\":\"2024-02-04T11:27:49+00:00\",\"mainEntityOfPage\":{\"@id\":\"https:\/\/www.notibras.com\/site\/uma-aula-sobre-o-que-e-dor-e-sofrimento\/\"},\"wordCount\":515,\"publisher\":{\"@id\":\"https:\/\/www.notibras.com\/site\/#organization\"},\"image\":{\"@id\":\"https:\/\/www.notibras.com\/site\/uma-aula-sobre-o-que-e-dor-e-sofrimento\/#primaryimage\"},\"thumbnailUrl\":\"https:\/\/www.notibras.com\/site\/wp-content\/uploads\/2024\/02\/5f5e062e-c722-4ef6-bb7f-d70c224bfde7.jpeg\",\"articleSection\":[\"Quadradinho em Foco\"],\"inLanguage\":\"pt-BR\"},{\"@type\":\"WebPage\",\"@id\":\"https:\/\/www.notibras.com\/site\/uma-aula-sobre-o-que-e-dor-e-sofrimento\/\",\"url\":\"https:\/\/www.notibras.com\/site\/uma-aula-sobre-o-que-e-dor-e-sofrimento\/\",\"name\":\"Uma aula sobre o que \u00e9 dor e sofrimento - Notibras\",\"isPartOf\":{\"@id\":\"https:\/\/www.notibras.com\/site\/#website\"},\"primaryImageOfPage\":{\"@id\":\"https:\/\/www.notibras.com\/site\/uma-aula-sobre-o-que-e-dor-e-sofrimento\/#primaryimage\"},\"image\":{\"@id\":\"https:\/\/www.notibras.com\/site\/uma-aula-sobre-o-que-e-dor-e-sofrimento\/#primaryimage\"},\"thumbnailUrl\":\"https:\/\/www.notibras.com\/site\/wp-content\/uploads\/2024\/02\/5f5e062e-c722-4ef6-bb7f-d70c224bfde7.jpeg\",\"datePublished\":\"2024-02-04T11:27:49+00:00\",\"breadcrumb\":{\"@id\":\"https:\/\/www.notibras.com\/site\/uma-aula-sobre-o-que-e-dor-e-sofrimento\/#breadcrumb\"},\"inLanguage\":\"pt-BR\",\"potentialAction\":[{\"@type\":\"ReadAction\",\"target\":[\"https:\/\/www.notibras.com\/site\/uma-aula-sobre-o-que-e-dor-e-sofrimento\/\"]}]},{\"@type\":\"ImageObject\",\"inLanguage\":\"pt-BR\",\"@id\":\"https:\/\/www.notibras.com\/site\/uma-aula-sobre-o-que-e-dor-e-sofrimento\/#primaryimage\",\"url\":\"https:\/\/www.notibras.com\/site\/wp-content\/uploads\/2024\/02\/5f5e062e-c722-4ef6-bb7f-d70c224bfde7.jpeg\",\"contentUrl\":\"https:\/\/www.notibras.com\/site\/wp-content\/uploads\/2024\/02\/5f5e062e-c722-4ef6-bb7f-d70c224bfde7.jpeg\",\"width\":768,\"height\":1024},{\"@type\":\"BreadcrumbList\",\"@id\":\"https:\/\/www.notibras.com\/site\/uma-aula-sobre-o-que-e-dor-e-sofrimento\/#breadcrumb\",\"itemListElement\":[{\"@type\":\"ListItem\",\"position\":1,\"name\":\"In\u00edcio\",\"item\":\"https:\/\/www.notibras.com\/site\/\"},{\"@type\":\"ListItem\",\"position\":2,\"name\":\"Uma aula sobre o que \u00e9 dor e sofrimento\"}]},{\"@type\":\"WebSite\",\"@id\":\"https:\/\/www.notibras.com\/site\/#website\",\"url\":\"https:\/\/www.notibras.com\/site\/\",\"name\":\"Notibras\",\"description\":\"Not\u00edcias de Bras\u00edlia, do Brasil e do Mundo\",\"publisher\":{\"@id\":\"https:\/\/www.notibras.com\/site\/#organization\"},\"potentialAction\":[{\"@type\":\"SearchAction\",\"target\":{\"@type\":\"EntryPoint\",\"urlTemplate\":\"https:\/\/www.notibras.com\/site\/?s={search_term_string}\"},\"query-input\":{\"@type\":\"PropertyValueSpecification\",\"valueRequired\":true,\"valueName\":\"search_term_string\"}}],\"inLanguage\":\"pt-BR\"},{\"@type\":\"Organization\",\"@id\":\"https:\/\/www.notibras.com\/site\/#organization\",\"name\":\"Grupo Notibras de Comunica\u00e7\u00e3o\",\"url\":\"https:\/\/www.notibras.com\/site\/\",\"logo\":{\"@type\":\"ImageObject\",\"inLanguage\":\"pt-BR\",\"@id\":\"https:\/\/www.notibras.com\/site\/#\/schema\/logo\/image\/\",\"url\":\"https:\/\/www.notibras.com\/site\/wp-content\/uploads\/2023\/01\/notibras23.png\",\"contentUrl\":\"https:\/\/www.notibras.com\/site\/wp-content\/uploads\/2023\/01\/notibras23.png\",\"width\":350,\"height\":87,\"caption\":\"Grupo Notibras de Comunica\u00e7\u00e3o\"},\"image\":{\"@id\":\"https:\/\/www.notibras.com\/site\/#\/schema\/logo\/image\/\"},\"sameAs\":[\"https:\/\/www.facebook.com\/notibras\/\",\"https:\/\/x.com\/Notibras\",\"https:\/\/www.instagram.com\/notibras\/\"]},{\"@type\":\"Person\",\"@id\":\"https:\/\/www.notibras.com\/site\/#\/schema\/person\/36ab0979449956132d3e5b517ea76ac8\",\"name\":\"Reda\u00e7\u00e3o\",\"image\":{\"@type\":\"ImageObject\",\"inLanguage\":\"pt-BR\",\"@id\":\"https:\/\/secure.gravatar.com\/avatar\/e0a867bdedb85fd243eadf09663511f96fc81e0720a4a42581f334ad4303aa6b?s=96&d=mm&r=g\",\"url\":\"https:\/\/secure.gravatar.com\/avatar\/e0a867bdedb85fd243eadf09663511f96fc81e0720a4a42581f334ad4303aa6b?s=96&d=mm&r=g\",\"contentUrl\":\"https:\/\/secure.gravatar.com\/avatar\/e0a867bdedb85fd243eadf09663511f96fc81e0720a4a42581f334ad4303aa6b?s=96&d=mm&r=g\",\"caption\":\"Reda\u00e7\u00e3o\"}}]}<\/script>\n<!-- \/ Yoast SEO plugin. -->","yoast_head_json":{"title":"Uma aula sobre o que \u00e9 dor e sofrimento - Notibras","robots":{"index":"index","follow":"follow","max-snippet":"max-snippet:-1","max-image-preview":"max-image-preview:large","max-video-preview":"max-video-preview:-1"},"canonical":"https:\/\/www.notibras.com\/site\/uma-aula-sobre-o-que-e-dor-e-sofrimento\/","og_locale":"pt_BR","og_type":"article","og_title":"Uma aula sobre o que \u00e9 dor e sofrimento - Notibras","og_description":"H\u00e1 os que afirmam que ela nasceu em Teresina, se bem que, parece, logo se mudou para Caxias. Por conta dessa disputa entre essas duas cidades t\u00e3o pr\u00f3ximas, ora dizem que \u00e9 piauiense, ora afirmam categoricamente que \u00e9 conterr\u00e2nea de Gon\u00e7alves Dias. A verdade, talvez, esteja muito al\u00e9m da certid\u00e3o de nascimento da Dona Irene. [&hellip;]","og_url":"https:\/\/www.notibras.com\/site\/uma-aula-sobre-o-que-e-dor-e-sofrimento\/","og_site_name":"Notibras","article_publisher":"https:\/\/www.facebook.com\/notibras\/","article_published_time":"2024-02-04T11:27:49+00:00","og_image":[{"width":768,"height":1024,"url":"https:\/\/www.notibras.com\/site\/wp-content\/uploads\/2024\/02\/5f5e062e-c722-4ef6-bb7f-d70c224bfde7.jpeg","type":"image\/jpeg"}],"author":"Reda\u00e7\u00e3o","twitter_card":"summary_large_image","twitter_creator":"@Notibras","twitter_site":"@Notibras","twitter_misc":{"Escrito por":"Reda\u00e7\u00e3o","Est. tempo de leitura":"3 minutos"},"schema":{"@context":"https:\/\/schema.org","@graph":[{"@type":"Article","@id":"https:\/\/www.notibras.com\/site\/uma-aula-sobre-o-que-e-dor-e-sofrimento\/#article","isPartOf":{"@id":"https:\/\/www.notibras.com\/site\/uma-aula-sobre-o-que-e-dor-e-sofrimento\/"},"author":{"name":"Reda\u00e7\u00e3o","@id":"https:\/\/www.notibras.com\/site\/#\/schema\/person\/36ab0979449956132d3e5b517ea76ac8"},"headline":"Uma aula sobre o que \u00e9 dor e sofrimento","datePublished":"2024-02-04T11:27:49+00:00","mainEntityOfPage":{"@id":"https:\/\/www.notibras.com\/site\/uma-aula-sobre-o-que-e-dor-e-sofrimento\/"},"wordCount":515,"publisher":{"@id":"https:\/\/www.notibras.com\/site\/#organization"},"image":{"@id":"https:\/\/www.notibras.com\/site\/uma-aula-sobre-o-que-e-dor-e-sofrimento\/#primaryimage"},"thumbnailUrl":"https:\/\/www.notibras.com\/site\/wp-content\/uploads\/2024\/02\/5f5e062e-c722-4ef6-bb7f-d70c224bfde7.jpeg","articleSection":["Quadradinho em Foco"],"inLanguage":"pt-BR"},{"@type":"WebPage","@id":"https:\/\/www.notibras.com\/site\/uma-aula-sobre-o-que-e-dor-e-sofrimento\/","url":"https:\/\/www.notibras.com\/site\/uma-aula-sobre-o-que-e-dor-e-sofrimento\/","name":"Uma aula sobre o que \u00e9 dor e sofrimento - Notibras","isPartOf":{"@id":"https:\/\/www.notibras.com\/site\/#website"},"primaryImageOfPage":{"@id":"https:\/\/www.notibras.com\/site\/uma-aula-sobre-o-que-e-dor-e-sofrimento\/#primaryimage"},"image":{"@id":"https:\/\/www.notibras.com\/site\/uma-aula-sobre-o-que-e-dor-e-sofrimento\/#primaryimage"},"thumbnailUrl":"https:\/\/www.notibras.com\/site\/wp-content\/uploads\/2024\/02\/5f5e062e-c722-4ef6-bb7f-d70c224bfde7.jpeg","datePublished":"2024-02-04T11:27:49+00:00","breadcrumb":{"@id":"https:\/\/www.notibras.com\/site\/uma-aula-sobre-o-que-e-dor-e-sofrimento\/#breadcrumb"},"inLanguage":"pt-BR","potentialAction":[{"@type":"ReadAction","target":["https:\/\/www.notibras.com\/site\/uma-aula-sobre-o-que-e-dor-e-sofrimento\/"]}]},{"@type":"ImageObject","inLanguage":"pt-BR","@id":"https:\/\/www.notibras.com\/site\/uma-aula-sobre-o-que-e-dor-e-sofrimento\/#primaryimage","url":"https:\/\/www.notibras.com\/site\/wp-content\/uploads\/2024\/02\/5f5e062e-c722-4ef6-bb7f-d70c224bfde7.jpeg","contentUrl":"https:\/\/www.notibras.com\/site\/wp-content\/uploads\/2024\/02\/5f5e062e-c722-4ef6-bb7f-d70c224bfde7.jpeg","width":768,"height":1024},{"@type":"BreadcrumbList","@id":"https:\/\/www.notibras.com\/site\/uma-aula-sobre-o-que-e-dor-e-sofrimento\/#breadcrumb","itemListElement":[{"@type":"ListItem","position":1,"name":"In\u00edcio","item":"https:\/\/www.notibras.com\/site\/"},{"@type":"ListItem","position":2,"name":"Uma aula sobre o que \u00e9 dor e sofrimento"}]},{"@type":"WebSite","@id":"https:\/\/www.notibras.com\/site\/#website","url":"https:\/\/www.notibras.com\/site\/","name":"Notibras","description":"Not\u00edcias de Bras\u00edlia, do Brasil e do Mundo","publisher":{"@id":"https:\/\/www.notibras.com\/site\/#organization"},"potentialAction":[{"@type":"SearchAction","target":{"@type":"EntryPoint","urlTemplate":"https:\/\/www.notibras.com\/site\/?s={search_term_string}"},"query-input":{"@type":"PropertyValueSpecification","valueRequired":true,"valueName":"search_term_string"}}],"inLanguage":"pt-BR"},{"@type":"Organization","@id":"https:\/\/www.notibras.com\/site\/#organization","name":"Grupo Notibras de Comunica\u00e7\u00e3o","url":"https:\/\/www.notibras.com\/site\/","logo":{"@type":"ImageObject","inLanguage":"pt-BR","@id":"https:\/\/www.notibras.com\/site\/#\/schema\/logo\/image\/","url":"https:\/\/www.notibras.com\/site\/wp-content\/uploads\/2023\/01\/notibras23.png","contentUrl":"https:\/\/www.notibras.com\/site\/wp-content\/uploads\/2023\/01\/notibras23.png","width":350,"height":87,"caption":"Grupo Notibras de Comunica\u00e7\u00e3o"},"image":{"@id":"https:\/\/www.notibras.com\/site\/#\/schema\/logo\/image\/"},"sameAs":["https:\/\/www.facebook.com\/notibras\/","https:\/\/x.com\/Notibras","https:\/\/www.instagram.com\/notibras\/"]},{"@type":"Person","@id":"https:\/\/www.notibras.com\/site\/#\/schema\/person\/36ab0979449956132d3e5b517ea76ac8","name":"Reda\u00e7\u00e3o","image":{"@type":"ImageObject","inLanguage":"pt-BR","@id":"https:\/\/secure.gravatar.com\/avatar\/e0a867bdedb85fd243eadf09663511f96fc81e0720a4a42581f334ad4303aa6b?s=96&d=mm&r=g","url":"https:\/\/secure.gravatar.com\/avatar\/e0a867bdedb85fd243eadf09663511f96fc81e0720a4a42581f334ad4303aa6b?s=96&d=mm&r=g","contentUrl":"https:\/\/secure.gravatar.com\/avatar\/e0a867bdedb85fd243eadf09663511f96fc81e0720a4a42581f334ad4303aa6b?s=96&d=mm&r=g","caption":"Reda\u00e7\u00e3o"}}]}},"amp_enabled":true,"_links":{"self":[{"href":"https:\/\/www.notibras.com\/site\/wp-json\/wp\/v2\/posts\/321710","targetHints":{"allow":["GET"]}}],"collection":[{"href":"https:\/\/www.notibras.com\/site\/wp-json\/wp\/v2\/posts"}],"about":[{"href":"https:\/\/www.notibras.com\/site\/wp-json\/wp\/v2\/types\/post"}],"author":[{"embeddable":true,"href":"https:\/\/www.notibras.com\/site\/wp-json\/wp\/v2\/users\/2"}],"replies":[{"embeddable":true,"href":"https:\/\/www.notibras.com\/site\/wp-json\/wp\/v2\/comments?post=321710"}],"version-history":[{"count":1,"href":"https:\/\/www.notibras.com\/site\/wp-json\/wp\/v2\/posts\/321710\/revisions"}],"predecessor-version":[{"id":321712,"href":"https:\/\/www.notibras.com\/site\/wp-json\/wp\/v2\/posts\/321710\/revisions\/321712"}],"wp:featuredmedia":[{"embeddable":true,"href":"https:\/\/www.notibras.com\/site\/wp-json\/wp\/v2\/media\/321711"}],"wp:attachment":[{"href":"https:\/\/www.notibras.com\/site\/wp-json\/wp\/v2\/media?parent=321710"}],"wp:term":[{"taxonomy":"category","embeddable":true,"href":"https:\/\/www.notibras.com\/site\/wp-json\/wp\/v2\/categories?post=321710"},{"taxonomy":"post_tag","embeddable":true,"href":"https:\/\/www.notibras.com\/site\/wp-json\/wp\/v2\/tags?post=321710"}],"curies":[{"name":"wp","href":"https:\/\/api.w.org\/{rel}","templated":true}]}}