{"id":32177,"date":"2014-12-25T22:43:36","date_gmt":"2014-12-26T01:43:36","guid":{"rendered":"http:\/\/www.notibras.com\/site\/?p=32177"},"modified":"2014-12-25T22:46:06","modified_gmt":"2014-12-26T01:46:06","slug":"chaves-na-mao-porque-se-vier-a-ordem-abre-se-o-cofre-dos-segredos","status":"publish","type":"post","link":"https:\/\/www.notibras.com\/site\/chaves-na-mao-porque-se-vier-a-ordem-abre-se-o-cofre-dos-segredos\/","title":{"rendered":"Chaves na m\u00e3o, porque se vier a ordem, abre-se o cofre"},"content":{"rendered":"<p>Em tempos modernos, a pol\u00edcia n\u00e3o \u00e9 apenas t\u00e9cnica e cient\u00edfica, mas tamb\u00e9m, e principalmente, pol\u00edtica. E como a modernidade fez surgir uma tal de corrup\u00e7\u00e3o, nada melhor do que a autoridade para estar de olho em supostas falcatruas. Nesses casos, o sigilo \u00e9 lei. E fica tudo trancado a sete chaves para o caso (se vier) de press\u00f5es para a cadeira ser desocupada. \u00c9 como diz um atento delegado de plant\u00e3o: nessa \u00e1rea, santo d\u00e1 rasteira em capeta.<\/p>\n","protected":false},"excerpt":{"rendered":"<p>Em tempos modernos, a pol\u00edcia n\u00e3o \u00e9 apenas t\u00e9cnica e cient\u00edfica, mas tamb\u00e9m, e principalmente, pol\u00edtica. E como a modernidade fez surgir uma tal de corrup\u00e7\u00e3o, nada melhor do que a autoridade para estar de olho em supostas falcatruas. Nesses casos, o sigilo \u00e9 lei. E fica tudo trancado a sete chaves para o caso [&hellip;]<\/p>\n","protected":false},"author":2,"featured_media":32178,"comment_status":"open","ping_status":"closed","sticky":false,"template":"","format":"standard","meta":{"_acf_changed":false,"footnotes":""},"categories":[26],"tags":[],"class_list":["post-32177","post","type-post","status-publish","format-standard","has-post-thumbnail","hentry","category-eleicoes-2022"],"acf":[],"yoast_head":"<!-- This site is optimized with the Yoast SEO plugin v27.2 - https:\/\/yoast.com\/product\/yoast-seo-wordpress\/ -->\n<title>Chaves na m\u00e3o, porque se vier a ordem, abre-se o cofre - Notibras<\/title>\n<meta name=\"robots\" content=\"index, follow, max-snippet:-1, max-image-preview:large, max-video-preview:-1\" \/>\n<link rel=\"canonical\" href=\"https:\/\/www.notibras.com\/site\/chaves-na-mao-porque-se-vier-a-ordem-abre-se-o-cofre-dos-segredos\/\" \/>\n<meta property=\"og:locale\" content=\"pt_BR\" \/>\n<meta property=\"og:type\" content=\"article\" \/>\n<meta property=\"og:title\" content=\"Chaves na m\u00e3o, porque se vier a ordem, abre-se o cofre - Notibras\" \/>\n<meta property=\"og:description\" content=\"Em tempos modernos, a pol\u00edcia n\u00e3o \u00e9 apenas t\u00e9cnica e cient\u00edfica, mas tamb\u00e9m, e principalmente, pol\u00edtica. E como a modernidade fez surgir uma tal de corrup\u00e7\u00e3o, nada melhor do que a autoridade para estar de olho em supostas falcatruas. Nesses casos, o sigilo \u00e9 lei. E fica tudo trancado a sete chaves para o caso [&hellip;]\" \/>\n<meta property=\"og:url\" content=\"https:\/\/www.notibras.com\/site\/chaves-na-mao-porque-se-vier-a-ordem-abre-se-o-cofre-dos-segredos\/\" \/>\n<meta property=\"og:site_name\" content=\"Notibras\" \/>\n<meta property=\"article:publisher\" content=\"https:\/\/www.facebook.com\/notibras\/\" \/>\n<meta property=\"article:published_time\" content=\"2014-12-26T01:43:36+00:00\" \/>\n<meta property=\"article:modified_time\" content=\"2014-12-26T01:46:06+00:00\" \/>\n<meta property=\"og:image\" content=\"https:\/\/www.notibras.com\/site\/wp-content\/uploads\/2014\/12\/p46.jpg\" \/>\n\t<meta property=\"og:image:width\" content=\"492\" \/>\n\t<meta property=\"og:image:height\" content=\"386\" \/>\n\t<meta property=\"og:image:type\" content=\"image\/jpeg\" \/>\n<meta name=\"author\" content=\"Reda\u00e7\u00e3o\" \/>\n<meta name=\"twitter:card\" content=\"summary_large_image\" \/>\n<meta name=\"twitter:creator\" content=\"@Notibras\" \/>\n<meta name=\"twitter:site\" content=\"@Notibras\" \/>\n<meta name=\"twitter:label1\" content=\"Escrito por\" \/>\n\t<meta name=\"twitter:data1\" content=\"Reda\u00e7\u00e3o\" \/>\n<script type=\"application\/ld+json\" class=\"yoast-schema-graph\">{\"@context\":\"https:\/\/schema.org\",\"@graph\":[{\"@type\":\"Article\",\"@id\":\"https:\/\/www.notibras.com\/site\/chaves-na-mao-porque-se-vier-a-ordem-abre-se-o-cofre-dos-segredos\/#article\",\"isPartOf\":{\"@id\":\"https:\/\/www.notibras.com\/site\/chaves-na-mao-porque-se-vier-a-ordem-abre-se-o-cofre-dos-segredos\/\"},\"author\":{\"name\":\"Reda\u00e7\u00e3o\",\"@id\":\"https:\/\/www.notibras.com\/site\/#\/schema\/person\/36ab0979449956132d3e5b517ea76ac8\"},\"headline\":\"Chaves na m\u00e3o, porque se vier a ordem, abre-se o cofre\",\"datePublished\":\"2014-12-26T01:43:36+00:00\",\"dateModified\":\"2014-12-26T01:46:06+00:00\",\"mainEntityOfPage\":{\"@id\":\"https:\/\/www.notibras.com\/site\/chaves-na-mao-porque-se-vier-a-ordem-abre-se-o-cofre-dos-segredos\/\"},\"wordCount\":97,\"commentCount\":0,\"publisher\":{\"@id\":\"https:\/\/www.notibras.com\/site\/#organization\"},\"image\":{\"@id\":\"https:\/\/www.notibras.com\/site\/chaves-na-mao-porque-se-vier-a-ordem-abre-se-o-cofre-dos-segredos\/#primaryimage\"},\"thumbnailUrl\":\"https:\/\/www.notibras.com\/site\/wp-content\/uploads\/2014\/12\/p46.jpg\",\"articleSection\":[\"Elei\u00e7\u00f5es 2022\"],\"inLanguage\":\"pt-BR\",\"potentialAction\":[{\"@type\":\"CommentAction\",\"name\":\"Comment\",\"target\":[\"https:\/\/www.notibras.com\/site\/chaves-na-mao-porque-se-vier-a-ordem-abre-se-o-cofre-dos-segredos\/#respond\"]}]},{\"@type\":\"WebPage\",\"@id\":\"https:\/\/www.notibras.com\/site\/chaves-na-mao-porque-se-vier-a-ordem-abre-se-o-cofre-dos-segredos\/\",\"url\":\"https:\/\/www.notibras.com\/site\/chaves-na-mao-porque-se-vier-a-ordem-abre-se-o-cofre-dos-segredos\/\",\"name\":\"Chaves na m\u00e3o, porque se vier a ordem, abre-se o cofre - Notibras\",\"isPartOf\":{\"@id\":\"https:\/\/www.notibras.com\/site\/#website\"},\"primaryImageOfPage\":{\"@id\":\"https:\/\/www.notibras.com\/site\/chaves-na-mao-porque-se-vier-a-ordem-abre-se-o-cofre-dos-segredos\/#primaryimage\"},\"image\":{\"@id\":\"https:\/\/www.notibras.com\/site\/chaves-na-mao-porque-se-vier-a-ordem-abre-se-o-cofre-dos-segredos\/#primaryimage\"},\"thumbnailUrl\":\"https:\/\/www.notibras.com\/site\/wp-content\/uploads\/2014\/12\/p46.jpg\",\"datePublished\":\"2014-12-26T01:43:36+00:00\",\"dateModified\":\"2014-12-26T01:46:06+00:00\",\"breadcrumb\":{\"@id\":\"https:\/\/www.notibras.com\/site\/chaves-na-mao-porque-se-vier-a-ordem-abre-se-o-cofre-dos-segredos\/#breadcrumb\"},\"inLanguage\":\"pt-BR\",\"potentialAction\":[{\"@type\":\"ReadAction\",\"target\":[\"https:\/\/www.notibras.com\/site\/chaves-na-mao-porque-se-vier-a-ordem-abre-se-o-cofre-dos-segredos\/\"]}]},{\"@type\":\"ImageObject\",\"inLanguage\":\"pt-BR\",\"@id\":\"https:\/\/www.notibras.com\/site\/chaves-na-mao-porque-se-vier-a-ordem-abre-se-o-cofre-dos-segredos\/#primaryimage\",\"url\":\"https:\/\/www.notibras.com\/site\/wp-content\/uploads\/2014\/12\/p46.jpg\",\"contentUrl\":\"https:\/\/www.notibras.com\/site\/wp-content\/uploads\/2014\/12\/p46.jpg\",\"width\":492,\"height\":386},{\"@type\":\"BreadcrumbList\",\"@id\":\"https:\/\/www.notibras.com\/site\/chaves-na-mao-porque-se-vier-a-ordem-abre-se-o-cofre-dos-segredos\/#breadcrumb\",\"itemListElement\":[{\"@type\":\"ListItem\",\"position\":1,\"name\":\"In\u00edcio\",\"item\":\"https:\/\/www.notibras.com\/site\/\"},{\"@type\":\"ListItem\",\"position\":2,\"name\":\"Chaves na m\u00e3o, porque se vier a ordem, abre-se o cofre\"}]},{\"@type\":\"WebSite\",\"@id\":\"https:\/\/www.notibras.com\/site\/#website\",\"url\":\"https:\/\/www.notibras.com\/site\/\",\"name\":\"Notibras\",\"description\":\"Not\u00edcias de Bras\u00edlia, do Brasil e do Mundo\",\"publisher\":{\"@id\":\"https:\/\/www.notibras.com\/site\/#organization\"},\"potentialAction\":[{\"@type\":\"SearchAction\",\"target\":{\"@type\":\"EntryPoint\",\"urlTemplate\":\"https:\/\/www.notibras.com\/site\/?s={search_term_string}\"},\"query-input\":{\"@type\":\"PropertyValueSpecification\",\"valueRequired\":true,\"valueName\":\"search_term_string\"}}],\"inLanguage\":\"pt-BR\"},{\"@type\":\"Organization\",\"@id\":\"https:\/\/www.notibras.com\/site\/#organization\",\"name\":\"Grupo Notibras de Comunica\u00e7\u00e3o\",\"url\":\"https:\/\/www.notibras.com\/site\/\",\"logo\":{\"@type\":\"ImageObject\",\"inLanguage\":\"pt-BR\",\"@id\":\"https:\/\/www.notibras.com\/site\/#\/schema\/logo\/image\/\",\"url\":\"https:\/\/www.notibras.com\/site\/wp-content\/uploads\/2023\/01\/notibras23.png\",\"contentUrl\":\"https:\/\/www.notibras.com\/site\/wp-content\/uploads\/2023\/01\/notibras23.png\",\"width\":350,\"height\":87,\"caption\":\"Grupo Notibras de Comunica\u00e7\u00e3o\"},\"image\":{\"@id\":\"https:\/\/www.notibras.com\/site\/#\/schema\/logo\/image\/\"},\"sameAs\":[\"https:\/\/www.facebook.com\/notibras\/\",\"https:\/\/x.com\/Notibras\",\"https:\/\/www.instagram.com\/notibras\/\"]},{\"@type\":\"Person\",\"@id\":\"https:\/\/www.notibras.com\/site\/#\/schema\/person\/36ab0979449956132d3e5b517ea76ac8\",\"name\":\"Reda\u00e7\u00e3o\",\"image\":{\"@type\":\"ImageObject\",\"inLanguage\":\"pt-BR\",\"@id\":\"https:\/\/secure.gravatar.com\/avatar\/e0a867bdedb85fd243eadf09663511f96fc81e0720a4a42581f334ad4303aa6b?s=96&d=mm&r=g\",\"url\":\"https:\/\/secure.gravatar.com\/avatar\/e0a867bdedb85fd243eadf09663511f96fc81e0720a4a42581f334ad4303aa6b?s=96&d=mm&r=g\",\"contentUrl\":\"https:\/\/secure.gravatar.com\/avatar\/e0a867bdedb85fd243eadf09663511f96fc81e0720a4a42581f334ad4303aa6b?s=96&d=mm&r=g\",\"caption\":\"Reda\u00e7\u00e3o\"}}]}<\/script>\n<!-- \/ Yoast SEO plugin. -->","yoast_head_json":{"title":"Chaves na m\u00e3o, porque se vier a ordem, abre-se o cofre - Notibras","robots":{"index":"index","follow":"follow","max-snippet":"max-snippet:-1","max-image-preview":"max-image-preview:large","max-video-preview":"max-video-preview:-1"},"canonical":"https:\/\/www.notibras.com\/site\/chaves-na-mao-porque-se-vier-a-ordem-abre-se-o-cofre-dos-segredos\/","og_locale":"pt_BR","og_type":"article","og_title":"Chaves na m\u00e3o, porque se vier a ordem, abre-se o cofre - Notibras","og_description":"Em tempos modernos, a pol\u00edcia n\u00e3o \u00e9 apenas t\u00e9cnica e cient\u00edfica, mas tamb\u00e9m, e principalmente, pol\u00edtica. E como a modernidade fez surgir uma tal de corrup\u00e7\u00e3o, nada melhor do que a autoridade para estar de olho em supostas falcatruas. Nesses casos, o sigilo \u00e9 lei. E fica tudo trancado a sete chaves para o caso [&hellip;]","og_url":"https:\/\/www.notibras.com\/site\/chaves-na-mao-porque-se-vier-a-ordem-abre-se-o-cofre-dos-segredos\/","og_site_name":"Notibras","article_publisher":"https:\/\/www.facebook.com\/notibras\/","article_published_time":"2014-12-26T01:43:36+00:00","article_modified_time":"2014-12-26T01:46:06+00:00","og_image":[{"width":492,"height":386,"url":"https:\/\/www.notibras.com\/site\/wp-content\/uploads\/2014\/12\/p46.jpg","type":"image\/jpeg"}],"author":"Reda\u00e7\u00e3o","twitter_card":"summary_large_image","twitter_creator":"@Notibras","twitter_site":"@Notibras","twitter_misc":{"Escrito por":"Reda\u00e7\u00e3o"},"schema":{"@context":"https:\/\/schema.org","@graph":[{"@type":"Article","@id":"https:\/\/www.notibras.com\/site\/chaves-na-mao-porque-se-vier-a-ordem-abre-se-o-cofre-dos-segredos\/#article","isPartOf":{"@id":"https:\/\/www.notibras.com\/site\/chaves-na-mao-porque-se-vier-a-ordem-abre-se-o-cofre-dos-segredos\/"},"author":{"name":"Reda\u00e7\u00e3o","@id":"https:\/\/www.notibras.com\/site\/#\/schema\/person\/36ab0979449956132d3e5b517ea76ac8"},"headline":"Chaves na m\u00e3o, porque se vier a ordem, abre-se o cofre","datePublished":"2014-12-26T01:43:36+00:00","dateModified":"2014-12-26T01:46:06+00:00","mainEntityOfPage":{"@id":"https:\/\/www.notibras.com\/site\/chaves-na-mao-porque-se-vier-a-ordem-abre-se-o-cofre-dos-segredos\/"},"wordCount":97,"commentCount":0,"publisher":{"@id":"https:\/\/www.notibras.com\/site\/#organization"},"image":{"@id":"https:\/\/www.notibras.com\/site\/chaves-na-mao-porque-se-vier-a-ordem-abre-se-o-cofre-dos-segredos\/#primaryimage"},"thumbnailUrl":"https:\/\/www.notibras.com\/site\/wp-content\/uploads\/2014\/12\/p46.jpg","articleSection":["Elei\u00e7\u00f5es 2022"],"inLanguage":"pt-BR","potentialAction":[{"@type":"CommentAction","name":"Comment","target":["https:\/\/www.notibras.com\/site\/chaves-na-mao-porque-se-vier-a-ordem-abre-se-o-cofre-dos-segredos\/#respond"]}]},{"@type":"WebPage","@id":"https:\/\/www.notibras.com\/site\/chaves-na-mao-porque-se-vier-a-ordem-abre-se-o-cofre-dos-segredos\/","url":"https:\/\/www.notibras.com\/site\/chaves-na-mao-porque-se-vier-a-ordem-abre-se-o-cofre-dos-segredos\/","name":"Chaves na m\u00e3o, porque se vier a ordem, abre-se o cofre - Notibras","isPartOf":{"@id":"https:\/\/www.notibras.com\/site\/#website"},"primaryImageOfPage":{"@id":"https:\/\/www.notibras.com\/site\/chaves-na-mao-porque-se-vier-a-ordem-abre-se-o-cofre-dos-segredos\/#primaryimage"},"image":{"@id":"https:\/\/www.notibras.com\/site\/chaves-na-mao-porque-se-vier-a-ordem-abre-se-o-cofre-dos-segredos\/#primaryimage"},"thumbnailUrl":"https:\/\/www.notibras.com\/site\/wp-content\/uploads\/2014\/12\/p46.jpg","datePublished":"2014-12-26T01:43:36+00:00","dateModified":"2014-12-26T01:46:06+00:00","breadcrumb":{"@id":"https:\/\/www.notibras.com\/site\/chaves-na-mao-porque-se-vier-a-ordem-abre-se-o-cofre-dos-segredos\/#breadcrumb"},"inLanguage":"pt-BR","potentialAction":[{"@type":"ReadAction","target":["https:\/\/www.notibras.com\/site\/chaves-na-mao-porque-se-vier-a-ordem-abre-se-o-cofre-dos-segredos\/"]}]},{"@type":"ImageObject","inLanguage":"pt-BR","@id":"https:\/\/www.notibras.com\/site\/chaves-na-mao-porque-se-vier-a-ordem-abre-se-o-cofre-dos-segredos\/#primaryimage","url":"https:\/\/www.notibras.com\/site\/wp-content\/uploads\/2014\/12\/p46.jpg","contentUrl":"https:\/\/www.notibras.com\/site\/wp-content\/uploads\/2014\/12\/p46.jpg","width":492,"height":386},{"@type":"BreadcrumbList","@id":"https:\/\/www.notibras.com\/site\/chaves-na-mao-porque-se-vier-a-ordem-abre-se-o-cofre-dos-segredos\/#breadcrumb","itemListElement":[{"@type":"ListItem","position":1,"name":"In\u00edcio","item":"https:\/\/www.notibras.com\/site\/"},{"@type":"ListItem","position":2,"name":"Chaves na m\u00e3o, porque se vier a ordem, abre-se o cofre"}]},{"@type":"WebSite","@id":"https:\/\/www.notibras.com\/site\/#website","url":"https:\/\/www.notibras.com\/site\/","name":"Notibras","description":"Not\u00edcias de Bras\u00edlia, do Brasil e do Mundo","publisher":{"@id":"https:\/\/www.notibras.com\/site\/#organization"},"potentialAction":[{"@type":"SearchAction","target":{"@type":"EntryPoint","urlTemplate":"https:\/\/www.notibras.com\/site\/?s={search_term_string}"},"query-input":{"@type":"PropertyValueSpecification","valueRequired":true,"valueName":"search_term_string"}}],"inLanguage":"pt-BR"},{"@type":"Organization","@id":"https:\/\/www.notibras.com\/site\/#organization","name":"Grupo Notibras de Comunica\u00e7\u00e3o","url":"https:\/\/www.notibras.com\/site\/","logo":{"@type":"ImageObject","inLanguage":"pt-BR","@id":"https:\/\/www.notibras.com\/site\/#\/schema\/logo\/image\/","url":"https:\/\/www.notibras.com\/site\/wp-content\/uploads\/2023\/01\/notibras23.png","contentUrl":"https:\/\/www.notibras.com\/site\/wp-content\/uploads\/2023\/01\/notibras23.png","width":350,"height":87,"caption":"Grupo Notibras de Comunica\u00e7\u00e3o"},"image":{"@id":"https:\/\/www.notibras.com\/site\/#\/schema\/logo\/image\/"},"sameAs":["https:\/\/www.facebook.com\/notibras\/","https:\/\/x.com\/Notibras","https:\/\/www.instagram.com\/notibras\/"]},{"@type":"Person","@id":"https:\/\/www.notibras.com\/site\/#\/schema\/person\/36ab0979449956132d3e5b517ea76ac8","name":"Reda\u00e7\u00e3o","image":{"@type":"ImageObject","inLanguage":"pt-BR","@id":"https:\/\/secure.gravatar.com\/avatar\/e0a867bdedb85fd243eadf09663511f96fc81e0720a4a42581f334ad4303aa6b?s=96&d=mm&r=g","url":"https:\/\/secure.gravatar.com\/avatar\/e0a867bdedb85fd243eadf09663511f96fc81e0720a4a42581f334ad4303aa6b?s=96&d=mm&r=g","contentUrl":"https:\/\/secure.gravatar.com\/avatar\/e0a867bdedb85fd243eadf09663511f96fc81e0720a4a42581f334ad4303aa6b?s=96&d=mm&r=g","caption":"Reda\u00e7\u00e3o"}}]}},"amp_enabled":true,"_links":{"self":[{"href":"https:\/\/www.notibras.com\/site\/wp-json\/wp\/v2\/posts\/32177","targetHints":{"allow":["GET"]}}],"collection":[{"href":"https:\/\/www.notibras.com\/site\/wp-json\/wp\/v2\/posts"}],"about":[{"href":"https:\/\/www.notibras.com\/site\/wp-json\/wp\/v2\/types\/post"}],"author":[{"embeddable":true,"href":"https:\/\/www.notibras.com\/site\/wp-json\/wp\/v2\/users\/2"}],"replies":[{"embeddable":true,"href":"https:\/\/www.notibras.com\/site\/wp-json\/wp\/v2\/comments?post=32177"}],"version-history":[{"count":0,"href":"https:\/\/www.notibras.com\/site\/wp-json\/wp\/v2\/posts\/32177\/revisions"}],"wp:featuredmedia":[{"embeddable":true,"href":"https:\/\/www.notibras.com\/site\/wp-json\/wp\/v2\/media\/32178"}],"wp:attachment":[{"href":"https:\/\/www.notibras.com\/site\/wp-json\/wp\/v2\/media?parent=32177"}],"wp:term":[{"taxonomy":"category","embeddable":true,"href":"https:\/\/www.notibras.com\/site\/wp-json\/wp\/v2\/categories?post=32177"},{"taxonomy":"post_tag","embeddable":true,"href":"https:\/\/www.notibras.com\/site\/wp-json\/wp\/v2\/tags?post=32177"}],"curies":[{"name":"wp","href":"https:\/\/api.w.org\/{rel}","templated":true}]}}