{"id":321780,"date":"2024-02-05T07:10:40","date_gmt":"2024-02-05T10:10:40","guid":{"rendered":"https:\/\/www.notibras.com\/site\/?p=321780"},"modified":"2024-02-05T08:12:19","modified_gmt":"2024-02-05T11:12:19","slug":"hospital-de-campanha-contra-dengue-abre-as-portas","status":"publish","type":"post","link":"https:\/\/www.notibras.com\/site\/hospital-de-campanha-contra-dengue-abre-as-portas\/","title":{"rendered":"Hospital de Campanha contra dengue abre as portas"},"content":{"rendered":"<p>O Hospital de Campanha montado durante este final de semana come\u00e7a a atender pacientes com sintomas de dengue nesta segunda-feira (5). Ser\u00e3o oferecidos 60 leitos para atender pacientes 24 horas por dia. A unidade conta ainda com duas salas para hidrata\u00e7\u00e3o, uma de adultos e outra infantil, al\u00e9m de um laborat\u00f3rio para coleta e exames para o diagn\u00f3stico da doen\u00e7a.<\/p>\n<p>O Hospital de Campanha da For\u00e7a A\u00e9rea Brasileira (FAB) foi montado na Ceil\u00e2ndia, regi\u00e3o administrativa do DF que fica a 30 quil\u00f4metros da Esplanada dos Minist\u00e9rios. O local \u00e9 o mais populoso da unidade federativa e concentra o maior n\u00famero de casos de dengue at\u00e9 agora registrados.<\/p>\n<p>\u201cNosso objetivo \u00e9 desonerar as UPAS [Unidades de Pronto-Atendimento] da regi\u00e3o, visto que hoje o Distrito Federal concentra em torno de 20% dos casos de dengue do pa\u00eds\u201d, destacou o Comandante da Aeron\u00e1utica, o tenente-brigadeiro do ar Marcelo Kanitz Damasceno.<\/p>\n<p>A unidade de pronto atendimento fica ao lado da UPA Ceil\u00e2ndia e do Hospital Cidade do Sol, na \u00c1rea Especial D, Via P1 Norte. Ao todo, 29 profissionais de sa\u00fade militares, entre m\u00e9dicos, enfermeiros e t\u00e9cnicos de laborat\u00f3rio, v\u00e3o atuar na unidade que deve funcionar por 45 dias.<\/p>\n<p><strong>Explos\u00e3o de casos<\/strong><br \/>\nA popula\u00e7\u00e3o do DF tem sofrido com o aumento de 920% nos casos de dengue neste ano se comparado com o ano passado. Foram 29,5 mil casos de dengue confirmados na capital em 2024, sendo mais de 7 mil na Ceil\u00e2ndia. Seis pessoas j\u00e1 morreram em decorr\u00eancia da doen\u00e7a no Distrito Federal.<\/p>\n<p>A situa\u00e7\u00e3o levou o governo do DF a decretar estado de emerg\u00eancia no dia 25 de janeiro, pedindo apoio do governo federal. Ao todo, 247 miliares foram treinados para refor\u00e7ar o combate \u00e0 doen\u00e7a com visitas domiciliares.<\/p>\n","protected":false},"excerpt":{"rendered":"<p>O Hospital de Campanha montado durante este final de semana come\u00e7a a atender pacientes com sintomas de dengue nesta segunda-feira (5). Ser\u00e3o oferecidos 60 leitos para atender pacientes 24 horas por dia. A unidade conta ainda com duas salas para hidrata\u00e7\u00e3o, uma de adultos e outra infantil, al\u00e9m de um laborat\u00f3rio para coleta e exames [&hellip;]<\/p>\n","protected":false},"author":2,"featured_media":321781,"comment_status":"closed","ping_status":"closed","sticky":false,"template":"","format":"standard","meta":{"_acf_changed":false,"footnotes":""},"categories":[161],"tags":[],"class_list":["post-321780","post","type-post","status-publish","format-standard","has-post-thumbnail","hentry","category-quadradinho-em-foco"],"acf":[],"yoast_head":"<!-- This site is optimized with the Yoast SEO plugin v27.2 - https:\/\/yoast.com\/product\/yoast-seo-wordpress\/ -->\n<title>Hospital de Campanha contra dengue abre as portas - Notibras<\/title>\n<meta name=\"robots\" content=\"index, follow, max-snippet:-1, max-image-preview:large, max-video-preview:-1\" \/>\n<link rel=\"canonical\" href=\"https:\/\/www.notibras.com\/site\/hospital-de-campanha-contra-dengue-abre-as-portas\/\" \/>\n<meta property=\"og:locale\" content=\"pt_BR\" \/>\n<meta property=\"og:type\" content=\"article\" \/>\n<meta property=\"og:title\" content=\"Hospital de Campanha contra dengue abre as portas - Notibras\" \/>\n<meta property=\"og:description\" content=\"O Hospital de Campanha montado durante este final de semana come\u00e7a a atender pacientes com sintomas de dengue nesta segunda-feira (5). Ser\u00e3o oferecidos 60 leitos para atender pacientes 24 horas por dia. A unidade conta ainda com duas salas para hidrata\u00e7\u00e3o, uma de adultos e outra infantil, al\u00e9m de um laborat\u00f3rio para coleta e exames [&hellip;]\" \/>\n<meta property=\"og:url\" content=\"https:\/\/www.notibras.com\/site\/hospital-de-campanha-contra-dengue-abre-as-portas\/\" \/>\n<meta property=\"og:site_name\" content=\"Notibras\" \/>\n<meta property=\"article:publisher\" content=\"https:\/\/www.facebook.com\/notibras\/\" \/>\n<meta property=\"article:published_time\" content=\"2024-02-05T10:10:40+00:00\" \/>\n<meta property=\"article:modified_time\" content=\"2024-02-05T11:12:19+00:00\" \/>\n<meta property=\"og:image\" content=\"https:\/\/www.notibras.com\/site\/wp-content\/uploads\/2024\/02\/hos.den_.cei_.webp\" \/>\n\t<meta property=\"og:image:width\" content=\"1170\" \/>\n\t<meta property=\"og:image:height\" content=\"700\" \/>\n\t<meta property=\"og:image:type\" content=\"image\/webp\" \/>\n<meta name=\"author\" content=\"Reda\u00e7\u00e3o\" \/>\n<meta name=\"twitter:card\" content=\"summary_large_image\" \/>\n<meta name=\"twitter:creator\" content=\"@Notibras\" \/>\n<meta name=\"twitter:site\" content=\"@Notibras\" \/>\n<meta name=\"twitter:label1\" content=\"Escrito por\" \/>\n\t<meta name=\"twitter:data1\" content=\"Reda\u00e7\u00e3o\" \/>\n\t<meta name=\"twitter:label2\" content=\"Est. tempo de leitura\" \/>\n\t<meta name=\"twitter:data2\" content=\"2 minutos\" \/>\n<script type=\"application\/ld+json\" class=\"yoast-schema-graph\">{\"@context\":\"https:\/\/schema.org\",\"@graph\":[{\"@type\":\"Article\",\"@id\":\"https:\/\/www.notibras.com\/site\/hospital-de-campanha-contra-dengue-abre-as-portas\/#article\",\"isPartOf\":{\"@id\":\"https:\/\/www.notibras.com\/site\/hospital-de-campanha-contra-dengue-abre-as-portas\/\"},\"author\":{\"name\":\"Reda\u00e7\u00e3o\",\"@id\":\"https:\/\/www.notibras.com\/site\/#\/schema\/person\/36ab0979449956132d3e5b517ea76ac8\"},\"headline\":\"Hospital de Campanha contra dengue abre as portas\",\"datePublished\":\"2024-02-05T10:10:40+00:00\",\"dateModified\":\"2024-02-05T11:12:19+00:00\",\"mainEntityOfPage\":{\"@id\":\"https:\/\/www.notibras.com\/site\/hospital-de-campanha-contra-dengue-abre-as-portas\/\"},\"wordCount\":311,\"publisher\":{\"@id\":\"https:\/\/www.notibras.com\/site\/#organization\"},\"image\":{\"@id\":\"https:\/\/www.notibras.com\/site\/hospital-de-campanha-contra-dengue-abre-as-portas\/#primaryimage\"},\"thumbnailUrl\":\"https:\/\/www.notibras.com\/site\/wp-content\/uploads\/2024\/02\/hos.den_.cei_.webp\",\"articleSection\":[\"Quadradinho em Foco\"],\"inLanguage\":\"pt-BR\"},{\"@type\":\"WebPage\",\"@id\":\"https:\/\/www.notibras.com\/site\/hospital-de-campanha-contra-dengue-abre-as-portas\/\",\"url\":\"https:\/\/www.notibras.com\/site\/hospital-de-campanha-contra-dengue-abre-as-portas\/\",\"name\":\"Hospital de Campanha contra dengue abre as portas - Notibras\",\"isPartOf\":{\"@id\":\"https:\/\/www.notibras.com\/site\/#website\"},\"primaryImageOfPage\":{\"@id\":\"https:\/\/www.notibras.com\/site\/hospital-de-campanha-contra-dengue-abre-as-portas\/#primaryimage\"},\"image\":{\"@id\":\"https:\/\/www.notibras.com\/site\/hospital-de-campanha-contra-dengue-abre-as-portas\/#primaryimage\"},\"thumbnailUrl\":\"https:\/\/www.notibras.com\/site\/wp-content\/uploads\/2024\/02\/hos.den_.cei_.webp\",\"datePublished\":\"2024-02-05T10:10:40+00:00\",\"dateModified\":\"2024-02-05T11:12:19+00:00\",\"breadcrumb\":{\"@id\":\"https:\/\/www.notibras.com\/site\/hospital-de-campanha-contra-dengue-abre-as-portas\/#breadcrumb\"},\"inLanguage\":\"pt-BR\",\"potentialAction\":[{\"@type\":\"ReadAction\",\"target\":[\"https:\/\/www.notibras.com\/site\/hospital-de-campanha-contra-dengue-abre-as-portas\/\"]}]},{\"@type\":\"ImageObject\",\"inLanguage\":\"pt-BR\",\"@id\":\"https:\/\/www.notibras.com\/site\/hospital-de-campanha-contra-dengue-abre-as-portas\/#primaryimage\",\"url\":\"https:\/\/www.notibras.com\/site\/wp-content\/uploads\/2024\/02\/hos.den_.cei_.webp\",\"contentUrl\":\"https:\/\/www.notibras.com\/site\/wp-content\/uploads\/2024\/02\/hos.den_.cei_.webp\",\"width\":1170,\"height\":700},{\"@type\":\"BreadcrumbList\",\"@id\":\"https:\/\/www.notibras.com\/site\/hospital-de-campanha-contra-dengue-abre-as-portas\/#breadcrumb\",\"itemListElement\":[{\"@type\":\"ListItem\",\"position\":1,\"name\":\"In\u00edcio\",\"item\":\"https:\/\/www.notibras.com\/site\/\"},{\"@type\":\"ListItem\",\"position\":2,\"name\":\"Hospital de Campanha contra dengue abre as portas\"}]},{\"@type\":\"WebSite\",\"@id\":\"https:\/\/www.notibras.com\/site\/#website\",\"url\":\"https:\/\/www.notibras.com\/site\/\",\"name\":\"Notibras\",\"description\":\"Not\u00edcias de Bras\u00edlia, do Brasil e do Mundo\",\"publisher\":{\"@id\":\"https:\/\/www.notibras.com\/site\/#organization\"},\"potentialAction\":[{\"@type\":\"SearchAction\",\"target\":{\"@type\":\"EntryPoint\",\"urlTemplate\":\"https:\/\/www.notibras.com\/site\/?s={search_term_string}\"},\"query-input\":{\"@type\":\"PropertyValueSpecification\",\"valueRequired\":true,\"valueName\":\"search_term_string\"}}],\"inLanguage\":\"pt-BR\"},{\"@type\":\"Organization\",\"@id\":\"https:\/\/www.notibras.com\/site\/#organization\",\"name\":\"Grupo Notibras de Comunica\u00e7\u00e3o\",\"url\":\"https:\/\/www.notibras.com\/site\/\",\"logo\":{\"@type\":\"ImageObject\",\"inLanguage\":\"pt-BR\",\"@id\":\"https:\/\/www.notibras.com\/site\/#\/schema\/logo\/image\/\",\"url\":\"https:\/\/www.notibras.com\/site\/wp-content\/uploads\/2023\/01\/notibras23.png\",\"contentUrl\":\"https:\/\/www.notibras.com\/site\/wp-content\/uploads\/2023\/01\/notibras23.png\",\"width\":350,\"height\":87,\"caption\":\"Grupo Notibras de Comunica\u00e7\u00e3o\"},\"image\":{\"@id\":\"https:\/\/www.notibras.com\/site\/#\/schema\/logo\/image\/\"},\"sameAs\":[\"https:\/\/www.facebook.com\/notibras\/\",\"https:\/\/x.com\/Notibras\",\"https:\/\/www.instagram.com\/notibras\/\"]},{\"@type\":\"Person\",\"@id\":\"https:\/\/www.notibras.com\/site\/#\/schema\/person\/36ab0979449956132d3e5b517ea76ac8\",\"name\":\"Reda\u00e7\u00e3o\",\"image\":{\"@type\":\"ImageObject\",\"inLanguage\":\"pt-BR\",\"@id\":\"https:\/\/secure.gravatar.com\/avatar\/e0a867bdedb85fd243eadf09663511f96fc81e0720a4a42581f334ad4303aa6b?s=96&d=mm&r=g\",\"url\":\"https:\/\/secure.gravatar.com\/avatar\/e0a867bdedb85fd243eadf09663511f96fc81e0720a4a42581f334ad4303aa6b?s=96&d=mm&r=g\",\"contentUrl\":\"https:\/\/secure.gravatar.com\/avatar\/e0a867bdedb85fd243eadf09663511f96fc81e0720a4a42581f334ad4303aa6b?s=96&d=mm&r=g\",\"caption\":\"Reda\u00e7\u00e3o\"}}]}<\/script>\n<!-- \/ Yoast SEO plugin. -->","yoast_head_json":{"title":"Hospital de Campanha contra dengue abre as portas - Notibras","robots":{"index":"index","follow":"follow","max-snippet":"max-snippet:-1","max-image-preview":"max-image-preview:large","max-video-preview":"max-video-preview:-1"},"canonical":"https:\/\/www.notibras.com\/site\/hospital-de-campanha-contra-dengue-abre-as-portas\/","og_locale":"pt_BR","og_type":"article","og_title":"Hospital de Campanha contra dengue abre as portas - Notibras","og_description":"O Hospital de Campanha montado durante este final de semana come\u00e7a a atender pacientes com sintomas de dengue nesta segunda-feira (5). Ser\u00e3o oferecidos 60 leitos para atender pacientes 24 horas por dia. A unidade conta ainda com duas salas para hidrata\u00e7\u00e3o, uma de adultos e outra infantil, al\u00e9m de um laborat\u00f3rio para coleta e exames [&hellip;]","og_url":"https:\/\/www.notibras.com\/site\/hospital-de-campanha-contra-dengue-abre-as-portas\/","og_site_name":"Notibras","article_publisher":"https:\/\/www.facebook.com\/notibras\/","article_published_time":"2024-02-05T10:10:40+00:00","article_modified_time":"2024-02-05T11:12:19+00:00","og_image":[{"width":1170,"height":700,"url":"https:\/\/www.notibras.com\/site\/wp-content\/uploads\/2024\/02\/hos.den_.cei_.webp","type":"image\/webp"}],"author":"Reda\u00e7\u00e3o","twitter_card":"summary_large_image","twitter_creator":"@Notibras","twitter_site":"@Notibras","twitter_misc":{"Escrito por":"Reda\u00e7\u00e3o","Est. tempo de leitura":"2 minutos"},"schema":{"@context":"https:\/\/schema.org","@graph":[{"@type":"Article","@id":"https:\/\/www.notibras.com\/site\/hospital-de-campanha-contra-dengue-abre-as-portas\/#article","isPartOf":{"@id":"https:\/\/www.notibras.com\/site\/hospital-de-campanha-contra-dengue-abre-as-portas\/"},"author":{"name":"Reda\u00e7\u00e3o","@id":"https:\/\/www.notibras.com\/site\/#\/schema\/person\/36ab0979449956132d3e5b517ea76ac8"},"headline":"Hospital de Campanha contra dengue abre as portas","datePublished":"2024-02-05T10:10:40+00:00","dateModified":"2024-02-05T11:12:19+00:00","mainEntityOfPage":{"@id":"https:\/\/www.notibras.com\/site\/hospital-de-campanha-contra-dengue-abre-as-portas\/"},"wordCount":311,"publisher":{"@id":"https:\/\/www.notibras.com\/site\/#organization"},"image":{"@id":"https:\/\/www.notibras.com\/site\/hospital-de-campanha-contra-dengue-abre-as-portas\/#primaryimage"},"thumbnailUrl":"https:\/\/www.notibras.com\/site\/wp-content\/uploads\/2024\/02\/hos.den_.cei_.webp","articleSection":["Quadradinho em Foco"],"inLanguage":"pt-BR"},{"@type":"WebPage","@id":"https:\/\/www.notibras.com\/site\/hospital-de-campanha-contra-dengue-abre-as-portas\/","url":"https:\/\/www.notibras.com\/site\/hospital-de-campanha-contra-dengue-abre-as-portas\/","name":"Hospital de Campanha contra dengue abre as portas - Notibras","isPartOf":{"@id":"https:\/\/www.notibras.com\/site\/#website"},"primaryImageOfPage":{"@id":"https:\/\/www.notibras.com\/site\/hospital-de-campanha-contra-dengue-abre-as-portas\/#primaryimage"},"image":{"@id":"https:\/\/www.notibras.com\/site\/hospital-de-campanha-contra-dengue-abre-as-portas\/#primaryimage"},"thumbnailUrl":"https:\/\/www.notibras.com\/site\/wp-content\/uploads\/2024\/02\/hos.den_.cei_.webp","datePublished":"2024-02-05T10:10:40+00:00","dateModified":"2024-02-05T11:12:19+00:00","breadcrumb":{"@id":"https:\/\/www.notibras.com\/site\/hospital-de-campanha-contra-dengue-abre-as-portas\/#breadcrumb"},"inLanguage":"pt-BR","potentialAction":[{"@type":"ReadAction","target":["https:\/\/www.notibras.com\/site\/hospital-de-campanha-contra-dengue-abre-as-portas\/"]}]},{"@type":"ImageObject","inLanguage":"pt-BR","@id":"https:\/\/www.notibras.com\/site\/hospital-de-campanha-contra-dengue-abre-as-portas\/#primaryimage","url":"https:\/\/www.notibras.com\/site\/wp-content\/uploads\/2024\/02\/hos.den_.cei_.webp","contentUrl":"https:\/\/www.notibras.com\/site\/wp-content\/uploads\/2024\/02\/hos.den_.cei_.webp","width":1170,"height":700},{"@type":"BreadcrumbList","@id":"https:\/\/www.notibras.com\/site\/hospital-de-campanha-contra-dengue-abre-as-portas\/#breadcrumb","itemListElement":[{"@type":"ListItem","position":1,"name":"In\u00edcio","item":"https:\/\/www.notibras.com\/site\/"},{"@type":"ListItem","position":2,"name":"Hospital de Campanha contra dengue abre as portas"}]},{"@type":"WebSite","@id":"https:\/\/www.notibras.com\/site\/#website","url":"https:\/\/www.notibras.com\/site\/","name":"Notibras","description":"Not\u00edcias de Bras\u00edlia, do Brasil e do Mundo","publisher":{"@id":"https:\/\/www.notibras.com\/site\/#organization"},"potentialAction":[{"@type":"SearchAction","target":{"@type":"EntryPoint","urlTemplate":"https:\/\/www.notibras.com\/site\/?s={search_term_string}"},"query-input":{"@type":"PropertyValueSpecification","valueRequired":true,"valueName":"search_term_string"}}],"inLanguage":"pt-BR"},{"@type":"Organization","@id":"https:\/\/www.notibras.com\/site\/#organization","name":"Grupo Notibras de Comunica\u00e7\u00e3o","url":"https:\/\/www.notibras.com\/site\/","logo":{"@type":"ImageObject","inLanguage":"pt-BR","@id":"https:\/\/www.notibras.com\/site\/#\/schema\/logo\/image\/","url":"https:\/\/www.notibras.com\/site\/wp-content\/uploads\/2023\/01\/notibras23.png","contentUrl":"https:\/\/www.notibras.com\/site\/wp-content\/uploads\/2023\/01\/notibras23.png","width":350,"height":87,"caption":"Grupo Notibras de Comunica\u00e7\u00e3o"},"image":{"@id":"https:\/\/www.notibras.com\/site\/#\/schema\/logo\/image\/"},"sameAs":["https:\/\/www.facebook.com\/notibras\/","https:\/\/x.com\/Notibras","https:\/\/www.instagram.com\/notibras\/"]},{"@type":"Person","@id":"https:\/\/www.notibras.com\/site\/#\/schema\/person\/36ab0979449956132d3e5b517ea76ac8","name":"Reda\u00e7\u00e3o","image":{"@type":"ImageObject","inLanguage":"pt-BR","@id":"https:\/\/secure.gravatar.com\/avatar\/e0a867bdedb85fd243eadf09663511f96fc81e0720a4a42581f334ad4303aa6b?s=96&d=mm&r=g","url":"https:\/\/secure.gravatar.com\/avatar\/e0a867bdedb85fd243eadf09663511f96fc81e0720a4a42581f334ad4303aa6b?s=96&d=mm&r=g","contentUrl":"https:\/\/secure.gravatar.com\/avatar\/e0a867bdedb85fd243eadf09663511f96fc81e0720a4a42581f334ad4303aa6b?s=96&d=mm&r=g","caption":"Reda\u00e7\u00e3o"}}]}},"amp_enabled":true,"_links":{"self":[{"href":"https:\/\/www.notibras.com\/site\/wp-json\/wp\/v2\/posts\/321780","targetHints":{"allow":["GET"]}}],"collection":[{"href":"https:\/\/www.notibras.com\/site\/wp-json\/wp\/v2\/posts"}],"about":[{"href":"https:\/\/www.notibras.com\/site\/wp-json\/wp\/v2\/types\/post"}],"author":[{"embeddable":true,"href":"https:\/\/www.notibras.com\/site\/wp-json\/wp\/v2\/users\/2"}],"replies":[{"embeddable":true,"href":"https:\/\/www.notibras.com\/site\/wp-json\/wp\/v2\/comments?post=321780"}],"version-history":[{"count":1,"href":"https:\/\/www.notibras.com\/site\/wp-json\/wp\/v2\/posts\/321780\/revisions"}],"predecessor-version":[{"id":321782,"href":"https:\/\/www.notibras.com\/site\/wp-json\/wp\/v2\/posts\/321780\/revisions\/321782"}],"wp:featuredmedia":[{"embeddable":true,"href":"https:\/\/www.notibras.com\/site\/wp-json\/wp\/v2\/media\/321781"}],"wp:attachment":[{"href":"https:\/\/www.notibras.com\/site\/wp-json\/wp\/v2\/media?parent=321780"}],"wp:term":[{"taxonomy":"category","embeddable":true,"href":"https:\/\/www.notibras.com\/site\/wp-json\/wp\/v2\/categories?post=321780"},{"taxonomy":"post_tag","embeddable":true,"href":"https:\/\/www.notibras.com\/site\/wp-json\/wp\/v2\/tags?post=321780"}],"curies":[{"name":"wp","href":"https:\/\/api.w.org\/{rel}","templated":true}]}}