{"id":321784,"date":"2024-02-05T06:59:13","date_gmt":"2024-02-05T09:59:13","guid":{"rendered":"https:\/\/www.notibras.com\/site\/?p=321784"},"modified":"2024-02-05T09:00:54","modified_gmt":"2024-02-05T12:00:54","slug":"candidatos-vivem-ultima-semana-para-concurso-unificado","status":"publish","type":"post","link":"https:\/\/www.notibras.com\/site\/candidatos-vivem-ultima-semana-para-concurso-unificado\/","title":{"rendered":"Candidatos vivem \u00faltima semana para concurso unificado"},"content":{"rendered":"<p>Termina na sexta-feira, 9, o prazo para inscri\u00e7\u00e3o no Concurso P\u00fablico Nacional Unificado (CPNU). Interessados em participar do certame devem acessar o site da Funda\u00e7\u00e3o Cesgranrio e pagar a taxa de R$ 60, para os cargos de n\u00edvel m\u00e9dio e R$ 90 para os de n\u00edvel superior. \u00c9 necess\u00e1rio ao candidato estar inscrito na plataforma Gov.br.<\/p>\n<p>Os organizadores j\u00e1 contabilizam mais de 1 milh\u00e3o de inscri\u00e7\u00f5es para concorrerem \u00e0s 6,6 mil vagas no servi\u00e7o p\u00fablico. Dessas, 5.948 s\u00e3o para cargos de n\u00edvel superior e 692, n\u00edvel m\u00e9dio. As provas ser\u00e3o aplicadas no dia 5 de maio, em 220 cidades distribu\u00eddas por todas as unidades federativas.<\/p>\n<p>Para se inscrever, o candidato precisa, primeiro, escolher um entre os oito blocos tem\u00e1ticos do concurso. Na sequ\u00eancia, escolhe os cargos de seu interesse, dentro do mesmo bloco tem\u00e1tico, e coloca na ordem de prefer\u00eancia \u2013 primeiro entre os cargos e, na sequ\u00eancia, entre as especialidades.<\/p>\n<p>Os editais dos oito blocos tem\u00e1ticos, com todos os requisitos necess\u00e1rios, est\u00e3o dispon\u00edveis em site espec\u00edfico do Minist\u00e9rio da Gest\u00e3o e da Inova\u00e7\u00e3o em Servi\u00e7os P\u00fablicos.<\/p>\n<p>O telefone de suporte para esclarecimento de d\u00favidas sobre os editais, disponibilizado pela banca examinadora, a Funda\u00e7\u00e3o Cesgranrio, \u00e9 0800 701 2028. O funcionamento \u00e9 das 9h \u00e0s 17h, todos os dias da semana, inclusive fins de semana e feriados.<\/p>\n","protected":false},"excerpt":{"rendered":"<p>Termina na sexta-feira, 9, o prazo para inscri\u00e7\u00e3o no Concurso P\u00fablico Nacional Unificado (CPNU). Interessados em participar do certame devem acessar o site da Funda\u00e7\u00e3o Cesgranrio e pagar a taxa de R$ 60, para os cargos de n\u00edvel m\u00e9dio e R$ 90 para os de n\u00edvel superior. \u00c9 necess\u00e1rio ao candidato estar inscrito na plataforma [&hellip;]<\/p>\n","protected":false},"author":2,"featured_media":321785,"comment_status":"closed","ping_status":"closed","sticky":false,"template":"","format":"standard","meta":{"_acf_changed":false,"footnotes":""},"categories":[161],"tags":[],"class_list":["post-321784","post","type-post","status-publish","format-standard","has-post-thumbnail","hentry","category-quadradinho-em-foco"],"acf":[],"yoast_head":"<!-- This site is optimized with the Yoast SEO plugin v27.2 - https:\/\/yoast.com\/product\/yoast-seo-wordpress\/ -->\n<title>Candidatos vivem \u00faltima semana para concurso unificado - Notibras<\/title>\n<meta name=\"robots\" content=\"index, follow, max-snippet:-1, max-image-preview:large, max-video-preview:-1\" \/>\n<link rel=\"canonical\" href=\"https:\/\/www.notibras.com\/site\/candidatos-vivem-ultima-semana-para-concurso-unificado\/\" \/>\n<meta property=\"og:locale\" content=\"pt_BR\" \/>\n<meta property=\"og:type\" content=\"article\" \/>\n<meta property=\"og:title\" content=\"Candidatos vivem \u00faltima semana para concurso unificado - Notibras\" \/>\n<meta property=\"og:description\" content=\"Termina na sexta-feira, 9, o prazo para inscri\u00e7\u00e3o no Concurso P\u00fablico Nacional Unificado (CPNU). Interessados em participar do certame devem acessar o site da Funda\u00e7\u00e3o Cesgranrio e pagar a taxa de R$ 60, para os cargos de n\u00edvel m\u00e9dio e R$ 90 para os de n\u00edvel superior. \u00c9 necess\u00e1rio ao candidato estar inscrito na plataforma [&hellip;]\" \/>\n<meta property=\"og:url\" content=\"https:\/\/www.notibras.com\/site\/candidatos-vivem-ultima-semana-para-concurso-unificado\/\" \/>\n<meta property=\"og:site_name\" content=\"Notibras\" \/>\n<meta property=\"article:publisher\" content=\"https:\/\/www.facebook.com\/notibras\/\" \/>\n<meta property=\"article:published_time\" content=\"2024-02-05T09:59:13+00:00\" \/>\n<meta property=\"article:modified_time\" content=\"2024-02-05T12:00:54+00:00\" \/>\n<meta property=\"og:image\" content=\"https:\/\/www.notibras.com\/site\/wp-content\/uploads\/2024\/02\/destaque_home.webp\" \/>\n\t<meta property=\"og:image:width\" content=\"1170\" \/>\n\t<meta property=\"og:image:height\" content=\"700\" \/>\n\t<meta property=\"og:image:type\" content=\"image\/webp\" \/>\n<meta name=\"author\" content=\"Reda\u00e7\u00e3o\" \/>\n<meta name=\"twitter:card\" content=\"summary_large_image\" \/>\n<meta name=\"twitter:creator\" content=\"@Notibras\" \/>\n<meta name=\"twitter:site\" content=\"@Notibras\" \/>\n<meta name=\"twitter:label1\" content=\"Escrito por\" \/>\n\t<meta name=\"twitter:data1\" content=\"Reda\u00e7\u00e3o\" \/>\n\t<meta name=\"twitter:label2\" content=\"Est. tempo de leitura\" \/>\n\t<meta name=\"twitter:data2\" content=\"2 minutos\" \/>\n<script type=\"application\/ld+json\" class=\"yoast-schema-graph\">{\"@context\":\"https:\/\/schema.org\",\"@graph\":[{\"@type\":\"Article\",\"@id\":\"https:\/\/www.notibras.com\/site\/candidatos-vivem-ultima-semana-para-concurso-unificado\/#article\",\"isPartOf\":{\"@id\":\"https:\/\/www.notibras.com\/site\/candidatos-vivem-ultima-semana-para-concurso-unificado\/\"},\"author\":{\"name\":\"Reda\u00e7\u00e3o\",\"@id\":\"https:\/\/www.notibras.com\/site\/#\/schema\/person\/36ab0979449956132d3e5b517ea76ac8\"},\"headline\":\"Candidatos vivem \u00faltima semana para concurso unificado\",\"datePublished\":\"2024-02-05T09:59:13+00:00\",\"dateModified\":\"2024-02-05T12:00:54+00:00\",\"mainEntityOfPage\":{\"@id\":\"https:\/\/www.notibras.com\/site\/candidatos-vivem-ultima-semana-para-concurso-unificado\/\"},\"wordCount\":243,\"publisher\":{\"@id\":\"https:\/\/www.notibras.com\/site\/#organization\"},\"image\":{\"@id\":\"https:\/\/www.notibras.com\/site\/candidatos-vivem-ultima-semana-para-concurso-unificado\/#primaryimage\"},\"thumbnailUrl\":\"https:\/\/www.notibras.com\/site\/wp-content\/uploads\/2024\/02\/destaque_home.webp\",\"articleSection\":[\"Quadradinho em Foco\"],\"inLanguage\":\"pt-BR\"},{\"@type\":\"WebPage\",\"@id\":\"https:\/\/www.notibras.com\/site\/candidatos-vivem-ultima-semana-para-concurso-unificado\/\",\"url\":\"https:\/\/www.notibras.com\/site\/candidatos-vivem-ultima-semana-para-concurso-unificado\/\",\"name\":\"Candidatos vivem \u00faltima semana para concurso unificado - Notibras\",\"isPartOf\":{\"@id\":\"https:\/\/www.notibras.com\/site\/#website\"},\"primaryImageOfPage\":{\"@id\":\"https:\/\/www.notibras.com\/site\/candidatos-vivem-ultima-semana-para-concurso-unificado\/#primaryimage\"},\"image\":{\"@id\":\"https:\/\/www.notibras.com\/site\/candidatos-vivem-ultima-semana-para-concurso-unificado\/#primaryimage\"},\"thumbnailUrl\":\"https:\/\/www.notibras.com\/site\/wp-content\/uploads\/2024\/02\/destaque_home.webp\",\"datePublished\":\"2024-02-05T09:59:13+00:00\",\"dateModified\":\"2024-02-05T12:00:54+00:00\",\"breadcrumb\":{\"@id\":\"https:\/\/www.notibras.com\/site\/candidatos-vivem-ultima-semana-para-concurso-unificado\/#breadcrumb\"},\"inLanguage\":\"pt-BR\",\"potentialAction\":[{\"@type\":\"ReadAction\",\"target\":[\"https:\/\/www.notibras.com\/site\/candidatos-vivem-ultima-semana-para-concurso-unificado\/\"]}]},{\"@type\":\"ImageObject\",\"inLanguage\":\"pt-BR\",\"@id\":\"https:\/\/www.notibras.com\/site\/candidatos-vivem-ultima-semana-para-concurso-unificado\/#primaryimage\",\"url\":\"https:\/\/www.notibras.com\/site\/wp-content\/uploads\/2024\/02\/destaque_home.webp\",\"contentUrl\":\"https:\/\/www.notibras.com\/site\/wp-content\/uploads\/2024\/02\/destaque_home.webp\",\"width\":1170,\"height\":700},{\"@type\":\"BreadcrumbList\",\"@id\":\"https:\/\/www.notibras.com\/site\/candidatos-vivem-ultima-semana-para-concurso-unificado\/#breadcrumb\",\"itemListElement\":[{\"@type\":\"ListItem\",\"position\":1,\"name\":\"In\u00edcio\",\"item\":\"https:\/\/www.notibras.com\/site\/\"},{\"@type\":\"ListItem\",\"position\":2,\"name\":\"Candidatos vivem \u00faltima semana para concurso unificado\"}]},{\"@type\":\"WebSite\",\"@id\":\"https:\/\/www.notibras.com\/site\/#website\",\"url\":\"https:\/\/www.notibras.com\/site\/\",\"name\":\"Notibras\",\"description\":\"Not\u00edcias de Bras\u00edlia, do Brasil e do Mundo\",\"publisher\":{\"@id\":\"https:\/\/www.notibras.com\/site\/#organization\"},\"potentialAction\":[{\"@type\":\"SearchAction\",\"target\":{\"@type\":\"EntryPoint\",\"urlTemplate\":\"https:\/\/www.notibras.com\/site\/?s={search_term_string}\"},\"query-input\":{\"@type\":\"PropertyValueSpecification\",\"valueRequired\":true,\"valueName\":\"search_term_string\"}}],\"inLanguage\":\"pt-BR\"},{\"@type\":\"Organization\",\"@id\":\"https:\/\/www.notibras.com\/site\/#organization\",\"name\":\"Grupo Notibras de Comunica\u00e7\u00e3o\",\"url\":\"https:\/\/www.notibras.com\/site\/\",\"logo\":{\"@type\":\"ImageObject\",\"inLanguage\":\"pt-BR\",\"@id\":\"https:\/\/www.notibras.com\/site\/#\/schema\/logo\/image\/\",\"url\":\"https:\/\/www.notibras.com\/site\/wp-content\/uploads\/2023\/01\/notibras23.png\",\"contentUrl\":\"https:\/\/www.notibras.com\/site\/wp-content\/uploads\/2023\/01\/notibras23.png\",\"width\":350,\"height\":87,\"caption\":\"Grupo Notibras de Comunica\u00e7\u00e3o\"},\"image\":{\"@id\":\"https:\/\/www.notibras.com\/site\/#\/schema\/logo\/image\/\"},\"sameAs\":[\"https:\/\/www.facebook.com\/notibras\/\",\"https:\/\/x.com\/Notibras\",\"https:\/\/www.instagram.com\/notibras\/\"]},{\"@type\":\"Person\",\"@id\":\"https:\/\/www.notibras.com\/site\/#\/schema\/person\/36ab0979449956132d3e5b517ea76ac8\",\"name\":\"Reda\u00e7\u00e3o\",\"image\":{\"@type\":\"ImageObject\",\"inLanguage\":\"pt-BR\",\"@id\":\"https:\/\/secure.gravatar.com\/avatar\/e0a867bdedb85fd243eadf09663511f96fc81e0720a4a42581f334ad4303aa6b?s=96&d=mm&r=g\",\"url\":\"https:\/\/secure.gravatar.com\/avatar\/e0a867bdedb85fd243eadf09663511f96fc81e0720a4a42581f334ad4303aa6b?s=96&d=mm&r=g\",\"contentUrl\":\"https:\/\/secure.gravatar.com\/avatar\/e0a867bdedb85fd243eadf09663511f96fc81e0720a4a42581f334ad4303aa6b?s=96&d=mm&r=g\",\"caption\":\"Reda\u00e7\u00e3o\"}}]}<\/script>\n<!-- \/ Yoast SEO plugin. -->","yoast_head_json":{"title":"Candidatos vivem \u00faltima semana para concurso unificado - Notibras","robots":{"index":"index","follow":"follow","max-snippet":"max-snippet:-1","max-image-preview":"max-image-preview:large","max-video-preview":"max-video-preview:-1"},"canonical":"https:\/\/www.notibras.com\/site\/candidatos-vivem-ultima-semana-para-concurso-unificado\/","og_locale":"pt_BR","og_type":"article","og_title":"Candidatos vivem \u00faltima semana para concurso unificado - Notibras","og_description":"Termina na sexta-feira, 9, o prazo para inscri\u00e7\u00e3o no Concurso P\u00fablico Nacional Unificado (CPNU). Interessados em participar do certame devem acessar o site da Funda\u00e7\u00e3o Cesgranrio e pagar a taxa de R$ 60, para os cargos de n\u00edvel m\u00e9dio e R$ 90 para os de n\u00edvel superior. \u00c9 necess\u00e1rio ao candidato estar inscrito na plataforma [&hellip;]","og_url":"https:\/\/www.notibras.com\/site\/candidatos-vivem-ultima-semana-para-concurso-unificado\/","og_site_name":"Notibras","article_publisher":"https:\/\/www.facebook.com\/notibras\/","article_published_time":"2024-02-05T09:59:13+00:00","article_modified_time":"2024-02-05T12:00:54+00:00","og_image":[{"width":1170,"height":700,"url":"https:\/\/www.notibras.com\/site\/wp-content\/uploads\/2024\/02\/destaque_home.webp","type":"image\/webp"}],"author":"Reda\u00e7\u00e3o","twitter_card":"summary_large_image","twitter_creator":"@Notibras","twitter_site":"@Notibras","twitter_misc":{"Escrito por":"Reda\u00e7\u00e3o","Est. tempo de leitura":"2 minutos"},"schema":{"@context":"https:\/\/schema.org","@graph":[{"@type":"Article","@id":"https:\/\/www.notibras.com\/site\/candidatos-vivem-ultima-semana-para-concurso-unificado\/#article","isPartOf":{"@id":"https:\/\/www.notibras.com\/site\/candidatos-vivem-ultima-semana-para-concurso-unificado\/"},"author":{"name":"Reda\u00e7\u00e3o","@id":"https:\/\/www.notibras.com\/site\/#\/schema\/person\/36ab0979449956132d3e5b517ea76ac8"},"headline":"Candidatos vivem \u00faltima semana para concurso unificado","datePublished":"2024-02-05T09:59:13+00:00","dateModified":"2024-02-05T12:00:54+00:00","mainEntityOfPage":{"@id":"https:\/\/www.notibras.com\/site\/candidatos-vivem-ultima-semana-para-concurso-unificado\/"},"wordCount":243,"publisher":{"@id":"https:\/\/www.notibras.com\/site\/#organization"},"image":{"@id":"https:\/\/www.notibras.com\/site\/candidatos-vivem-ultima-semana-para-concurso-unificado\/#primaryimage"},"thumbnailUrl":"https:\/\/www.notibras.com\/site\/wp-content\/uploads\/2024\/02\/destaque_home.webp","articleSection":["Quadradinho em Foco"],"inLanguage":"pt-BR"},{"@type":"WebPage","@id":"https:\/\/www.notibras.com\/site\/candidatos-vivem-ultima-semana-para-concurso-unificado\/","url":"https:\/\/www.notibras.com\/site\/candidatos-vivem-ultima-semana-para-concurso-unificado\/","name":"Candidatos vivem \u00faltima semana para concurso unificado - Notibras","isPartOf":{"@id":"https:\/\/www.notibras.com\/site\/#website"},"primaryImageOfPage":{"@id":"https:\/\/www.notibras.com\/site\/candidatos-vivem-ultima-semana-para-concurso-unificado\/#primaryimage"},"image":{"@id":"https:\/\/www.notibras.com\/site\/candidatos-vivem-ultima-semana-para-concurso-unificado\/#primaryimage"},"thumbnailUrl":"https:\/\/www.notibras.com\/site\/wp-content\/uploads\/2024\/02\/destaque_home.webp","datePublished":"2024-02-05T09:59:13+00:00","dateModified":"2024-02-05T12:00:54+00:00","breadcrumb":{"@id":"https:\/\/www.notibras.com\/site\/candidatos-vivem-ultima-semana-para-concurso-unificado\/#breadcrumb"},"inLanguage":"pt-BR","potentialAction":[{"@type":"ReadAction","target":["https:\/\/www.notibras.com\/site\/candidatos-vivem-ultima-semana-para-concurso-unificado\/"]}]},{"@type":"ImageObject","inLanguage":"pt-BR","@id":"https:\/\/www.notibras.com\/site\/candidatos-vivem-ultima-semana-para-concurso-unificado\/#primaryimage","url":"https:\/\/www.notibras.com\/site\/wp-content\/uploads\/2024\/02\/destaque_home.webp","contentUrl":"https:\/\/www.notibras.com\/site\/wp-content\/uploads\/2024\/02\/destaque_home.webp","width":1170,"height":700},{"@type":"BreadcrumbList","@id":"https:\/\/www.notibras.com\/site\/candidatos-vivem-ultima-semana-para-concurso-unificado\/#breadcrumb","itemListElement":[{"@type":"ListItem","position":1,"name":"In\u00edcio","item":"https:\/\/www.notibras.com\/site\/"},{"@type":"ListItem","position":2,"name":"Candidatos vivem \u00faltima semana para concurso unificado"}]},{"@type":"WebSite","@id":"https:\/\/www.notibras.com\/site\/#website","url":"https:\/\/www.notibras.com\/site\/","name":"Notibras","description":"Not\u00edcias de Bras\u00edlia, do Brasil e do Mundo","publisher":{"@id":"https:\/\/www.notibras.com\/site\/#organization"},"potentialAction":[{"@type":"SearchAction","target":{"@type":"EntryPoint","urlTemplate":"https:\/\/www.notibras.com\/site\/?s={search_term_string}"},"query-input":{"@type":"PropertyValueSpecification","valueRequired":true,"valueName":"search_term_string"}}],"inLanguage":"pt-BR"},{"@type":"Organization","@id":"https:\/\/www.notibras.com\/site\/#organization","name":"Grupo Notibras de Comunica\u00e7\u00e3o","url":"https:\/\/www.notibras.com\/site\/","logo":{"@type":"ImageObject","inLanguage":"pt-BR","@id":"https:\/\/www.notibras.com\/site\/#\/schema\/logo\/image\/","url":"https:\/\/www.notibras.com\/site\/wp-content\/uploads\/2023\/01\/notibras23.png","contentUrl":"https:\/\/www.notibras.com\/site\/wp-content\/uploads\/2023\/01\/notibras23.png","width":350,"height":87,"caption":"Grupo Notibras de Comunica\u00e7\u00e3o"},"image":{"@id":"https:\/\/www.notibras.com\/site\/#\/schema\/logo\/image\/"},"sameAs":["https:\/\/www.facebook.com\/notibras\/","https:\/\/x.com\/Notibras","https:\/\/www.instagram.com\/notibras\/"]},{"@type":"Person","@id":"https:\/\/www.notibras.com\/site\/#\/schema\/person\/36ab0979449956132d3e5b517ea76ac8","name":"Reda\u00e7\u00e3o","image":{"@type":"ImageObject","inLanguage":"pt-BR","@id":"https:\/\/secure.gravatar.com\/avatar\/e0a867bdedb85fd243eadf09663511f96fc81e0720a4a42581f334ad4303aa6b?s=96&d=mm&r=g","url":"https:\/\/secure.gravatar.com\/avatar\/e0a867bdedb85fd243eadf09663511f96fc81e0720a4a42581f334ad4303aa6b?s=96&d=mm&r=g","contentUrl":"https:\/\/secure.gravatar.com\/avatar\/e0a867bdedb85fd243eadf09663511f96fc81e0720a4a42581f334ad4303aa6b?s=96&d=mm&r=g","caption":"Reda\u00e7\u00e3o"}}]}},"amp_enabled":true,"_links":{"self":[{"href":"https:\/\/www.notibras.com\/site\/wp-json\/wp\/v2\/posts\/321784","targetHints":{"allow":["GET"]}}],"collection":[{"href":"https:\/\/www.notibras.com\/site\/wp-json\/wp\/v2\/posts"}],"about":[{"href":"https:\/\/www.notibras.com\/site\/wp-json\/wp\/v2\/types\/post"}],"author":[{"embeddable":true,"href":"https:\/\/www.notibras.com\/site\/wp-json\/wp\/v2\/users\/2"}],"replies":[{"embeddable":true,"href":"https:\/\/www.notibras.com\/site\/wp-json\/wp\/v2\/comments?post=321784"}],"version-history":[{"count":1,"href":"https:\/\/www.notibras.com\/site\/wp-json\/wp\/v2\/posts\/321784\/revisions"}],"predecessor-version":[{"id":321786,"href":"https:\/\/www.notibras.com\/site\/wp-json\/wp\/v2\/posts\/321784\/revisions\/321786"}],"wp:featuredmedia":[{"embeddable":true,"href":"https:\/\/www.notibras.com\/site\/wp-json\/wp\/v2\/media\/321785"}],"wp:attachment":[{"href":"https:\/\/www.notibras.com\/site\/wp-json\/wp\/v2\/media?parent=321784"}],"wp:term":[{"taxonomy":"category","embeddable":true,"href":"https:\/\/www.notibras.com\/site\/wp-json\/wp\/v2\/categories?post=321784"},{"taxonomy":"post_tag","embeddable":true,"href":"https:\/\/www.notibras.com\/site\/wp-json\/wp\/v2\/tags?post=321784"}],"curies":[{"name":"wp","href":"https:\/\/api.w.org\/{rel}","templated":true}]}}