{"id":321833,"date":"2024-02-06T10:13:23","date_gmt":"2024-02-06T13:13:23","guid":{"rendered":"https:\/\/www.notibras.com\/site\/?p=321833"},"modified":"2024-02-06T10:13:23","modified_gmt":"2024-02-06T13:13:23","slug":"apos-30-anos-briga-em-escola-revela-verdades","status":"publish","type":"post","link":"https:\/\/www.notibras.com\/site\/apos-30-anos-briga-em-escola-revela-verdades\/","title":{"rendered":"Ap\u00f3s 30 anos, briga em escola revela verdades"},"content":{"rendered":"<p>As primeiras palavras que ouvi daquele rosto familiar, apesar de n\u00e3o conseguir, naquele momento, saber de onde eu o conhecia, foram: &#8220;Voc\u00ea est\u00e1 bem?&#8221; N\u00e3o me recordo se lhe dei uma resposta ou se voltei a desmaiar. Lembro-me apenas de acordar j\u00e1 nos bra\u00e7os do meu pai, levando-me para debaixo de uma mangueira, onde ficamos at\u00e9 que consegui me recuperar quase que por completo do soco que havia levado de um garoto na sa\u00edda da escola. Tudo por conta de uma menina, que, naquele fat\u00eddico instante, descobri ser namorada do meu oponente.<\/p>\n<p>&#8211; Pai, quem era aquele garoto?<\/p>\n<p>&#8211; O que te bateu?<\/p>\n<p>&#8211; N\u00e3o. O outro!<\/p>\n<p>&#8211; Outro? Que outro?<\/p>\n<p>&#8211; Ele parecia com o senhor.<\/p>\n<p>&#8211; Comigo? N\u00e3o sei do que voc\u00ea t\u00e1 falando.<\/p>\n<p>Essa conversa foi deixada bem l\u00e1 no fundo de uma gaveta da minha mem\u00f3ria durante quase 30 anos, at\u00e9 que, na semana passada, voltou \u00e0 tona. N\u00e3o por causa daquela menina dos meus tempos de escola. Na verdade, nem me recordo do seu nome. A respons\u00e1vel foi outra garota, por quem me apaixonei h\u00e1 um tempo. \u00c9 a Ediv\u00e2nia, minha esposa t\u00e3o amada, que queria porque queria uma estante para colocar na sala.<\/p>\n<p>Depois de rodar por toda a cidade \u00e0 procura da tal estante, Ediv\u00e2nia me intimou a encontrar algu\u00e9m que fizesse o tal m\u00f3vel dos seus sonhos. Foi a\u00ed que acabei me esbarrando com aquele garoto que, por essas coincid\u00eancias da vida, me fez a mesma pergunta, agora acompanhada de outra: &#8220;Voc\u00ea est\u00e1 bem? No que posso servi-lo?&#8221;<\/p>\n<p>Por n\u00e3o sei quanto tempo, ficamos nos olhando. A princ\u00edpio, creio que ele deve ter me achado um louco, at\u00e9 que nos apresentamos.<\/p>\n<p>&#8211; Me chamo Ailton. Minha esposa quer uma estante.<\/p>\n<p>&#8211; Prazer. Sou o Adailton. Qual o tipo de estante que ela deseja?<\/p>\n<p>Entreguei para o homem um desenho que a minha mulher havia feito. Ele olhou com aten\u00e7\u00e3o e disse que o pre\u00e7o era tanto e o prazo de entrega era de cinco dias. Adiantei metade do pagamento e, antes de sair, tive um pequeno interl\u00fadio com o Adailton.<\/p>\n<p>&#8211; Obrigado.<\/p>\n<p>&#8211; Agrade\u00e7a depois que eu lhe entregar a estante.<\/p>\n<p>&#8211; N\u00e3o estou falando da estante.<\/p>\n<p>&#8211; N\u00e3o?<\/p>\n<p>&#8211; Falo de quando voc\u00ea me ajudou depois de eu ter levado uma surra de um menino na escola.<\/p>\n<p>Adailton me encarou e sorriu.<\/p>\n<p>&#8211; Voc\u00ea ainda se lembra disso?<\/p>\n<p>&#8211; Quem apanha nunca se esquece.<\/p>\n<p>Adailton sorriu novamente.<\/p>\n<p>&#8211; Fiz o que deveria ter feito.<\/p>\n<p>&#8211; Por qu\u00ea?<\/p>\n<p>&#8211; Porque sou seu irm\u00e3o.<\/p>\n<p>&#8211; Meu o qu\u00ea?<\/p>\n<p>&#8211; Irm\u00e3o. Somos irm\u00e3os.<\/p>\n<p>Fiquei at\u00f4nito por n\u00e3o sei quanto tempo. Parecia que aquele menino da escola havia me dado outro murro na fu\u00e7a. Foi a\u00ed que o Adailton me contou toda a sua hist\u00f3ria, que envolvia meu pai, ali\u00e1s, nosso pai. O meu irm\u00e3o era fruto de um namoro entre sua m\u00e3e e nosso pai pouco antes dele conhecer a minha m\u00e3e.<\/p>\n<p>Voltei para casa pensando naquela revela\u00e7\u00e3o. Telefonei para meu pai, que confirmou tudinho. Minha m\u00e3e sabia dessa hist\u00f3ria tamb\u00e9m. No entanto, n\u00e3o sei por que nunca me contaram.<\/p>\n<p>N\u00e3o adianta buscar culpados nessa altura da vida. Mas \u00e9 dif\u00edcil n\u00e3o pensar nas brincadeiras que n\u00e3o tivemos juntos, nos momentos de d\u00favidas na adolesc\u00eancia, nos almo\u00e7os de domingo. Tudo \u00e9 muito novo para mim, mas estou adorando ter um irm\u00e3o mais velho, que, apesar de ter a minha cara, ainda assim sou o mais bonito.<\/p>\n","protected":false},"excerpt":{"rendered":"<p>As primeiras palavras que ouvi daquele rosto familiar, apesar de n\u00e3o conseguir, naquele momento, saber de onde eu o conhecia, foram: &#8220;Voc\u00ea est\u00e1 bem?&#8221; N\u00e3o me recordo se lhe dei uma resposta ou se voltei a desmaiar. Lembro-me apenas de acordar j\u00e1 nos bra\u00e7os do meu pai, levando-me para debaixo de uma mangueira, onde ficamos [&hellip;]<\/p>\n","protected":false},"author":2,"featured_media":321834,"comment_status":"closed","ping_status":"closed","sticky":false,"template":"","format":"standard","meta":{"_acf_changed":false,"footnotes":""},"categories":[161],"tags":[],"class_list":["post-321833","post","type-post","status-publish","format-standard","has-post-thumbnail","hentry","category-quadradinho-em-foco"],"acf":[],"yoast_head":"<!-- This site is optimized with the Yoast SEO plugin v27.2 - https:\/\/yoast.com\/product\/yoast-seo-wordpress\/ -->\n<title>Ap\u00f3s 30 anos, briga em escola revela verdades - Notibras<\/title>\n<meta name=\"robots\" content=\"index, follow, max-snippet:-1, max-image-preview:large, max-video-preview:-1\" \/>\n<link rel=\"canonical\" href=\"https:\/\/www.notibras.com\/site\/apos-30-anos-briga-em-escola-revela-verdades\/\" \/>\n<meta property=\"og:locale\" content=\"pt_BR\" \/>\n<meta property=\"og:type\" content=\"article\" \/>\n<meta property=\"og:title\" content=\"Ap\u00f3s 30 anos, briga em escola revela verdades - Notibras\" \/>\n<meta property=\"og:description\" content=\"As primeiras palavras que ouvi daquele rosto familiar, apesar de n\u00e3o conseguir, naquele momento, saber de onde eu o conhecia, foram: &#8220;Voc\u00ea est\u00e1 bem?&#8221; N\u00e3o me recordo se lhe dei uma resposta ou se voltei a desmaiar. Lembro-me apenas de acordar j\u00e1 nos bra\u00e7os do meu pai, levando-me para debaixo de uma mangueira, onde ficamos [&hellip;]\" \/>\n<meta property=\"og:url\" content=\"https:\/\/www.notibras.com\/site\/apos-30-anos-briga-em-escola-revela-verdades\/\" \/>\n<meta property=\"og:site_name\" content=\"Notibras\" \/>\n<meta property=\"article:publisher\" content=\"https:\/\/www.facebook.com\/notibras\/\" \/>\n<meta property=\"article:published_time\" content=\"2024-02-06T13:13:23+00:00\" \/>\n<meta property=\"og:image\" content=\"https:\/\/www.notibras.com\/site\/wp-content\/uploads\/2024\/02\/irmaos.du_.jpg\" \/>\n\t<meta property=\"og:image:width\" content=\"1600\" \/>\n\t<meta property=\"og:image:height\" content=\"1200\" \/>\n\t<meta property=\"og:image:type\" content=\"image\/jpeg\" \/>\n<meta name=\"author\" content=\"Reda\u00e7\u00e3o\" \/>\n<meta name=\"twitter:card\" content=\"summary_large_image\" \/>\n<meta name=\"twitter:creator\" content=\"@Notibras\" \/>\n<meta name=\"twitter:site\" content=\"@Notibras\" \/>\n<meta name=\"twitter:label1\" content=\"Escrito por\" \/>\n\t<meta name=\"twitter:data1\" content=\"Reda\u00e7\u00e3o\" \/>\n\t<meta name=\"twitter:label2\" content=\"Est. tempo de leitura\" \/>\n\t<meta name=\"twitter:data2\" content=\"4 minutos\" \/>\n<script type=\"application\/ld+json\" class=\"yoast-schema-graph\">{\"@context\":\"https:\/\/schema.org\",\"@graph\":[{\"@type\":\"Article\",\"@id\":\"https:\/\/www.notibras.com\/site\/apos-30-anos-briga-em-escola-revela-verdades\/#article\",\"isPartOf\":{\"@id\":\"https:\/\/www.notibras.com\/site\/apos-30-anos-briga-em-escola-revela-verdades\/\"},\"author\":{\"name\":\"Reda\u00e7\u00e3o\",\"@id\":\"https:\/\/www.notibras.com\/site\/#\/schema\/person\/36ab0979449956132d3e5b517ea76ac8\"},\"headline\":\"Ap\u00f3s 30 anos, briga em escola revela verdades\",\"datePublished\":\"2024-02-06T13:13:23+00:00\",\"mainEntityOfPage\":{\"@id\":\"https:\/\/www.notibras.com\/site\/apos-30-anos-briga-em-escola-revela-verdades\/\"},\"wordCount\":622,\"publisher\":{\"@id\":\"https:\/\/www.notibras.com\/site\/#organization\"},\"image\":{\"@id\":\"https:\/\/www.notibras.com\/site\/apos-30-anos-briga-em-escola-revela-verdades\/#primaryimage\"},\"thumbnailUrl\":\"https:\/\/www.notibras.com\/site\/wp-content\/uploads\/2024\/02\/irmaos.du_.jpg\",\"articleSection\":[\"Quadradinho em Foco\"],\"inLanguage\":\"pt-BR\"},{\"@type\":\"WebPage\",\"@id\":\"https:\/\/www.notibras.com\/site\/apos-30-anos-briga-em-escola-revela-verdades\/\",\"url\":\"https:\/\/www.notibras.com\/site\/apos-30-anos-briga-em-escola-revela-verdades\/\",\"name\":\"Ap\u00f3s 30 anos, briga em escola revela verdades - Notibras\",\"isPartOf\":{\"@id\":\"https:\/\/www.notibras.com\/site\/#website\"},\"primaryImageOfPage\":{\"@id\":\"https:\/\/www.notibras.com\/site\/apos-30-anos-briga-em-escola-revela-verdades\/#primaryimage\"},\"image\":{\"@id\":\"https:\/\/www.notibras.com\/site\/apos-30-anos-briga-em-escola-revela-verdades\/#primaryimage\"},\"thumbnailUrl\":\"https:\/\/www.notibras.com\/site\/wp-content\/uploads\/2024\/02\/irmaos.du_.jpg\",\"datePublished\":\"2024-02-06T13:13:23+00:00\",\"breadcrumb\":{\"@id\":\"https:\/\/www.notibras.com\/site\/apos-30-anos-briga-em-escola-revela-verdades\/#breadcrumb\"},\"inLanguage\":\"pt-BR\",\"potentialAction\":[{\"@type\":\"ReadAction\",\"target\":[\"https:\/\/www.notibras.com\/site\/apos-30-anos-briga-em-escola-revela-verdades\/\"]}]},{\"@type\":\"ImageObject\",\"inLanguage\":\"pt-BR\",\"@id\":\"https:\/\/www.notibras.com\/site\/apos-30-anos-briga-em-escola-revela-verdades\/#primaryimage\",\"url\":\"https:\/\/www.notibras.com\/site\/wp-content\/uploads\/2024\/02\/irmaos.du_.jpg\",\"contentUrl\":\"https:\/\/www.notibras.com\/site\/wp-content\/uploads\/2024\/02\/irmaos.du_.jpg\",\"width\":1600,\"height\":1200},{\"@type\":\"BreadcrumbList\",\"@id\":\"https:\/\/www.notibras.com\/site\/apos-30-anos-briga-em-escola-revela-verdades\/#breadcrumb\",\"itemListElement\":[{\"@type\":\"ListItem\",\"position\":1,\"name\":\"In\u00edcio\",\"item\":\"https:\/\/www.notibras.com\/site\/\"},{\"@type\":\"ListItem\",\"position\":2,\"name\":\"Ap\u00f3s 30 anos, briga em escola revela verdades\"}]},{\"@type\":\"WebSite\",\"@id\":\"https:\/\/www.notibras.com\/site\/#website\",\"url\":\"https:\/\/www.notibras.com\/site\/\",\"name\":\"Notibras\",\"description\":\"Not\u00edcias de Bras\u00edlia, do Brasil e do Mundo\",\"publisher\":{\"@id\":\"https:\/\/www.notibras.com\/site\/#organization\"},\"potentialAction\":[{\"@type\":\"SearchAction\",\"target\":{\"@type\":\"EntryPoint\",\"urlTemplate\":\"https:\/\/www.notibras.com\/site\/?s={search_term_string}\"},\"query-input\":{\"@type\":\"PropertyValueSpecification\",\"valueRequired\":true,\"valueName\":\"search_term_string\"}}],\"inLanguage\":\"pt-BR\"},{\"@type\":\"Organization\",\"@id\":\"https:\/\/www.notibras.com\/site\/#organization\",\"name\":\"Grupo Notibras de Comunica\u00e7\u00e3o\",\"url\":\"https:\/\/www.notibras.com\/site\/\",\"logo\":{\"@type\":\"ImageObject\",\"inLanguage\":\"pt-BR\",\"@id\":\"https:\/\/www.notibras.com\/site\/#\/schema\/logo\/image\/\",\"url\":\"https:\/\/www.notibras.com\/site\/wp-content\/uploads\/2023\/01\/notibras23.png\",\"contentUrl\":\"https:\/\/www.notibras.com\/site\/wp-content\/uploads\/2023\/01\/notibras23.png\",\"width\":350,\"height\":87,\"caption\":\"Grupo Notibras de Comunica\u00e7\u00e3o\"},\"image\":{\"@id\":\"https:\/\/www.notibras.com\/site\/#\/schema\/logo\/image\/\"},\"sameAs\":[\"https:\/\/www.facebook.com\/notibras\/\",\"https:\/\/x.com\/Notibras\",\"https:\/\/www.instagram.com\/notibras\/\"]},{\"@type\":\"Person\",\"@id\":\"https:\/\/www.notibras.com\/site\/#\/schema\/person\/36ab0979449956132d3e5b517ea76ac8\",\"name\":\"Reda\u00e7\u00e3o\",\"image\":{\"@type\":\"ImageObject\",\"inLanguage\":\"pt-BR\",\"@id\":\"https:\/\/secure.gravatar.com\/avatar\/e0a867bdedb85fd243eadf09663511f96fc81e0720a4a42581f334ad4303aa6b?s=96&d=mm&r=g\",\"url\":\"https:\/\/secure.gravatar.com\/avatar\/e0a867bdedb85fd243eadf09663511f96fc81e0720a4a42581f334ad4303aa6b?s=96&d=mm&r=g\",\"contentUrl\":\"https:\/\/secure.gravatar.com\/avatar\/e0a867bdedb85fd243eadf09663511f96fc81e0720a4a42581f334ad4303aa6b?s=96&d=mm&r=g\",\"caption\":\"Reda\u00e7\u00e3o\"}}]}<\/script>\n<!-- \/ Yoast SEO plugin. -->","yoast_head_json":{"title":"Ap\u00f3s 30 anos, briga em escola revela verdades - Notibras","robots":{"index":"index","follow":"follow","max-snippet":"max-snippet:-1","max-image-preview":"max-image-preview:large","max-video-preview":"max-video-preview:-1"},"canonical":"https:\/\/www.notibras.com\/site\/apos-30-anos-briga-em-escola-revela-verdades\/","og_locale":"pt_BR","og_type":"article","og_title":"Ap\u00f3s 30 anos, briga em escola revela verdades - Notibras","og_description":"As primeiras palavras que ouvi daquele rosto familiar, apesar de n\u00e3o conseguir, naquele momento, saber de onde eu o conhecia, foram: &#8220;Voc\u00ea est\u00e1 bem?&#8221; N\u00e3o me recordo se lhe dei uma resposta ou se voltei a desmaiar. Lembro-me apenas de acordar j\u00e1 nos bra\u00e7os do meu pai, levando-me para debaixo de uma mangueira, onde ficamos [&hellip;]","og_url":"https:\/\/www.notibras.com\/site\/apos-30-anos-briga-em-escola-revela-verdades\/","og_site_name":"Notibras","article_publisher":"https:\/\/www.facebook.com\/notibras\/","article_published_time":"2024-02-06T13:13:23+00:00","og_image":[{"width":1600,"height":1200,"url":"https:\/\/www.notibras.com\/site\/wp-content\/uploads\/2024\/02\/irmaos.du_.jpg","type":"image\/jpeg"}],"author":"Reda\u00e7\u00e3o","twitter_card":"summary_large_image","twitter_creator":"@Notibras","twitter_site":"@Notibras","twitter_misc":{"Escrito por":"Reda\u00e7\u00e3o","Est. tempo de leitura":"4 minutos"},"schema":{"@context":"https:\/\/schema.org","@graph":[{"@type":"Article","@id":"https:\/\/www.notibras.com\/site\/apos-30-anos-briga-em-escola-revela-verdades\/#article","isPartOf":{"@id":"https:\/\/www.notibras.com\/site\/apos-30-anos-briga-em-escola-revela-verdades\/"},"author":{"name":"Reda\u00e7\u00e3o","@id":"https:\/\/www.notibras.com\/site\/#\/schema\/person\/36ab0979449956132d3e5b517ea76ac8"},"headline":"Ap\u00f3s 30 anos, briga em escola revela verdades","datePublished":"2024-02-06T13:13:23+00:00","mainEntityOfPage":{"@id":"https:\/\/www.notibras.com\/site\/apos-30-anos-briga-em-escola-revela-verdades\/"},"wordCount":622,"publisher":{"@id":"https:\/\/www.notibras.com\/site\/#organization"},"image":{"@id":"https:\/\/www.notibras.com\/site\/apos-30-anos-briga-em-escola-revela-verdades\/#primaryimage"},"thumbnailUrl":"https:\/\/www.notibras.com\/site\/wp-content\/uploads\/2024\/02\/irmaos.du_.jpg","articleSection":["Quadradinho em Foco"],"inLanguage":"pt-BR"},{"@type":"WebPage","@id":"https:\/\/www.notibras.com\/site\/apos-30-anos-briga-em-escola-revela-verdades\/","url":"https:\/\/www.notibras.com\/site\/apos-30-anos-briga-em-escola-revela-verdades\/","name":"Ap\u00f3s 30 anos, briga em escola revela verdades - Notibras","isPartOf":{"@id":"https:\/\/www.notibras.com\/site\/#website"},"primaryImageOfPage":{"@id":"https:\/\/www.notibras.com\/site\/apos-30-anos-briga-em-escola-revela-verdades\/#primaryimage"},"image":{"@id":"https:\/\/www.notibras.com\/site\/apos-30-anos-briga-em-escola-revela-verdades\/#primaryimage"},"thumbnailUrl":"https:\/\/www.notibras.com\/site\/wp-content\/uploads\/2024\/02\/irmaos.du_.jpg","datePublished":"2024-02-06T13:13:23+00:00","breadcrumb":{"@id":"https:\/\/www.notibras.com\/site\/apos-30-anos-briga-em-escola-revela-verdades\/#breadcrumb"},"inLanguage":"pt-BR","potentialAction":[{"@type":"ReadAction","target":["https:\/\/www.notibras.com\/site\/apos-30-anos-briga-em-escola-revela-verdades\/"]}]},{"@type":"ImageObject","inLanguage":"pt-BR","@id":"https:\/\/www.notibras.com\/site\/apos-30-anos-briga-em-escola-revela-verdades\/#primaryimage","url":"https:\/\/www.notibras.com\/site\/wp-content\/uploads\/2024\/02\/irmaos.du_.jpg","contentUrl":"https:\/\/www.notibras.com\/site\/wp-content\/uploads\/2024\/02\/irmaos.du_.jpg","width":1600,"height":1200},{"@type":"BreadcrumbList","@id":"https:\/\/www.notibras.com\/site\/apos-30-anos-briga-em-escola-revela-verdades\/#breadcrumb","itemListElement":[{"@type":"ListItem","position":1,"name":"In\u00edcio","item":"https:\/\/www.notibras.com\/site\/"},{"@type":"ListItem","position":2,"name":"Ap\u00f3s 30 anos, briga em escola revela verdades"}]},{"@type":"WebSite","@id":"https:\/\/www.notibras.com\/site\/#website","url":"https:\/\/www.notibras.com\/site\/","name":"Notibras","description":"Not\u00edcias de Bras\u00edlia, do Brasil e do Mundo","publisher":{"@id":"https:\/\/www.notibras.com\/site\/#organization"},"potentialAction":[{"@type":"SearchAction","target":{"@type":"EntryPoint","urlTemplate":"https:\/\/www.notibras.com\/site\/?s={search_term_string}"},"query-input":{"@type":"PropertyValueSpecification","valueRequired":true,"valueName":"search_term_string"}}],"inLanguage":"pt-BR"},{"@type":"Organization","@id":"https:\/\/www.notibras.com\/site\/#organization","name":"Grupo Notibras de Comunica\u00e7\u00e3o","url":"https:\/\/www.notibras.com\/site\/","logo":{"@type":"ImageObject","inLanguage":"pt-BR","@id":"https:\/\/www.notibras.com\/site\/#\/schema\/logo\/image\/","url":"https:\/\/www.notibras.com\/site\/wp-content\/uploads\/2023\/01\/notibras23.png","contentUrl":"https:\/\/www.notibras.com\/site\/wp-content\/uploads\/2023\/01\/notibras23.png","width":350,"height":87,"caption":"Grupo Notibras de Comunica\u00e7\u00e3o"},"image":{"@id":"https:\/\/www.notibras.com\/site\/#\/schema\/logo\/image\/"},"sameAs":["https:\/\/www.facebook.com\/notibras\/","https:\/\/x.com\/Notibras","https:\/\/www.instagram.com\/notibras\/"]},{"@type":"Person","@id":"https:\/\/www.notibras.com\/site\/#\/schema\/person\/36ab0979449956132d3e5b517ea76ac8","name":"Reda\u00e7\u00e3o","image":{"@type":"ImageObject","inLanguage":"pt-BR","@id":"https:\/\/secure.gravatar.com\/avatar\/e0a867bdedb85fd243eadf09663511f96fc81e0720a4a42581f334ad4303aa6b?s=96&d=mm&r=g","url":"https:\/\/secure.gravatar.com\/avatar\/e0a867bdedb85fd243eadf09663511f96fc81e0720a4a42581f334ad4303aa6b?s=96&d=mm&r=g","contentUrl":"https:\/\/secure.gravatar.com\/avatar\/e0a867bdedb85fd243eadf09663511f96fc81e0720a4a42581f334ad4303aa6b?s=96&d=mm&r=g","caption":"Reda\u00e7\u00e3o"}}]}},"amp_enabled":true,"_links":{"self":[{"href":"https:\/\/www.notibras.com\/site\/wp-json\/wp\/v2\/posts\/321833","targetHints":{"allow":["GET"]}}],"collection":[{"href":"https:\/\/www.notibras.com\/site\/wp-json\/wp\/v2\/posts"}],"about":[{"href":"https:\/\/www.notibras.com\/site\/wp-json\/wp\/v2\/types\/post"}],"author":[{"embeddable":true,"href":"https:\/\/www.notibras.com\/site\/wp-json\/wp\/v2\/users\/2"}],"replies":[{"embeddable":true,"href":"https:\/\/www.notibras.com\/site\/wp-json\/wp\/v2\/comments?post=321833"}],"version-history":[{"count":1,"href":"https:\/\/www.notibras.com\/site\/wp-json\/wp\/v2\/posts\/321833\/revisions"}],"predecessor-version":[{"id":321835,"href":"https:\/\/www.notibras.com\/site\/wp-json\/wp\/v2\/posts\/321833\/revisions\/321835"}],"wp:featuredmedia":[{"embeddable":true,"href":"https:\/\/www.notibras.com\/site\/wp-json\/wp\/v2\/media\/321834"}],"wp:attachment":[{"href":"https:\/\/www.notibras.com\/site\/wp-json\/wp\/v2\/media?parent=321833"}],"wp:term":[{"taxonomy":"category","embeddable":true,"href":"https:\/\/www.notibras.com\/site\/wp-json\/wp\/v2\/categories?post=321833"},{"taxonomy":"post_tag","embeddable":true,"href":"https:\/\/www.notibras.com\/site\/wp-json\/wp\/v2\/tags?post=321833"}],"curies":[{"name":"wp","href":"https:\/\/api.w.org\/{rel}","templated":true}]}}