{"id":321843,"date":"2024-02-06T00:54:27","date_gmt":"2024-02-06T03:54:27","guid":{"rendered":"https:\/\/www.notibras.com\/site\/?p=321843"},"modified":"2024-02-06T12:04:10","modified_gmt":"2024-02-06T15:04:10","slug":"bibliotecas-publicas-inovam-para-tentar-atrair-leitores","status":"publish","type":"post","link":"https:\/\/www.notibras.com\/site\/bibliotecas-publicas-inovam-para-tentar-atrair-leitores\/","title":{"rendered":"Bibliotecas p\u00fablicas inovam para tentar atrair leitores"},"content":{"rendered":"<p>As bibliotecas p\u00fablicas cada vez mais ampliam os servi\u00e7os e atraem novos p\u00fablicos com projetos, atividades culturais, acessibilidade e incentivo \u00e0 leitura. No Distrito Federal, existem atualmente 24 unidades que oferecem um acervo variado de livros, cultura, exposi\u00e7\u00f5es art\u00edsticas e acesso a computadores.<\/p>\n<p>As a\u00e7\u00f5es s\u00e3o das mais variadas. Na pr\u00f3xima sexta (9), por exemplo, a Biblioteca Braille Dorina Nowill, em Taguatinga, especializada no atendimento a pessoas com defici\u00eancia visual, vai promover o \u201cCarnalivro\u201d, um Carnaval cultural que reunir\u00e1 o p\u00fablico da biblioteca fantasiado de personagens liter\u00e1rios. O evento ser\u00e1 das 9h \u00e0s 12h, em frente ao Espa\u00e7o Cultural de Taguatinga.<\/p>\n<p>\u201cSer\u00e1 na pra\u00e7a em frente \u00e0 biblioteca e, neste dia, lan\u00e7aremos a orquestra das pessoas com defici\u00eancia. Estaremos fantasiados e vamos festejar ao som das marchinhas e a\u00e7\u00f5es liter\u00e1rias, com personagens da literatura e exposi\u00e7\u00e3o das nossas obras\u201d, destaca a idealizadora, Dinor\u00e1 Couto. Segundo ela, h\u00e1 tr\u00eas anos o evento tem a ades\u00e3o dos frequentadores. \u201cTentamos sempre fazer muitas atividades para dar oportunidades ao nosso p\u00fablico, a maioria com defici\u00eancia visual ou baixa vis\u00e3o, ser reconhecido como cidad\u00e3o, ressaltamos o direito deles exercerem a cidadania em sua plenitude\u201d, completa Dinor\u00e1.<\/p>\n<p>A \u00fanica biblioteca em Braille do DF conta com um acervo de 2 mil livros acess\u00edveis, com letras ampliadas e audiobooks, e desenvolve diversas atividades inclusivas para ampliar o acesso \u00e0 arte e \u00e0 leitura por pessoas com defici\u00eancia visual, entre elas um clube do livro, rodas de leitura e o projeto de Academia Inclusiva, com a participa\u00e7\u00e3o de aproximadamente 500 autores. \u201cTemos membros de todo o pa\u00eds e at\u00e9 de fora, s\u00e3o mais de mil produ\u00e7\u00f5es entre livros, blogs, antologias, al\u00e9m das produ\u00e7\u00f5es expostas. Acredito que temos o maior acervo de materiais produzidos por pessoas com defici\u00eancia visual\u201d, diz a idealizadora da biblioteca.<\/p>\n<p>Entre atividades para adultos e crian\u00e7as, os espa\u00e7os p\u00fablicos tamb\u00e9m desenvolvem iniciativas voltadas para projetos de leitura, mala e clube do livro e at\u00e9 mesmo aul\u00f5es para auxiliar em provas de vestibulares e concursos. Todas as a\u00e7\u00f5es procuram estimular a leitura e o acesso aos espa\u00e7os.<\/p>\n<p>A Biblioteca P\u00fablica de Ceil\u00e2ndia Carlos Drummond de Andrade desenvolve diversas a\u00e7\u00f5es dentro dos projetos de conta\u00e7\u00e3o de hist\u00f3rias, biblioteca de portas abertas e o Miniteca. \u201cTemos muitas a\u00e7\u00f5es de fomento \u00e0 leitura, escrita, oralidade, sustentabilidade e meio ambiente, muitas coisas relacionadas \u00e0 Agenda 2030 da Unesco. A conta\u00e7\u00e3o de hist\u00f3ria \u00e9 realizada todos os s\u00e1bados e levamos a a\u00e7\u00e3o para diversos locais, como feiras de livro, rua do lazer e para dentro das escolas p\u00fablicas, somos muito solicitados nesse sentido, como ferramenta de incentivo \u00e0 leitura\u201d, conta a coordenadora da Biblioteca de Ceil\u00e2ndia, Pollyanna Souza.<\/p>\n<p>Recentemente, a biblioteca passou tamb\u00e9m a oferecer na estrutura aulas de yoga para os estudantes e para a comunidade local. \u201cVimos no yoga uma forma de auxiliar no intelecto. Os alunos que est\u00e3o prestando concursos e vestibulares ficam muito ansiosos, muito tempo sentados, ent\u00e3o promovemos a medita\u00e7\u00e3o, a consci\u00eancia corporal. Tentamos atingir o leitor de uma forma integral\u201d, explica a coordenadora. As aulas de yoga acontecem todas as segundas, \u00e0s 18h, e no \u00faltimo s\u00e1bado do m\u00eas pela manh\u00e3.<\/p>\n<p><strong>Investimentos<\/strong><br \/>\nA Secretaria de Cultura e Economia Criativa (Secec), por meio da Biblioteca Nacional de Bras\u00edlia (BNB), \u00e9 a respons\u00e1vel por dar suporte t\u00e9cnico e administrativo para as bibliotecas das regi\u00f5es administrativas. De acordo com a pasta, a meta \u00e9 fortalecer os espa\u00e7os e, dentro do planejamento estrat\u00e9gico de 2024\/2027, informatizar todas as bibliotecas p\u00fablicas com sistema acess\u00edvel para gestores e usu\u00e1rios.<\/p>\n<p>\u201cA cria\u00e7\u00e3o e manuten\u00e7\u00e3o da biblioteca \u00e9 de responsabilidade da administra\u00e7\u00e3o regional. N\u00f3s assumimos a parte t\u00e9cnica, que \u00e9 auxiliar na organiza\u00e7\u00e3o do acervo, a capacita\u00e7\u00e3o t\u00e9cnica dos servidores, orientar sobre os projetos que podem ser desenvolvidos, assim como os caminhos para conseguir recursos para manuten\u00e7\u00e3o dos projetos\u201d, explica a diretora da BNB, Marmenha Ros\u00e1rio.<\/p>\n<p>Segundo a gestora, a BNB est\u00e1 fortalecendo a atividade da Rede de Bibliotecas P\u00fablicas do DF por meio de doa\u00e7\u00f5es de livros, mobili\u00e1rio e computadores. Em 2023, foram repassados 31 computadores, mais de 1.300 livros e dezenas de pe\u00e7as de mobili\u00e1rio \u2013 cadeiras principalmente, al\u00e9m de poltronas, balc\u00f5es e estantes.<\/p>\n<p>\u201cA biblioteca \u00e9 o equipamento cultural mais presente nas cidades. Quando a pessoa chega \u00e0 biblioteca, elas est\u00e3o atr\u00e1s de um sonho e isso faz com que o p\u00fablico tenha uma rela\u00e7\u00e3o afetiva com o espa\u00e7o e tudo que ela representa em termos de acesso \u00e0 cultura e lazer. E cabe a n\u00f3s fomentarmos esses espa\u00e7os de esperan\u00e7a e promover a inclus\u00e3o do p\u00fablico que n\u00e3o tem condi\u00e7\u00f5es para comprar livros\u201d, afirma Ros\u00e1rio.<\/p>\n<p>Para ampliar esse acesso, a Biblioteca Nacional acaba de adquirir 423 t\u00edtulos, num total de 1.805 exemplares, para enriquecer o acervo pr\u00f3prio e o da Biblioteca P\u00fablica de Bras\u00edlia (EQS 312\/313 \u2013 Asa Sul), al\u00e9m da Mala do Livro, programa de extens\u00e3o de bibliotecas residenciais. O investimento foi de R$ 77.243,53. O espa\u00e7o lan\u00e7ou recentemente tamb\u00e9m uma arena gamer para atrair o p\u00fablico ao centro cultural.<\/p>\n","protected":false},"excerpt":{"rendered":"<p>As bibliotecas p\u00fablicas cada vez mais ampliam os servi\u00e7os e atraem novos p\u00fablicos com projetos, atividades culturais, acessibilidade e incentivo \u00e0 leitura. No Distrito Federal, existem atualmente 24 unidades que oferecem um acervo variado de livros, cultura, exposi\u00e7\u00f5es art\u00edsticas e acesso a computadores. As a\u00e7\u00f5es s\u00e3o das mais variadas. Na pr\u00f3xima sexta (9), por exemplo, [&hellip;]<\/p>\n","protected":false},"author":2,"featured_media":321844,"comment_status":"closed","ping_status":"closed","sticky":false,"template":"","format":"standard","meta":{"_acf_changed":false,"footnotes":""},"categories":[161],"tags":[],"class_list":["post-321843","post","type-post","status-publish","format-standard","has-post-thumbnail","hentry","category-quadradinho-em-foco"],"acf":[],"_links":{"self":[{"href":"https:\/\/www.notibras.com\/site\/wp-json\/wp\/v2\/posts\/321843","targetHints":{"allow":["GET"]}}],"collection":[{"href":"https:\/\/www.notibras.com\/site\/wp-json\/wp\/v2\/posts"}],"about":[{"href":"https:\/\/www.notibras.com\/site\/wp-json\/wp\/v2\/types\/post"}],"author":[{"embeddable":true,"href":"https:\/\/www.notibras.com\/site\/wp-json\/wp\/v2\/users\/2"}],"replies":[{"embeddable":true,"href":"https:\/\/www.notibras.com\/site\/wp-json\/wp\/v2\/comments?post=321843"}],"version-history":[{"count":2,"href":"https:\/\/www.notibras.com\/site\/wp-json\/wp\/v2\/posts\/321843\/revisions"}],"predecessor-version":[{"id":321849,"href":"https:\/\/www.notibras.com\/site\/wp-json\/wp\/v2\/posts\/321843\/revisions\/321849"}],"wp:featuredmedia":[{"embeddable":true,"href":"https:\/\/www.notibras.com\/site\/wp-json\/wp\/v2\/media\/321844"}],"wp:attachment":[{"href":"https:\/\/www.notibras.com\/site\/wp-json\/wp\/v2\/media?parent=321843"}],"wp:term":[{"taxonomy":"category","embeddable":true,"href":"https:\/\/www.notibras.com\/site\/wp-json\/wp\/v2\/categories?post=321843"},{"taxonomy":"post_tag","embeddable":true,"href":"https:\/\/www.notibras.com\/site\/wp-json\/wp\/v2\/tags?post=321843"}],"curies":[{"name":"wp","href":"https:\/\/api.w.org\/{rel}","templated":true}]}}