{"id":321894,"date":"2024-02-07T00:23:41","date_gmt":"2024-02-07T03:23:41","guid":{"rendered":"https:\/\/www.notibras.com\/site\/?p=321894"},"modified":"2024-02-07T01:28:43","modified_gmt":"2024-02-07T04:28:43","slug":"nisia-quer-povo-unido-na-guerra-contra-mosquito-da-dengue","status":"publish","type":"post","link":"https:\/\/www.notibras.com\/site\/nisia-quer-povo-unido-na-guerra-contra-mosquito-da-dengue\/","title":{"rendered":"N\u00edsia quer povo unido na guerra contra mosquito da dengue"},"content":{"rendered":"<p>Em pronunciamento \u00e0 na\u00e7\u00e3o na noite desta ter\u00e7a-feira (6), a ministra da Sa\u00fade, N\u00edsia Trindade, fez um apelo para que a popula\u00e7\u00e3o adote cuidados para evitar a prolifera\u00e7\u00e3o de criadouros do mosquito transmissor da dengue dentro de casa.<\/p>\n<p>Segundo a ministra, 75% dos focos est\u00e3o localizados nas resid\u00eancias. \u201cPrecisamos redobrar os cuidados com as nossas casas e nas \u00e1reas em volta delas. Cerca de 75% dos focos est\u00e3o dentro de casa. Vamos tampar as caixas d\u2019\u00e1gua, descartar o lixo corretamente, manter as vasilhas de \u00e1gua dos animais sempre limpas, guardar garrafas e pneus em locais cobertos, retirar \u00e1gua acumulada dos vasos e plantas\u201d, disse.<\/p>\n<p>N\u00edsia Trindade pede ainda que as pessoas recebam os agentes de endemias, que ir\u00e3o ajudar a eliminar os focos. \u201cReceba-os, ajude-os na localiza\u00e7\u00e3o e na erradica\u00e7\u00e3o de poss\u00edveis focos do mosquito em sua casa e na sua vizinhan\u00e7a\u201d.<\/p>\n<p>O aumento crescente de casos da doen\u00e7a neste in\u00edcio de ano exige medidas adicionais por todas as inst\u00e2ncias de governo, conforme a ministra.<\/p>\n<p>\u201c\u00c9 fundamental que os prefeitos e prefeitas intensifiquem os cuidados com a limpeza urbana, evitando o ac\u00famulo de lixo e de \u00e1gua onde os mosquitos se proliferam. Da mesma forma, \u00e9 essencial a a\u00e7\u00e3o dos governadores, apoiando seus sistemas de sa\u00fade\u201d, afirmou, citando que o Minist\u00e9rio da Sa\u00fade ampliou em R$ 1,5 bilh\u00e3o o repasse a estados e munic\u00edpios.<\/p>\n<p>\u201cAgora \u00e9 hora de todo o Brasil se unir contra a dengue\u201d, ressaltou.<\/p>\n<p><strong>Calor e chuvas<\/strong><br \/>\nNo discurso, a ministra atribui a situa\u00e7\u00e3o de emerg\u00eancia enfrentada por diversas cidades do pa\u00eds ao calor recorde e as chuvas acima de m\u00e9dia, registrados desde o ano passado, que levaram ao crescimento dos focos do mosquito Aedes aegypti.<\/p>\n<p>A explos\u00e3o de casos de dengue em diversas regi\u00f5es do pa\u00eds fez com que pelo menos quatro estados \u2013 Acre, Minas Gerais e Goi\u00e1s, al\u00e9m do Distrito Federal \u2013 decretassem situa\u00e7\u00e3o de emerg\u00eancia em sa\u00fade p\u00fablica.<\/p>\n<p>Estima-se que o Brasil pode contabilizar mais de 4,1 milh\u00f5es de casos em 2024.<\/p>\n<p><strong>Vacina\u00e7\u00e3o<\/strong><br \/>\nSobre a vacina\u00e7\u00e3o, N\u00edsia Trindade disse que ocorrer\u00e1 de forma progressiva, em raz\u00e3o do n\u00famero limitado de doses fornecidas pelo laborat\u00f3rio fabricante da Qdenga.<\/p>\n<p>Na primeira fase, ter\u00e3o prioridade as crian\u00e7as entre 10 e 14 anos, faixa et\u00e1ria com o maior n\u00famero de interna\u00e7\u00f5es pela doen\u00e7a. O imunizante ser\u00e1 distribu\u00eddo para 521 munic\u00edpios por terem maior incid\u00eancia da doen\u00e7a.<\/p>\n<p>\u201cAo mesmo tempo, o Minist\u00e9rio da Sa\u00fade coordenar\u00e1 um esfor\u00e7o nacional para ampliar a produ\u00e7\u00e3o e o acesso a vacinas para dengue, disse a ministra.<\/p>\n","protected":false},"excerpt":{"rendered":"<p>Em pronunciamento \u00e0 na\u00e7\u00e3o na noite desta ter\u00e7a-feira (6), a ministra da Sa\u00fade, N\u00edsia Trindade, fez um apelo para que a popula\u00e7\u00e3o adote cuidados para evitar a prolifera\u00e7\u00e3o de criadouros do mosquito transmissor da dengue dentro de casa. Segundo a ministra, 75% dos focos est\u00e3o localizados nas resid\u00eancias. \u201cPrecisamos redobrar os cuidados com as nossas [&hellip;]<\/p>\n","protected":false},"author":2,"featured_media":321895,"comment_status":"closed","ping_status":"closed","sticky":false,"template":"","format":"standard","meta":{"_acf_changed":false,"footnotes":""},"categories":[161],"tags":[],"class_list":["post-321894","post","type-post","status-publish","format-standard","has-post-thumbnail","hentry","category-quadradinho-em-foco"],"acf":[],"yoast_head":"<!-- This site is optimized with the Yoast SEO plugin v27.2 - https:\/\/yoast.com\/product\/yoast-seo-wordpress\/ -->\n<title>N\u00edsia quer povo unido na guerra contra mosquito da dengue - Notibras<\/title>\n<meta name=\"robots\" content=\"index, follow, max-snippet:-1, max-image-preview:large, max-video-preview:-1\" \/>\n<link rel=\"canonical\" href=\"https:\/\/www.notibras.com\/site\/nisia-quer-povo-unido-na-guerra-contra-mosquito-da-dengue\/\" \/>\n<meta property=\"og:locale\" content=\"pt_BR\" \/>\n<meta property=\"og:type\" content=\"article\" \/>\n<meta property=\"og:title\" content=\"N\u00edsia quer povo unido na guerra contra mosquito da dengue - Notibras\" \/>\n<meta property=\"og:description\" content=\"Em pronunciamento \u00e0 na\u00e7\u00e3o na noite desta ter\u00e7a-feira (6), a ministra da Sa\u00fade, N\u00edsia Trindade, fez um apelo para que a popula\u00e7\u00e3o adote cuidados para evitar a prolifera\u00e7\u00e3o de criadouros do mosquito transmissor da dengue dentro de casa. Segundo a ministra, 75% dos focos est\u00e3o localizados nas resid\u00eancias. \u201cPrecisamos redobrar os cuidados com as nossas [&hellip;]\" \/>\n<meta property=\"og:url\" content=\"https:\/\/www.notibras.com\/site\/nisia-quer-povo-unido-na-guerra-contra-mosquito-da-dengue\/\" \/>\n<meta property=\"og:site_name\" content=\"Notibras\" \/>\n<meta property=\"article:publisher\" content=\"https:\/\/www.facebook.com\/notibras\/\" \/>\n<meta property=\"article:published_time\" content=\"2024-02-07T03:23:41+00:00\" \/>\n<meta property=\"article:modified_time\" content=\"2024-02-07T04:28:43+00:00\" \/>\n<meta property=\"og:image\" content=\"https:\/\/www.notibras.com\/site\/wp-content\/uploads\/2024\/02\/dengue.webp\" \/>\n\t<meta property=\"og:image:width\" content=\"1170\" \/>\n\t<meta property=\"og:image:height\" content=\"700\" \/>\n\t<meta property=\"og:image:type\" content=\"image\/webp\" \/>\n<meta name=\"author\" content=\"Reda\u00e7\u00e3o\" \/>\n<meta name=\"twitter:card\" content=\"summary_large_image\" \/>\n<meta name=\"twitter:creator\" content=\"@Notibras\" \/>\n<meta name=\"twitter:site\" content=\"@Notibras\" \/>\n<meta name=\"twitter:label1\" content=\"Escrito por\" \/>\n\t<meta name=\"twitter:data1\" content=\"Reda\u00e7\u00e3o\" \/>\n\t<meta name=\"twitter:label2\" content=\"Est. tempo de leitura\" \/>\n\t<meta name=\"twitter:data2\" content=\"3 minutos\" \/>\n<script type=\"application\/ld+json\" class=\"yoast-schema-graph\">{\"@context\":\"https:\/\/schema.org\",\"@graph\":[{\"@type\":\"Article\",\"@id\":\"https:\/\/www.notibras.com\/site\/nisia-quer-povo-unido-na-guerra-contra-mosquito-da-dengue\/#article\",\"isPartOf\":{\"@id\":\"https:\/\/www.notibras.com\/site\/nisia-quer-povo-unido-na-guerra-contra-mosquito-da-dengue\/\"},\"author\":{\"name\":\"Reda\u00e7\u00e3o\",\"@id\":\"https:\/\/www.notibras.com\/site\/#\/schema\/person\/36ab0979449956132d3e5b517ea76ac8\"},\"headline\":\"N\u00edsia quer povo unido na guerra contra mosquito da dengue\",\"datePublished\":\"2024-02-07T03:23:41+00:00\",\"dateModified\":\"2024-02-07T04:28:43+00:00\",\"mainEntityOfPage\":{\"@id\":\"https:\/\/www.notibras.com\/site\/nisia-quer-povo-unido-na-guerra-contra-mosquito-da-dengue\/\"},\"wordCount\":470,\"publisher\":{\"@id\":\"https:\/\/www.notibras.com\/site\/#organization\"},\"image\":{\"@id\":\"https:\/\/www.notibras.com\/site\/nisia-quer-povo-unido-na-guerra-contra-mosquito-da-dengue\/#primaryimage\"},\"thumbnailUrl\":\"https:\/\/www.notibras.com\/site\/wp-content\/uploads\/2024\/02\/dengue.webp\",\"articleSection\":[\"Quadradinho em Foco\"],\"inLanguage\":\"pt-BR\"},{\"@type\":\"WebPage\",\"@id\":\"https:\/\/www.notibras.com\/site\/nisia-quer-povo-unido-na-guerra-contra-mosquito-da-dengue\/\",\"url\":\"https:\/\/www.notibras.com\/site\/nisia-quer-povo-unido-na-guerra-contra-mosquito-da-dengue\/\",\"name\":\"N\u00edsia quer povo unido na guerra contra mosquito da dengue - Notibras\",\"isPartOf\":{\"@id\":\"https:\/\/www.notibras.com\/site\/#website\"},\"primaryImageOfPage\":{\"@id\":\"https:\/\/www.notibras.com\/site\/nisia-quer-povo-unido-na-guerra-contra-mosquito-da-dengue\/#primaryimage\"},\"image\":{\"@id\":\"https:\/\/www.notibras.com\/site\/nisia-quer-povo-unido-na-guerra-contra-mosquito-da-dengue\/#primaryimage\"},\"thumbnailUrl\":\"https:\/\/www.notibras.com\/site\/wp-content\/uploads\/2024\/02\/dengue.webp\",\"datePublished\":\"2024-02-07T03:23:41+00:00\",\"dateModified\":\"2024-02-07T04:28:43+00:00\",\"breadcrumb\":{\"@id\":\"https:\/\/www.notibras.com\/site\/nisia-quer-povo-unido-na-guerra-contra-mosquito-da-dengue\/#breadcrumb\"},\"inLanguage\":\"pt-BR\",\"potentialAction\":[{\"@type\":\"ReadAction\",\"target\":[\"https:\/\/www.notibras.com\/site\/nisia-quer-povo-unido-na-guerra-contra-mosquito-da-dengue\/\"]}]},{\"@type\":\"ImageObject\",\"inLanguage\":\"pt-BR\",\"@id\":\"https:\/\/www.notibras.com\/site\/nisia-quer-povo-unido-na-guerra-contra-mosquito-da-dengue\/#primaryimage\",\"url\":\"https:\/\/www.notibras.com\/site\/wp-content\/uploads\/2024\/02\/dengue.webp\",\"contentUrl\":\"https:\/\/www.notibras.com\/site\/wp-content\/uploads\/2024\/02\/dengue.webp\",\"width\":1170,\"height\":700},{\"@type\":\"BreadcrumbList\",\"@id\":\"https:\/\/www.notibras.com\/site\/nisia-quer-povo-unido-na-guerra-contra-mosquito-da-dengue\/#breadcrumb\",\"itemListElement\":[{\"@type\":\"ListItem\",\"position\":1,\"name\":\"In\u00edcio\",\"item\":\"https:\/\/www.notibras.com\/site\/\"},{\"@type\":\"ListItem\",\"position\":2,\"name\":\"N\u00edsia quer povo unido na guerra contra mosquito da dengue\"}]},{\"@type\":\"WebSite\",\"@id\":\"https:\/\/www.notibras.com\/site\/#website\",\"url\":\"https:\/\/www.notibras.com\/site\/\",\"name\":\"Notibras\",\"description\":\"Not\u00edcias de Bras\u00edlia, do Brasil e do Mundo\",\"publisher\":{\"@id\":\"https:\/\/www.notibras.com\/site\/#organization\"},\"potentialAction\":[{\"@type\":\"SearchAction\",\"target\":{\"@type\":\"EntryPoint\",\"urlTemplate\":\"https:\/\/www.notibras.com\/site\/?s={search_term_string}\"},\"query-input\":{\"@type\":\"PropertyValueSpecification\",\"valueRequired\":true,\"valueName\":\"search_term_string\"}}],\"inLanguage\":\"pt-BR\"},{\"@type\":\"Organization\",\"@id\":\"https:\/\/www.notibras.com\/site\/#organization\",\"name\":\"Grupo Notibras de Comunica\u00e7\u00e3o\",\"url\":\"https:\/\/www.notibras.com\/site\/\",\"logo\":{\"@type\":\"ImageObject\",\"inLanguage\":\"pt-BR\",\"@id\":\"https:\/\/www.notibras.com\/site\/#\/schema\/logo\/image\/\",\"url\":\"https:\/\/www.notibras.com\/site\/wp-content\/uploads\/2023\/01\/notibras23.png\",\"contentUrl\":\"https:\/\/www.notibras.com\/site\/wp-content\/uploads\/2023\/01\/notibras23.png\",\"width\":350,\"height\":87,\"caption\":\"Grupo Notibras de Comunica\u00e7\u00e3o\"},\"image\":{\"@id\":\"https:\/\/www.notibras.com\/site\/#\/schema\/logo\/image\/\"},\"sameAs\":[\"https:\/\/www.facebook.com\/notibras\/\",\"https:\/\/x.com\/Notibras\",\"https:\/\/www.instagram.com\/notibras\/\"]},{\"@type\":\"Person\",\"@id\":\"https:\/\/www.notibras.com\/site\/#\/schema\/person\/36ab0979449956132d3e5b517ea76ac8\",\"name\":\"Reda\u00e7\u00e3o\",\"image\":{\"@type\":\"ImageObject\",\"inLanguage\":\"pt-BR\",\"@id\":\"https:\/\/secure.gravatar.com\/avatar\/e0a867bdedb85fd243eadf09663511f96fc81e0720a4a42581f334ad4303aa6b?s=96&d=mm&r=g\",\"url\":\"https:\/\/secure.gravatar.com\/avatar\/e0a867bdedb85fd243eadf09663511f96fc81e0720a4a42581f334ad4303aa6b?s=96&d=mm&r=g\",\"contentUrl\":\"https:\/\/secure.gravatar.com\/avatar\/e0a867bdedb85fd243eadf09663511f96fc81e0720a4a42581f334ad4303aa6b?s=96&d=mm&r=g\",\"caption\":\"Reda\u00e7\u00e3o\"}}]}<\/script>\n<!-- \/ Yoast SEO plugin. -->","yoast_head_json":{"title":"N\u00edsia quer povo unido na guerra contra mosquito da dengue - Notibras","robots":{"index":"index","follow":"follow","max-snippet":"max-snippet:-1","max-image-preview":"max-image-preview:large","max-video-preview":"max-video-preview:-1"},"canonical":"https:\/\/www.notibras.com\/site\/nisia-quer-povo-unido-na-guerra-contra-mosquito-da-dengue\/","og_locale":"pt_BR","og_type":"article","og_title":"N\u00edsia quer povo unido na guerra contra mosquito da dengue - Notibras","og_description":"Em pronunciamento \u00e0 na\u00e7\u00e3o na noite desta ter\u00e7a-feira (6), a ministra da Sa\u00fade, N\u00edsia Trindade, fez um apelo para que a popula\u00e7\u00e3o adote cuidados para evitar a prolifera\u00e7\u00e3o de criadouros do mosquito transmissor da dengue dentro de casa. Segundo a ministra, 75% dos focos est\u00e3o localizados nas resid\u00eancias. \u201cPrecisamos redobrar os cuidados com as nossas [&hellip;]","og_url":"https:\/\/www.notibras.com\/site\/nisia-quer-povo-unido-na-guerra-contra-mosquito-da-dengue\/","og_site_name":"Notibras","article_publisher":"https:\/\/www.facebook.com\/notibras\/","article_published_time":"2024-02-07T03:23:41+00:00","article_modified_time":"2024-02-07T04:28:43+00:00","og_image":[{"width":1170,"height":700,"url":"https:\/\/www.notibras.com\/site\/wp-content\/uploads\/2024\/02\/dengue.webp","type":"image\/webp"}],"author":"Reda\u00e7\u00e3o","twitter_card":"summary_large_image","twitter_creator":"@Notibras","twitter_site":"@Notibras","twitter_misc":{"Escrito por":"Reda\u00e7\u00e3o","Est. tempo de leitura":"3 minutos"},"schema":{"@context":"https:\/\/schema.org","@graph":[{"@type":"Article","@id":"https:\/\/www.notibras.com\/site\/nisia-quer-povo-unido-na-guerra-contra-mosquito-da-dengue\/#article","isPartOf":{"@id":"https:\/\/www.notibras.com\/site\/nisia-quer-povo-unido-na-guerra-contra-mosquito-da-dengue\/"},"author":{"name":"Reda\u00e7\u00e3o","@id":"https:\/\/www.notibras.com\/site\/#\/schema\/person\/36ab0979449956132d3e5b517ea76ac8"},"headline":"N\u00edsia quer povo unido na guerra contra mosquito da dengue","datePublished":"2024-02-07T03:23:41+00:00","dateModified":"2024-02-07T04:28:43+00:00","mainEntityOfPage":{"@id":"https:\/\/www.notibras.com\/site\/nisia-quer-povo-unido-na-guerra-contra-mosquito-da-dengue\/"},"wordCount":470,"publisher":{"@id":"https:\/\/www.notibras.com\/site\/#organization"},"image":{"@id":"https:\/\/www.notibras.com\/site\/nisia-quer-povo-unido-na-guerra-contra-mosquito-da-dengue\/#primaryimage"},"thumbnailUrl":"https:\/\/www.notibras.com\/site\/wp-content\/uploads\/2024\/02\/dengue.webp","articleSection":["Quadradinho em Foco"],"inLanguage":"pt-BR"},{"@type":"WebPage","@id":"https:\/\/www.notibras.com\/site\/nisia-quer-povo-unido-na-guerra-contra-mosquito-da-dengue\/","url":"https:\/\/www.notibras.com\/site\/nisia-quer-povo-unido-na-guerra-contra-mosquito-da-dengue\/","name":"N\u00edsia quer povo unido na guerra contra mosquito da dengue - Notibras","isPartOf":{"@id":"https:\/\/www.notibras.com\/site\/#website"},"primaryImageOfPage":{"@id":"https:\/\/www.notibras.com\/site\/nisia-quer-povo-unido-na-guerra-contra-mosquito-da-dengue\/#primaryimage"},"image":{"@id":"https:\/\/www.notibras.com\/site\/nisia-quer-povo-unido-na-guerra-contra-mosquito-da-dengue\/#primaryimage"},"thumbnailUrl":"https:\/\/www.notibras.com\/site\/wp-content\/uploads\/2024\/02\/dengue.webp","datePublished":"2024-02-07T03:23:41+00:00","dateModified":"2024-02-07T04:28:43+00:00","breadcrumb":{"@id":"https:\/\/www.notibras.com\/site\/nisia-quer-povo-unido-na-guerra-contra-mosquito-da-dengue\/#breadcrumb"},"inLanguage":"pt-BR","potentialAction":[{"@type":"ReadAction","target":["https:\/\/www.notibras.com\/site\/nisia-quer-povo-unido-na-guerra-contra-mosquito-da-dengue\/"]}]},{"@type":"ImageObject","inLanguage":"pt-BR","@id":"https:\/\/www.notibras.com\/site\/nisia-quer-povo-unido-na-guerra-contra-mosquito-da-dengue\/#primaryimage","url":"https:\/\/www.notibras.com\/site\/wp-content\/uploads\/2024\/02\/dengue.webp","contentUrl":"https:\/\/www.notibras.com\/site\/wp-content\/uploads\/2024\/02\/dengue.webp","width":1170,"height":700},{"@type":"BreadcrumbList","@id":"https:\/\/www.notibras.com\/site\/nisia-quer-povo-unido-na-guerra-contra-mosquito-da-dengue\/#breadcrumb","itemListElement":[{"@type":"ListItem","position":1,"name":"In\u00edcio","item":"https:\/\/www.notibras.com\/site\/"},{"@type":"ListItem","position":2,"name":"N\u00edsia quer povo unido na guerra contra mosquito da dengue"}]},{"@type":"WebSite","@id":"https:\/\/www.notibras.com\/site\/#website","url":"https:\/\/www.notibras.com\/site\/","name":"Notibras","description":"Not\u00edcias de Bras\u00edlia, do Brasil e do Mundo","publisher":{"@id":"https:\/\/www.notibras.com\/site\/#organization"},"potentialAction":[{"@type":"SearchAction","target":{"@type":"EntryPoint","urlTemplate":"https:\/\/www.notibras.com\/site\/?s={search_term_string}"},"query-input":{"@type":"PropertyValueSpecification","valueRequired":true,"valueName":"search_term_string"}}],"inLanguage":"pt-BR"},{"@type":"Organization","@id":"https:\/\/www.notibras.com\/site\/#organization","name":"Grupo Notibras de Comunica\u00e7\u00e3o","url":"https:\/\/www.notibras.com\/site\/","logo":{"@type":"ImageObject","inLanguage":"pt-BR","@id":"https:\/\/www.notibras.com\/site\/#\/schema\/logo\/image\/","url":"https:\/\/www.notibras.com\/site\/wp-content\/uploads\/2023\/01\/notibras23.png","contentUrl":"https:\/\/www.notibras.com\/site\/wp-content\/uploads\/2023\/01\/notibras23.png","width":350,"height":87,"caption":"Grupo Notibras de Comunica\u00e7\u00e3o"},"image":{"@id":"https:\/\/www.notibras.com\/site\/#\/schema\/logo\/image\/"},"sameAs":["https:\/\/www.facebook.com\/notibras\/","https:\/\/x.com\/Notibras","https:\/\/www.instagram.com\/notibras\/"]},{"@type":"Person","@id":"https:\/\/www.notibras.com\/site\/#\/schema\/person\/36ab0979449956132d3e5b517ea76ac8","name":"Reda\u00e7\u00e3o","image":{"@type":"ImageObject","inLanguage":"pt-BR","@id":"https:\/\/secure.gravatar.com\/avatar\/e0a867bdedb85fd243eadf09663511f96fc81e0720a4a42581f334ad4303aa6b?s=96&d=mm&r=g","url":"https:\/\/secure.gravatar.com\/avatar\/e0a867bdedb85fd243eadf09663511f96fc81e0720a4a42581f334ad4303aa6b?s=96&d=mm&r=g","contentUrl":"https:\/\/secure.gravatar.com\/avatar\/e0a867bdedb85fd243eadf09663511f96fc81e0720a4a42581f334ad4303aa6b?s=96&d=mm&r=g","caption":"Reda\u00e7\u00e3o"}}]}},"amp_enabled":true,"_links":{"self":[{"href":"https:\/\/www.notibras.com\/site\/wp-json\/wp\/v2\/posts\/321894","targetHints":{"allow":["GET"]}}],"collection":[{"href":"https:\/\/www.notibras.com\/site\/wp-json\/wp\/v2\/posts"}],"about":[{"href":"https:\/\/www.notibras.com\/site\/wp-json\/wp\/v2\/types\/post"}],"author":[{"embeddable":true,"href":"https:\/\/www.notibras.com\/site\/wp-json\/wp\/v2\/users\/2"}],"replies":[{"embeddable":true,"href":"https:\/\/www.notibras.com\/site\/wp-json\/wp\/v2\/comments?post=321894"}],"version-history":[{"count":3,"href":"https:\/\/www.notibras.com\/site\/wp-json\/wp\/v2\/posts\/321894\/revisions"}],"predecessor-version":[{"id":321898,"href":"https:\/\/www.notibras.com\/site\/wp-json\/wp\/v2\/posts\/321894\/revisions\/321898"}],"wp:featuredmedia":[{"embeddable":true,"href":"https:\/\/www.notibras.com\/site\/wp-json\/wp\/v2\/media\/321895"}],"wp:attachment":[{"href":"https:\/\/www.notibras.com\/site\/wp-json\/wp\/v2\/media?parent=321894"}],"wp:term":[{"taxonomy":"category","embeddable":true,"href":"https:\/\/www.notibras.com\/site\/wp-json\/wp\/v2\/categories?post=321894"},{"taxonomy":"post_tag","embeddable":true,"href":"https:\/\/www.notibras.com\/site\/wp-json\/wp\/v2\/tags?post=321894"}],"curies":[{"name":"wp","href":"https:\/\/api.w.org\/{rel}","templated":true}]}}