{"id":321907,"date":"2024-02-07T00:08:53","date_gmt":"2024-02-07T03:08:53","guid":{"rendered":"https:\/\/www.notibras.com\/site\/?p=321907"},"modified":"2024-02-07T02:10:51","modified_gmt":"2024-02-07T05:10:51","slug":"prazo-para-complementar-inscricao-vai-ate-sexta-feira","status":"publish","type":"post","link":"https:\/\/www.notibras.com\/site\/prazo-para-complementar-inscricao-vai-ate-sexta-feira\/","title":{"rendered":"Prazo para complementar inscri\u00e7\u00e3o vai at\u00e9 sexta-feira"},"content":{"rendered":"<p>Come\u00e7a nesta quarta-feira (7) o prazo para as pessoas que se inscreveram no Fundo de Financiamento ao Estudante do Ensino Superior (Fies) e tiveram o processo adiado, conclu\u00edrem a etapa. Os participantes do processo seletivo do primeiro e segundo semestres do ano passado ter\u00e3o at\u00e9 23h59 (hor\u00e1rio de Bras\u00edlia) de sexta-feira (9), para a complementa\u00e7\u00e3o.<\/p>\n<p>Durante o per\u00edodo, \u00e9 necess\u00e1rio que o estudante conclua a inscri\u00e7\u00e3o no Portal \u00danico de Acesso ao Ensino Superior, para que comecem a contar os prazos das pr\u00f3ximas etapas.<\/p>\n<p>S\u00e3o cinco dias \u00fateis para validar a documenta\u00e7\u00e3o na Comiss\u00e3o Permanente de Supervis\u00e3o e Acompanhamento da institui\u00e7\u00e3o de ensino superior, com a entrega f\u00edsica ou digital da documenta\u00e7\u00e3o exigida. E dez dias, contados a partir do terceiro dia \u00fatil, ap\u00f3s a data do reconhecimento da inscri\u00e7\u00e3o, para valida\u00e7\u00e3o das informa\u00e7\u00f5es no agente financeiro onde ser\u00e1 firmado o contrato.<\/p>\n<p>Somente depois de cumprir esses procedimentos a contrata\u00e7\u00e3o do financiamento ser\u00e1 formalizada. A assinatura do contrato poder\u00e1 ser por meio digital, caso haja concord\u00e2ncia da institui\u00e7\u00e3o de ensino superior e do agente financeiro.<\/p>\n<p>Todos os procedimentos para a complementa\u00e7\u00e3o das inscri\u00e7\u00f5es adiadas para o primeiro semestre de 2024, referentes aos processos seletivos realizados no primeiro e segundo semestre de 2023, foram publicados em um edital do Minist\u00e9rio da Educa\u00e7\u00e3o, no Di\u00e1rio Oficial da Uni\u00e3o.<\/p>\n<p>De acordo com o documento, em todas as etapas, \u00e9 necess\u00e1rio que o estudante fique atento aos prazos e procedimentos estabelecidos no edital. Altera\u00e7\u00f5es no processo seletivo s\u00e3o divulgadas com anteced\u00eancia no Portal \u00danico de Acesso ao Ensino Superior e tamb\u00e9m podem ser consultadas pela Central de Atendimento do MEC, por meio do n\u00famero 0800-616161.<\/p>\n","protected":false},"excerpt":{"rendered":"<p>Come\u00e7a nesta quarta-feira (7) o prazo para as pessoas que se inscreveram no Fundo de Financiamento ao Estudante do Ensino Superior (Fies) e tiveram o processo adiado, conclu\u00edrem a etapa. Os participantes do processo seletivo do primeiro e segundo semestres do ano passado ter\u00e3o at\u00e9 23h59 (hor\u00e1rio de Bras\u00edlia) de sexta-feira (9), para a complementa\u00e7\u00e3o. [&hellip;]<\/p>\n","protected":false},"author":2,"featured_media":321908,"comment_status":"closed","ping_status":"closed","sticky":false,"template":"","format":"standard","meta":{"_acf_changed":false,"footnotes":""},"categories":[161],"tags":[],"class_list":["post-321907","post","type-post","status-publish","format-standard","has-post-thumbnail","hentry","category-quadradinho-em-foco"],"acf":[],"yoast_head":"<!-- This site is optimized with the Yoast SEO plugin v27.2 - https:\/\/yoast.com\/product\/yoast-seo-wordpress\/ -->\n<title>Prazo para complementar inscri\u00e7\u00e3o vai at\u00e9 sexta-feira - Notibras<\/title>\n<meta name=\"robots\" content=\"index, follow, max-snippet:-1, max-image-preview:large, max-video-preview:-1\" \/>\n<link rel=\"canonical\" href=\"https:\/\/www.notibras.com\/site\/prazo-para-complementar-inscricao-vai-ate-sexta-feira\/\" \/>\n<meta property=\"og:locale\" content=\"pt_BR\" \/>\n<meta property=\"og:type\" content=\"article\" \/>\n<meta property=\"og:title\" content=\"Prazo para complementar inscri\u00e7\u00e3o vai at\u00e9 sexta-feira - Notibras\" \/>\n<meta property=\"og:description\" content=\"Come\u00e7a nesta quarta-feira (7) o prazo para as pessoas que se inscreveram no Fundo de Financiamento ao Estudante do Ensino Superior (Fies) e tiveram o processo adiado, conclu\u00edrem a etapa. Os participantes do processo seletivo do primeiro e segundo semestres do ano passado ter\u00e3o at\u00e9 23h59 (hor\u00e1rio de Bras\u00edlia) de sexta-feira (9), para a complementa\u00e7\u00e3o. [&hellip;]\" \/>\n<meta property=\"og:url\" content=\"https:\/\/www.notibras.com\/site\/prazo-para-complementar-inscricao-vai-ate-sexta-feira\/\" \/>\n<meta property=\"og:site_name\" content=\"Notibras\" \/>\n<meta property=\"article:publisher\" content=\"https:\/\/www.facebook.com\/notibras\/\" \/>\n<meta property=\"article:published_time\" content=\"2024-02-07T03:08:53+00:00\" \/>\n<meta property=\"article:modified_time\" content=\"2024-02-07T05:10:51+00:00\" \/>\n<meta property=\"og:image\" content=\"https:\/\/www.notibras.com\/site\/wp-content\/uploads\/2024\/02\/fiesinsc.webp\" \/>\n\t<meta property=\"og:image:width\" content=\"1170\" \/>\n\t<meta property=\"og:image:height\" content=\"700\" \/>\n\t<meta property=\"og:image:type\" content=\"image\/webp\" \/>\n<meta name=\"author\" content=\"Reda\u00e7\u00e3o\" \/>\n<meta name=\"twitter:card\" content=\"summary_large_image\" \/>\n<meta name=\"twitter:creator\" content=\"@Notibras\" \/>\n<meta name=\"twitter:site\" content=\"@Notibras\" \/>\n<meta name=\"twitter:label1\" content=\"Escrito por\" \/>\n\t<meta name=\"twitter:data1\" content=\"Reda\u00e7\u00e3o\" \/>\n\t<meta name=\"twitter:label2\" content=\"Est. tempo de leitura\" \/>\n\t<meta name=\"twitter:data2\" content=\"2 minutos\" \/>\n<script type=\"application\/ld+json\" class=\"yoast-schema-graph\">{\"@context\":\"https:\/\/schema.org\",\"@graph\":[{\"@type\":\"Article\",\"@id\":\"https:\/\/www.notibras.com\/site\/prazo-para-complementar-inscricao-vai-ate-sexta-feira\/#article\",\"isPartOf\":{\"@id\":\"https:\/\/www.notibras.com\/site\/prazo-para-complementar-inscricao-vai-ate-sexta-feira\/\"},\"author\":{\"name\":\"Reda\u00e7\u00e3o\",\"@id\":\"https:\/\/www.notibras.com\/site\/#\/schema\/person\/36ab0979449956132d3e5b517ea76ac8\"},\"headline\":\"Prazo para complementar inscri\u00e7\u00e3o vai at\u00e9 sexta-feira\",\"datePublished\":\"2024-02-07T03:08:53+00:00\",\"dateModified\":\"2024-02-07T05:10:51+00:00\",\"mainEntityOfPage\":{\"@id\":\"https:\/\/www.notibras.com\/site\/prazo-para-complementar-inscricao-vai-ate-sexta-feira\/\"},\"wordCount\":309,\"publisher\":{\"@id\":\"https:\/\/www.notibras.com\/site\/#organization\"},\"image\":{\"@id\":\"https:\/\/www.notibras.com\/site\/prazo-para-complementar-inscricao-vai-ate-sexta-feira\/#primaryimage\"},\"thumbnailUrl\":\"https:\/\/www.notibras.com\/site\/wp-content\/uploads\/2024\/02\/fiesinsc.webp\",\"articleSection\":[\"Quadradinho em Foco\"],\"inLanguage\":\"pt-BR\"},{\"@type\":\"WebPage\",\"@id\":\"https:\/\/www.notibras.com\/site\/prazo-para-complementar-inscricao-vai-ate-sexta-feira\/\",\"url\":\"https:\/\/www.notibras.com\/site\/prazo-para-complementar-inscricao-vai-ate-sexta-feira\/\",\"name\":\"Prazo para complementar inscri\u00e7\u00e3o vai at\u00e9 sexta-feira - Notibras\",\"isPartOf\":{\"@id\":\"https:\/\/www.notibras.com\/site\/#website\"},\"primaryImageOfPage\":{\"@id\":\"https:\/\/www.notibras.com\/site\/prazo-para-complementar-inscricao-vai-ate-sexta-feira\/#primaryimage\"},\"image\":{\"@id\":\"https:\/\/www.notibras.com\/site\/prazo-para-complementar-inscricao-vai-ate-sexta-feira\/#primaryimage\"},\"thumbnailUrl\":\"https:\/\/www.notibras.com\/site\/wp-content\/uploads\/2024\/02\/fiesinsc.webp\",\"datePublished\":\"2024-02-07T03:08:53+00:00\",\"dateModified\":\"2024-02-07T05:10:51+00:00\",\"breadcrumb\":{\"@id\":\"https:\/\/www.notibras.com\/site\/prazo-para-complementar-inscricao-vai-ate-sexta-feira\/#breadcrumb\"},\"inLanguage\":\"pt-BR\",\"potentialAction\":[{\"@type\":\"ReadAction\",\"target\":[\"https:\/\/www.notibras.com\/site\/prazo-para-complementar-inscricao-vai-ate-sexta-feira\/\"]}]},{\"@type\":\"ImageObject\",\"inLanguage\":\"pt-BR\",\"@id\":\"https:\/\/www.notibras.com\/site\/prazo-para-complementar-inscricao-vai-ate-sexta-feira\/#primaryimage\",\"url\":\"https:\/\/www.notibras.com\/site\/wp-content\/uploads\/2024\/02\/fiesinsc.webp\",\"contentUrl\":\"https:\/\/www.notibras.com\/site\/wp-content\/uploads\/2024\/02\/fiesinsc.webp\",\"width\":1170,\"height\":700},{\"@type\":\"BreadcrumbList\",\"@id\":\"https:\/\/www.notibras.com\/site\/prazo-para-complementar-inscricao-vai-ate-sexta-feira\/#breadcrumb\",\"itemListElement\":[{\"@type\":\"ListItem\",\"position\":1,\"name\":\"In\u00edcio\",\"item\":\"https:\/\/www.notibras.com\/site\/\"},{\"@type\":\"ListItem\",\"position\":2,\"name\":\"Prazo para complementar inscri\u00e7\u00e3o vai at\u00e9 sexta-feira\"}]},{\"@type\":\"WebSite\",\"@id\":\"https:\/\/www.notibras.com\/site\/#website\",\"url\":\"https:\/\/www.notibras.com\/site\/\",\"name\":\"Notibras\",\"description\":\"Not\u00edcias de Bras\u00edlia, do Brasil e do Mundo\",\"publisher\":{\"@id\":\"https:\/\/www.notibras.com\/site\/#organization\"},\"potentialAction\":[{\"@type\":\"SearchAction\",\"target\":{\"@type\":\"EntryPoint\",\"urlTemplate\":\"https:\/\/www.notibras.com\/site\/?s={search_term_string}\"},\"query-input\":{\"@type\":\"PropertyValueSpecification\",\"valueRequired\":true,\"valueName\":\"search_term_string\"}}],\"inLanguage\":\"pt-BR\"},{\"@type\":\"Organization\",\"@id\":\"https:\/\/www.notibras.com\/site\/#organization\",\"name\":\"Grupo Notibras de Comunica\u00e7\u00e3o\",\"url\":\"https:\/\/www.notibras.com\/site\/\",\"logo\":{\"@type\":\"ImageObject\",\"inLanguage\":\"pt-BR\",\"@id\":\"https:\/\/www.notibras.com\/site\/#\/schema\/logo\/image\/\",\"url\":\"https:\/\/www.notibras.com\/site\/wp-content\/uploads\/2023\/01\/notibras23.png\",\"contentUrl\":\"https:\/\/www.notibras.com\/site\/wp-content\/uploads\/2023\/01\/notibras23.png\",\"width\":350,\"height\":87,\"caption\":\"Grupo Notibras de Comunica\u00e7\u00e3o\"},\"image\":{\"@id\":\"https:\/\/www.notibras.com\/site\/#\/schema\/logo\/image\/\"},\"sameAs\":[\"https:\/\/www.facebook.com\/notibras\/\",\"https:\/\/x.com\/Notibras\",\"https:\/\/www.instagram.com\/notibras\/\"]},{\"@type\":\"Person\",\"@id\":\"https:\/\/www.notibras.com\/site\/#\/schema\/person\/36ab0979449956132d3e5b517ea76ac8\",\"name\":\"Reda\u00e7\u00e3o\",\"image\":{\"@type\":\"ImageObject\",\"inLanguage\":\"pt-BR\",\"@id\":\"https:\/\/secure.gravatar.com\/avatar\/e0a867bdedb85fd243eadf09663511f96fc81e0720a4a42581f334ad4303aa6b?s=96&d=mm&r=g\",\"url\":\"https:\/\/secure.gravatar.com\/avatar\/e0a867bdedb85fd243eadf09663511f96fc81e0720a4a42581f334ad4303aa6b?s=96&d=mm&r=g\",\"contentUrl\":\"https:\/\/secure.gravatar.com\/avatar\/e0a867bdedb85fd243eadf09663511f96fc81e0720a4a42581f334ad4303aa6b?s=96&d=mm&r=g\",\"caption\":\"Reda\u00e7\u00e3o\"}}]}<\/script>\n<!-- \/ Yoast SEO plugin. -->","yoast_head_json":{"title":"Prazo para complementar inscri\u00e7\u00e3o vai at\u00e9 sexta-feira - Notibras","robots":{"index":"index","follow":"follow","max-snippet":"max-snippet:-1","max-image-preview":"max-image-preview:large","max-video-preview":"max-video-preview:-1"},"canonical":"https:\/\/www.notibras.com\/site\/prazo-para-complementar-inscricao-vai-ate-sexta-feira\/","og_locale":"pt_BR","og_type":"article","og_title":"Prazo para complementar inscri\u00e7\u00e3o vai at\u00e9 sexta-feira - Notibras","og_description":"Come\u00e7a nesta quarta-feira (7) o prazo para as pessoas que se inscreveram no Fundo de Financiamento ao Estudante do Ensino Superior (Fies) e tiveram o processo adiado, conclu\u00edrem a etapa. Os participantes do processo seletivo do primeiro e segundo semestres do ano passado ter\u00e3o at\u00e9 23h59 (hor\u00e1rio de Bras\u00edlia) de sexta-feira (9), para a complementa\u00e7\u00e3o. [&hellip;]","og_url":"https:\/\/www.notibras.com\/site\/prazo-para-complementar-inscricao-vai-ate-sexta-feira\/","og_site_name":"Notibras","article_publisher":"https:\/\/www.facebook.com\/notibras\/","article_published_time":"2024-02-07T03:08:53+00:00","article_modified_time":"2024-02-07T05:10:51+00:00","og_image":[{"width":1170,"height":700,"url":"https:\/\/www.notibras.com\/site\/wp-content\/uploads\/2024\/02\/fiesinsc.webp","type":"image\/webp"}],"author":"Reda\u00e7\u00e3o","twitter_card":"summary_large_image","twitter_creator":"@Notibras","twitter_site":"@Notibras","twitter_misc":{"Escrito por":"Reda\u00e7\u00e3o","Est. tempo de leitura":"2 minutos"},"schema":{"@context":"https:\/\/schema.org","@graph":[{"@type":"Article","@id":"https:\/\/www.notibras.com\/site\/prazo-para-complementar-inscricao-vai-ate-sexta-feira\/#article","isPartOf":{"@id":"https:\/\/www.notibras.com\/site\/prazo-para-complementar-inscricao-vai-ate-sexta-feira\/"},"author":{"name":"Reda\u00e7\u00e3o","@id":"https:\/\/www.notibras.com\/site\/#\/schema\/person\/36ab0979449956132d3e5b517ea76ac8"},"headline":"Prazo para complementar inscri\u00e7\u00e3o vai at\u00e9 sexta-feira","datePublished":"2024-02-07T03:08:53+00:00","dateModified":"2024-02-07T05:10:51+00:00","mainEntityOfPage":{"@id":"https:\/\/www.notibras.com\/site\/prazo-para-complementar-inscricao-vai-ate-sexta-feira\/"},"wordCount":309,"publisher":{"@id":"https:\/\/www.notibras.com\/site\/#organization"},"image":{"@id":"https:\/\/www.notibras.com\/site\/prazo-para-complementar-inscricao-vai-ate-sexta-feira\/#primaryimage"},"thumbnailUrl":"https:\/\/www.notibras.com\/site\/wp-content\/uploads\/2024\/02\/fiesinsc.webp","articleSection":["Quadradinho em Foco"],"inLanguage":"pt-BR"},{"@type":"WebPage","@id":"https:\/\/www.notibras.com\/site\/prazo-para-complementar-inscricao-vai-ate-sexta-feira\/","url":"https:\/\/www.notibras.com\/site\/prazo-para-complementar-inscricao-vai-ate-sexta-feira\/","name":"Prazo para complementar inscri\u00e7\u00e3o vai at\u00e9 sexta-feira - Notibras","isPartOf":{"@id":"https:\/\/www.notibras.com\/site\/#website"},"primaryImageOfPage":{"@id":"https:\/\/www.notibras.com\/site\/prazo-para-complementar-inscricao-vai-ate-sexta-feira\/#primaryimage"},"image":{"@id":"https:\/\/www.notibras.com\/site\/prazo-para-complementar-inscricao-vai-ate-sexta-feira\/#primaryimage"},"thumbnailUrl":"https:\/\/www.notibras.com\/site\/wp-content\/uploads\/2024\/02\/fiesinsc.webp","datePublished":"2024-02-07T03:08:53+00:00","dateModified":"2024-02-07T05:10:51+00:00","breadcrumb":{"@id":"https:\/\/www.notibras.com\/site\/prazo-para-complementar-inscricao-vai-ate-sexta-feira\/#breadcrumb"},"inLanguage":"pt-BR","potentialAction":[{"@type":"ReadAction","target":["https:\/\/www.notibras.com\/site\/prazo-para-complementar-inscricao-vai-ate-sexta-feira\/"]}]},{"@type":"ImageObject","inLanguage":"pt-BR","@id":"https:\/\/www.notibras.com\/site\/prazo-para-complementar-inscricao-vai-ate-sexta-feira\/#primaryimage","url":"https:\/\/www.notibras.com\/site\/wp-content\/uploads\/2024\/02\/fiesinsc.webp","contentUrl":"https:\/\/www.notibras.com\/site\/wp-content\/uploads\/2024\/02\/fiesinsc.webp","width":1170,"height":700},{"@type":"BreadcrumbList","@id":"https:\/\/www.notibras.com\/site\/prazo-para-complementar-inscricao-vai-ate-sexta-feira\/#breadcrumb","itemListElement":[{"@type":"ListItem","position":1,"name":"In\u00edcio","item":"https:\/\/www.notibras.com\/site\/"},{"@type":"ListItem","position":2,"name":"Prazo para complementar inscri\u00e7\u00e3o vai at\u00e9 sexta-feira"}]},{"@type":"WebSite","@id":"https:\/\/www.notibras.com\/site\/#website","url":"https:\/\/www.notibras.com\/site\/","name":"Notibras","description":"Not\u00edcias de Bras\u00edlia, do Brasil e do Mundo","publisher":{"@id":"https:\/\/www.notibras.com\/site\/#organization"},"potentialAction":[{"@type":"SearchAction","target":{"@type":"EntryPoint","urlTemplate":"https:\/\/www.notibras.com\/site\/?s={search_term_string}"},"query-input":{"@type":"PropertyValueSpecification","valueRequired":true,"valueName":"search_term_string"}}],"inLanguage":"pt-BR"},{"@type":"Organization","@id":"https:\/\/www.notibras.com\/site\/#organization","name":"Grupo Notibras de Comunica\u00e7\u00e3o","url":"https:\/\/www.notibras.com\/site\/","logo":{"@type":"ImageObject","inLanguage":"pt-BR","@id":"https:\/\/www.notibras.com\/site\/#\/schema\/logo\/image\/","url":"https:\/\/www.notibras.com\/site\/wp-content\/uploads\/2023\/01\/notibras23.png","contentUrl":"https:\/\/www.notibras.com\/site\/wp-content\/uploads\/2023\/01\/notibras23.png","width":350,"height":87,"caption":"Grupo Notibras de Comunica\u00e7\u00e3o"},"image":{"@id":"https:\/\/www.notibras.com\/site\/#\/schema\/logo\/image\/"},"sameAs":["https:\/\/www.facebook.com\/notibras\/","https:\/\/x.com\/Notibras","https:\/\/www.instagram.com\/notibras\/"]},{"@type":"Person","@id":"https:\/\/www.notibras.com\/site\/#\/schema\/person\/36ab0979449956132d3e5b517ea76ac8","name":"Reda\u00e7\u00e3o","image":{"@type":"ImageObject","inLanguage":"pt-BR","@id":"https:\/\/secure.gravatar.com\/avatar\/e0a867bdedb85fd243eadf09663511f96fc81e0720a4a42581f334ad4303aa6b?s=96&d=mm&r=g","url":"https:\/\/secure.gravatar.com\/avatar\/e0a867bdedb85fd243eadf09663511f96fc81e0720a4a42581f334ad4303aa6b?s=96&d=mm&r=g","contentUrl":"https:\/\/secure.gravatar.com\/avatar\/e0a867bdedb85fd243eadf09663511f96fc81e0720a4a42581f334ad4303aa6b?s=96&d=mm&r=g","caption":"Reda\u00e7\u00e3o"}}]}},"amp_enabled":true,"_links":{"self":[{"href":"https:\/\/www.notibras.com\/site\/wp-json\/wp\/v2\/posts\/321907","targetHints":{"allow":["GET"]}}],"collection":[{"href":"https:\/\/www.notibras.com\/site\/wp-json\/wp\/v2\/posts"}],"about":[{"href":"https:\/\/www.notibras.com\/site\/wp-json\/wp\/v2\/types\/post"}],"author":[{"embeddable":true,"href":"https:\/\/www.notibras.com\/site\/wp-json\/wp\/v2\/users\/2"}],"replies":[{"embeddable":true,"href":"https:\/\/www.notibras.com\/site\/wp-json\/wp\/v2\/comments?post=321907"}],"version-history":[{"count":1,"href":"https:\/\/www.notibras.com\/site\/wp-json\/wp\/v2\/posts\/321907\/revisions"}],"predecessor-version":[{"id":321909,"href":"https:\/\/www.notibras.com\/site\/wp-json\/wp\/v2\/posts\/321907\/revisions\/321909"}],"wp:featuredmedia":[{"embeddable":true,"href":"https:\/\/www.notibras.com\/site\/wp-json\/wp\/v2\/media\/321908"}],"wp:attachment":[{"href":"https:\/\/www.notibras.com\/site\/wp-json\/wp\/v2\/media?parent=321907"}],"wp:term":[{"taxonomy":"category","embeddable":true,"href":"https:\/\/www.notibras.com\/site\/wp-json\/wp\/v2\/categories?post=321907"},{"taxonomy":"post_tag","embeddable":true,"href":"https:\/\/www.notibras.com\/site\/wp-json\/wp\/v2\/tags?post=321907"}],"curies":[{"name":"wp","href":"https:\/\/api.w.org\/{rel}","templated":true}]}}