{"id":321973,"date":"2024-02-08T00:43:44","date_gmt":"2024-02-08T03:43:44","guid":{"rendered":"https:\/\/www.notibras.com\/site\/?p=321973"},"modified":"2024-02-08T02:45:29","modified_gmt":"2024-02-08T05:45:29","slug":"senado-decide-votar-fim-das-saidinhas-apos-carnaval","status":"publish","type":"post","link":"https:\/\/www.notibras.com\/site\/senado-decide-votar-fim-das-saidinhas-apos-carnaval\/","title":{"rendered":"Senado decide votar fim das &#8220;saidinhas&#8221; ap\u00f3s Carnaval"},"content":{"rendered":"<p>O projeto de lei que p\u00f5e fim \u00e0s sa\u00eddas tempor\u00e1rias de presos teve o requerimento de urg\u00eancia aprovado pelo plen\u00e1rio do Senado nesta quarta-feira (7). Com isso, o projeto ganha prioridade na pauta de vota\u00e7\u00f5es da Casa, j\u00e1 no plen\u00e1rio. A expectativa \u00e9 que a mat\u00e9ria seja inclu\u00edda na pauta ap\u00f3s o recesso de Carnaval.<\/p>\n<p>A discuss\u00e3o em torno do tema ganhou for\u00e7a ap\u00f3s a morte do policial militar Roger Dias da Cunha, baleado em Belo Horizonte, em janeiro deste ano. Segundo a Secretaria de Justi\u00e7a e Seguran\u00e7a P\u00fablica de Minas Gerais, o autor dos disparos era um condenado pela Justi\u00e7a.<\/p>\n<p>As pessoas encarceradas que t\u00eam direito \u00e0 sa\u00edda tempor\u00e1ria, as chamadas &#8220;saidinhas&#8221;, s\u00e3o aquelas que est\u00e3o no regime semiaberto, ou seja, que j\u00e1 podem deixar o pres\u00eddio em algum momento para trabalhar, estudar ou para atividades que possam contribuir para sua reintegra\u00e7\u00e3o social.<\/p>\n<p>O texto em an\u00e1lise no Senado tamb\u00e9m obriga a realiza\u00e7\u00e3o de exame criminol\u00f3gico como requisito para a progress\u00e3o de regime e para a autoriza\u00e7\u00e3o de regime semiaberto. A an\u00e1lise dever\u00e1 comprovar que o detento tem condi\u00e7\u00f5es de se adaptar ao novo regime com autodisciplina, baixa periculosidade e senso de responsabilidade.<\/p>\n","protected":false},"excerpt":{"rendered":"<p>O projeto de lei que p\u00f5e fim \u00e0s sa\u00eddas tempor\u00e1rias de presos teve o requerimento de urg\u00eancia aprovado pelo plen\u00e1rio do Senado nesta quarta-feira (7). Com isso, o projeto ganha prioridade na pauta de vota\u00e7\u00f5es da Casa, j\u00e1 no plen\u00e1rio. A expectativa \u00e9 que a mat\u00e9ria seja inclu\u00edda na pauta ap\u00f3s o recesso de Carnaval. [&hellip;]<\/p>\n","protected":false},"author":2,"featured_media":321974,"comment_status":"closed","ping_status":"closed","sticky":false,"template":"","format":"standard","meta":{"_acf_changed":false,"footnotes":""},"categories":[161],"tags":[],"class_list":["post-321973","post","type-post","status-publish","format-standard","has-post-thumbnail","hentry","category-quadradinho-em-foco"],"acf":[],"yoast_head":"<!-- This site is optimized with the Yoast SEO plugin v27.2 - https:\/\/yoast.com\/product\/yoast-seo-wordpress\/ -->\n<title>Senado decide votar fim das &quot;saidinhas&quot; ap\u00f3s Carnaval - Notibras<\/title>\n<meta name=\"robots\" content=\"index, follow, max-snippet:-1, max-image-preview:large, max-video-preview:-1\" \/>\n<link rel=\"canonical\" href=\"https:\/\/www.notibras.com\/site\/senado-decide-votar-fim-das-saidinhas-apos-carnaval\/\" \/>\n<meta property=\"og:locale\" content=\"pt_BR\" \/>\n<meta property=\"og:type\" content=\"article\" \/>\n<meta property=\"og:title\" content=\"Senado decide votar fim das &quot;saidinhas&quot; ap\u00f3s Carnaval - Notibras\" \/>\n<meta property=\"og:description\" content=\"O projeto de lei que p\u00f5e fim \u00e0s sa\u00eddas tempor\u00e1rias de presos teve o requerimento de urg\u00eancia aprovado pelo plen\u00e1rio do Senado nesta quarta-feira (7). Com isso, o projeto ganha prioridade na pauta de vota\u00e7\u00f5es da Casa, j\u00e1 no plen\u00e1rio. A expectativa \u00e9 que a mat\u00e9ria seja inclu\u00edda na pauta ap\u00f3s o recesso de Carnaval. [&hellip;]\" \/>\n<meta property=\"og:url\" content=\"https:\/\/www.notibras.com\/site\/senado-decide-votar-fim-das-saidinhas-apos-carnaval\/\" \/>\n<meta property=\"og:site_name\" content=\"Notibras\" \/>\n<meta property=\"article:publisher\" content=\"https:\/\/www.facebook.com\/notibras\/\" \/>\n<meta property=\"article:published_time\" content=\"2024-02-08T03:43:44+00:00\" \/>\n<meta property=\"article:modified_time\" content=\"2024-02-08T05:45:29+00:00\" \/>\n<meta property=\"og:image\" content=\"https:\/\/www.notibras.com\/site\/wp-content\/uploads\/2024\/02\/saidao.ant_.cruz_.webp\" \/>\n\t<meta property=\"og:image:width\" content=\"1170\" \/>\n\t<meta property=\"og:image:height\" content=\"700\" \/>\n\t<meta property=\"og:image:type\" content=\"image\/webp\" \/>\n<meta name=\"author\" content=\"Reda\u00e7\u00e3o\" \/>\n<meta name=\"twitter:card\" content=\"summary_large_image\" \/>\n<meta name=\"twitter:creator\" content=\"@Notibras\" \/>\n<meta name=\"twitter:site\" content=\"@Notibras\" \/>\n<meta name=\"twitter:label1\" content=\"Escrito por\" \/>\n\t<meta name=\"twitter:data1\" content=\"Reda\u00e7\u00e3o\" \/>\n\t<meta name=\"twitter:label2\" content=\"Est. tempo de leitura\" \/>\n\t<meta name=\"twitter:data2\" content=\"2 minutos\" \/>\n<script type=\"application\/ld+json\" class=\"yoast-schema-graph\">{\"@context\":\"https:\/\/schema.org\",\"@graph\":[{\"@type\":\"Article\",\"@id\":\"https:\/\/www.notibras.com\/site\/senado-decide-votar-fim-das-saidinhas-apos-carnaval\/#article\",\"isPartOf\":{\"@id\":\"https:\/\/www.notibras.com\/site\/senado-decide-votar-fim-das-saidinhas-apos-carnaval\/\"},\"author\":{\"name\":\"Reda\u00e7\u00e3o\",\"@id\":\"https:\/\/www.notibras.com\/site\/#\/schema\/person\/36ab0979449956132d3e5b517ea76ac8\"},\"headline\":\"Senado decide votar fim das &#8220;saidinhas&#8221; ap\u00f3s Carnaval\",\"datePublished\":\"2024-02-08T03:43:44+00:00\",\"dateModified\":\"2024-02-08T05:45:29+00:00\",\"mainEntityOfPage\":{\"@id\":\"https:\/\/www.notibras.com\/site\/senado-decide-votar-fim-das-saidinhas-apos-carnaval\/\"},\"wordCount\":232,\"publisher\":{\"@id\":\"https:\/\/www.notibras.com\/site\/#organization\"},\"image\":{\"@id\":\"https:\/\/www.notibras.com\/site\/senado-decide-votar-fim-das-saidinhas-apos-carnaval\/#primaryimage\"},\"thumbnailUrl\":\"https:\/\/www.notibras.com\/site\/wp-content\/uploads\/2024\/02\/saidao.ant_.cruz_.webp\",\"articleSection\":[\"Quadradinho em Foco\"],\"inLanguage\":\"pt-BR\"},{\"@type\":\"WebPage\",\"@id\":\"https:\/\/www.notibras.com\/site\/senado-decide-votar-fim-das-saidinhas-apos-carnaval\/\",\"url\":\"https:\/\/www.notibras.com\/site\/senado-decide-votar-fim-das-saidinhas-apos-carnaval\/\",\"name\":\"Senado decide votar fim das \\\"saidinhas\\\" ap\u00f3s Carnaval - Notibras\",\"isPartOf\":{\"@id\":\"https:\/\/www.notibras.com\/site\/#website\"},\"primaryImageOfPage\":{\"@id\":\"https:\/\/www.notibras.com\/site\/senado-decide-votar-fim-das-saidinhas-apos-carnaval\/#primaryimage\"},\"image\":{\"@id\":\"https:\/\/www.notibras.com\/site\/senado-decide-votar-fim-das-saidinhas-apos-carnaval\/#primaryimage\"},\"thumbnailUrl\":\"https:\/\/www.notibras.com\/site\/wp-content\/uploads\/2024\/02\/saidao.ant_.cruz_.webp\",\"datePublished\":\"2024-02-08T03:43:44+00:00\",\"dateModified\":\"2024-02-08T05:45:29+00:00\",\"breadcrumb\":{\"@id\":\"https:\/\/www.notibras.com\/site\/senado-decide-votar-fim-das-saidinhas-apos-carnaval\/#breadcrumb\"},\"inLanguage\":\"pt-BR\",\"potentialAction\":[{\"@type\":\"ReadAction\",\"target\":[\"https:\/\/www.notibras.com\/site\/senado-decide-votar-fim-das-saidinhas-apos-carnaval\/\"]}]},{\"@type\":\"ImageObject\",\"inLanguage\":\"pt-BR\",\"@id\":\"https:\/\/www.notibras.com\/site\/senado-decide-votar-fim-das-saidinhas-apos-carnaval\/#primaryimage\",\"url\":\"https:\/\/www.notibras.com\/site\/wp-content\/uploads\/2024\/02\/saidao.ant_.cruz_.webp\",\"contentUrl\":\"https:\/\/www.notibras.com\/site\/wp-content\/uploads\/2024\/02\/saidao.ant_.cruz_.webp\",\"width\":1170,\"height\":700},{\"@type\":\"BreadcrumbList\",\"@id\":\"https:\/\/www.notibras.com\/site\/senado-decide-votar-fim-das-saidinhas-apos-carnaval\/#breadcrumb\",\"itemListElement\":[{\"@type\":\"ListItem\",\"position\":1,\"name\":\"In\u00edcio\",\"item\":\"https:\/\/www.notibras.com\/site\/\"},{\"@type\":\"ListItem\",\"position\":2,\"name\":\"Senado decide votar fim das &#8220;saidinhas&#8221; ap\u00f3s Carnaval\"}]},{\"@type\":\"WebSite\",\"@id\":\"https:\/\/www.notibras.com\/site\/#website\",\"url\":\"https:\/\/www.notibras.com\/site\/\",\"name\":\"Notibras\",\"description\":\"Not\u00edcias de Bras\u00edlia, do Brasil e do Mundo\",\"publisher\":{\"@id\":\"https:\/\/www.notibras.com\/site\/#organization\"},\"potentialAction\":[{\"@type\":\"SearchAction\",\"target\":{\"@type\":\"EntryPoint\",\"urlTemplate\":\"https:\/\/www.notibras.com\/site\/?s={search_term_string}\"},\"query-input\":{\"@type\":\"PropertyValueSpecification\",\"valueRequired\":true,\"valueName\":\"search_term_string\"}}],\"inLanguage\":\"pt-BR\"},{\"@type\":\"Organization\",\"@id\":\"https:\/\/www.notibras.com\/site\/#organization\",\"name\":\"Grupo Notibras de Comunica\u00e7\u00e3o\",\"url\":\"https:\/\/www.notibras.com\/site\/\",\"logo\":{\"@type\":\"ImageObject\",\"inLanguage\":\"pt-BR\",\"@id\":\"https:\/\/www.notibras.com\/site\/#\/schema\/logo\/image\/\",\"url\":\"https:\/\/www.notibras.com\/site\/wp-content\/uploads\/2023\/01\/notibras23.png\",\"contentUrl\":\"https:\/\/www.notibras.com\/site\/wp-content\/uploads\/2023\/01\/notibras23.png\",\"width\":350,\"height\":87,\"caption\":\"Grupo Notibras de Comunica\u00e7\u00e3o\"},\"image\":{\"@id\":\"https:\/\/www.notibras.com\/site\/#\/schema\/logo\/image\/\"},\"sameAs\":[\"https:\/\/www.facebook.com\/notibras\/\",\"https:\/\/x.com\/Notibras\",\"https:\/\/www.instagram.com\/notibras\/\"]},{\"@type\":\"Person\",\"@id\":\"https:\/\/www.notibras.com\/site\/#\/schema\/person\/36ab0979449956132d3e5b517ea76ac8\",\"name\":\"Reda\u00e7\u00e3o\",\"image\":{\"@type\":\"ImageObject\",\"inLanguage\":\"pt-BR\",\"@id\":\"https:\/\/secure.gravatar.com\/avatar\/e0a867bdedb85fd243eadf09663511f96fc81e0720a4a42581f334ad4303aa6b?s=96&d=mm&r=g\",\"url\":\"https:\/\/secure.gravatar.com\/avatar\/e0a867bdedb85fd243eadf09663511f96fc81e0720a4a42581f334ad4303aa6b?s=96&d=mm&r=g\",\"contentUrl\":\"https:\/\/secure.gravatar.com\/avatar\/e0a867bdedb85fd243eadf09663511f96fc81e0720a4a42581f334ad4303aa6b?s=96&d=mm&r=g\",\"caption\":\"Reda\u00e7\u00e3o\"}}]}<\/script>\n<!-- \/ Yoast SEO plugin. -->","yoast_head_json":{"title":"Senado decide votar fim das \"saidinhas\" ap\u00f3s Carnaval - Notibras","robots":{"index":"index","follow":"follow","max-snippet":"max-snippet:-1","max-image-preview":"max-image-preview:large","max-video-preview":"max-video-preview:-1"},"canonical":"https:\/\/www.notibras.com\/site\/senado-decide-votar-fim-das-saidinhas-apos-carnaval\/","og_locale":"pt_BR","og_type":"article","og_title":"Senado decide votar fim das \"saidinhas\" ap\u00f3s Carnaval - Notibras","og_description":"O projeto de lei que p\u00f5e fim \u00e0s sa\u00eddas tempor\u00e1rias de presos teve o requerimento de urg\u00eancia aprovado pelo plen\u00e1rio do Senado nesta quarta-feira (7). Com isso, o projeto ganha prioridade na pauta de vota\u00e7\u00f5es da Casa, j\u00e1 no plen\u00e1rio. A expectativa \u00e9 que a mat\u00e9ria seja inclu\u00edda na pauta ap\u00f3s o recesso de Carnaval. [&hellip;]","og_url":"https:\/\/www.notibras.com\/site\/senado-decide-votar-fim-das-saidinhas-apos-carnaval\/","og_site_name":"Notibras","article_publisher":"https:\/\/www.facebook.com\/notibras\/","article_published_time":"2024-02-08T03:43:44+00:00","article_modified_time":"2024-02-08T05:45:29+00:00","og_image":[{"width":1170,"height":700,"url":"https:\/\/www.notibras.com\/site\/wp-content\/uploads\/2024\/02\/saidao.ant_.cruz_.webp","type":"image\/webp"}],"author":"Reda\u00e7\u00e3o","twitter_card":"summary_large_image","twitter_creator":"@Notibras","twitter_site":"@Notibras","twitter_misc":{"Escrito por":"Reda\u00e7\u00e3o","Est. tempo de leitura":"2 minutos"},"schema":{"@context":"https:\/\/schema.org","@graph":[{"@type":"Article","@id":"https:\/\/www.notibras.com\/site\/senado-decide-votar-fim-das-saidinhas-apos-carnaval\/#article","isPartOf":{"@id":"https:\/\/www.notibras.com\/site\/senado-decide-votar-fim-das-saidinhas-apos-carnaval\/"},"author":{"name":"Reda\u00e7\u00e3o","@id":"https:\/\/www.notibras.com\/site\/#\/schema\/person\/36ab0979449956132d3e5b517ea76ac8"},"headline":"Senado decide votar fim das &#8220;saidinhas&#8221; ap\u00f3s Carnaval","datePublished":"2024-02-08T03:43:44+00:00","dateModified":"2024-02-08T05:45:29+00:00","mainEntityOfPage":{"@id":"https:\/\/www.notibras.com\/site\/senado-decide-votar-fim-das-saidinhas-apos-carnaval\/"},"wordCount":232,"publisher":{"@id":"https:\/\/www.notibras.com\/site\/#organization"},"image":{"@id":"https:\/\/www.notibras.com\/site\/senado-decide-votar-fim-das-saidinhas-apos-carnaval\/#primaryimage"},"thumbnailUrl":"https:\/\/www.notibras.com\/site\/wp-content\/uploads\/2024\/02\/saidao.ant_.cruz_.webp","articleSection":["Quadradinho em Foco"],"inLanguage":"pt-BR"},{"@type":"WebPage","@id":"https:\/\/www.notibras.com\/site\/senado-decide-votar-fim-das-saidinhas-apos-carnaval\/","url":"https:\/\/www.notibras.com\/site\/senado-decide-votar-fim-das-saidinhas-apos-carnaval\/","name":"Senado decide votar fim das \"saidinhas\" ap\u00f3s Carnaval - Notibras","isPartOf":{"@id":"https:\/\/www.notibras.com\/site\/#website"},"primaryImageOfPage":{"@id":"https:\/\/www.notibras.com\/site\/senado-decide-votar-fim-das-saidinhas-apos-carnaval\/#primaryimage"},"image":{"@id":"https:\/\/www.notibras.com\/site\/senado-decide-votar-fim-das-saidinhas-apos-carnaval\/#primaryimage"},"thumbnailUrl":"https:\/\/www.notibras.com\/site\/wp-content\/uploads\/2024\/02\/saidao.ant_.cruz_.webp","datePublished":"2024-02-08T03:43:44+00:00","dateModified":"2024-02-08T05:45:29+00:00","breadcrumb":{"@id":"https:\/\/www.notibras.com\/site\/senado-decide-votar-fim-das-saidinhas-apos-carnaval\/#breadcrumb"},"inLanguage":"pt-BR","potentialAction":[{"@type":"ReadAction","target":["https:\/\/www.notibras.com\/site\/senado-decide-votar-fim-das-saidinhas-apos-carnaval\/"]}]},{"@type":"ImageObject","inLanguage":"pt-BR","@id":"https:\/\/www.notibras.com\/site\/senado-decide-votar-fim-das-saidinhas-apos-carnaval\/#primaryimage","url":"https:\/\/www.notibras.com\/site\/wp-content\/uploads\/2024\/02\/saidao.ant_.cruz_.webp","contentUrl":"https:\/\/www.notibras.com\/site\/wp-content\/uploads\/2024\/02\/saidao.ant_.cruz_.webp","width":1170,"height":700},{"@type":"BreadcrumbList","@id":"https:\/\/www.notibras.com\/site\/senado-decide-votar-fim-das-saidinhas-apos-carnaval\/#breadcrumb","itemListElement":[{"@type":"ListItem","position":1,"name":"In\u00edcio","item":"https:\/\/www.notibras.com\/site\/"},{"@type":"ListItem","position":2,"name":"Senado decide votar fim das &#8220;saidinhas&#8221; ap\u00f3s Carnaval"}]},{"@type":"WebSite","@id":"https:\/\/www.notibras.com\/site\/#website","url":"https:\/\/www.notibras.com\/site\/","name":"Notibras","description":"Not\u00edcias de Bras\u00edlia, do Brasil e do Mundo","publisher":{"@id":"https:\/\/www.notibras.com\/site\/#organization"},"potentialAction":[{"@type":"SearchAction","target":{"@type":"EntryPoint","urlTemplate":"https:\/\/www.notibras.com\/site\/?s={search_term_string}"},"query-input":{"@type":"PropertyValueSpecification","valueRequired":true,"valueName":"search_term_string"}}],"inLanguage":"pt-BR"},{"@type":"Organization","@id":"https:\/\/www.notibras.com\/site\/#organization","name":"Grupo Notibras de Comunica\u00e7\u00e3o","url":"https:\/\/www.notibras.com\/site\/","logo":{"@type":"ImageObject","inLanguage":"pt-BR","@id":"https:\/\/www.notibras.com\/site\/#\/schema\/logo\/image\/","url":"https:\/\/www.notibras.com\/site\/wp-content\/uploads\/2023\/01\/notibras23.png","contentUrl":"https:\/\/www.notibras.com\/site\/wp-content\/uploads\/2023\/01\/notibras23.png","width":350,"height":87,"caption":"Grupo Notibras de Comunica\u00e7\u00e3o"},"image":{"@id":"https:\/\/www.notibras.com\/site\/#\/schema\/logo\/image\/"},"sameAs":["https:\/\/www.facebook.com\/notibras\/","https:\/\/x.com\/Notibras","https:\/\/www.instagram.com\/notibras\/"]},{"@type":"Person","@id":"https:\/\/www.notibras.com\/site\/#\/schema\/person\/36ab0979449956132d3e5b517ea76ac8","name":"Reda\u00e7\u00e3o","image":{"@type":"ImageObject","inLanguage":"pt-BR","@id":"https:\/\/secure.gravatar.com\/avatar\/e0a867bdedb85fd243eadf09663511f96fc81e0720a4a42581f334ad4303aa6b?s=96&d=mm&r=g","url":"https:\/\/secure.gravatar.com\/avatar\/e0a867bdedb85fd243eadf09663511f96fc81e0720a4a42581f334ad4303aa6b?s=96&d=mm&r=g","contentUrl":"https:\/\/secure.gravatar.com\/avatar\/e0a867bdedb85fd243eadf09663511f96fc81e0720a4a42581f334ad4303aa6b?s=96&d=mm&r=g","caption":"Reda\u00e7\u00e3o"}}]}},"amp_enabled":true,"_links":{"self":[{"href":"https:\/\/www.notibras.com\/site\/wp-json\/wp\/v2\/posts\/321973","targetHints":{"allow":["GET"]}}],"collection":[{"href":"https:\/\/www.notibras.com\/site\/wp-json\/wp\/v2\/posts"}],"about":[{"href":"https:\/\/www.notibras.com\/site\/wp-json\/wp\/v2\/types\/post"}],"author":[{"embeddable":true,"href":"https:\/\/www.notibras.com\/site\/wp-json\/wp\/v2\/users\/2"}],"replies":[{"embeddable":true,"href":"https:\/\/www.notibras.com\/site\/wp-json\/wp\/v2\/comments?post=321973"}],"version-history":[{"count":1,"href":"https:\/\/www.notibras.com\/site\/wp-json\/wp\/v2\/posts\/321973\/revisions"}],"predecessor-version":[{"id":321975,"href":"https:\/\/www.notibras.com\/site\/wp-json\/wp\/v2\/posts\/321973\/revisions\/321975"}],"wp:featuredmedia":[{"embeddable":true,"href":"https:\/\/www.notibras.com\/site\/wp-json\/wp\/v2\/media\/321974"}],"wp:attachment":[{"href":"https:\/\/www.notibras.com\/site\/wp-json\/wp\/v2\/media?parent=321973"}],"wp:term":[{"taxonomy":"category","embeddable":true,"href":"https:\/\/www.notibras.com\/site\/wp-json\/wp\/v2\/categories?post=321973"},{"taxonomy":"post_tag","embeddable":true,"href":"https:\/\/www.notibras.com\/site\/wp-json\/wp\/v2\/tags?post=321973"}],"curies":[{"name":"wp","href":"https:\/\/api.w.org\/{rel}","templated":true}]}}