{"id":321979,"date":"2024-02-08T00:52:45","date_gmt":"2024-02-08T03:52:45","guid":{"rendered":"https:\/\/www.notibras.com\/site\/?p=321979"},"modified":"2024-02-08T02:54:25","modified_gmt":"2024-02-08T05:54:25","slug":"vem-ai-o-guia-para-uso-consciente-de-telas-por-adolescentes","status":"publish","type":"post","link":"https:\/\/www.notibras.com\/site\/vem-ai-o-guia-para-uso-consciente-de-telas-por-adolescentes\/","title":{"rendered":"Vem a\u00ed o guia para uso consciente de telas por adolescentes"},"content":{"rendered":"<p>O grupo de trabalho (GT) criado pelo governo federal para elaborar o guia para uso consciente de telas e dispositivos digitais por crian\u00e7as e adolescentes deve iniciar seus trabalhos em breve. A informa\u00e7\u00e3o foi dada pela coordenadora-geral de Educa\u00e7\u00e3o Midi\u00e1tica na Secretaria de Comunica\u00e7\u00e3o Social (Secom) da Presid\u00eancia da Rep\u00fablica, Mariana Filizola.<\/p>\n<p>\u201cDevemos lan\u00e7ar [o grupo] nos pr\u00f3ximos dias\u201d, disse Mariana, durante o evento Dia da Internet Segura, em S\u00e3o Paulo.<\/p>\n<p>O grupo, que foi criado no dia 5 de dezembro do ano passado, vai reunir especialistas de diversas \u00e1reas para criar uma publica\u00e7\u00e3o que oriente pais e educadores sobre o uso de telas por crian\u00e7as e adolescentes. A publica\u00e7\u00e3o tamb\u00e9m ter\u00e1 como base sugest\u00f5es apresentadas durante consulta p\u00fablica aberta em outubro do ano passado.<\/p>\n<p>\u201cNosso objetivo com esse grupo \u00e9 ouvir especialistas de diversas \u00e1reas para que, juntos, consigamos construir um guia sobre uso de telas para crian\u00e7as e adolescentes, especialmente de orienta\u00e7\u00e3o para os pais. Temos o objetivo de entregar [o guia] para a popula\u00e7\u00e3o at\u00e9 o final deste ano\u201d, acrescentou Mariana.<\/p>\n<p>Em publica\u00e7\u00e3o em rede social, o secret\u00e1rio de Pol\u00edticas Digitais da Secom, Jo\u00e3o Brant, confirmou que a frente de trabalho para a constru\u00e7\u00e3o desse guia ser\u00e1 lan\u00e7ada em breve. \u201cLan\u00e7amos tamb\u00e9m consulta p\u00fablica sobre o uso de telas e dispositivos por crian\u00e7as e adolescentes e teremos, em breve, uma frente de trabalho in\u00e9dita para a constru\u00e7\u00e3o de um guia nacional sobre o tema\u201d, disse Brant no X (antigo Twitter).<\/p>\n<p>Um dos temas que devem ser discutidos pelo grupo de trabalho \u00e9 o uso de telas de celulares nas escolas. \u201cA complexidade [desse tema] est\u00e1 muito em equilibrar o uso excessivo, que atrapalha o aprendizado, com o uso pedag\u00f3gico dessas tecnologias\u201d, disse Mariana.<\/p>\n<p>Enquanto o grupo de trabalho n\u00e3o define as diretrizes sobre o tema, algumas prefeituras v\u00eam decidindo proibir o uso de celulares nas escolas. \u00c9 o caso do Rio de Janeiro.<\/p>\n<p><strong>Preocupa\u00e7\u00e3o mundial<\/strong><br \/>\nO uso excessivo de telas, principalmente de celulares, vem gerando preocupa\u00e7\u00e3o em todo o mundo. O Brasil, por exemplo, \u00e9 um dos pa\u00edses em que as pessoas mais desperdi\u00e7am o tempo usando smartphones, telas e dispositivos eletr\u00f4nicos. Em m\u00e9dia, s\u00e3o nove horas di\u00e1rias de uso da internet, segundo levantamento recente da EletronicsHub. De acordo com a pesquisa, o pa\u00eds s\u00f3 perde para as Filipinas em tempo de uso de tela.<\/p>\n<p>No caso de crian\u00e7as e adolescentes, n\u00e3o \u00e9 diferente. A \u00faltima pesquisa TIC Kids Online, do Comit\u00ea Gestor da Internet no Brasil (CGI.br), mostrou que 95% das crian\u00e7as e adolescentes entre 9 e 17 anos de todo o pa\u00eds acessam a internet, o que corresponde a mais de 25,1 milh\u00f5es de pessoas nessa faixa et\u00e1ria. O estudo tamb\u00e9m mostrou que o primeiro contato com a internet costuma ocorrer muito cedo no Brasil: em 24% do total de casos, o primeiro acesso \u00e0 internet foi antes dos 6 anos de idade.<\/p>\n<p>Para a m\u00e9dica pediatra Evelyn Eisenstein, coordenadora da Rede ESSE Mundo Digital e do Centro de Estudos Integrados Inf\u00e2ncia Adolesc\u00eancia e Sa\u00fade, o uso precoce e excessivo de telas \u00e9 muito preocupante. Durante uma mesa que debateu o uso de telas por crian\u00e7as e adolescentes, Evelyan lembrou que a Sociedade Brasileira de Pediatria recomenda que nenhuma crian\u00e7a com idade abaixo de dois anos deveria ter contato com tela.<\/p>\n<p>J\u00e1 para crian\u00e7as entre 2 e 5 anos, ressaltou a m\u00e9dica, a recomenda\u00e7\u00e3o \u00e9 que o tempo de uso de tela deva ser limitado a, no m\u00e1ximo, uma hora por dia e, para crian\u00e7as entre 6 e 10 anos, de at\u00e9 duas horas di\u00e1rias. \u201cTodos os estudos cient\u00edficos afirmam que [uso de tela] acima de quatro ou cinco horas di\u00e1rias \u00e9 considerado uso excessivo e prolongado\u201d, disse ela, durante o evento Dia da Internet Segura.<\/p>\n<p>Evelyn alerta que \u00e9 preciso estabelecer limites sobre o uso de telas. Isso pode ser feito, disse ela, pedindo para as crian\u00e7as desconectarem o celular na hora das refei\u00e7\u00f5es e uma hora antes de dormir. Tamb\u00e9m \u00e9 importante que os pais ou respons\u00e1veis desenvolvam brincadeiras e atividades esportivas e culturais com as crian\u00e7as \u2013 e que n\u00e3o utilizem telas. \u201cA vitamina que prescrevo todos os dias para que as crian\u00e7as cres\u00e7am melhor \u00e9 A de amor, aten\u00e7\u00e3o e afeto ; B de brincar; C de conversar e cuidar; D de desconectar e vitamina E de exerc\u00edcios ao ar livre\u201d, disse a m\u00e9dica.<\/p>\n","protected":false},"excerpt":{"rendered":"<p>O grupo de trabalho (GT) criado pelo governo federal para elaborar o guia para uso consciente de telas e dispositivos digitais por crian\u00e7as e adolescentes deve iniciar seus trabalhos em breve. A informa\u00e7\u00e3o foi dada pela coordenadora-geral de Educa\u00e7\u00e3o Midi\u00e1tica na Secretaria de Comunica\u00e7\u00e3o Social (Secom) da Presid\u00eancia da Rep\u00fablica, Mariana Filizola. \u201cDevemos lan\u00e7ar [o [&hellip;]<\/p>\n","protected":false},"author":2,"featured_media":321980,"comment_status":"closed","ping_status":"closed","sticky":false,"template":"","format":"standard","meta":{"_acf_changed":false,"footnotes":""},"categories":[161],"tags":[],"class_list":["post-321979","post","type-post","status-publish","format-standard","has-post-thumbnail","hentry","category-quadradinho-em-foco"],"acf":[],"yoast_head":"<!-- This site is optimized with the Yoast SEO plugin v27.2 - https:\/\/yoast.com\/product\/yoast-seo-wordpress\/ -->\n<title>Vem a\u00ed o guia para uso consciente de telas por adolescentes - Notibras<\/title>\n<meta name=\"robots\" content=\"index, follow, max-snippet:-1, max-image-preview:large, max-video-preview:-1\" \/>\n<link rel=\"canonical\" href=\"https:\/\/www.notibras.com\/site\/vem-ai-o-guia-para-uso-consciente-de-telas-por-adolescentes\/\" \/>\n<meta property=\"og:locale\" content=\"pt_BR\" \/>\n<meta property=\"og:type\" content=\"article\" \/>\n<meta property=\"og:title\" content=\"Vem a\u00ed o guia para uso consciente de telas por adolescentes - Notibras\" \/>\n<meta property=\"og:description\" content=\"O grupo de trabalho (GT) criado pelo governo federal para elaborar o guia para uso consciente de telas e dispositivos digitais por crian\u00e7as e adolescentes deve iniciar seus trabalhos em breve. A informa\u00e7\u00e3o foi dada pela coordenadora-geral de Educa\u00e7\u00e3o Midi\u00e1tica na Secretaria de Comunica\u00e7\u00e3o Social (Secom) da Presid\u00eancia da Rep\u00fablica, Mariana Filizola. \u201cDevemos lan\u00e7ar [o [&hellip;]\" \/>\n<meta property=\"og:url\" content=\"https:\/\/www.notibras.com\/site\/vem-ai-o-guia-para-uso-consciente-de-telas-por-adolescentes\/\" \/>\n<meta property=\"og:site_name\" content=\"Notibras\" \/>\n<meta property=\"article:publisher\" content=\"https:\/\/www.facebook.com\/notibras\/\" \/>\n<meta property=\"article:published_time\" content=\"2024-02-08T03:52:45+00:00\" \/>\n<meta property=\"article:modified_time\" content=\"2024-02-08T05:54:25+00:00\" \/>\n<meta property=\"og:image\" content=\"https:\/\/www.notibras.com\/site\/wp-content\/uploads\/2024\/02\/cel.rede_.webp\" \/>\n\t<meta property=\"og:image:width\" content=\"1170\" \/>\n\t<meta property=\"og:image:height\" content=\"700\" \/>\n\t<meta property=\"og:image:type\" content=\"image\/webp\" \/>\n<meta name=\"author\" content=\"Reda\u00e7\u00e3o\" \/>\n<meta name=\"twitter:card\" content=\"summary_large_image\" \/>\n<meta name=\"twitter:creator\" content=\"@Notibras\" \/>\n<meta name=\"twitter:site\" content=\"@Notibras\" \/>\n<meta name=\"twitter:label1\" content=\"Escrito por\" \/>\n\t<meta name=\"twitter:data1\" content=\"Reda\u00e7\u00e3o\" \/>\n\t<meta name=\"twitter:label2\" content=\"Est. tempo de leitura\" \/>\n\t<meta name=\"twitter:data2\" content=\"4 minutos\" \/>\n<script type=\"application\/ld+json\" class=\"yoast-schema-graph\">{\"@context\":\"https:\/\/schema.org\",\"@graph\":[{\"@type\":\"Article\",\"@id\":\"https:\/\/www.notibras.com\/site\/vem-ai-o-guia-para-uso-consciente-de-telas-por-adolescentes\/#article\",\"isPartOf\":{\"@id\":\"https:\/\/www.notibras.com\/site\/vem-ai-o-guia-para-uso-consciente-de-telas-por-adolescentes\/\"},\"author\":{\"name\":\"Reda\u00e7\u00e3o\",\"@id\":\"https:\/\/www.notibras.com\/site\/#\/schema\/person\/36ab0979449956132d3e5b517ea76ac8\"},\"headline\":\"Vem a\u00ed o guia para uso consciente de telas por adolescentes\",\"datePublished\":\"2024-02-08T03:52:45+00:00\",\"dateModified\":\"2024-02-08T05:54:25+00:00\",\"mainEntityOfPage\":{\"@id\":\"https:\/\/www.notibras.com\/site\/vem-ai-o-guia-para-uso-consciente-de-telas-por-adolescentes\/\"},\"wordCount\":785,\"publisher\":{\"@id\":\"https:\/\/www.notibras.com\/site\/#organization\"},\"image\":{\"@id\":\"https:\/\/www.notibras.com\/site\/vem-ai-o-guia-para-uso-consciente-de-telas-por-adolescentes\/#primaryimage\"},\"thumbnailUrl\":\"https:\/\/www.notibras.com\/site\/wp-content\/uploads\/2024\/02\/cel.rede_.webp\",\"articleSection\":[\"Quadradinho em Foco\"],\"inLanguage\":\"pt-BR\"},{\"@type\":\"WebPage\",\"@id\":\"https:\/\/www.notibras.com\/site\/vem-ai-o-guia-para-uso-consciente-de-telas-por-adolescentes\/\",\"url\":\"https:\/\/www.notibras.com\/site\/vem-ai-o-guia-para-uso-consciente-de-telas-por-adolescentes\/\",\"name\":\"Vem a\u00ed o guia para uso consciente de telas por adolescentes - Notibras\",\"isPartOf\":{\"@id\":\"https:\/\/www.notibras.com\/site\/#website\"},\"primaryImageOfPage\":{\"@id\":\"https:\/\/www.notibras.com\/site\/vem-ai-o-guia-para-uso-consciente-de-telas-por-adolescentes\/#primaryimage\"},\"image\":{\"@id\":\"https:\/\/www.notibras.com\/site\/vem-ai-o-guia-para-uso-consciente-de-telas-por-adolescentes\/#primaryimage\"},\"thumbnailUrl\":\"https:\/\/www.notibras.com\/site\/wp-content\/uploads\/2024\/02\/cel.rede_.webp\",\"datePublished\":\"2024-02-08T03:52:45+00:00\",\"dateModified\":\"2024-02-08T05:54:25+00:00\",\"breadcrumb\":{\"@id\":\"https:\/\/www.notibras.com\/site\/vem-ai-o-guia-para-uso-consciente-de-telas-por-adolescentes\/#breadcrumb\"},\"inLanguage\":\"pt-BR\",\"potentialAction\":[{\"@type\":\"ReadAction\",\"target\":[\"https:\/\/www.notibras.com\/site\/vem-ai-o-guia-para-uso-consciente-de-telas-por-adolescentes\/\"]}]},{\"@type\":\"ImageObject\",\"inLanguage\":\"pt-BR\",\"@id\":\"https:\/\/www.notibras.com\/site\/vem-ai-o-guia-para-uso-consciente-de-telas-por-adolescentes\/#primaryimage\",\"url\":\"https:\/\/www.notibras.com\/site\/wp-content\/uploads\/2024\/02\/cel.rede_.webp\",\"contentUrl\":\"https:\/\/www.notibras.com\/site\/wp-content\/uploads\/2024\/02\/cel.rede_.webp\",\"width\":1170,\"height\":700},{\"@type\":\"BreadcrumbList\",\"@id\":\"https:\/\/www.notibras.com\/site\/vem-ai-o-guia-para-uso-consciente-de-telas-por-adolescentes\/#breadcrumb\",\"itemListElement\":[{\"@type\":\"ListItem\",\"position\":1,\"name\":\"In\u00edcio\",\"item\":\"https:\/\/www.notibras.com\/site\/\"},{\"@type\":\"ListItem\",\"position\":2,\"name\":\"Vem a\u00ed o guia para uso consciente de telas por adolescentes\"}]},{\"@type\":\"WebSite\",\"@id\":\"https:\/\/www.notibras.com\/site\/#website\",\"url\":\"https:\/\/www.notibras.com\/site\/\",\"name\":\"Notibras\",\"description\":\"Not\u00edcias de Bras\u00edlia, do Brasil e do Mundo\",\"publisher\":{\"@id\":\"https:\/\/www.notibras.com\/site\/#organization\"},\"potentialAction\":[{\"@type\":\"SearchAction\",\"target\":{\"@type\":\"EntryPoint\",\"urlTemplate\":\"https:\/\/www.notibras.com\/site\/?s={search_term_string}\"},\"query-input\":{\"@type\":\"PropertyValueSpecification\",\"valueRequired\":true,\"valueName\":\"search_term_string\"}}],\"inLanguage\":\"pt-BR\"},{\"@type\":\"Organization\",\"@id\":\"https:\/\/www.notibras.com\/site\/#organization\",\"name\":\"Grupo Notibras de Comunica\u00e7\u00e3o\",\"url\":\"https:\/\/www.notibras.com\/site\/\",\"logo\":{\"@type\":\"ImageObject\",\"inLanguage\":\"pt-BR\",\"@id\":\"https:\/\/www.notibras.com\/site\/#\/schema\/logo\/image\/\",\"url\":\"https:\/\/www.notibras.com\/site\/wp-content\/uploads\/2023\/01\/notibras23.png\",\"contentUrl\":\"https:\/\/www.notibras.com\/site\/wp-content\/uploads\/2023\/01\/notibras23.png\",\"width\":350,\"height\":87,\"caption\":\"Grupo Notibras de Comunica\u00e7\u00e3o\"},\"image\":{\"@id\":\"https:\/\/www.notibras.com\/site\/#\/schema\/logo\/image\/\"},\"sameAs\":[\"https:\/\/www.facebook.com\/notibras\/\",\"https:\/\/x.com\/Notibras\",\"https:\/\/www.instagram.com\/notibras\/\"]},{\"@type\":\"Person\",\"@id\":\"https:\/\/www.notibras.com\/site\/#\/schema\/person\/36ab0979449956132d3e5b517ea76ac8\",\"name\":\"Reda\u00e7\u00e3o\",\"image\":{\"@type\":\"ImageObject\",\"inLanguage\":\"pt-BR\",\"@id\":\"https:\/\/secure.gravatar.com\/avatar\/e0a867bdedb85fd243eadf09663511f96fc81e0720a4a42581f334ad4303aa6b?s=96&d=mm&r=g\",\"url\":\"https:\/\/secure.gravatar.com\/avatar\/e0a867bdedb85fd243eadf09663511f96fc81e0720a4a42581f334ad4303aa6b?s=96&d=mm&r=g\",\"contentUrl\":\"https:\/\/secure.gravatar.com\/avatar\/e0a867bdedb85fd243eadf09663511f96fc81e0720a4a42581f334ad4303aa6b?s=96&d=mm&r=g\",\"caption\":\"Reda\u00e7\u00e3o\"}}]}<\/script>\n<!-- \/ Yoast SEO plugin. -->","yoast_head_json":{"title":"Vem a\u00ed o guia para uso consciente de telas por adolescentes - Notibras","robots":{"index":"index","follow":"follow","max-snippet":"max-snippet:-1","max-image-preview":"max-image-preview:large","max-video-preview":"max-video-preview:-1"},"canonical":"https:\/\/www.notibras.com\/site\/vem-ai-o-guia-para-uso-consciente-de-telas-por-adolescentes\/","og_locale":"pt_BR","og_type":"article","og_title":"Vem a\u00ed o guia para uso consciente de telas por adolescentes - Notibras","og_description":"O grupo de trabalho (GT) criado pelo governo federal para elaborar o guia para uso consciente de telas e dispositivos digitais por crian\u00e7as e adolescentes deve iniciar seus trabalhos em breve. A informa\u00e7\u00e3o foi dada pela coordenadora-geral de Educa\u00e7\u00e3o Midi\u00e1tica na Secretaria de Comunica\u00e7\u00e3o Social (Secom) da Presid\u00eancia da Rep\u00fablica, Mariana Filizola. \u201cDevemos lan\u00e7ar [o [&hellip;]","og_url":"https:\/\/www.notibras.com\/site\/vem-ai-o-guia-para-uso-consciente-de-telas-por-adolescentes\/","og_site_name":"Notibras","article_publisher":"https:\/\/www.facebook.com\/notibras\/","article_published_time":"2024-02-08T03:52:45+00:00","article_modified_time":"2024-02-08T05:54:25+00:00","og_image":[{"width":1170,"height":700,"url":"https:\/\/www.notibras.com\/site\/wp-content\/uploads\/2024\/02\/cel.rede_.webp","type":"image\/webp"}],"author":"Reda\u00e7\u00e3o","twitter_card":"summary_large_image","twitter_creator":"@Notibras","twitter_site":"@Notibras","twitter_misc":{"Escrito por":"Reda\u00e7\u00e3o","Est. tempo de leitura":"4 minutos"},"schema":{"@context":"https:\/\/schema.org","@graph":[{"@type":"Article","@id":"https:\/\/www.notibras.com\/site\/vem-ai-o-guia-para-uso-consciente-de-telas-por-adolescentes\/#article","isPartOf":{"@id":"https:\/\/www.notibras.com\/site\/vem-ai-o-guia-para-uso-consciente-de-telas-por-adolescentes\/"},"author":{"name":"Reda\u00e7\u00e3o","@id":"https:\/\/www.notibras.com\/site\/#\/schema\/person\/36ab0979449956132d3e5b517ea76ac8"},"headline":"Vem a\u00ed o guia para uso consciente de telas por adolescentes","datePublished":"2024-02-08T03:52:45+00:00","dateModified":"2024-02-08T05:54:25+00:00","mainEntityOfPage":{"@id":"https:\/\/www.notibras.com\/site\/vem-ai-o-guia-para-uso-consciente-de-telas-por-adolescentes\/"},"wordCount":785,"publisher":{"@id":"https:\/\/www.notibras.com\/site\/#organization"},"image":{"@id":"https:\/\/www.notibras.com\/site\/vem-ai-o-guia-para-uso-consciente-de-telas-por-adolescentes\/#primaryimage"},"thumbnailUrl":"https:\/\/www.notibras.com\/site\/wp-content\/uploads\/2024\/02\/cel.rede_.webp","articleSection":["Quadradinho em Foco"],"inLanguage":"pt-BR"},{"@type":"WebPage","@id":"https:\/\/www.notibras.com\/site\/vem-ai-o-guia-para-uso-consciente-de-telas-por-adolescentes\/","url":"https:\/\/www.notibras.com\/site\/vem-ai-o-guia-para-uso-consciente-de-telas-por-adolescentes\/","name":"Vem a\u00ed o guia para uso consciente de telas por adolescentes - Notibras","isPartOf":{"@id":"https:\/\/www.notibras.com\/site\/#website"},"primaryImageOfPage":{"@id":"https:\/\/www.notibras.com\/site\/vem-ai-o-guia-para-uso-consciente-de-telas-por-adolescentes\/#primaryimage"},"image":{"@id":"https:\/\/www.notibras.com\/site\/vem-ai-o-guia-para-uso-consciente-de-telas-por-adolescentes\/#primaryimage"},"thumbnailUrl":"https:\/\/www.notibras.com\/site\/wp-content\/uploads\/2024\/02\/cel.rede_.webp","datePublished":"2024-02-08T03:52:45+00:00","dateModified":"2024-02-08T05:54:25+00:00","breadcrumb":{"@id":"https:\/\/www.notibras.com\/site\/vem-ai-o-guia-para-uso-consciente-de-telas-por-adolescentes\/#breadcrumb"},"inLanguage":"pt-BR","potentialAction":[{"@type":"ReadAction","target":["https:\/\/www.notibras.com\/site\/vem-ai-o-guia-para-uso-consciente-de-telas-por-adolescentes\/"]}]},{"@type":"ImageObject","inLanguage":"pt-BR","@id":"https:\/\/www.notibras.com\/site\/vem-ai-o-guia-para-uso-consciente-de-telas-por-adolescentes\/#primaryimage","url":"https:\/\/www.notibras.com\/site\/wp-content\/uploads\/2024\/02\/cel.rede_.webp","contentUrl":"https:\/\/www.notibras.com\/site\/wp-content\/uploads\/2024\/02\/cel.rede_.webp","width":1170,"height":700},{"@type":"BreadcrumbList","@id":"https:\/\/www.notibras.com\/site\/vem-ai-o-guia-para-uso-consciente-de-telas-por-adolescentes\/#breadcrumb","itemListElement":[{"@type":"ListItem","position":1,"name":"In\u00edcio","item":"https:\/\/www.notibras.com\/site\/"},{"@type":"ListItem","position":2,"name":"Vem a\u00ed o guia para uso consciente de telas por adolescentes"}]},{"@type":"WebSite","@id":"https:\/\/www.notibras.com\/site\/#website","url":"https:\/\/www.notibras.com\/site\/","name":"Notibras","description":"Not\u00edcias de Bras\u00edlia, do Brasil e do Mundo","publisher":{"@id":"https:\/\/www.notibras.com\/site\/#organization"},"potentialAction":[{"@type":"SearchAction","target":{"@type":"EntryPoint","urlTemplate":"https:\/\/www.notibras.com\/site\/?s={search_term_string}"},"query-input":{"@type":"PropertyValueSpecification","valueRequired":true,"valueName":"search_term_string"}}],"inLanguage":"pt-BR"},{"@type":"Organization","@id":"https:\/\/www.notibras.com\/site\/#organization","name":"Grupo Notibras de Comunica\u00e7\u00e3o","url":"https:\/\/www.notibras.com\/site\/","logo":{"@type":"ImageObject","inLanguage":"pt-BR","@id":"https:\/\/www.notibras.com\/site\/#\/schema\/logo\/image\/","url":"https:\/\/www.notibras.com\/site\/wp-content\/uploads\/2023\/01\/notibras23.png","contentUrl":"https:\/\/www.notibras.com\/site\/wp-content\/uploads\/2023\/01\/notibras23.png","width":350,"height":87,"caption":"Grupo Notibras de Comunica\u00e7\u00e3o"},"image":{"@id":"https:\/\/www.notibras.com\/site\/#\/schema\/logo\/image\/"},"sameAs":["https:\/\/www.facebook.com\/notibras\/","https:\/\/x.com\/Notibras","https:\/\/www.instagram.com\/notibras\/"]},{"@type":"Person","@id":"https:\/\/www.notibras.com\/site\/#\/schema\/person\/36ab0979449956132d3e5b517ea76ac8","name":"Reda\u00e7\u00e3o","image":{"@type":"ImageObject","inLanguage":"pt-BR","@id":"https:\/\/secure.gravatar.com\/avatar\/e0a867bdedb85fd243eadf09663511f96fc81e0720a4a42581f334ad4303aa6b?s=96&d=mm&r=g","url":"https:\/\/secure.gravatar.com\/avatar\/e0a867bdedb85fd243eadf09663511f96fc81e0720a4a42581f334ad4303aa6b?s=96&d=mm&r=g","contentUrl":"https:\/\/secure.gravatar.com\/avatar\/e0a867bdedb85fd243eadf09663511f96fc81e0720a4a42581f334ad4303aa6b?s=96&d=mm&r=g","caption":"Reda\u00e7\u00e3o"}}]}},"amp_enabled":true,"_links":{"self":[{"href":"https:\/\/www.notibras.com\/site\/wp-json\/wp\/v2\/posts\/321979","targetHints":{"allow":["GET"]}}],"collection":[{"href":"https:\/\/www.notibras.com\/site\/wp-json\/wp\/v2\/posts"}],"about":[{"href":"https:\/\/www.notibras.com\/site\/wp-json\/wp\/v2\/types\/post"}],"author":[{"embeddable":true,"href":"https:\/\/www.notibras.com\/site\/wp-json\/wp\/v2\/users\/2"}],"replies":[{"embeddable":true,"href":"https:\/\/www.notibras.com\/site\/wp-json\/wp\/v2\/comments?post=321979"}],"version-history":[{"count":1,"href":"https:\/\/www.notibras.com\/site\/wp-json\/wp\/v2\/posts\/321979\/revisions"}],"predecessor-version":[{"id":321981,"href":"https:\/\/www.notibras.com\/site\/wp-json\/wp\/v2\/posts\/321979\/revisions\/321981"}],"wp:featuredmedia":[{"embeddable":true,"href":"https:\/\/www.notibras.com\/site\/wp-json\/wp\/v2\/media\/321980"}],"wp:attachment":[{"href":"https:\/\/www.notibras.com\/site\/wp-json\/wp\/v2\/media?parent=321979"}],"wp:term":[{"taxonomy":"category","embeddable":true,"href":"https:\/\/www.notibras.com\/site\/wp-json\/wp\/v2\/categories?post=321979"},{"taxonomy":"post_tag","embeddable":true,"href":"https:\/\/www.notibras.com\/site\/wp-json\/wp\/v2\/tags?post=321979"}],"curies":[{"name":"wp","href":"https:\/\/api.w.org\/{rel}","templated":true}]}}