{"id":322021,"date":"2024-02-09T08:10:08","date_gmt":"2024-02-09T11:10:08","guid":{"rendered":"https:\/\/www.notibras.com\/site\/?p=322021"},"modified":"2024-02-09T08:10:08","modified_gmt":"2024-02-09T11:10:08","slug":"prf-da-dicas-de-seguranca-para-quem-vai-pegar-a-estrada","status":"publish","type":"post","link":"https:\/\/www.notibras.com\/site\/prf-da-dicas-de-seguranca-para-quem-vai-pegar-a-estrada\/","title":{"rendered":"PRF d\u00e1 dicas de seguran\u00e7a para quem vai pegar a estrada"},"content":{"rendered":"<p>Prestes a iniciar a Opera\u00e7\u00e3o Carnaval 2024,a Pol\u00edcia Rodovi\u00e1ria Federal divulgou uma s\u00e9rie de dicas de seguran\u00e7a para quem vai pegar a estrada durante os dias de folia.<\/p>\n<p>A corpora\u00e7\u00e3o pede que o condutor planeje a viagem e fa\u00e7a a revis\u00e3o do ve\u00edculo. \u201c\u00c9 fundamental verificar a presen\u00e7a e o funcionamento de todos os equipamentos obrigat\u00f3rios. Verifique tamb\u00e9m a documenta\u00e7\u00e3o do ve\u00edculo e do condutor\u201d.<\/p>\n<p>Outra orienta\u00e7\u00e3o \u00e9 que todos os ocupantes do ve\u00edculo estejam com documento de identifica\u00e7\u00e3o, inclusive crian\u00e7as e adolescentes.<\/p>\n<p>\u201cRespeite os limites de velocidade estabelecidos para a via e obede\u00e7a \u00e0s placas de sinaliza\u00e7\u00e3o. Onde n\u00e3o existir sinaliza\u00e7\u00e3o ou se ela estiver prejudicada, mantenha velocidade compat\u00edvel com as condi\u00e7\u00f5es da via. Quanto maior a velocidade, maior o risco e mais graves os acidentes.\u201d<\/p>\n<p><strong>Cinto e cadeirinha<\/strong><br \/>\nA PRF refor\u00e7a que condutor e passageiros devem utilizar o cinto de seguran\u00e7a, sendo que crian\u00e7as menores de 7 anos e meio devem utilizar equipamento obrigat\u00f3rio compat\u00edvel \u2013 beb\u00ea conforto, cadeirinha ou assento de eleva\u00e7\u00e3o.<\/p>\n<p>\u201cEm caso de autua\u00e7\u00e3o, o condutor ser\u00e1 penalizado e o ve\u00edculo ficar\u00e1 retido at\u00e9 a regulariza\u00e7\u00e3o da infra\u00e7\u00e3o\u201d, alertou.<\/p>\n<p><strong>Ultrapassagens<\/strong><br \/>\nA corpora\u00e7\u00e3o pede que o motorista ultrapasse sempre pela esquerda e somente em locais permitidos, principalmente onde haja todas as condi\u00e7\u00f5es necess\u00e1rias para execu\u00e7\u00e3o da manobra com seguran\u00e7a.<\/p>\n<p>Antes de iniciar uma ultrapassagem, a orienta\u00e7\u00e3o \u00e9 certificar-se da dist\u00e2ncia e da visibilidade do ve\u00edculo que pretende ultrapassar e dos que v\u00eam em sentido contr\u00e1rio. Se outro ve\u00edculo estiver ultrapassando ou tiver sinalizado a inten\u00e7\u00e3o de faz\u00ea-lo, d\u00ea a prefer\u00eancia e aguarde.<\/p>\n<p>\u201cSinalize toda a manobra com anteced\u00eancia. Redobre a aten\u00e7\u00e3o ao ultrapassar \u00f4nibus e caminh\u00f5es. Por se tratar de ve\u00edculos grandes e pesados, \u00e9 preciso se certificar de que h\u00e1 espa\u00e7o suficiente para realizar uma ultrapassagem segura e, ao ser ultrapassado, n\u00e3o acelere, n\u00e3o mude a trajet\u00f3ria do ve\u00edculo e mantenha dist\u00e2ncia segura do ve\u00edculo \u00e0 frente.\u201d<\/p>\n<p><strong>Chuva<\/strong><br \/>\nCaso chova durante a viagem, a orienta\u00e7\u00e3o \u00e9 acionar os limpadores de para-brisa, diminuir a velocidade e aumentar a dist\u00e2ncia em rela\u00e7\u00e3o ao ve\u00edculo que segue \u00e0 frente. \u201cEvite estacionar no acostamento, caso tenha que parar, procure um local seguro afastado da pista de rolamento\u201d.<\/p>\n<p><strong>Motocicletas<\/strong><br \/>\nOcupantes de motocicletas devem sempre usar o capacete. A PRF refor\u00e7a ainda que eles mantenham dist\u00e2ncia das laterais traseiras dos ve\u00edculos, eliminando assim o chamado ponto cego.<\/p>\n<p>\u201cAntes de mudar de faixa de rolamento, use os retrovisores. N\u00e3o trafegue pr\u00f3ximo a caminh\u00f5es. O deslocamento de ar produzido por esses ve\u00edculos pode desestabilizar a motocicleta. Sempre circule com o farol ligado, para facilitar a visualiza\u00e7\u00e3o da motocicleta pelos pedestres e pelos ve\u00edculos que est\u00e3o no sentido contr\u00e1rio.\u201d<\/p>\n<p><strong>Outras orienta\u00e7\u00f5es<\/strong><br \/>\nA PRF lembra que o motorista deve manter uma dist\u00e2ncia segura do ve\u00edculo que vai \u00e0 frente, a fim de se evitar colis\u00f5es traseiras \u2013 tipo de acidente que mais tem sido registrado no pa\u00eds \u2013 nos casos de freadas bruscas.<\/p>\n<p>\u201cCuidado com os pedestres, principalmente em per\u00edmetros urbanos cortados por rodovias. Redobre a aten\u00e7\u00e3o e reduza a velocidade sempre que verificar a presen\u00e7a de pedestres nos acostamentos e \u00e0s margens das rodovias\u201d.<\/p>\n<p>\u201cTrafegue sempre com os far\u00f3is acesos, mesmo durante o dia. Isso aumenta a visibilidade aos demais condutores e, principalmente, aos pedestres, al\u00e9m de melhorar a percep\u00e7\u00e3o de dist\u00e2ncia aproximada\u201d.<\/p>\n<p>A corpora\u00e7\u00e3o destaca que \u00e9 importante levar \u00e1gua, frutas e alimentos n\u00e3o perec\u00edveis no interior do ve\u00edculo, para situa\u00e7\u00f5es inesperadas como congestionamentos e interdi\u00e7\u00f5es de pista.<\/p>\n","protected":false},"excerpt":{"rendered":"<p>Prestes a iniciar a Opera\u00e7\u00e3o Carnaval 2024,a Pol\u00edcia Rodovi\u00e1ria Federal divulgou uma s\u00e9rie de dicas de seguran\u00e7a para quem vai pegar a estrada durante os dias de folia. A corpora\u00e7\u00e3o pede que o condutor planeje a viagem e fa\u00e7a a revis\u00e3o do ve\u00edculo. \u201c\u00c9 fundamental verificar a presen\u00e7a e o funcionamento de todos os equipamentos [&hellip;]<\/p>\n","protected":false},"author":2,"featured_media":322022,"comment_status":"closed","ping_status":"closed","sticky":false,"template":"","format":"standard","meta":{"_acf_changed":false,"footnotes":""},"categories":[161],"tags":[],"class_list":["post-322021","post","type-post","status-publish","format-standard","has-post-thumbnail","hentry","category-quadradinho-em-foco"],"acf":[],"yoast_head":"<!-- This site is optimized with the Yoast SEO plugin v27.2 - https:\/\/yoast.com\/product\/yoast-seo-wordpress\/ -->\n<title>PRF d\u00e1 dicas de seguran\u00e7a para quem vai pegar a estrada - Notibras<\/title>\n<meta name=\"robots\" content=\"index, follow, max-snippet:-1, max-image-preview:large, max-video-preview:-1\" \/>\n<link rel=\"canonical\" href=\"https:\/\/www.notibras.com\/site\/prf-da-dicas-de-seguranca-para-quem-vai-pegar-a-estrada\/\" \/>\n<meta property=\"og:locale\" content=\"pt_BR\" \/>\n<meta property=\"og:type\" content=\"article\" \/>\n<meta property=\"og:title\" content=\"PRF d\u00e1 dicas de seguran\u00e7a para quem vai pegar a estrada - Notibras\" \/>\n<meta property=\"og:description\" content=\"Prestes a iniciar a Opera\u00e7\u00e3o Carnaval 2024,a Pol\u00edcia Rodovi\u00e1ria Federal divulgou uma s\u00e9rie de dicas de seguran\u00e7a para quem vai pegar a estrada durante os dias de folia. A corpora\u00e7\u00e3o pede que o condutor planeje a viagem e fa\u00e7a a revis\u00e3o do ve\u00edculo. \u201c\u00c9 fundamental verificar a presen\u00e7a e o funcionamento de todos os equipamentos [&hellip;]\" \/>\n<meta property=\"og:url\" content=\"https:\/\/www.notibras.com\/site\/prf-da-dicas-de-seguranca-para-quem-vai-pegar-a-estrada\/\" \/>\n<meta property=\"og:site_name\" content=\"Notibras\" \/>\n<meta property=\"article:publisher\" content=\"https:\/\/www.facebook.com\/notibras\/\" \/>\n<meta property=\"article:published_time\" content=\"2024-02-09T11:10:08+00:00\" \/>\n<meta property=\"og:image\" content=\"https:\/\/www.notibras.com\/site\/wp-content\/uploads\/2024\/02\/carnadicasseg.webp\" \/>\n\t<meta property=\"og:image:width\" content=\"1170\" \/>\n\t<meta property=\"og:image:height\" content=\"700\" \/>\n\t<meta property=\"og:image:type\" content=\"image\/webp\" \/>\n<meta name=\"author\" content=\"Reda\u00e7\u00e3o\" \/>\n<meta name=\"twitter:card\" content=\"summary_large_image\" \/>\n<meta name=\"twitter:creator\" content=\"@Notibras\" \/>\n<meta name=\"twitter:site\" content=\"@Notibras\" \/>\n<meta name=\"twitter:label1\" content=\"Escrito por\" \/>\n\t<meta name=\"twitter:data1\" content=\"Reda\u00e7\u00e3o\" \/>\n\t<meta name=\"twitter:label2\" content=\"Est. tempo de leitura\" \/>\n\t<meta name=\"twitter:data2\" content=\"4 minutos\" \/>\n<script type=\"application\/ld+json\" class=\"yoast-schema-graph\">{\"@context\":\"https:\/\/schema.org\",\"@graph\":[{\"@type\":\"Article\",\"@id\":\"https:\/\/www.notibras.com\/site\/prf-da-dicas-de-seguranca-para-quem-vai-pegar-a-estrada\/#article\",\"isPartOf\":{\"@id\":\"https:\/\/www.notibras.com\/site\/prf-da-dicas-de-seguranca-para-quem-vai-pegar-a-estrada\/\"},\"author\":{\"name\":\"Reda\u00e7\u00e3o\",\"@id\":\"https:\/\/www.notibras.com\/site\/#\/schema\/person\/36ab0979449956132d3e5b517ea76ac8\"},\"headline\":\"PRF d\u00e1 dicas de seguran\u00e7a para quem vai pegar a estrada\",\"datePublished\":\"2024-02-09T11:10:08+00:00\",\"mainEntityOfPage\":{\"@id\":\"https:\/\/www.notibras.com\/site\/prf-da-dicas-de-seguranca-para-quem-vai-pegar-a-estrada\/\"},\"wordCount\":656,\"publisher\":{\"@id\":\"https:\/\/www.notibras.com\/site\/#organization\"},\"image\":{\"@id\":\"https:\/\/www.notibras.com\/site\/prf-da-dicas-de-seguranca-para-quem-vai-pegar-a-estrada\/#primaryimage\"},\"thumbnailUrl\":\"https:\/\/www.notibras.com\/site\/wp-content\/uploads\/2024\/02\/carnadicasseg.webp\",\"articleSection\":[\"Quadradinho em Foco\"],\"inLanguage\":\"pt-BR\"},{\"@type\":\"WebPage\",\"@id\":\"https:\/\/www.notibras.com\/site\/prf-da-dicas-de-seguranca-para-quem-vai-pegar-a-estrada\/\",\"url\":\"https:\/\/www.notibras.com\/site\/prf-da-dicas-de-seguranca-para-quem-vai-pegar-a-estrada\/\",\"name\":\"PRF d\u00e1 dicas de seguran\u00e7a para quem vai pegar a estrada - Notibras\",\"isPartOf\":{\"@id\":\"https:\/\/www.notibras.com\/site\/#website\"},\"primaryImageOfPage\":{\"@id\":\"https:\/\/www.notibras.com\/site\/prf-da-dicas-de-seguranca-para-quem-vai-pegar-a-estrada\/#primaryimage\"},\"image\":{\"@id\":\"https:\/\/www.notibras.com\/site\/prf-da-dicas-de-seguranca-para-quem-vai-pegar-a-estrada\/#primaryimage\"},\"thumbnailUrl\":\"https:\/\/www.notibras.com\/site\/wp-content\/uploads\/2024\/02\/carnadicasseg.webp\",\"datePublished\":\"2024-02-09T11:10:08+00:00\",\"breadcrumb\":{\"@id\":\"https:\/\/www.notibras.com\/site\/prf-da-dicas-de-seguranca-para-quem-vai-pegar-a-estrada\/#breadcrumb\"},\"inLanguage\":\"pt-BR\",\"potentialAction\":[{\"@type\":\"ReadAction\",\"target\":[\"https:\/\/www.notibras.com\/site\/prf-da-dicas-de-seguranca-para-quem-vai-pegar-a-estrada\/\"]}]},{\"@type\":\"ImageObject\",\"inLanguage\":\"pt-BR\",\"@id\":\"https:\/\/www.notibras.com\/site\/prf-da-dicas-de-seguranca-para-quem-vai-pegar-a-estrada\/#primaryimage\",\"url\":\"https:\/\/www.notibras.com\/site\/wp-content\/uploads\/2024\/02\/carnadicasseg.webp\",\"contentUrl\":\"https:\/\/www.notibras.com\/site\/wp-content\/uploads\/2024\/02\/carnadicasseg.webp\",\"width\":1170,\"height\":700},{\"@type\":\"BreadcrumbList\",\"@id\":\"https:\/\/www.notibras.com\/site\/prf-da-dicas-de-seguranca-para-quem-vai-pegar-a-estrada\/#breadcrumb\",\"itemListElement\":[{\"@type\":\"ListItem\",\"position\":1,\"name\":\"In\u00edcio\",\"item\":\"https:\/\/www.notibras.com\/site\/\"},{\"@type\":\"ListItem\",\"position\":2,\"name\":\"PRF d\u00e1 dicas de seguran\u00e7a para quem vai pegar a estrada\"}]},{\"@type\":\"WebSite\",\"@id\":\"https:\/\/www.notibras.com\/site\/#website\",\"url\":\"https:\/\/www.notibras.com\/site\/\",\"name\":\"Notibras\",\"description\":\"Not\u00edcias de Bras\u00edlia, do Brasil e do Mundo\",\"publisher\":{\"@id\":\"https:\/\/www.notibras.com\/site\/#organization\"},\"potentialAction\":[{\"@type\":\"SearchAction\",\"target\":{\"@type\":\"EntryPoint\",\"urlTemplate\":\"https:\/\/www.notibras.com\/site\/?s={search_term_string}\"},\"query-input\":{\"@type\":\"PropertyValueSpecification\",\"valueRequired\":true,\"valueName\":\"search_term_string\"}}],\"inLanguage\":\"pt-BR\"},{\"@type\":\"Organization\",\"@id\":\"https:\/\/www.notibras.com\/site\/#organization\",\"name\":\"Grupo Notibras de Comunica\u00e7\u00e3o\",\"url\":\"https:\/\/www.notibras.com\/site\/\",\"logo\":{\"@type\":\"ImageObject\",\"inLanguage\":\"pt-BR\",\"@id\":\"https:\/\/www.notibras.com\/site\/#\/schema\/logo\/image\/\",\"url\":\"https:\/\/www.notibras.com\/site\/wp-content\/uploads\/2023\/01\/notibras23.png\",\"contentUrl\":\"https:\/\/www.notibras.com\/site\/wp-content\/uploads\/2023\/01\/notibras23.png\",\"width\":350,\"height\":87,\"caption\":\"Grupo Notibras de Comunica\u00e7\u00e3o\"},\"image\":{\"@id\":\"https:\/\/www.notibras.com\/site\/#\/schema\/logo\/image\/\"},\"sameAs\":[\"https:\/\/www.facebook.com\/notibras\/\",\"https:\/\/x.com\/Notibras\",\"https:\/\/www.instagram.com\/notibras\/\"]},{\"@type\":\"Person\",\"@id\":\"https:\/\/www.notibras.com\/site\/#\/schema\/person\/36ab0979449956132d3e5b517ea76ac8\",\"name\":\"Reda\u00e7\u00e3o\",\"image\":{\"@type\":\"ImageObject\",\"inLanguage\":\"pt-BR\",\"@id\":\"https:\/\/secure.gravatar.com\/avatar\/e0a867bdedb85fd243eadf09663511f96fc81e0720a4a42581f334ad4303aa6b?s=96&d=mm&r=g\",\"url\":\"https:\/\/secure.gravatar.com\/avatar\/e0a867bdedb85fd243eadf09663511f96fc81e0720a4a42581f334ad4303aa6b?s=96&d=mm&r=g\",\"contentUrl\":\"https:\/\/secure.gravatar.com\/avatar\/e0a867bdedb85fd243eadf09663511f96fc81e0720a4a42581f334ad4303aa6b?s=96&d=mm&r=g\",\"caption\":\"Reda\u00e7\u00e3o\"}}]}<\/script>\n<!-- \/ Yoast SEO plugin. -->","yoast_head_json":{"title":"PRF d\u00e1 dicas de seguran\u00e7a para quem vai pegar a estrada - Notibras","robots":{"index":"index","follow":"follow","max-snippet":"max-snippet:-1","max-image-preview":"max-image-preview:large","max-video-preview":"max-video-preview:-1"},"canonical":"https:\/\/www.notibras.com\/site\/prf-da-dicas-de-seguranca-para-quem-vai-pegar-a-estrada\/","og_locale":"pt_BR","og_type":"article","og_title":"PRF d\u00e1 dicas de seguran\u00e7a para quem vai pegar a estrada - Notibras","og_description":"Prestes a iniciar a Opera\u00e7\u00e3o Carnaval 2024,a Pol\u00edcia Rodovi\u00e1ria Federal divulgou uma s\u00e9rie de dicas de seguran\u00e7a para quem vai pegar a estrada durante os dias de folia. A corpora\u00e7\u00e3o pede que o condutor planeje a viagem e fa\u00e7a a revis\u00e3o do ve\u00edculo. \u201c\u00c9 fundamental verificar a presen\u00e7a e o funcionamento de todos os equipamentos [&hellip;]","og_url":"https:\/\/www.notibras.com\/site\/prf-da-dicas-de-seguranca-para-quem-vai-pegar-a-estrada\/","og_site_name":"Notibras","article_publisher":"https:\/\/www.facebook.com\/notibras\/","article_published_time":"2024-02-09T11:10:08+00:00","og_image":[{"width":1170,"height":700,"url":"https:\/\/www.notibras.com\/site\/wp-content\/uploads\/2024\/02\/carnadicasseg.webp","type":"image\/webp"}],"author":"Reda\u00e7\u00e3o","twitter_card":"summary_large_image","twitter_creator":"@Notibras","twitter_site":"@Notibras","twitter_misc":{"Escrito por":"Reda\u00e7\u00e3o","Est. tempo de leitura":"4 minutos"},"schema":{"@context":"https:\/\/schema.org","@graph":[{"@type":"Article","@id":"https:\/\/www.notibras.com\/site\/prf-da-dicas-de-seguranca-para-quem-vai-pegar-a-estrada\/#article","isPartOf":{"@id":"https:\/\/www.notibras.com\/site\/prf-da-dicas-de-seguranca-para-quem-vai-pegar-a-estrada\/"},"author":{"name":"Reda\u00e7\u00e3o","@id":"https:\/\/www.notibras.com\/site\/#\/schema\/person\/36ab0979449956132d3e5b517ea76ac8"},"headline":"PRF d\u00e1 dicas de seguran\u00e7a para quem vai pegar a estrada","datePublished":"2024-02-09T11:10:08+00:00","mainEntityOfPage":{"@id":"https:\/\/www.notibras.com\/site\/prf-da-dicas-de-seguranca-para-quem-vai-pegar-a-estrada\/"},"wordCount":656,"publisher":{"@id":"https:\/\/www.notibras.com\/site\/#organization"},"image":{"@id":"https:\/\/www.notibras.com\/site\/prf-da-dicas-de-seguranca-para-quem-vai-pegar-a-estrada\/#primaryimage"},"thumbnailUrl":"https:\/\/www.notibras.com\/site\/wp-content\/uploads\/2024\/02\/carnadicasseg.webp","articleSection":["Quadradinho em Foco"],"inLanguage":"pt-BR"},{"@type":"WebPage","@id":"https:\/\/www.notibras.com\/site\/prf-da-dicas-de-seguranca-para-quem-vai-pegar-a-estrada\/","url":"https:\/\/www.notibras.com\/site\/prf-da-dicas-de-seguranca-para-quem-vai-pegar-a-estrada\/","name":"PRF d\u00e1 dicas de seguran\u00e7a para quem vai pegar a estrada - Notibras","isPartOf":{"@id":"https:\/\/www.notibras.com\/site\/#website"},"primaryImageOfPage":{"@id":"https:\/\/www.notibras.com\/site\/prf-da-dicas-de-seguranca-para-quem-vai-pegar-a-estrada\/#primaryimage"},"image":{"@id":"https:\/\/www.notibras.com\/site\/prf-da-dicas-de-seguranca-para-quem-vai-pegar-a-estrada\/#primaryimage"},"thumbnailUrl":"https:\/\/www.notibras.com\/site\/wp-content\/uploads\/2024\/02\/carnadicasseg.webp","datePublished":"2024-02-09T11:10:08+00:00","breadcrumb":{"@id":"https:\/\/www.notibras.com\/site\/prf-da-dicas-de-seguranca-para-quem-vai-pegar-a-estrada\/#breadcrumb"},"inLanguage":"pt-BR","potentialAction":[{"@type":"ReadAction","target":["https:\/\/www.notibras.com\/site\/prf-da-dicas-de-seguranca-para-quem-vai-pegar-a-estrada\/"]}]},{"@type":"ImageObject","inLanguage":"pt-BR","@id":"https:\/\/www.notibras.com\/site\/prf-da-dicas-de-seguranca-para-quem-vai-pegar-a-estrada\/#primaryimage","url":"https:\/\/www.notibras.com\/site\/wp-content\/uploads\/2024\/02\/carnadicasseg.webp","contentUrl":"https:\/\/www.notibras.com\/site\/wp-content\/uploads\/2024\/02\/carnadicasseg.webp","width":1170,"height":700},{"@type":"BreadcrumbList","@id":"https:\/\/www.notibras.com\/site\/prf-da-dicas-de-seguranca-para-quem-vai-pegar-a-estrada\/#breadcrumb","itemListElement":[{"@type":"ListItem","position":1,"name":"In\u00edcio","item":"https:\/\/www.notibras.com\/site\/"},{"@type":"ListItem","position":2,"name":"PRF d\u00e1 dicas de seguran\u00e7a para quem vai pegar a estrada"}]},{"@type":"WebSite","@id":"https:\/\/www.notibras.com\/site\/#website","url":"https:\/\/www.notibras.com\/site\/","name":"Notibras","description":"Not\u00edcias de Bras\u00edlia, do Brasil e do Mundo","publisher":{"@id":"https:\/\/www.notibras.com\/site\/#organization"},"potentialAction":[{"@type":"SearchAction","target":{"@type":"EntryPoint","urlTemplate":"https:\/\/www.notibras.com\/site\/?s={search_term_string}"},"query-input":{"@type":"PropertyValueSpecification","valueRequired":true,"valueName":"search_term_string"}}],"inLanguage":"pt-BR"},{"@type":"Organization","@id":"https:\/\/www.notibras.com\/site\/#organization","name":"Grupo Notibras de Comunica\u00e7\u00e3o","url":"https:\/\/www.notibras.com\/site\/","logo":{"@type":"ImageObject","inLanguage":"pt-BR","@id":"https:\/\/www.notibras.com\/site\/#\/schema\/logo\/image\/","url":"https:\/\/www.notibras.com\/site\/wp-content\/uploads\/2023\/01\/notibras23.png","contentUrl":"https:\/\/www.notibras.com\/site\/wp-content\/uploads\/2023\/01\/notibras23.png","width":350,"height":87,"caption":"Grupo Notibras de Comunica\u00e7\u00e3o"},"image":{"@id":"https:\/\/www.notibras.com\/site\/#\/schema\/logo\/image\/"},"sameAs":["https:\/\/www.facebook.com\/notibras\/","https:\/\/x.com\/Notibras","https:\/\/www.instagram.com\/notibras\/"]},{"@type":"Person","@id":"https:\/\/www.notibras.com\/site\/#\/schema\/person\/36ab0979449956132d3e5b517ea76ac8","name":"Reda\u00e7\u00e3o","image":{"@type":"ImageObject","inLanguage":"pt-BR","@id":"https:\/\/secure.gravatar.com\/avatar\/e0a867bdedb85fd243eadf09663511f96fc81e0720a4a42581f334ad4303aa6b?s=96&d=mm&r=g","url":"https:\/\/secure.gravatar.com\/avatar\/e0a867bdedb85fd243eadf09663511f96fc81e0720a4a42581f334ad4303aa6b?s=96&d=mm&r=g","contentUrl":"https:\/\/secure.gravatar.com\/avatar\/e0a867bdedb85fd243eadf09663511f96fc81e0720a4a42581f334ad4303aa6b?s=96&d=mm&r=g","caption":"Reda\u00e7\u00e3o"}}]}},"amp_enabled":true,"_links":{"self":[{"href":"https:\/\/www.notibras.com\/site\/wp-json\/wp\/v2\/posts\/322021","targetHints":{"allow":["GET"]}}],"collection":[{"href":"https:\/\/www.notibras.com\/site\/wp-json\/wp\/v2\/posts"}],"about":[{"href":"https:\/\/www.notibras.com\/site\/wp-json\/wp\/v2\/types\/post"}],"author":[{"embeddable":true,"href":"https:\/\/www.notibras.com\/site\/wp-json\/wp\/v2\/users\/2"}],"replies":[{"embeddable":true,"href":"https:\/\/www.notibras.com\/site\/wp-json\/wp\/v2\/comments?post=322021"}],"version-history":[{"count":1,"href":"https:\/\/www.notibras.com\/site\/wp-json\/wp\/v2\/posts\/322021\/revisions"}],"predecessor-version":[{"id":322023,"href":"https:\/\/www.notibras.com\/site\/wp-json\/wp\/v2\/posts\/322021\/revisions\/322023"}],"wp:featuredmedia":[{"embeddable":true,"href":"https:\/\/www.notibras.com\/site\/wp-json\/wp\/v2\/media\/322022"}],"wp:attachment":[{"href":"https:\/\/www.notibras.com\/site\/wp-json\/wp\/v2\/media?parent=322021"}],"wp:term":[{"taxonomy":"category","embeddable":true,"href":"https:\/\/www.notibras.com\/site\/wp-json\/wp\/v2\/categories?post=322021"},{"taxonomy":"post_tag","embeddable":true,"href":"https:\/\/www.notibras.com\/site\/wp-json\/wp\/v2\/tags?post=322021"}],"curies":[{"name":"wp","href":"https:\/\/api.w.org\/{rel}","templated":true}]}}