{"id":322024,"date":"2024-02-09T08:15:07","date_gmt":"2024-02-09T11:15:07","guid":{"rendered":"https:\/\/www.notibras.com\/site\/?p=322024"},"modified":"2024-02-09T08:15:07","modified_gmt":"2024-02-09T11:15:07","slug":"operacao-carnaval-da-prf-comeca-em-plena-madrugada","status":"publish","type":"post","link":"https:\/\/www.notibras.com\/site\/operacao-carnaval-da-prf-comeca-em-plena-madrugada\/","title":{"rendered":"Opera\u00e7\u00e3o Carnaval da PRF come\u00e7a em plena madrugada"},"content":{"rendered":"<p>Em meio ao aumento do tr\u00e1fego rodovi\u00e1rio durante o per\u00edodo de carnaval, a Pol\u00edcia Rodovi\u00e1ria Federal (PRF) deflagrou nesta sexta-feira (9) a Opera\u00e7\u00e3o Rodovida Carnaval 2024. As a\u00e7\u00f5es tiveram in\u00edcio \u00e0s 00h01 e seguem at\u00e9 as 23h59 da pr\u00f3xima quarta-feira (14). De acordo com a corpora\u00e7\u00e3o, o objetivo \u00e9 reduzir o n\u00famero de acidentes por meio do refor\u00e7o do efetivo em locais estrat\u00e9gicos.<\/p>\n<p>\u201cO foco ser\u00e1 concentrado nos trechos mais movimentados, priorizando os locais e hor\u00e1rios com maior ocorr\u00eancia de acidentes graves e crimes. Durante esse per\u00edodo, ser\u00e3o implementadas medidas para coibir infra\u00e7\u00f5es de tr\u00e2nsito, especialmente aquelas que frequentemente resultam em acidentes, como condu\u00e7\u00e3o sob efeito de \u00e1lcool, ultrapassagens indevidas e outras condutas que contribuem para o aumento desse \u00edndice\u201d, informa a PRF.<\/p>\n<p>A Opera\u00e7\u00e3o Carnaval \u00e9 a \u00faltima etapa da Opera\u00e7\u00e3o Rodovida, que englobou as opera\u00e7\u00f5es Natal e Ano Novo da PRF. \u201cEsse conjunto de opera\u00e7\u00f5es envolve a implementa\u00e7\u00e3o de medidas coordenadas e colaborativas, com a participa\u00e7\u00e3o de v\u00e1rios entes governamentais e da sociedade civil ligadas \u00e0 seguran\u00e7a vi\u00e1ria, atuando de forma simult\u00e2nea e coordenada, visando combinar esfor\u00e7os para diminuir os \u00edndices de viol\u00eancia no tr\u00e2nsito e os impactos sociais resultantes\u201d, explica a corpora\u00e7\u00e3o.<\/p>\n","protected":false},"excerpt":{"rendered":"<p>Em meio ao aumento do tr\u00e1fego rodovi\u00e1rio durante o per\u00edodo de carnaval, a Pol\u00edcia Rodovi\u00e1ria Federal (PRF) deflagrou nesta sexta-feira (9) a Opera\u00e7\u00e3o Rodovida Carnaval 2024. As a\u00e7\u00f5es tiveram in\u00edcio \u00e0s 00h01 e seguem at\u00e9 as 23h59 da pr\u00f3xima quarta-feira (14). De acordo com a corpora\u00e7\u00e3o, o objetivo \u00e9 reduzir o n\u00famero de acidentes por [&hellip;]<\/p>\n","protected":false},"author":2,"featured_media":322025,"comment_status":"closed","ping_status":"closed","sticky":false,"template":"","format":"standard","meta":{"_acf_changed":false,"footnotes":""},"categories":[161],"tags":[],"class_list":["post-322024","post","type-post","status-publish","format-standard","has-post-thumbnail","hentry","category-quadradinho-em-foco"],"acf":[],"yoast_head":"<!-- This site is optimized with the Yoast SEO plugin v27.2 - https:\/\/yoast.com\/product\/yoast-seo-wordpress\/ -->\n<title>Opera\u00e7\u00e3o Carnaval da PRF come\u00e7a em plena madrugada - Notibras<\/title>\n<meta name=\"robots\" content=\"index, follow, max-snippet:-1, max-image-preview:large, max-video-preview:-1\" \/>\n<link rel=\"canonical\" href=\"https:\/\/www.notibras.com\/site\/operacao-carnaval-da-prf-comeca-em-plena-madrugada\/\" \/>\n<meta property=\"og:locale\" content=\"pt_BR\" \/>\n<meta property=\"og:type\" content=\"article\" \/>\n<meta property=\"og:title\" content=\"Opera\u00e7\u00e3o Carnaval da PRF come\u00e7a em plena madrugada - Notibras\" \/>\n<meta property=\"og:description\" content=\"Em meio ao aumento do tr\u00e1fego rodovi\u00e1rio durante o per\u00edodo de carnaval, a Pol\u00edcia Rodovi\u00e1ria Federal (PRF) deflagrou nesta sexta-feira (9) a Opera\u00e7\u00e3o Rodovida Carnaval 2024. As a\u00e7\u00f5es tiveram in\u00edcio \u00e0s 00h01 e seguem at\u00e9 as 23h59 da pr\u00f3xima quarta-feira (14). De acordo com a corpora\u00e7\u00e3o, o objetivo \u00e9 reduzir o n\u00famero de acidentes por [&hellip;]\" \/>\n<meta property=\"og:url\" content=\"https:\/\/www.notibras.com\/site\/operacao-carnaval-da-prf-comeca-em-plena-madrugada\/\" \/>\n<meta property=\"og:site_name\" content=\"Notibras\" \/>\n<meta property=\"article:publisher\" content=\"https:\/\/www.facebook.com\/notibras\/\" \/>\n<meta property=\"article:published_time\" content=\"2024-02-09T11:15:07+00:00\" \/>\n<meta property=\"og:image\" content=\"https:\/\/www.notibras.com\/site\/wp-content\/uploads\/2024\/02\/prf.arna_.webp\" \/>\n\t<meta property=\"og:image:width\" content=\"1170\" \/>\n\t<meta property=\"og:image:height\" content=\"700\" \/>\n\t<meta property=\"og:image:type\" content=\"image\/webp\" \/>\n<meta name=\"author\" content=\"Reda\u00e7\u00e3o\" \/>\n<meta name=\"twitter:card\" content=\"summary_large_image\" \/>\n<meta name=\"twitter:creator\" content=\"@Notibras\" \/>\n<meta name=\"twitter:site\" content=\"@Notibras\" \/>\n<meta name=\"twitter:label1\" content=\"Escrito por\" \/>\n\t<meta name=\"twitter:data1\" content=\"Reda\u00e7\u00e3o\" \/>\n\t<meta name=\"twitter:label2\" content=\"Est. tempo de leitura\" \/>\n\t<meta name=\"twitter:data2\" content=\"2 minutos\" \/>\n<script type=\"application\/ld+json\" class=\"yoast-schema-graph\">{\"@context\":\"https:\/\/schema.org\",\"@graph\":[{\"@type\":\"Article\",\"@id\":\"https:\/\/www.notibras.com\/site\/operacao-carnaval-da-prf-comeca-em-plena-madrugada\/#article\",\"isPartOf\":{\"@id\":\"https:\/\/www.notibras.com\/site\/operacao-carnaval-da-prf-comeca-em-plena-madrugada\/\"},\"author\":{\"name\":\"Reda\u00e7\u00e3o\",\"@id\":\"https:\/\/www.notibras.com\/site\/#\/schema\/person\/36ab0979449956132d3e5b517ea76ac8\"},\"headline\":\"Opera\u00e7\u00e3o Carnaval da PRF come\u00e7a em plena madrugada\",\"datePublished\":\"2024-02-09T11:15:07+00:00\",\"mainEntityOfPage\":{\"@id\":\"https:\/\/www.notibras.com\/site\/operacao-carnaval-da-prf-comeca-em-plena-madrugada\/\"},\"wordCount\":233,\"publisher\":{\"@id\":\"https:\/\/www.notibras.com\/site\/#organization\"},\"image\":{\"@id\":\"https:\/\/www.notibras.com\/site\/operacao-carnaval-da-prf-comeca-em-plena-madrugada\/#primaryimage\"},\"thumbnailUrl\":\"https:\/\/www.notibras.com\/site\/wp-content\/uploads\/2024\/02\/prf.arna_.webp\",\"articleSection\":[\"Quadradinho em Foco\"],\"inLanguage\":\"pt-BR\"},{\"@type\":\"WebPage\",\"@id\":\"https:\/\/www.notibras.com\/site\/operacao-carnaval-da-prf-comeca-em-plena-madrugada\/\",\"url\":\"https:\/\/www.notibras.com\/site\/operacao-carnaval-da-prf-comeca-em-plena-madrugada\/\",\"name\":\"Opera\u00e7\u00e3o Carnaval da PRF come\u00e7a em plena madrugada - Notibras\",\"isPartOf\":{\"@id\":\"https:\/\/www.notibras.com\/site\/#website\"},\"primaryImageOfPage\":{\"@id\":\"https:\/\/www.notibras.com\/site\/operacao-carnaval-da-prf-comeca-em-plena-madrugada\/#primaryimage\"},\"image\":{\"@id\":\"https:\/\/www.notibras.com\/site\/operacao-carnaval-da-prf-comeca-em-plena-madrugada\/#primaryimage\"},\"thumbnailUrl\":\"https:\/\/www.notibras.com\/site\/wp-content\/uploads\/2024\/02\/prf.arna_.webp\",\"datePublished\":\"2024-02-09T11:15:07+00:00\",\"breadcrumb\":{\"@id\":\"https:\/\/www.notibras.com\/site\/operacao-carnaval-da-prf-comeca-em-plena-madrugada\/#breadcrumb\"},\"inLanguage\":\"pt-BR\",\"potentialAction\":[{\"@type\":\"ReadAction\",\"target\":[\"https:\/\/www.notibras.com\/site\/operacao-carnaval-da-prf-comeca-em-plena-madrugada\/\"]}]},{\"@type\":\"ImageObject\",\"inLanguage\":\"pt-BR\",\"@id\":\"https:\/\/www.notibras.com\/site\/operacao-carnaval-da-prf-comeca-em-plena-madrugada\/#primaryimage\",\"url\":\"https:\/\/www.notibras.com\/site\/wp-content\/uploads\/2024\/02\/prf.arna_.webp\",\"contentUrl\":\"https:\/\/www.notibras.com\/site\/wp-content\/uploads\/2024\/02\/prf.arna_.webp\",\"width\":1170,\"height\":700},{\"@type\":\"BreadcrumbList\",\"@id\":\"https:\/\/www.notibras.com\/site\/operacao-carnaval-da-prf-comeca-em-plena-madrugada\/#breadcrumb\",\"itemListElement\":[{\"@type\":\"ListItem\",\"position\":1,\"name\":\"In\u00edcio\",\"item\":\"https:\/\/www.notibras.com\/site\/\"},{\"@type\":\"ListItem\",\"position\":2,\"name\":\"Opera\u00e7\u00e3o Carnaval da PRF come\u00e7a em plena madrugada\"}]},{\"@type\":\"WebSite\",\"@id\":\"https:\/\/www.notibras.com\/site\/#website\",\"url\":\"https:\/\/www.notibras.com\/site\/\",\"name\":\"Notibras\",\"description\":\"Not\u00edcias de Bras\u00edlia, do Brasil e do Mundo\",\"publisher\":{\"@id\":\"https:\/\/www.notibras.com\/site\/#organization\"},\"potentialAction\":[{\"@type\":\"SearchAction\",\"target\":{\"@type\":\"EntryPoint\",\"urlTemplate\":\"https:\/\/www.notibras.com\/site\/?s={search_term_string}\"},\"query-input\":{\"@type\":\"PropertyValueSpecification\",\"valueRequired\":true,\"valueName\":\"search_term_string\"}}],\"inLanguage\":\"pt-BR\"},{\"@type\":\"Organization\",\"@id\":\"https:\/\/www.notibras.com\/site\/#organization\",\"name\":\"Grupo Notibras de Comunica\u00e7\u00e3o\",\"url\":\"https:\/\/www.notibras.com\/site\/\",\"logo\":{\"@type\":\"ImageObject\",\"inLanguage\":\"pt-BR\",\"@id\":\"https:\/\/www.notibras.com\/site\/#\/schema\/logo\/image\/\",\"url\":\"https:\/\/www.notibras.com\/site\/wp-content\/uploads\/2023\/01\/notibras23.png\",\"contentUrl\":\"https:\/\/www.notibras.com\/site\/wp-content\/uploads\/2023\/01\/notibras23.png\",\"width\":350,\"height\":87,\"caption\":\"Grupo Notibras de Comunica\u00e7\u00e3o\"},\"image\":{\"@id\":\"https:\/\/www.notibras.com\/site\/#\/schema\/logo\/image\/\"},\"sameAs\":[\"https:\/\/www.facebook.com\/notibras\/\",\"https:\/\/x.com\/Notibras\",\"https:\/\/www.instagram.com\/notibras\/\"]},{\"@type\":\"Person\",\"@id\":\"https:\/\/www.notibras.com\/site\/#\/schema\/person\/36ab0979449956132d3e5b517ea76ac8\",\"name\":\"Reda\u00e7\u00e3o\",\"image\":{\"@type\":\"ImageObject\",\"inLanguage\":\"pt-BR\",\"@id\":\"https:\/\/secure.gravatar.com\/avatar\/e0a867bdedb85fd243eadf09663511f96fc81e0720a4a42581f334ad4303aa6b?s=96&d=mm&r=g\",\"url\":\"https:\/\/secure.gravatar.com\/avatar\/e0a867bdedb85fd243eadf09663511f96fc81e0720a4a42581f334ad4303aa6b?s=96&d=mm&r=g\",\"contentUrl\":\"https:\/\/secure.gravatar.com\/avatar\/e0a867bdedb85fd243eadf09663511f96fc81e0720a4a42581f334ad4303aa6b?s=96&d=mm&r=g\",\"caption\":\"Reda\u00e7\u00e3o\"}}]}<\/script>\n<!-- \/ Yoast SEO plugin. -->","yoast_head_json":{"title":"Opera\u00e7\u00e3o Carnaval da PRF come\u00e7a em plena madrugada - Notibras","robots":{"index":"index","follow":"follow","max-snippet":"max-snippet:-1","max-image-preview":"max-image-preview:large","max-video-preview":"max-video-preview:-1"},"canonical":"https:\/\/www.notibras.com\/site\/operacao-carnaval-da-prf-comeca-em-plena-madrugada\/","og_locale":"pt_BR","og_type":"article","og_title":"Opera\u00e7\u00e3o Carnaval da PRF come\u00e7a em plena madrugada - Notibras","og_description":"Em meio ao aumento do tr\u00e1fego rodovi\u00e1rio durante o per\u00edodo de carnaval, a Pol\u00edcia Rodovi\u00e1ria Federal (PRF) deflagrou nesta sexta-feira (9) a Opera\u00e7\u00e3o Rodovida Carnaval 2024. As a\u00e7\u00f5es tiveram in\u00edcio \u00e0s 00h01 e seguem at\u00e9 as 23h59 da pr\u00f3xima quarta-feira (14). De acordo com a corpora\u00e7\u00e3o, o objetivo \u00e9 reduzir o n\u00famero de acidentes por [&hellip;]","og_url":"https:\/\/www.notibras.com\/site\/operacao-carnaval-da-prf-comeca-em-plena-madrugada\/","og_site_name":"Notibras","article_publisher":"https:\/\/www.facebook.com\/notibras\/","article_published_time":"2024-02-09T11:15:07+00:00","og_image":[{"width":1170,"height":700,"url":"https:\/\/www.notibras.com\/site\/wp-content\/uploads\/2024\/02\/prf.arna_.webp","type":"image\/webp"}],"author":"Reda\u00e7\u00e3o","twitter_card":"summary_large_image","twitter_creator":"@Notibras","twitter_site":"@Notibras","twitter_misc":{"Escrito por":"Reda\u00e7\u00e3o","Est. tempo de leitura":"2 minutos"},"schema":{"@context":"https:\/\/schema.org","@graph":[{"@type":"Article","@id":"https:\/\/www.notibras.com\/site\/operacao-carnaval-da-prf-comeca-em-plena-madrugada\/#article","isPartOf":{"@id":"https:\/\/www.notibras.com\/site\/operacao-carnaval-da-prf-comeca-em-plena-madrugada\/"},"author":{"name":"Reda\u00e7\u00e3o","@id":"https:\/\/www.notibras.com\/site\/#\/schema\/person\/36ab0979449956132d3e5b517ea76ac8"},"headline":"Opera\u00e7\u00e3o Carnaval da PRF come\u00e7a em plena madrugada","datePublished":"2024-02-09T11:15:07+00:00","mainEntityOfPage":{"@id":"https:\/\/www.notibras.com\/site\/operacao-carnaval-da-prf-comeca-em-plena-madrugada\/"},"wordCount":233,"publisher":{"@id":"https:\/\/www.notibras.com\/site\/#organization"},"image":{"@id":"https:\/\/www.notibras.com\/site\/operacao-carnaval-da-prf-comeca-em-plena-madrugada\/#primaryimage"},"thumbnailUrl":"https:\/\/www.notibras.com\/site\/wp-content\/uploads\/2024\/02\/prf.arna_.webp","articleSection":["Quadradinho em Foco"],"inLanguage":"pt-BR"},{"@type":"WebPage","@id":"https:\/\/www.notibras.com\/site\/operacao-carnaval-da-prf-comeca-em-plena-madrugada\/","url":"https:\/\/www.notibras.com\/site\/operacao-carnaval-da-prf-comeca-em-plena-madrugada\/","name":"Opera\u00e7\u00e3o Carnaval da PRF come\u00e7a em plena madrugada - Notibras","isPartOf":{"@id":"https:\/\/www.notibras.com\/site\/#website"},"primaryImageOfPage":{"@id":"https:\/\/www.notibras.com\/site\/operacao-carnaval-da-prf-comeca-em-plena-madrugada\/#primaryimage"},"image":{"@id":"https:\/\/www.notibras.com\/site\/operacao-carnaval-da-prf-comeca-em-plena-madrugada\/#primaryimage"},"thumbnailUrl":"https:\/\/www.notibras.com\/site\/wp-content\/uploads\/2024\/02\/prf.arna_.webp","datePublished":"2024-02-09T11:15:07+00:00","breadcrumb":{"@id":"https:\/\/www.notibras.com\/site\/operacao-carnaval-da-prf-comeca-em-plena-madrugada\/#breadcrumb"},"inLanguage":"pt-BR","potentialAction":[{"@type":"ReadAction","target":["https:\/\/www.notibras.com\/site\/operacao-carnaval-da-prf-comeca-em-plena-madrugada\/"]}]},{"@type":"ImageObject","inLanguage":"pt-BR","@id":"https:\/\/www.notibras.com\/site\/operacao-carnaval-da-prf-comeca-em-plena-madrugada\/#primaryimage","url":"https:\/\/www.notibras.com\/site\/wp-content\/uploads\/2024\/02\/prf.arna_.webp","contentUrl":"https:\/\/www.notibras.com\/site\/wp-content\/uploads\/2024\/02\/prf.arna_.webp","width":1170,"height":700},{"@type":"BreadcrumbList","@id":"https:\/\/www.notibras.com\/site\/operacao-carnaval-da-prf-comeca-em-plena-madrugada\/#breadcrumb","itemListElement":[{"@type":"ListItem","position":1,"name":"In\u00edcio","item":"https:\/\/www.notibras.com\/site\/"},{"@type":"ListItem","position":2,"name":"Opera\u00e7\u00e3o Carnaval da PRF come\u00e7a em plena madrugada"}]},{"@type":"WebSite","@id":"https:\/\/www.notibras.com\/site\/#website","url":"https:\/\/www.notibras.com\/site\/","name":"Notibras","description":"Not\u00edcias de Bras\u00edlia, do Brasil e do Mundo","publisher":{"@id":"https:\/\/www.notibras.com\/site\/#organization"},"potentialAction":[{"@type":"SearchAction","target":{"@type":"EntryPoint","urlTemplate":"https:\/\/www.notibras.com\/site\/?s={search_term_string}"},"query-input":{"@type":"PropertyValueSpecification","valueRequired":true,"valueName":"search_term_string"}}],"inLanguage":"pt-BR"},{"@type":"Organization","@id":"https:\/\/www.notibras.com\/site\/#organization","name":"Grupo Notibras de Comunica\u00e7\u00e3o","url":"https:\/\/www.notibras.com\/site\/","logo":{"@type":"ImageObject","inLanguage":"pt-BR","@id":"https:\/\/www.notibras.com\/site\/#\/schema\/logo\/image\/","url":"https:\/\/www.notibras.com\/site\/wp-content\/uploads\/2023\/01\/notibras23.png","contentUrl":"https:\/\/www.notibras.com\/site\/wp-content\/uploads\/2023\/01\/notibras23.png","width":350,"height":87,"caption":"Grupo Notibras de Comunica\u00e7\u00e3o"},"image":{"@id":"https:\/\/www.notibras.com\/site\/#\/schema\/logo\/image\/"},"sameAs":["https:\/\/www.facebook.com\/notibras\/","https:\/\/x.com\/Notibras","https:\/\/www.instagram.com\/notibras\/"]},{"@type":"Person","@id":"https:\/\/www.notibras.com\/site\/#\/schema\/person\/36ab0979449956132d3e5b517ea76ac8","name":"Reda\u00e7\u00e3o","image":{"@type":"ImageObject","inLanguage":"pt-BR","@id":"https:\/\/secure.gravatar.com\/avatar\/e0a867bdedb85fd243eadf09663511f96fc81e0720a4a42581f334ad4303aa6b?s=96&d=mm&r=g","url":"https:\/\/secure.gravatar.com\/avatar\/e0a867bdedb85fd243eadf09663511f96fc81e0720a4a42581f334ad4303aa6b?s=96&d=mm&r=g","contentUrl":"https:\/\/secure.gravatar.com\/avatar\/e0a867bdedb85fd243eadf09663511f96fc81e0720a4a42581f334ad4303aa6b?s=96&d=mm&r=g","caption":"Reda\u00e7\u00e3o"}}]}},"amp_enabled":true,"_links":{"self":[{"href":"https:\/\/www.notibras.com\/site\/wp-json\/wp\/v2\/posts\/322024","targetHints":{"allow":["GET"]}}],"collection":[{"href":"https:\/\/www.notibras.com\/site\/wp-json\/wp\/v2\/posts"}],"about":[{"href":"https:\/\/www.notibras.com\/site\/wp-json\/wp\/v2\/types\/post"}],"author":[{"embeddable":true,"href":"https:\/\/www.notibras.com\/site\/wp-json\/wp\/v2\/users\/2"}],"replies":[{"embeddable":true,"href":"https:\/\/www.notibras.com\/site\/wp-json\/wp\/v2\/comments?post=322024"}],"version-history":[{"count":1,"href":"https:\/\/www.notibras.com\/site\/wp-json\/wp\/v2\/posts\/322024\/revisions"}],"predecessor-version":[{"id":322026,"href":"https:\/\/www.notibras.com\/site\/wp-json\/wp\/v2\/posts\/322024\/revisions\/322026"}],"wp:featuredmedia":[{"embeddable":true,"href":"https:\/\/www.notibras.com\/site\/wp-json\/wp\/v2\/media\/322025"}],"wp:attachment":[{"href":"https:\/\/www.notibras.com\/site\/wp-json\/wp\/v2\/media?parent=322024"}],"wp:term":[{"taxonomy":"category","embeddable":true,"href":"https:\/\/www.notibras.com\/site\/wp-json\/wp\/v2\/categories?post=322024"},{"taxonomy":"post_tag","embeddable":true,"href":"https:\/\/www.notibras.com\/site\/wp-json\/wp\/v2\/tags?post=322024"}],"curies":[{"name":"wp","href":"https:\/\/api.w.org\/{rel}","templated":true}]}}