{"id":322027,"date":"2024-02-09T08:19:39","date_gmt":"2024-02-09T11:19:39","guid":{"rendered":"https:\/\/www.notibras.com\/site\/?p=322027"},"modified":"2024-02-09T08:19:39","modified_gmt":"2024-02-09T11:19:39","slug":"estradas-e-aeroportos-preparados-para-movimento-no-carnaval","status":"publish","type":"post","link":"https:\/\/www.notibras.com\/site\/estradas-e-aeroportos-preparados-para-movimento-no-carnaval\/","title":{"rendered":"Estradas e aeroportos preparados para movimento no carnaval"},"content":{"rendered":"<p>Desta sexta (9) a Quarta-feira de Cinzas (14), os aeroportos operados pela Infraero esperam receber 118 mil passageiros e as estradas de todo o pa\u00eds tamb\u00e9m est\u00e3o com o fluxo de ve\u00edculos aumentados por causa do carnaval. Seguran\u00e7a e fluidez s\u00e3o os principais focos das iniciativas de \u00f3rg\u00e3os do governo e concession\u00e1rias de transporte de passageiros.<\/p>\n<p>A partir das programa\u00e7\u00f5es apresentadas pelas companhias a\u00e9reas, nos 14 principais aeroportos operados pela Infraero, h\u00e1 uma estimativa de 1.134 voos para o per\u00edodo.<\/p>\n<p>De acordo com a empresa p\u00fablica, foi elaborada uma estrat\u00e9gia de atendimento e infraestrutura, para garantir o conforto e a seguran\u00e7a dos usu\u00e1rios. S\u00e3o medidas como a disponibiliza\u00e7\u00e3o de funcion\u00e1rios com coletes amarelos identificados com a frase \u201cposso ajudar\u201d para facilitar o acesso \u00e0s informa\u00e7\u00f5es e orienta\u00e7\u00f5es sobre as viagens.<\/p>\n<p>No Rio de Janeiro, o Aeroporto Santos Dumont \u00e9 o que deve receber o maior impacto no aumento do fluxo de pessoas. S\u00e3o esperados 101,5 mil passageiros em 906 voos programados. A orienta\u00e7\u00e3o \u00e9 que os passageiros cheguem para os voos dom\u00e9sticos com, pelo menos, 1h30 de anteced\u00eancia do hor\u00e1rio de embarque.<\/p>\n<p>O transporte de passageiros pelas rodovias do pa\u00eds tamb\u00e9m \u00e9 impactado pelo carnaval. No Terminal Rodovi\u00e1rio Interestadual de Bras\u00edlia, por exemplo, s\u00e3o esperados cerca de 32 mil passageiros.<\/p>\n<p>Uma opera\u00e7\u00e3o especial em andamento conta com a disponibilidade de 10 \u00f4nibus extras e a possibilidade de ampliar mais a comercializa\u00e7\u00e3o de passagens, caso seja necess\u00e1rio, segundo informou a concession\u00e1ria.<\/p>\n<p>No local, h\u00e1 um posto da Ag\u00eancia Nacional de Transportes Terrestres (ANTT), que garante a fiscaliza\u00e7\u00e3o das linhas que transitam por ali. De acordo com a ag\u00eancia, esta presen\u00e7a acontece em todos os terminais regulares do pa\u00eds.<\/p>\n<p>Nas estradas tamb\u00e9m h\u00e1 uma preocupa\u00e7\u00e3o com a seguran\u00e7a vi\u00e1ria no per\u00edodo do feriado prolongado. Dados da Pol\u00edcia Rodovi\u00e1ria Federal (PRF), apontam que no carnaval de 2023 foram registrados 68 mil acidentes nas rodovias federais brasileiras.<\/p>\n<p>Na \u00faltima quarta-feira (6), a ANTT lan\u00e7ou o Pacto pela Seguran\u00e7a Vi\u00e1ria, que ter\u00e1 in\u00edcio no feriado, mas dever\u00e1 se estender ao longo do ano. O objetivo \u00e9 prevenir acidentes e preservar vidas, por a\u00e7\u00f5es de conscientiza\u00e7\u00e3o dos usu\u00e1rios das rodovias sobre os perigos do consumo de \u00e1lcool associados a dire\u00e7\u00e3o.<\/p>\n<p>\u201cN\u00e3o vamos mensurar esfor\u00e7os para salvar vidas, prevenir acidentes e trabalhar em prol da seguran\u00e7a vi\u00e1ria nas nossas rodovias, ferrovias e todos os modelos de transportes terrestres&#8221;, destacou o diretor da ag\u00eancia Luciano Louren\u00e7o.<\/p>\n<p>A iniciativa envolve a participa\u00e7\u00e3o de associa\u00e7\u00f5es do setor de transporte, do Observat\u00f3rio Nacional de Seguran\u00e7a Vi\u00e1ria, Minist\u00e9rio dos Transportes, Departamento Nacional de Infraestrutura de Transportes (DNIT) e PRF.<\/p>\n","protected":false},"excerpt":{"rendered":"<p>Desta sexta (9) a Quarta-feira de Cinzas (14), os aeroportos operados pela Infraero esperam receber 118 mil passageiros e as estradas de todo o pa\u00eds tamb\u00e9m est\u00e3o com o fluxo de ve\u00edculos aumentados por causa do carnaval. Seguran\u00e7a e fluidez s\u00e3o os principais focos das iniciativas de \u00f3rg\u00e3os do governo e concession\u00e1rias de transporte de [&hellip;]<\/p>\n","protected":false},"author":2,"featured_media":322028,"comment_status":"closed","ping_status":"closed","sticky":false,"template":"","format":"standard","meta":{"_acf_changed":false,"footnotes":""},"categories":[161],"tags":[],"class_list":["post-322027","post","type-post","status-publish","format-standard","has-post-thumbnail","hentry","category-quadradinho-em-foco"],"acf":[],"yoast_head":"<!-- This site is optimized with the Yoast SEO plugin v27.2 - https:\/\/yoast.com\/product\/yoast-seo-wordpress\/ -->\n<title>Estradas e aeroportos preparados para movimento no carnaval - Notibras<\/title>\n<meta name=\"robots\" content=\"index, follow, max-snippet:-1, max-image-preview:large, max-video-preview:-1\" \/>\n<link rel=\"canonical\" href=\"https:\/\/www.notibras.com\/site\/estradas-e-aeroportos-preparados-para-movimento-no-carnaval\/\" \/>\n<meta property=\"og:locale\" content=\"pt_BR\" \/>\n<meta property=\"og:type\" content=\"article\" \/>\n<meta property=\"og:title\" content=\"Estradas e aeroportos preparados para movimento no carnaval - Notibras\" \/>\n<meta property=\"og:description\" content=\"Desta sexta (9) a Quarta-feira de Cinzas (14), os aeroportos operados pela Infraero esperam receber 118 mil passageiros e as estradas de todo o pa\u00eds tamb\u00e9m est\u00e3o com o fluxo de ve\u00edculos aumentados por causa do carnaval. Seguran\u00e7a e fluidez s\u00e3o os principais focos das iniciativas de \u00f3rg\u00e3os do governo e concession\u00e1rias de transporte de [&hellip;]\" \/>\n<meta property=\"og:url\" content=\"https:\/\/www.notibras.com\/site\/estradas-e-aeroportos-preparados-para-movimento-no-carnaval\/\" \/>\n<meta property=\"og:site_name\" content=\"Notibras\" \/>\n<meta property=\"article:publisher\" content=\"https:\/\/www.facebook.com\/notibras\/\" \/>\n<meta property=\"article:published_time\" content=\"2024-02-09T11:19:39+00:00\" \/>\n<meta property=\"og:image\" content=\"https:\/\/www.notibras.com\/site\/wp-content\/uploads\/2024\/02\/aerofolia.webp\" \/>\n\t<meta property=\"og:image:width\" content=\"1170\" \/>\n\t<meta property=\"og:image:height\" content=\"700\" \/>\n\t<meta property=\"og:image:type\" content=\"image\/webp\" \/>\n<meta name=\"author\" content=\"Reda\u00e7\u00e3o\" \/>\n<meta name=\"twitter:card\" content=\"summary_large_image\" \/>\n<meta name=\"twitter:creator\" content=\"@Notibras\" \/>\n<meta name=\"twitter:site\" content=\"@Notibras\" \/>\n<meta name=\"twitter:label1\" content=\"Escrito por\" \/>\n\t<meta name=\"twitter:data1\" content=\"Reda\u00e7\u00e3o\" \/>\n\t<meta name=\"twitter:label2\" content=\"Est. tempo de leitura\" \/>\n\t<meta name=\"twitter:data2\" content=\"3 minutos\" \/>\n<script type=\"application\/ld+json\" class=\"yoast-schema-graph\">{\"@context\":\"https:\/\/schema.org\",\"@graph\":[{\"@type\":\"Article\",\"@id\":\"https:\/\/www.notibras.com\/site\/estradas-e-aeroportos-preparados-para-movimento-no-carnaval\/#article\",\"isPartOf\":{\"@id\":\"https:\/\/www.notibras.com\/site\/estradas-e-aeroportos-preparados-para-movimento-no-carnaval\/\"},\"author\":{\"name\":\"Reda\u00e7\u00e3o\",\"@id\":\"https:\/\/www.notibras.com\/site\/#\/schema\/person\/36ab0979449956132d3e5b517ea76ac8\"},\"headline\":\"Estradas e aeroportos preparados para movimento no carnaval\",\"datePublished\":\"2024-02-09T11:19:39+00:00\",\"mainEntityOfPage\":{\"@id\":\"https:\/\/www.notibras.com\/site\/estradas-e-aeroportos-preparados-para-movimento-no-carnaval\/\"},\"wordCount\":485,\"publisher\":{\"@id\":\"https:\/\/www.notibras.com\/site\/#organization\"},\"image\":{\"@id\":\"https:\/\/www.notibras.com\/site\/estradas-e-aeroportos-preparados-para-movimento-no-carnaval\/#primaryimage\"},\"thumbnailUrl\":\"https:\/\/www.notibras.com\/site\/wp-content\/uploads\/2024\/02\/aerofolia.webp\",\"articleSection\":[\"Quadradinho em Foco\"],\"inLanguage\":\"pt-BR\"},{\"@type\":\"WebPage\",\"@id\":\"https:\/\/www.notibras.com\/site\/estradas-e-aeroportos-preparados-para-movimento-no-carnaval\/\",\"url\":\"https:\/\/www.notibras.com\/site\/estradas-e-aeroportos-preparados-para-movimento-no-carnaval\/\",\"name\":\"Estradas e aeroportos preparados para movimento no carnaval - Notibras\",\"isPartOf\":{\"@id\":\"https:\/\/www.notibras.com\/site\/#website\"},\"primaryImageOfPage\":{\"@id\":\"https:\/\/www.notibras.com\/site\/estradas-e-aeroportos-preparados-para-movimento-no-carnaval\/#primaryimage\"},\"image\":{\"@id\":\"https:\/\/www.notibras.com\/site\/estradas-e-aeroportos-preparados-para-movimento-no-carnaval\/#primaryimage\"},\"thumbnailUrl\":\"https:\/\/www.notibras.com\/site\/wp-content\/uploads\/2024\/02\/aerofolia.webp\",\"datePublished\":\"2024-02-09T11:19:39+00:00\",\"breadcrumb\":{\"@id\":\"https:\/\/www.notibras.com\/site\/estradas-e-aeroportos-preparados-para-movimento-no-carnaval\/#breadcrumb\"},\"inLanguage\":\"pt-BR\",\"potentialAction\":[{\"@type\":\"ReadAction\",\"target\":[\"https:\/\/www.notibras.com\/site\/estradas-e-aeroportos-preparados-para-movimento-no-carnaval\/\"]}]},{\"@type\":\"ImageObject\",\"inLanguage\":\"pt-BR\",\"@id\":\"https:\/\/www.notibras.com\/site\/estradas-e-aeroportos-preparados-para-movimento-no-carnaval\/#primaryimage\",\"url\":\"https:\/\/www.notibras.com\/site\/wp-content\/uploads\/2024\/02\/aerofolia.webp\",\"contentUrl\":\"https:\/\/www.notibras.com\/site\/wp-content\/uploads\/2024\/02\/aerofolia.webp\",\"width\":1170,\"height\":700},{\"@type\":\"BreadcrumbList\",\"@id\":\"https:\/\/www.notibras.com\/site\/estradas-e-aeroportos-preparados-para-movimento-no-carnaval\/#breadcrumb\",\"itemListElement\":[{\"@type\":\"ListItem\",\"position\":1,\"name\":\"In\u00edcio\",\"item\":\"https:\/\/www.notibras.com\/site\/\"},{\"@type\":\"ListItem\",\"position\":2,\"name\":\"Estradas e aeroportos preparados para movimento no carnaval\"}]},{\"@type\":\"WebSite\",\"@id\":\"https:\/\/www.notibras.com\/site\/#website\",\"url\":\"https:\/\/www.notibras.com\/site\/\",\"name\":\"Notibras\",\"description\":\"Not\u00edcias de Bras\u00edlia, do Brasil e do Mundo\",\"publisher\":{\"@id\":\"https:\/\/www.notibras.com\/site\/#organization\"},\"potentialAction\":[{\"@type\":\"SearchAction\",\"target\":{\"@type\":\"EntryPoint\",\"urlTemplate\":\"https:\/\/www.notibras.com\/site\/?s={search_term_string}\"},\"query-input\":{\"@type\":\"PropertyValueSpecification\",\"valueRequired\":true,\"valueName\":\"search_term_string\"}}],\"inLanguage\":\"pt-BR\"},{\"@type\":\"Organization\",\"@id\":\"https:\/\/www.notibras.com\/site\/#organization\",\"name\":\"Grupo Notibras de Comunica\u00e7\u00e3o\",\"url\":\"https:\/\/www.notibras.com\/site\/\",\"logo\":{\"@type\":\"ImageObject\",\"inLanguage\":\"pt-BR\",\"@id\":\"https:\/\/www.notibras.com\/site\/#\/schema\/logo\/image\/\",\"url\":\"https:\/\/www.notibras.com\/site\/wp-content\/uploads\/2023\/01\/notibras23.png\",\"contentUrl\":\"https:\/\/www.notibras.com\/site\/wp-content\/uploads\/2023\/01\/notibras23.png\",\"width\":350,\"height\":87,\"caption\":\"Grupo Notibras de Comunica\u00e7\u00e3o\"},\"image\":{\"@id\":\"https:\/\/www.notibras.com\/site\/#\/schema\/logo\/image\/\"},\"sameAs\":[\"https:\/\/www.facebook.com\/notibras\/\",\"https:\/\/x.com\/Notibras\",\"https:\/\/www.instagram.com\/notibras\/\"]},{\"@type\":\"Person\",\"@id\":\"https:\/\/www.notibras.com\/site\/#\/schema\/person\/36ab0979449956132d3e5b517ea76ac8\",\"name\":\"Reda\u00e7\u00e3o\",\"image\":{\"@type\":\"ImageObject\",\"inLanguage\":\"pt-BR\",\"@id\":\"https:\/\/secure.gravatar.com\/avatar\/e0a867bdedb85fd243eadf09663511f96fc81e0720a4a42581f334ad4303aa6b?s=96&d=mm&r=g\",\"url\":\"https:\/\/secure.gravatar.com\/avatar\/e0a867bdedb85fd243eadf09663511f96fc81e0720a4a42581f334ad4303aa6b?s=96&d=mm&r=g\",\"contentUrl\":\"https:\/\/secure.gravatar.com\/avatar\/e0a867bdedb85fd243eadf09663511f96fc81e0720a4a42581f334ad4303aa6b?s=96&d=mm&r=g\",\"caption\":\"Reda\u00e7\u00e3o\"}}]}<\/script>\n<!-- \/ Yoast SEO plugin. -->","yoast_head_json":{"title":"Estradas e aeroportos preparados para movimento no carnaval - Notibras","robots":{"index":"index","follow":"follow","max-snippet":"max-snippet:-1","max-image-preview":"max-image-preview:large","max-video-preview":"max-video-preview:-1"},"canonical":"https:\/\/www.notibras.com\/site\/estradas-e-aeroportos-preparados-para-movimento-no-carnaval\/","og_locale":"pt_BR","og_type":"article","og_title":"Estradas e aeroportos preparados para movimento no carnaval - Notibras","og_description":"Desta sexta (9) a Quarta-feira de Cinzas (14), os aeroportos operados pela Infraero esperam receber 118 mil passageiros e as estradas de todo o pa\u00eds tamb\u00e9m est\u00e3o com o fluxo de ve\u00edculos aumentados por causa do carnaval. Seguran\u00e7a e fluidez s\u00e3o os principais focos das iniciativas de \u00f3rg\u00e3os do governo e concession\u00e1rias de transporte de [&hellip;]","og_url":"https:\/\/www.notibras.com\/site\/estradas-e-aeroportos-preparados-para-movimento-no-carnaval\/","og_site_name":"Notibras","article_publisher":"https:\/\/www.facebook.com\/notibras\/","article_published_time":"2024-02-09T11:19:39+00:00","og_image":[{"width":1170,"height":700,"url":"https:\/\/www.notibras.com\/site\/wp-content\/uploads\/2024\/02\/aerofolia.webp","type":"image\/webp"}],"author":"Reda\u00e7\u00e3o","twitter_card":"summary_large_image","twitter_creator":"@Notibras","twitter_site":"@Notibras","twitter_misc":{"Escrito por":"Reda\u00e7\u00e3o","Est. tempo de leitura":"3 minutos"},"schema":{"@context":"https:\/\/schema.org","@graph":[{"@type":"Article","@id":"https:\/\/www.notibras.com\/site\/estradas-e-aeroportos-preparados-para-movimento-no-carnaval\/#article","isPartOf":{"@id":"https:\/\/www.notibras.com\/site\/estradas-e-aeroportos-preparados-para-movimento-no-carnaval\/"},"author":{"name":"Reda\u00e7\u00e3o","@id":"https:\/\/www.notibras.com\/site\/#\/schema\/person\/36ab0979449956132d3e5b517ea76ac8"},"headline":"Estradas e aeroportos preparados para movimento no carnaval","datePublished":"2024-02-09T11:19:39+00:00","mainEntityOfPage":{"@id":"https:\/\/www.notibras.com\/site\/estradas-e-aeroportos-preparados-para-movimento-no-carnaval\/"},"wordCount":485,"publisher":{"@id":"https:\/\/www.notibras.com\/site\/#organization"},"image":{"@id":"https:\/\/www.notibras.com\/site\/estradas-e-aeroportos-preparados-para-movimento-no-carnaval\/#primaryimage"},"thumbnailUrl":"https:\/\/www.notibras.com\/site\/wp-content\/uploads\/2024\/02\/aerofolia.webp","articleSection":["Quadradinho em Foco"],"inLanguage":"pt-BR"},{"@type":"WebPage","@id":"https:\/\/www.notibras.com\/site\/estradas-e-aeroportos-preparados-para-movimento-no-carnaval\/","url":"https:\/\/www.notibras.com\/site\/estradas-e-aeroportos-preparados-para-movimento-no-carnaval\/","name":"Estradas e aeroportos preparados para movimento no carnaval - Notibras","isPartOf":{"@id":"https:\/\/www.notibras.com\/site\/#website"},"primaryImageOfPage":{"@id":"https:\/\/www.notibras.com\/site\/estradas-e-aeroportos-preparados-para-movimento-no-carnaval\/#primaryimage"},"image":{"@id":"https:\/\/www.notibras.com\/site\/estradas-e-aeroportos-preparados-para-movimento-no-carnaval\/#primaryimage"},"thumbnailUrl":"https:\/\/www.notibras.com\/site\/wp-content\/uploads\/2024\/02\/aerofolia.webp","datePublished":"2024-02-09T11:19:39+00:00","breadcrumb":{"@id":"https:\/\/www.notibras.com\/site\/estradas-e-aeroportos-preparados-para-movimento-no-carnaval\/#breadcrumb"},"inLanguage":"pt-BR","potentialAction":[{"@type":"ReadAction","target":["https:\/\/www.notibras.com\/site\/estradas-e-aeroportos-preparados-para-movimento-no-carnaval\/"]}]},{"@type":"ImageObject","inLanguage":"pt-BR","@id":"https:\/\/www.notibras.com\/site\/estradas-e-aeroportos-preparados-para-movimento-no-carnaval\/#primaryimage","url":"https:\/\/www.notibras.com\/site\/wp-content\/uploads\/2024\/02\/aerofolia.webp","contentUrl":"https:\/\/www.notibras.com\/site\/wp-content\/uploads\/2024\/02\/aerofolia.webp","width":1170,"height":700},{"@type":"BreadcrumbList","@id":"https:\/\/www.notibras.com\/site\/estradas-e-aeroportos-preparados-para-movimento-no-carnaval\/#breadcrumb","itemListElement":[{"@type":"ListItem","position":1,"name":"In\u00edcio","item":"https:\/\/www.notibras.com\/site\/"},{"@type":"ListItem","position":2,"name":"Estradas e aeroportos preparados para movimento no carnaval"}]},{"@type":"WebSite","@id":"https:\/\/www.notibras.com\/site\/#website","url":"https:\/\/www.notibras.com\/site\/","name":"Notibras","description":"Not\u00edcias de Bras\u00edlia, do Brasil e do Mundo","publisher":{"@id":"https:\/\/www.notibras.com\/site\/#organization"},"potentialAction":[{"@type":"SearchAction","target":{"@type":"EntryPoint","urlTemplate":"https:\/\/www.notibras.com\/site\/?s={search_term_string}"},"query-input":{"@type":"PropertyValueSpecification","valueRequired":true,"valueName":"search_term_string"}}],"inLanguage":"pt-BR"},{"@type":"Organization","@id":"https:\/\/www.notibras.com\/site\/#organization","name":"Grupo Notibras de Comunica\u00e7\u00e3o","url":"https:\/\/www.notibras.com\/site\/","logo":{"@type":"ImageObject","inLanguage":"pt-BR","@id":"https:\/\/www.notibras.com\/site\/#\/schema\/logo\/image\/","url":"https:\/\/www.notibras.com\/site\/wp-content\/uploads\/2023\/01\/notibras23.png","contentUrl":"https:\/\/www.notibras.com\/site\/wp-content\/uploads\/2023\/01\/notibras23.png","width":350,"height":87,"caption":"Grupo Notibras de Comunica\u00e7\u00e3o"},"image":{"@id":"https:\/\/www.notibras.com\/site\/#\/schema\/logo\/image\/"},"sameAs":["https:\/\/www.facebook.com\/notibras\/","https:\/\/x.com\/Notibras","https:\/\/www.instagram.com\/notibras\/"]},{"@type":"Person","@id":"https:\/\/www.notibras.com\/site\/#\/schema\/person\/36ab0979449956132d3e5b517ea76ac8","name":"Reda\u00e7\u00e3o","image":{"@type":"ImageObject","inLanguage":"pt-BR","@id":"https:\/\/secure.gravatar.com\/avatar\/e0a867bdedb85fd243eadf09663511f96fc81e0720a4a42581f334ad4303aa6b?s=96&d=mm&r=g","url":"https:\/\/secure.gravatar.com\/avatar\/e0a867bdedb85fd243eadf09663511f96fc81e0720a4a42581f334ad4303aa6b?s=96&d=mm&r=g","contentUrl":"https:\/\/secure.gravatar.com\/avatar\/e0a867bdedb85fd243eadf09663511f96fc81e0720a4a42581f334ad4303aa6b?s=96&d=mm&r=g","caption":"Reda\u00e7\u00e3o"}}]}},"amp_enabled":true,"_links":{"self":[{"href":"https:\/\/www.notibras.com\/site\/wp-json\/wp\/v2\/posts\/322027","targetHints":{"allow":["GET"]}}],"collection":[{"href":"https:\/\/www.notibras.com\/site\/wp-json\/wp\/v2\/posts"}],"about":[{"href":"https:\/\/www.notibras.com\/site\/wp-json\/wp\/v2\/types\/post"}],"author":[{"embeddable":true,"href":"https:\/\/www.notibras.com\/site\/wp-json\/wp\/v2\/users\/2"}],"replies":[{"embeddable":true,"href":"https:\/\/www.notibras.com\/site\/wp-json\/wp\/v2\/comments?post=322027"}],"version-history":[{"count":1,"href":"https:\/\/www.notibras.com\/site\/wp-json\/wp\/v2\/posts\/322027\/revisions"}],"predecessor-version":[{"id":322029,"href":"https:\/\/www.notibras.com\/site\/wp-json\/wp\/v2\/posts\/322027\/revisions\/322029"}],"wp:featuredmedia":[{"embeddable":true,"href":"https:\/\/www.notibras.com\/site\/wp-json\/wp\/v2\/media\/322028"}],"wp:attachment":[{"href":"https:\/\/www.notibras.com\/site\/wp-json\/wp\/v2\/media?parent=322027"}],"wp:term":[{"taxonomy":"category","embeddable":true,"href":"https:\/\/www.notibras.com\/site\/wp-json\/wp\/v2\/categories?post=322027"},{"taxonomy":"post_tag","embeddable":true,"href":"https:\/\/www.notibras.com\/site\/wp-json\/wp\/v2\/tags?post=322027"}],"curies":[{"name":"wp","href":"https:\/\/api.w.org\/{rel}","templated":true}]}}