{"id":322030,"date":"2024-02-09T08:30:33","date_gmt":"2024-02-09T11:30:33","guid":{"rendered":"https:\/\/www.notibras.com\/site\/?p=322030"},"modified":"2024-02-09T08:30:33","modified_gmt":"2024-02-09T11:30:33","slug":"policiais-da-5a-acabam-com-farra-da-maconha-dos-ricacos","status":"publish","type":"post","link":"https:\/\/www.notibras.com\/site\/policiais-da-5a-acabam-com-farra-da-maconha-dos-ricacos\/","title":{"rendered":"Policiais da 5\u00aa acabam com farra da maconha dos rica\u00e7os"},"content":{"rendered":"<p>Uma equipe da 5\u00aa Delegacia de Pol\u00edcia deflagrou nesta sexta, 9, a \u201cOpera\u00e7\u00e3o Big Smoke\u201d que teve como alvos dois traficantes da Samambaia e do Parano\u00e1.<\/p>\n<p>Investiga\u00e7\u00f5es que duraram quatro meses indicaram que esses alvos eram respons\u00e1veis por abastecer outros traficantes da regi\u00e3o central de Bras\u00edlia, mais especificamente da Vila Planalto com uma maconha com alto n\u00edvel de THC.<\/p>\n<p>Por ser um produto \u201cgourmet\u201d, o custo era alto, sendo vendida por 60 reais o grama. A qualidade fazia com que v\u00e1rios usu\u00e1rios de alto poder aquisitivo, principalmente servidores p\u00fablicos e empres\u00e1rios procurassem os traficantes a fim de adquirir essa \u201cMaconha Gourmet\u201d.<\/p>\n<p>Foram cumpridos dois mandados de busca e apreens\u00e3o contra os suspeitos de 25 e 24 anos de idade. Ambos acumulam v\u00e1rias \u201cpassagens\u201d n\u00e3o s\u00f3 por tr\u00e1fico de drogas, mas tamb\u00e9m por crimes graves, como roubo, porte de arma e homic\u00eddio.<\/p>\n<p>Um dos suspeitos, foi preso em flagrante em sua casa no Parano\u00e1, ap\u00f3s a equipe de investiga\u00e7\u00e3o encontrar droga, balan\u00e7a de precis\u00e3o e mais materiais destinados \u00e0 prepara\u00e7\u00e3o de droga para venda. O outro n\u00e3o foi encontrado em sua casa na regi\u00e3o da Samambaia, mas a equipe encontrou drogas e outros objetos que indicam a venda de droga na resid\u00eancia.<\/p>\n<p>O traficante preso em flagrante foi indiciado no crime de Tr\u00e1fico de Drogas e poder\u00e1 pegar uma pena de at\u00e9 15 anos de reclus\u00e3o.<\/p>\n","protected":false},"excerpt":{"rendered":"<p>Uma equipe da 5\u00aa Delegacia de Pol\u00edcia deflagrou nesta sexta, 9, a \u201cOpera\u00e7\u00e3o Big Smoke\u201d que teve como alvos dois traficantes da Samambaia e do Parano\u00e1. Investiga\u00e7\u00f5es que duraram quatro meses indicaram que esses alvos eram respons\u00e1veis por abastecer outros traficantes da regi\u00e3o central de Bras\u00edlia, mais especificamente da Vila Planalto com uma maconha com [&hellip;]<\/p>\n","protected":false},"author":2,"featured_media":322031,"comment_status":"closed","ping_status":"closed","sticky":false,"template":"","format":"standard","meta":{"_acf_changed":false,"footnotes":""},"categories":[161],"tags":[],"class_list":["post-322030","post","type-post","status-publish","format-standard","has-post-thumbnail","hentry","category-quadradinho-em-foco"],"acf":[],"yoast_head":"<!-- This site is optimized with the Yoast SEO plugin v27.2 - https:\/\/yoast.com\/product\/yoast-seo-wordpress\/ -->\n<title>Policiais da 5\u00aa acabam com farra da maconha dos rica\u00e7os - Notibras<\/title>\n<meta name=\"robots\" content=\"index, follow, max-snippet:-1, max-image-preview:large, max-video-preview:-1\" \/>\n<link rel=\"canonical\" href=\"https:\/\/www.notibras.com\/site\/policiais-da-5a-acabam-com-farra-da-maconha-dos-ricacos\/\" \/>\n<meta property=\"og:locale\" content=\"pt_BR\" \/>\n<meta property=\"og:type\" content=\"article\" \/>\n<meta property=\"og:title\" content=\"Policiais da 5\u00aa acabam com farra da maconha dos rica\u00e7os - Notibras\" \/>\n<meta property=\"og:description\" content=\"Uma equipe da 5\u00aa Delegacia de Pol\u00edcia deflagrou nesta sexta, 9, a \u201cOpera\u00e7\u00e3o Big Smoke\u201d que teve como alvos dois traficantes da Samambaia e do Parano\u00e1. Investiga\u00e7\u00f5es que duraram quatro meses indicaram que esses alvos eram respons\u00e1veis por abastecer outros traficantes da regi\u00e3o central de Bras\u00edlia, mais especificamente da Vila Planalto com uma maconha com [&hellip;]\" \/>\n<meta property=\"og:url\" content=\"https:\/\/www.notibras.com\/site\/policiais-da-5a-acabam-com-farra-da-maconha-dos-ricacos\/\" \/>\n<meta property=\"og:site_name\" content=\"Notibras\" \/>\n<meta property=\"article:publisher\" content=\"https:\/\/www.facebook.com\/notibras\/\" \/>\n<meta property=\"article:published_time\" content=\"2024-02-09T11:30:33+00:00\" \/>\n<meta property=\"og:image\" content=\"https:\/\/www.notibras.com\/site\/wp-content\/uploads\/2024\/02\/d1802d0a-34aa-4727-b3ba-68bebf29e84c.jpeg\" \/>\n\t<meta property=\"og:image:width\" content=\"1280\" \/>\n\t<meta property=\"og:image:height\" content=\"960\" \/>\n\t<meta property=\"og:image:type\" content=\"image\/jpeg\" \/>\n<meta name=\"author\" content=\"Reda\u00e7\u00e3o\" \/>\n<meta name=\"twitter:card\" content=\"summary_large_image\" \/>\n<meta name=\"twitter:creator\" content=\"@Notibras\" \/>\n<meta name=\"twitter:site\" content=\"@Notibras\" \/>\n<meta name=\"twitter:label1\" content=\"Escrito por\" \/>\n\t<meta name=\"twitter:data1\" content=\"Reda\u00e7\u00e3o\" \/>\n\t<meta name=\"twitter:label2\" content=\"Est. tempo de leitura\" \/>\n\t<meta name=\"twitter:data2\" content=\"2 minutos\" \/>\n<script type=\"application\/ld+json\" class=\"yoast-schema-graph\">{\"@context\":\"https:\/\/schema.org\",\"@graph\":[{\"@type\":\"Article\",\"@id\":\"https:\/\/www.notibras.com\/site\/policiais-da-5a-acabam-com-farra-da-maconha-dos-ricacos\/#article\",\"isPartOf\":{\"@id\":\"https:\/\/www.notibras.com\/site\/policiais-da-5a-acabam-com-farra-da-maconha-dos-ricacos\/\"},\"author\":{\"name\":\"Reda\u00e7\u00e3o\",\"@id\":\"https:\/\/www.notibras.com\/site\/#\/schema\/person\/36ab0979449956132d3e5b517ea76ac8\"},\"headline\":\"Policiais da 5\u00aa acabam com farra da maconha dos rica\u00e7os\",\"datePublished\":\"2024-02-09T11:30:33+00:00\",\"mainEntityOfPage\":{\"@id\":\"https:\/\/www.notibras.com\/site\/policiais-da-5a-acabam-com-farra-da-maconha-dos-ricacos\/\"},\"wordCount\":255,\"publisher\":{\"@id\":\"https:\/\/www.notibras.com\/site\/#organization\"},\"image\":{\"@id\":\"https:\/\/www.notibras.com\/site\/policiais-da-5a-acabam-com-farra-da-maconha-dos-ricacos\/#primaryimage\"},\"thumbnailUrl\":\"https:\/\/www.notibras.com\/site\/wp-content\/uploads\/2024\/02\/d1802d0a-34aa-4727-b3ba-68bebf29e84c.jpeg\",\"articleSection\":[\"Quadradinho em Foco\"],\"inLanguage\":\"pt-BR\"},{\"@type\":\"WebPage\",\"@id\":\"https:\/\/www.notibras.com\/site\/policiais-da-5a-acabam-com-farra-da-maconha-dos-ricacos\/\",\"url\":\"https:\/\/www.notibras.com\/site\/policiais-da-5a-acabam-com-farra-da-maconha-dos-ricacos\/\",\"name\":\"Policiais da 5\u00aa acabam com farra da maconha dos rica\u00e7os - Notibras\",\"isPartOf\":{\"@id\":\"https:\/\/www.notibras.com\/site\/#website\"},\"primaryImageOfPage\":{\"@id\":\"https:\/\/www.notibras.com\/site\/policiais-da-5a-acabam-com-farra-da-maconha-dos-ricacos\/#primaryimage\"},\"image\":{\"@id\":\"https:\/\/www.notibras.com\/site\/policiais-da-5a-acabam-com-farra-da-maconha-dos-ricacos\/#primaryimage\"},\"thumbnailUrl\":\"https:\/\/www.notibras.com\/site\/wp-content\/uploads\/2024\/02\/d1802d0a-34aa-4727-b3ba-68bebf29e84c.jpeg\",\"datePublished\":\"2024-02-09T11:30:33+00:00\",\"breadcrumb\":{\"@id\":\"https:\/\/www.notibras.com\/site\/policiais-da-5a-acabam-com-farra-da-maconha-dos-ricacos\/#breadcrumb\"},\"inLanguage\":\"pt-BR\",\"potentialAction\":[{\"@type\":\"ReadAction\",\"target\":[\"https:\/\/www.notibras.com\/site\/policiais-da-5a-acabam-com-farra-da-maconha-dos-ricacos\/\"]}]},{\"@type\":\"ImageObject\",\"inLanguage\":\"pt-BR\",\"@id\":\"https:\/\/www.notibras.com\/site\/policiais-da-5a-acabam-com-farra-da-maconha-dos-ricacos\/#primaryimage\",\"url\":\"https:\/\/www.notibras.com\/site\/wp-content\/uploads\/2024\/02\/d1802d0a-34aa-4727-b3ba-68bebf29e84c.jpeg\",\"contentUrl\":\"https:\/\/www.notibras.com\/site\/wp-content\/uploads\/2024\/02\/d1802d0a-34aa-4727-b3ba-68bebf29e84c.jpeg\",\"width\":1280,\"height\":960},{\"@type\":\"BreadcrumbList\",\"@id\":\"https:\/\/www.notibras.com\/site\/policiais-da-5a-acabam-com-farra-da-maconha-dos-ricacos\/#breadcrumb\",\"itemListElement\":[{\"@type\":\"ListItem\",\"position\":1,\"name\":\"In\u00edcio\",\"item\":\"https:\/\/www.notibras.com\/site\/\"},{\"@type\":\"ListItem\",\"position\":2,\"name\":\"Policiais da 5\u00aa acabam com farra da maconha dos rica\u00e7os\"}]},{\"@type\":\"WebSite\",\"@id\":\"https:\/\/www.notibras.com\/site\/#website\",\"url\":\"https:\/\/www.notibras.com\/site\/\",\"name\":\"Notibras\",\"description\":\"Not\u00edcias de Bras\u00edlia, do Brasil e do Mundo\",\"publisher\":{\"@id\":\"https:\/\/www.notibras.com\/site\/#organization\"},\"potentialAction\":[{\"@type\":\"SearchAction\",\"target\":{\"@type\":\"EntryPoint\",\"urlTemplate\":\"https:\/\/www.notibras.com\/site\/?s={search_term_string}\"},\"query-input\":{\"@type\":\"PropertyValueSpecification\",\"valueRequired\":true,\"valueName\":\"search_term_string\"}}],\"inLanguage\":\"pt-BR\"},{\"@type\":\"Organization\",\"@id\":\"https:\/\/www.notibras.com\/site\/#organization\",\"name\":\"Grupo Notibras de Comunica\u00e7\u00e3o\",\"url\":\"https:\/\/www.notibras.com\/site\/\",\"logo\":{\"@type\":\"ImageObject\",\"inLanguage\":\"pt-BR\",\"@id\":\"https:\/\/www.notibras.com\/site\/#\/schema\/logo\/image\/\",\"url\":\"https:\/\/www.notibras.com\/site\/wp-content\/uploads\/2023\/01\/notibras23.png\",\"contentUrl\":\"https:\/\/www.notibras.com\/site\/wp-content\/uploads\/2023\/01\/notibras23.png\",\"width\":350,\"height\":87,\"caption\":\"Grupo Notibras de Comunica\u00e7\u00e3o\"},\"image\":{\"@id\":\"https:\/\/www.notibras.com\/site\/#\/schema\/logo\/image\/\"},\"sameAs\":[\"https:\/\/www.facebook.com\/notibras\/\",\"https:\/\/x.com\/Notibras\",\"https:\/\/www.instagram.com\/notibras\/\"]},{\"@type\":\"Person\",\"@id\":\"https:\/\/www.notibras.com\/site\/#\/schema\/person\/36ab0979449956132d3e5b517ea76ac8\",\"name\":\"Reda\u00e7\u00e3o\",\"image\":{\"@type\":\"ImageObject\",\"inLanguage\":\"pt-BR\",\"@id\":\"https:\/\/secure.gravatar.com\/avatar\/e0a867bdedb85fd243eadf09663511f96fc81e0720a4a42581f334ad4303aa6b?s=96&d=mm&r=g\",\"url\":\"https:\/\/secure.gravatar.com\/avatar\/e0a867bdedb85fd243eadf09663511f96fc81e0720a4a42581f334ad4303aa6b?s=96&d=mm&r=g\",\"contentUrl\":\"https:\/\/secure.gravatar.com\/avatar\/e0a867bdedb85fd243eadf09663511f96fc81e0720a4a42581f334ad4303aa6b?s=96&d=mm&r=g\",\"caption\":\"Reda\u00e7\u00e3o\"}}]}<\/script>\n<!-- \/ Yoast SEO plugin. -->","yoast_head_json":{"title":"Policiais da 5\u00aa acabam com farra da maconha dos rica\u00e7os - Notibras","robots":{"index":"index","follow":"follow","max-snippet":"max-snippet:-1","max-image-preview":"max-image-preview:large","max-video-preview":"max-video-preview:-1"},"canonical":"https:\/\/www.notibras.com\/site\/policiais-da-5a-acabam-com-farra-da-maconha-dos-ricacos\/","og_locale":"pt_BR","og_type":"article","og_title":"Policiais da 5\u00aa acabam com farra da maconha dos rica\u00e7os - Notibras","og_description":"Uma equipe da 5\u00aa Delegacia de Pol\u00edcia deflagrou nesta sexta, 9, a \u201cOpera\u00e7\u00e3o Big Smoke\u201d que teve como alvos dois traficantes da Samambaia e do Parano\u00e1. Investiga\u00e7\u00f5es que duraram quatro meses indicaram que esses alvos eram respons\u00e1veis por abastecer outros traficantes da regi\u00e3o central de Bras\u00edlia, mais especificamente da Vila Planalto com uma maconha com [&hellip;]","og_url":"https:\/\/www.notibras.com\/site\/policiais-da-5a-acabam-com-farra-da-maconha-dos-ricacos\/","og_site_name":"Notibras","article_publisher":"https:\/\/www.facebook.com\/notibras\/","article_published_time":"2024-02-09T11:30:33+00:00","og_image":[{"width":1280,"height":960,"url":"https:\/\/www.notibras.com\/site\/wp-content\/uploads\/2024\/02\/d1802d0a-34aa-4727-b3ba-68bebf29e84c.jpeg","type":"image\/jpeg"}],"author":"Reda\u00e7\u00e3o","twitter_card":"summary_large_image","twitter_creator":"@Notibras","twitter_site":"@Notibras","twitter_misc":{"Escrito por":"Reda\u00e7\u00e3o","Est. tempo de leitura":"2 minutos"},"schema":{"@context":"https:\/\/schema.org","@graph":[{"@type":"Article","@id":"https:\/\/www.notibras.com\/site\/policiais-da-5a-acabam-com-farra-da-maconha-dos-ricacos\/#article","isPartOf":{"@id":"https:\/\/www.notibras.com\/site\/policiais-da-5a-acabam-com-farra-da-maconha-dos-ricacos\/"},"author":{"name":"Reda\u00e7\u00e3o","@id":"https:\/\/www.notibras.com\/site\/#\/schema\/person\/36ab0979449956132d3e5b517ea76ac8"},"headline":"Policiais da 5\u00aa acabam com farra da maconha dos rica\u00e7os","datePublished":"2024-02-09T11:30:33+00:00","mainEntityOfPage":{"@id":"https:\/\/www.notibras.com\/site\/policiais-da-5a-acabam-com-farra-da-maconha-dos-ricacos\/"},"wordCount":255,"publisher":{"@id":"https:\/\/www.notibras.com\/site\/#organization"},"image":{"@id":"https:\/\/www.notibras.com\/site\/policiais-da-5a-acabam-com-farra-da-maconha-dos-ricacos\/#primaryimage"},"thumbnailUrl":"https:\/\/www.notibras.com\/site\/wp-content\/uploads\/2024\/02\/d1802d0a-34aa-4727-b3ba-68bebf29e84c.jpeg","articleSection":["Quadradinho em Foco"],"inLanguage":"pt-BR"},{"@type":"WebPage","@id":"https:\/\/www.notibras.com\/site\/policiais-da-5a-acabam-com-farra-da-maconha-dos-ricacos\/","url":"https:\/\/www.notibras.com\/site\/policiais-da-5a-acabam-com-farra-da-maconha-dos-ricacos\/","name":"Policiais da 5\u00aa acabam com farra da maconha dos rica\u00e7os - Notibras","isPartOf":{"@id":"https:\/\/www.notibras.com\/site\/#website"},"primaryImageOfPage":{"@id":"https:\/\/www.notibras.com\/site\/policiais-da-5a-acabam-com-farra-da-maconha-dos-ricacos\/#primaryimage"},"image":{"@id":"https:\/\/www.notibras.com\/site\/policiais-da-5a-acabam-com-farra-da-maconha-dos-ricacos\/#primaryimage"},"thumbnailUrl":"https:\/\/www.notibras.com\/site\/wp-content\/uploads\/2024\/02\/d1802d0a-34aa-4727-b3ba-68bebf29e84c.jpeg","datePublished":"2024-02-09T11:30:33+00:00","breadcrumb":{"@id":"https:\/\/www.notibras.com\/site\/policiais-da-5a-acabam-com-farra-da-maconha-dos-ricacos\/#breadcrumb"},"inLanguage":"pt-BR","potentialAction":[{"@type":"ReadAction","target":["https:\/\/www.notibras.com\/site\/policiais-da-5a-acabam-com-farra-da-maconha-dos-ricacos\/"]}]},{"@type":"ImageObject","inLanguage":"pt-BR","@id":"https:\/\/www.notibras.com\/site\/policiais-da-5a-acabam-com-farra-da-maconha-dos-ricacos\/#primaryimage","url":"https:\/\/www.notibras.com\/site\/wp-content\/uploads\/2024\/02\/d1802d0a-34aa-4727-b3ba-68bebf29e84c.jpeg","contentUrl":"https:\/\/www.notibras.com\/site\/wp-content\/uploads\/2024\/02\/d1802d0a-34aa-4727-b3ba-68bebf29e84c.jpeg","width":1280,"height":960},{"@type":"BreadcrumbList","@id":"https:\/\/www.notibras.com\/site\/policiais-da-5a-acabam-com-farra-da-maconha-dos-ricacos\/#breadcrumb","itemListElement":[{"@type":"ListItem","position":1,"name":"In\u00edcio","item":"https:\/\/www.notibras.com\/site\/"},{"@type":"ListItem","position":2,"name":"Policiais da 5\u00aa acabam com farra da maconha dos rica\u00e7os"}]},{"@type":"WebSite","@id":"https:\/\/www.notibras.com\/site\/#website","url":"https:\/\/www.notibras.com\/site\/","name":"Notibras","description":"Not\u00edcias de Bras\u00edlia, do Brasil e do Mundo","publisher":{"@id":"https:\/\/www.notibras.com\/site\/#organization"},"potentialAction":[{"@type":"SearchAction","target":{"@type":"EntryPoint","urlTemplate":"https:\/\/www.notibras.com\/site\/?s={search_term_string}"},"query-input":{"@type":"PropertyValueSpecification","valueRequired":true,"valueName":"search_term_string"}}],"inLanguage":"pt-BR"},{"@type":"Organization","@id":"https:\/\/www.notibras.com\/site\/#organization","name":"Grupo Notibras de Comunica\u00e7\u00e3o","url":"https:\/\/www.notibras.com\/site\/","logo":{"@type":"ImageObject","inLanguage":"pt-BR","@id":"https:\/\/www.notibras.com\/site\/#\/schema\/logo\/image\/","url":"https:\/\/www.notibras.com\/site\/wp-content\/uploads\/2023\/01\/notibras23.png","contentUrl":"https:\/\/www.notibras.com\/site\/wp-content\/uploads\/2023\/01\/notibras23.png","width":350,"height":87,"caption":"Grupo Notibras de Comunica\u00e7\u00e3o"},"image":{"@id":"https:\/\/www.notibras.com\/site\/#\/schema\/logo\/image\/"},"sameAs":["https:\/\/www.facebook.com\/notibras\/","https:\/\/x.com\/Notibras","https:\/\/www.instagram.com\/notibras\/"]},{"@type":"Person","@id":"https:\/\/www.notibras.com\/site\/#\/schema\/person\/36ab0979449956132d3e5b517ea76ac8","name":"Reda\u00e7\u00e3o","image":{"@type":"ImageObject","inLanguage":"pt-BR","@id":"https:\/\/secure.gravatar.com\/avatar\/e0a867bdedb85fd243eadf09663511f96fc81e0720a4a42581f334ad4303aa6b?s=96&d=mm&r=g","url":"https:\/\/secure.gravatar.com\/avatar\/e0a867bdedb85fd243eadf09663511f96fc81e0720a4a42581f334ad4303aa6b?s=96&d=mm&r=g","contentUrl":"https:\/\/secure.gravatar.com\/avatar\/e0a867bdedb85fd243eadf09663511f96fc81e0720a4a42581f334ad4303aa6b?s=96&d=mm&r=g","caption":"Reda\u00e7\u00e3o"}}]}},"amp_enabled":true,"_links":{"self":[{"href":"https:\/\/www.notibras.com\/site\/wp-json\/wp\/v2\/posts\/322030","targetHints":{"allow":["GET"]}}],"collection":[{"href":"https:\/\/www.notibras.com\/site\/wp-json\/wp\/v2\/posts"}],"about":[{"href":"https:\/\/www.notibras.com\/site\/wp-json\/wp\/v2\/types\/post"}],"author":[{"embeddable":true,"href":"https:\/\/www.notibras.com\/site\/wp-json\/wp\/v2\/users\/2"}],"replies":[{"embeddable":true,"href":"https:\/\/www.notibras.com\/site\/wp-json\/wp\/v2\/comments?post=322030"}],"version-history":[{"count":1,"href":"https:\/\/www.notibras.com\/site\/wp-json\/wp\/v2\/posts\/322030\/revisions"}],"predecessor-version":[{"id":322032,"href":"https:\/\/www.notibras.com\/site\/wp-json\/wp\/v2\/posts\/322030\/revisions\/322032"}],"wp:featuredmedia":[{"embeddable":true,"href":"https:\/\/www.notibras.com\/site\/wp-json\/wp\/v2\/media\/322031"}],"wp:attachment":[{"href":"https:\/\/www.notibras.com\/site\/wp-json\/wp\/v2\/media?parent=322030"}],"wp:term":[{"taxonomy":"category","embeddable":true,"href":"https:\/\/www.notibras.com\/site\/wp-json\/wp\/v2\/categories?post=322030"},{"taxonomy":"post_tag","embeddable":true,"href":"https:\/\/www.notibras.com\/site\/wp-json\/wp\/v2\/tags?post=322030"}],"curies":[{"name":"wp","href":"https:\/\/api.w.org\/{rel}","templated":true}]}}