{"id":322033,"date":"2024-02-09T06:46:39","date_gmt":"2024-02-09T09:46:39","guid":{"rendered":"https:\/\/www.notibras.com\/site\/?p=322033"},"modified":"2024-02-09T08:48:27","modified_gmt":"2024-02-09T11:48:27","slug":"ultimo-dia-para-quem-sonha-ser-servidor-publico-federal","status":"publish","type":"post","link":"https:\/\/www.notibras.com\/site\/ultimo-dia-para-quem-sonha-ser-servidor-publico-federal\/","title":{"rendered":"\u00daltimo dia para quem sonha ser servidor p\u00fablico federal"},"content":{"rendered":"<p>Nesta sexta-feira (9), \u00e0s 23h59, hor\u00e1rio de Bras\u00edlia, termina o per\u00edodo de inscri\u00e7\u00e3o do Concurso P\u00fablico Nacional Unificado (CPNU), que vai contratar 6.640 servidores p\u00fablicos para 21 \u00f3rg\u00e3os federais. Hoje, o n\u00famero de inscritos alcan\u00e7ou o recorde de dois milh\u00f5es de candidatos, mas 700 mil ainda precisam pagar a taxa de inscri\u00e7\u00e3o para confirmar a participa\u00e7\u00e3o.<\/p>\n<p>A prova ser\u00e1 feita em 220 cidades de todos os estados e Distrito Federal e ser\u00e1 aplicada no dia 5 de maio. Os candidatos poder\u00e3o concorrer a uma ou mais carreiras em um dos blocos tem\u00e1ticos dos oito editais, que foram recentemente retificados para corre\u00e7\u00f5es de ambiguidades e informa\u00e7\u00f5es imprecisas.<\/p>\n<p>Segundo o Minist\u00e9rio da Gest\u00e3o e da Inova\u00e7\u00e3o em Servi\u00e7os P\u00fablicos (MGI) &#8211; respons\u00e1vel pelo processo seletivo &#8211; as mudan\u00e7as foram referentes \u00e0s vagas reservadas a pessoas com defici\u00eancia (PcD) e pessoas negras, al\u00e9m de algumas exig\u00eancias na forma\u00e7\u00e3o para determinadas vagas. O objetivo das mudan\u00e7as foi garantir a observ\u00e2ncia dos princ\u00edpios constitucionais da administra\u00e7\u00e3o p\u00fablica e tamb\u00e9m potencializar a sele\u00e7\u00e3o dos profissionais mais adequados ao exerc\u00edcio das atribui\u00e7\u00f5es.<\/p>\n<p>A institui\u00e7\u00e3o orienta que os candidatos dos editais retificados no sentido de que tomem ci\u00eancia das mudan\u00e7as, inclusive documenta\u00e7\u00f5es que precisar\u00e3o ser apresentadas em caso de aprova\u00e7\u00e3o.<\/p>\n<p><strong>Processo seletivo<\/strong><br \/>\nEsta \u00e9 a primeira vez que o governo federal realiza um processo seletivo no qual \u00e9 poss\u00edvel o candidato concorrer a mais de um cargo em diferentes \u00f3rg\u00e3os, por ordem de interesse, pagando apenas uma taxa de inscri\u00e7\u00e3o. Para isso, \u00e9 necess\u00e1rio selecionar o bloco tem\u00e1tico e o n\u00edvel de escolaridade com que o candidato pretende concorrer, com taxas de inscri\u00e7\u00e3o no valor de R$ 90 para vagas do ensino superior e R$ 60 para os concorrentes de n\u00edvel m\u00e9dio.<\/p>\n","protected":false},"excerpt":{"rendered":"<p>Nesta sexta-feira (9), \u00e0s 23h59, hor\u00e1rio de Bras\u00edlia, termina o per\u00edodo de inscri\u00e7\u00e3o do Concurso P\u00fablico Nacional Unificado (CPNU), que vai contratar 6.640 servidores p\u00fablicos para 21 \u00f3rg\u00e3os federais. Hoje, o n\u00famero de inscritos alcan\u00e7ou o recorde de dois milh\u00f5es de candidatos, mas 700 mil ainda precisam pagar a taxa de inscri\u00e7\u00e3o para confirmar a [&hellip;]<\/p>\n","protected":false},"author":2,"featured_media":322034,"comment_status":"closed","ping_status":"closed","sticky":false,"template":"","format":"standard","meta":{"_acf_changed":false,"footnotes":""},"categories":[161],"tags":[],"class_list":["post-322033","post","type-post","status-publish","format-standard","has-post-thumbnail","hentry","category-quadradinho-em-foco"],"acf":[],"yoast_head":"<!-- This site is optimized with the Yoast SEO plugin v27.2 - https:\/\/yoast.com\/product\/yoast-seo-wordpress\/ -->\n<title>\u00daltimo dia para quem sonha ser servidor p\u00fablico federal - Notibras<\/title>\n<meta name=\"robots\" content=\"index, follow, max-snippet:-1, max-image-preview:large, max-video-preview:-1\" \/>\n<link rel=\"canonical\" href=\"https:\/\/www.notibras.com\/site\/ultimo-dia-para-quem-sonha-ser-servidor-publico-federal\/\" \/>\n<meta property=\"og:locale\" content=\"pt_BR\" \/>\n<meta property=\"og:type\" content=\"article\" \/>\n<meta property=\"og:title\" content=\"\u00daltimo dia para quem sonha ser servidor p\u00fablico federal - Notibras\" \/>\n<meta property=\"og:description\" content=\"Nesta sexta-feira (9), \u00e0s 23h59, hor\u00e1rio de Bras\u00edlia, termina o per\u00edodo de inscri\u00e7\u00e3o do Concurso P\u00fablico Nacional Unificado (CPNU), que vai contratar 6.640 servidores p\u00fablicos para 21 \u00f3rg\u00e3os federais. Hoje, o n\u00famero de inscritos alcan\u00e7ou o recorde de dois milh\u00f5es de candidatos, mas 700 mil ainda precisam pagar a taxa de inscri\u00e7\u00e3o para confirmar a [&hellip;]\" \/>\n<meta property=\"og:url\" content=\"https:\/\/www.notibras.com\/site\/ultimo-dia-para-quem-sonha-ser-servidor-publico-federal\/\" \/>\n<meta property=\"og:site_name\" content=\"Notibras\" \/>\n<meta property=\"article:publisher\" content=\"https:\/\/www.facebook.com\/notibras\/\" \/>\n<meta property=\"article:published_time\" content=\"2024-02-09T09:46:39+00:00\" \/>\n<meta property=\"article:modified_time\" content=\"2024-02-09T11:48:27+00:00\" \/>\n<meta property=\"og:image\" content=\"https:\/\/www.notibras.com\/site\/wp-content\/uploads\/2024\/02\/prazocp.webp\" \/>\n\t<meta property=\"og:image:width\" content=\"1170\" \/>\n\t<meta property=\"og:image:height\" content=\"700\" \/>\n\t<meta property=\"og:image:type\" content=\"image\/webp\" \/>\n<meta name=\"author\" content=\"Reda\u00e7\u00e3o\" \/>\n<meta name=\"twitter:card\" content=\"summary_large_image\" \/>\n<meta name=\"twitter:creator\" content=\"@Notibras\" \/>\n<meta name=\"twitter:site\" content=\"@Notibras\" \/>\n<meta name=\"twitter:label1\" content=\"Escrito por\" \/>\n\t<meta name=\"twitter:data1\" content=\"Reda\u00e7\u00e3o\" \/>\n\t<meta name=\"twitter:label2\" content=\"Est. tempo de leitura\" \/>\n\t<meta name=\"twitter:data2\" content=\"2 minutos\" \/>\n<script type=\"application\/ld+json\" class=\"yoast-schema-graph\">{\"@context\":\"https:\/\/schema.org\",\"@graph\":[{\"@type\":\"Article\",\"@id\":\"https:\/\/www.notibras.com\/site\/ultimo-dia-para-quem-sonha-ser-servidor-publico-federal\/#article\",\"isPartOf\":{\"@id\":\"https:\/\/www.notibras.com\/site\/ultimo-dia-para-quem-sonha-ser-servidor-publico-federal\/\"},\"author\":{\"name\":\"Reda\u00e7\u00e3o\",\"@id\":\"https:\/\/www.notibras.com\/site\/#\/schema\/person\/36ab0979449956132d3e5b517ea76ac8\"},\"headline\":\"\u00daltimo dia para quem sonha ser servidor p\u00fablico federal\",\"datePublished\":\"2024-02-09T09:46:39+00:00\",\"dateModified\":\"2024-02-09T11:48:27+00:00\",\"mainEntityOfPage\":{\"@id\":\"https:\/\/www.notibras.com\/site\/ultimo-dia-para-quem-sonha-ser-servidor-publico-federal\/\"},\"wordCount\":334,\"publisher\":{\"@id\":\"https:\/\/www.notibras.com\/site\/#organization\"},\"image\":{\"@id\":\"https:\/\/www.notibras.com\/site\/ultimo-dia-para-quem-sonha-ser-servidor-publico-federal\/#primaryimage\"},\"thumbnailUrl\":\"https:\/\/www.notibras.com\/site\/wp-content\/uploads\/2024\/02\/prazocp.webp\",\"articleSection\":[\"Quadradinho em Foco\"],\"inLanguage\":\"pt-BR\"},{\"@type\":\"WebPage\",\"@id\":\"https:\/\/www.notibras.com\/site\/ultimo-dia-para-quem-sonha-ser-servidor-publico-federal\/\",\"url\":\"https:\/\/www.notibras.com\/site\/ultimo-dia-para-quem-sonha-ser-servidor-publico-federal\/\",\"name\":\"\u00daltimo dia para quem sonha ser servidor p\u00fablico federal - Notibras\",\"isPartOf\":{\"@id\":\"https:\/\/www.notibras.com\/site\/#website\"},\"primaryImageOfPage\":{\"@id\":\"https:\/\/www.notibras.com\/site\/ultimo-dia-para-quem-sonha-ser-servidor-publico-federal\/#primaryimage\"},\"image\":{\"@id\":\"https:\/\/www.notibras.com\/site\/ultimo-dia-para-quem-sonha-ser-servidor-publico-federal\/#primaryimage\"},\"thumbnailUrl\":\"https:\/\/www.notibras.com\/site\/wp-content\/uploads\/2024\/02\/prazocp.webp\",\"datePublished\":\"2024-02-09T09:46:39+00:00\",\"dateModified\":\"2024-02-09T11:48:27+00:00\",\"breadcrumb\":{\"@id\":\"https:\/\/www.notibras.com\/site\/ultimo-dia-para-quem-sonha-ser-servidor-publico-federal\/#breadcrumb\"},\"inLanguage\":\"pt-BR\",\"potentialAction\":[{\"@type\":\"ReadAction\",\"target\":[\"https:\/\/www.notibras.com\/site\/ultimo-dia-para-quem-sonha-ser-servidor-publico-federal\/\"]}]},{\"@type\":\"ImageObject\",\"inLanguage\":\"pt-BR\",\"@id\":\"https:\/\/www.notibras.com\/site\/ultimo-dia-para-quem-sonha-ser-servidor-publico-federal\/#primaryimage\",\"url\":\"https:\/\/www.notibras.com\/site\/wp-content\/uploads\/2024\/02\/prazocp.webp\",\"contentUrl\":\"https:\/\/www.notibras.com\/site\/wp-content\/uploads\/2024\/02\/prazocp.webp\",\"width\":1170,\"height\":700},{\"@type\":\"BreadcrumbList\",\"@id\":\"https:\/\/www.notibras.com\/site\/ultimo-dia-para-quem-sonha-ser-servidor-publico-federal\/#breadcrumb\",\"itemListElement\":[{\"@type\":\"ListItem\",\"position\":1,\"name\":\"In\u00edcio\",\"item\":\"https:\/\/www.notibras.com\/site\/\"},{\"@type\":\"ListItem\",\"position\":2,\"name\":\"\u00daltimo dia para quem sonha ser servidor p\u00fablico federal\"}]},{\"@type\":\"WebSite\",\"@id\":\"https:\/\/www.notibras.com\/site\/#website\",\"url\":\"https:\/\/www.notibras.com\/site\/\",\"name\":\"Notibras\",\"description\":\"Not\u00edcias de Bras\u00edlia, do Brasil e do Mundo\",\"publisher\":{\"@id\":\"https:\/\/www.notibras.com\/site\/#organization\"},\"potentialAction\":[{\"@type\":\"SearchAction\",\"target\":{\"@type\":\"EntryPoint\",\"urlTemplate\":\"https:\/\/www.notibras.com\/site\/?s={search_term_string}\"},\"query-input\":{\"@type\":\"PropertyValueSpecification\",\"valueRequired\":true,\"valueName\":\"search_term_string\"}}],\"inLanguage\":\"pt-BR\"},{\"@type\":\"Organization\",\"@id\":\"https:\/\/www.notibras.com\/site\/#organization\",\"name\":\"Grupo Notibras de Comunica\u00e7\u00e3o\",\"url\":\"https:\/\/www.notibras.com\/site\/\",\"logo\":{\"@type\":\"ImageObject\",\"inLanguage\":\"pt-BR\",\"@id\":\"https:\/\/www.notibras.com\/site\/#\/schema\/logo\/image\/\",\"url\":\"https:\/\/www.notibras.com\/site\/wp-content\/uploads\/2023\/01\/notibras23.png\",\"contentUrl\":\"https:\/\/www.notibras.com\/site\/wp-content\/uploads\/2023\/01\/notibras23.png\",\"width\":350,\"height\":87,\"caption\":\"Grupo Notibras de Comunica\u00e7\u00e3o\"},\"image\":{\"@id\":\"https:\/\/www.notibras.com\/site\/#\/schema\/logo\/image\/\"},\"sameAs\":[\"https:\/\/www.facebook.com\/notibras\/\",\"https:\/\/x.com\/Notibras\",\"https:\/\/www.instagram.com\/notibras\/\"]},{\"@type\":\"Person\",\"@id\":\"https:\/\/www.notibras.com\/site\/#\/schema\/person\/36ab0979449956132d3e5b517ea76ac8\",\"name\":\"Reda\u00e7\u00e3o\",\"image\":{\"@type\":\"ImageObject\",\"inLanguage\":\"pt-BR\",\"@id\":\"https:\/\/secure.gravatar.com\/avatar\/e0a867bdedb85fd243eadf09663511f96fc81e0720a4a42581f334ad4303aa6b?s=96&d=mm&r=g\",\"url\":\"https:\/\/secure.gravatar.com\/avatar\/e0a867bdedb85fd243eadf09663511f96fc81e0720a4a42581f334ad4303aa6b?s=96&d=mm&r=g\",\"contentUrl\":\"https:\/\/secure.gravatar.com\/avatar\/e0a867bdedb85fd243eadf09663511f96fc81e0720a4a42581f334ad4303aa6b?s=96&d=mm&r=g\",\"caption\":\"Reda\u00e7\u00e3o\"}}]}<\/script>\n<!-- \/ Yoast SEO plugin. -->","yoast_head_json":{"title":"\u00daltimo dia para quem sonha ser servidor p\u00fablico federal - Notibras","robots":{"index":"index","follow":"follow","max-snippet":"max-snippet:-1","max-image-preview":"max-image-preview:large","max-video-preview":"max-video-preview:-1"},"canonical":"https:\/\/www.notibras.com\/site\/ultimo-dia-para-quem-sonha-ser-servidor-publico-federal\/","og_locale":"pt_BR","og_type":"article","og_title":"\u00daltimo dia para quem sonha ser servidor p\u00fablico federal - Notibras","og_description":"Nesta sexta-feira (9), \u00e0s 23h59, hor\u00e1rio de Bras\u00edlia, termina o per\u00edodo de inscri\u00e7\u00e3o do Concurso P\u00fablico Nacional Unificado (CPNU), que vai contratar 6.640 servidores p\u00fablicos para 21 \u00f3rg\u00e3os federais. Hoje, o n\u00famero de inscritos alcan\u00e7ou o recorde de dois milh\u00f5es de candidatos, mas 700 mil ainda precisam pagar a taxa de inscri\u00e7\u00e3o para confirmar a [&hellip;]","og_url":"https:\/\/www.notibras.com\/site\/ultimo-dia-para-quem-sonha-ser-servidor-publico-federal\/","og_site_name":"Notibras","article_publisher":"https:\/\/www.facebook.com\/notibras\/","article_published_time":"2024-02-09T09:46:39+00:00","article_modified_time":"2024-02-09T11:48:27+00:00","og_image":[{"width":1170,"height":700,"url":"https:\/\/www.notibras.com\/site\/wp-content\/uploads\/2024\/02\/prazocp.webp","type":"image\/webp"}],"author":"Reda\u00e7\u00e3o","twitter_card":"summary_large_image","twitter_creator":"@Notibras","twitter_site":"@Notibras","twitter_misc":{"Escrito por":"Reda\u00e7\u00e3o","Est. tempo de leitura":"2 minutos"},"schema":{"@context":"https:\/\/schema.org","@graph":[{"@type":"Article","@id":"https:\/\/www.notibras.com\/site\/ultimo-dia-para-quem-sonha-ser-servidor-publico-federal\/#article","isPartOf":{"@id":"https:\/\/www.notibras.com\/site\/ultimo-dia-para-quem-sonha-ser-servidor-publico-federal\/"},"author":{"name":"Reda\u00e7\u00e3o","@id":"https:\/\/www.notibras.com\/site\/#\/schema\/person\/36ab0979449956132d3e5b517ea76ac8"},"headline":"\u00daltimo dia para quem sonha ser servidor p\u00fablico federal","datePublished":"2024-02-09T09:46:39+00:00","dateModified":"2024-02-09T11:48:27+00:00","mainEntityOfPage":{"@id":"https:\/\/www.notibras.com\/site\/ultimo-dia-para-quem-sonha-ser-servidor-publico-federal\/"},"wordCount":334,"publisher":{"@id":"https:\/\/www.notibras.com\/site\/#organization"},"image":{"@id":"https:\/\/www.notibras.com\/site\/ultimo-dia-para-quem-sonha-ser-servidor-publico-federal\/#primaryimage"},"thumbnailUrl":"https:\/\/www.notibras.com\/site\/wp-content\/uploads\/2024\/02\/prazocp.webp","articleSection":["Quadradinho em Foco"],"inLanguage":"pt-BR"},{"@type":"WebPage","@id":"https:\/\/www.notibras.com\/site\/ultimo-dia-para-quem-sonha-ser-servidor-publico-federal\/","url":"https:\/\/www.notibras.com\/site\/ultimo-dia-para-quem-sonha-ser-servidor-publico-federal\/","name":"\u00daltimo dia para quem sonha ser servidor p\u00fablico federal - Notibras","isPartOf":{"@id":"https:\/\/www.notibras.com\/site\/#website"},"primaryImageOfPage":{"@id":"https:\/\/www.notibras.com\/site\/ultimo-dia-para-quem-sonha-ser-servidor-publico-federal\/#primaryimage"},"image":{"@id":"https:\/\/www.notibras.com\/site\/ultimo-dia-para-quem-sonha-ser-servidor-publico-federal\/#primaryimage"},"thumbnailUrl":"https:\/\/www.notibras.com\/site\/wp-content\/uploads\/2024\/02\/prazocp.webp","datePublished":"2024-02-09T09:46:39+00:00","dateModified":"2024-02-09T11:48:27+00:00","breadcrumb":{"@id":"https:\/\/www.notibras.com\/site\/ultimo-dia-para-quem-sonha-ser-servidor-publico-federal\/#breadcrumb"},"inLanguage":"pt-BR","potentialAction":[{"@type":"ReadAction","target":["https:\/\/www.notibras.com\/site\/ultimo-dia-para-quem-sonha-ser-servidor-publico-federal\/"]}]},{"@type":"ImageObject","inLanguage":"pt-BR","@id":"https:\/\/www.notibras.com\/site\/ultimo-dia-para-quem-sonha-ser-servidor-publico-federal\/#primaryimage","url":"https:\/\/www.notibras.com\/site\/wp-content\/uploads\/2024\/02\/prazocp.webp","contentUrl":"https:\/\/www.notibras.com\/site\/wp-content\/uploads\/2024\/02\/prazocp.webp","width":1170,"height":700},{"@type":"BreadcrumbList","@id":"https:\/\/www.notibras.com\/site\/ultimo-dia-para-quem-sonha-ser-servidor-publico-federal\/#breadcrumb","itemListElement":[{"@type":"ListItem","position":1,"name":"In\u00edcio","item":"https:\/\/www.notibras.com\/site\/"},{"@type":"ListItem","position":2,"name":"\u00daltimo dia para quem sonha ser servidor p\u00fablico federal"}]},{"@type":"WebSite","@id":"https:\/\/www.notibras.com\/site\/#website","url":"https:\/\/www.notibras.com\/site\/","name":"Notibras","description":"Not\u00edcias de Bras\u00edlia, do Brasil e do Mundo","publisher":{"@id":"https:\/\/www.notibras.com\/site\/#organization"},"potentialAction":[{"@type":"SearchAction","target":{"@type":"EntryPoint","urlTemplate":"https:\/\/www.notibras.com\/site\/?s={search_term_string}"},"query-input":{"@type":"PropertyValueSpecification","valueRequired":true,"valueName":"search_term_string"}}],"inLanguage":"pt-BR"},{"@type":"Organization","@id":"https:\/\/www.notibras.com\/site\/#organization","name":"Grupo Notibras de Comunica\u00e7\u00e3o","url":"https:\/\/www.notibras.com\/site\/","logo":{"@type":"ImageObject","inLanguage":"pt-BR","@id":"https:\/\/www.notibras.com\/site\/#\/schema\/logo\/image\/","url":"https:\/\/www.notibras.com\/site\/wp-content\/uploads\/2023\/01\/notibras23.png","contentUrl":"https:\/\/www.notibras.com\/site\/wp-content\/uploads\/2023\/01\/notibras23.png","width":350,"height":87,"caption":"Grupo Notibras de Comunica\u00e7\u00e3o"},"image":{"@id":"https:\/\/www.notibras.com\/site\/#\/schema\/logo\/image\/"},"sameAs":["https:\/\/www.facebook.com\/notibras\/","https:\/\/x.com\/Notibras","https:\/\/www.instagram.com\/notibras\/"]},{"@type":"Person","@id":"https:\/\/www.notibras.com\/site\/#\/schema\/person\/36ab0979449956132d3e5b517ea76ac8","name":"Reda\u00e7\u00e3o","image":{"@type":"ImageObject","inLanguage":"pt-BR","@id":"https:\/\/secure.gravatar.com\/avatar\/e0a867bdedb85fd243eadf09663511f96fc81e0720a4a42581f334ad4303aa6b?s=96&d=mm&r=g","url":"https:\/\/secure.gravatar.com\/avatar\/e0a867bdedb85fd243eadf09663511f96fc81e0720a4a42581f334ad4303aa6b?s=96&d=mm&r=g","contentUrl":"https:\/\/secure.gravatar.com\/avatar\/e0a867bdedb85fd243eadf09663511f96fc81e0720a4a42581f334ad4303aa6b?s=96&d=mm&r=g","caption":"Reda\u00e7\u00e3o"}}]}},"amp_enabled":true,"_links":{"self":[{"href":"https:\/\/www.notibras.com\/site\/wp-json\/wp\/v2\/posts\/322033","targetHints":{"allow":["GET"]}}],"collection":[{"href":"https:\/\/www.notibras.com\/site\/wp-json\/wp\/v2\/posts"}],"about":[{"href":"https:\/\/www.notibras.com\/site\/wp-json\/wp\/v2\/types\/post"}],"author":[{"embeddable":true,"href":"https:\/\/www.notibras.com\/site\/wp-json\/wp\/v2\/users\/2"}],"replies":[{"embeddable":true,"href":"https:\/\/www.notibras.com\/site\/wp-json\/wp\/v2\/comments?post=322033"}],"version-history":[{"count":1,"href":"https:\/\/www.notibras.com\/site\/wp-json\/wp\/v2\/posts\/322033\/revisions"}],"predecessor-version":[{"id":322035,"href":"https:\/\/www.notibras.com\/site\/wp-json\/wp\/v2\/posts\/322033\/revisions\/322035"}],"wp:featuredmedia":[{"embeddable":true,"href":"https:\/\/www.notibras.com\/site\/wp-json\/wp\/v2\/media\/322034"}],"wp:attachment":[{"href":"https:\/\/www.notibras.com\/site\/wp-json\/wp\/v2\/media?parent=322033"}],"wp:term":[{"taxonomy":"category","embeddable":true,"href":"https:\/\/www.notibras.com\/site\/wp-json\/wp\/v2\/categories?post=322033"},{"taxonomy":"post_tag","embeddable":true,"href":"https:\/\/www.notibras.com\/site\/wp-json\/wp\/v2\/tags?post=322033"}],"curies":[{"name":"wp","href":"https:\/\/api.w.org\/{rel}","templated":true}]}}