{"id":322036,"date":"2024-02-09T08:59:16","date_gmt":"2024-02-09T11:59:16","guid":{"rendered":"https:\/\/www.notibras.com\/site\/?p=322036"},"modified":"2024-02-09T08:59:16","modified_gmt":"2024-02-09T11:59:16","slug":"homem-calado-se-entrega-ao-proprio-abandono","status":"publish","type":"post","link":"https:\/\/www.notibras.com\/site\/homem-calado-se-entrega-ao-proprio-abandono\/","title":{"rendered":"Homem calado se entrega ao pr\u00f3prio abandono"},"content":{"rendered":"<p>Am\u00e2ncio j\u00e1 n\u00e3o era t\u00e3o jovem h\u00e1 tempos, desde que deixou de frequentar os primeiros anos na escola. N\u00e3o que tenha iniciado com mais de seis, mas \u00e9 que sempre teve aquele jeito de velho, inclusive quando lhe ofereciam alguma guloseima. Cara amarrada, passou por toda a vida acad\u00eamica sem trocar um sorriso com algu\u00e9m, seja Maria, seja Jos\u00e9, seja Maria Jos\u00e9, seja Jos\u00e9 Maria. Tornou-se um sisudo ou, talvez, j\u00e1 tenha nascido desse jeito, pois nem a m\u00e3e se lembrava de um momento de satisfa\u00e7\u00e3o mesmo quando ela o colocava para mamar no peito.<\/p>\n<p>Casou-se como tantos outros, simplesmente por conveni\u00eancia. Josefina se aproximou, ele n\u00e3o a desejou, mas tamb\u00e9m n\u00e3o a repeliu. Tiveram quatro filhos por h\u00e1bito que apenas ela tanto insistia nas noites frias da nossa cidade serrana, ali no alto, logo depois do Colorado. Se dependesse dele, ela estaria intocada, se bem que isso j\u00e1 havia acontecido com outrem. Tanto faz, pois esse seria apenas um detalhe sem import\u00e2ncia, como todos os demais aos olhos do Am\u00e2ncio, que miravam o nada.<\/p>\n<p>As crian\u00e7as cresceram, formaram seus pr\u00f3prios pares, alguns desfeitos adiante, outros sustentados \u00e0 custa de perseveran\u00e7a. Netos vieram, at\u00e9 um bisneto, fruto de um namorico \u00e0s escondidas, ali mesmo naquele jardim da ampla resid\u00eancia do agora sisudo patriarca da fam\u00edlia, cada vez mais numerosa. N\u00e3o sorria, n\u00e3o chorava, n\u00e3o parecia se importar com a pr\u00f3pria exist\u00eancia.<\/p>\n<p>Aposentou-se do servi\u00e7o no banco, onde havia ido e voltado nos \u00faltimos quase 50 anos. Seus antigos colegas o consideravam um calad\u00e3o. Estavam todos certos, pois Am\u00e2ncio mal proferia uma palavra al\u00e9m das necess\u00e1rias.<\/p>\n<p>Economista de forma\u00e7\u00e3o, levava esse h\u00e1bito at\u00e9 para sua vida social. Nada de termos sem uma fun\u00e7\u00e3o pr\u00e1tica. Era simplesmente &#8220;Bom dia. O caso \u00e9 esse&#8230;&#8221; Por que ele iria entrar em uma esfera al\u00e9m dessa? Para Am\u00e2ncio, n\u00e3o fazia qualquer sentido falar algo do tipo &#8220;Bom dia! Como vai o senhor? Como vai a fam\u00edlia? Pois bem, estudei o seu caso profundamente na noite anterior e, ent\u00e3o, percebi que o melhor caminho seria&#8230;&#8221;<\/p>\n<p>Direto! Econ\u00f4mico! Livre dessas amarras que nos prendem \u00e0 sociedade. Gostava da solid\u00e3o, pelo menos \u00e9 o que sempre imaginou. Todavia, come\u00e7ou a sentir saudade do tempo em que estava no ventre da sua m\u00e3e e se percebeu s\u00f3. Pela primeira vez nos seus quase 77 anos, l\u00e1 estava o Am\u00e2ncio com esse sentimento de solid\u00e3o. De t\u00e3o abandonado se sentiu, que chegou a abandonar-se por completo ao abandono.<\/p>\n","protected":false},"excerpt":{"rendered":"<p>Am\u00e2ncio j\u00e1 n\u00e3o era t\u00e3o jovem h\u00e1 tempos, desde que deixou de frequentar os primeiros anos na escola. N\u00e3o que tenha iniciado com mais de seis, mas \u00e9 que sempre teve aquele jeito de velho, inclusive quando lhe ofereciam alguma guloseima. Cara amarrada, passou por toda a vida acad\u00eamica sem trocar um sorriso com algu\u00e9m, [&hellip;]<\/p>\n","protected":false},"author":2,"featured_media":322037,"comment_status":"closed","ping_status":"closed","sticky":false,"template":"","format":"standard","meta":{"_acf_changed":false,"footnotes":""},"categories":[161],"tags":[],"class_list":["post-322036","post","type-post","status-publish","format-standard","has-post-thumbnail","hentry","category-quadradinho-em-foco"],"acf":[],"yoast_head":"<!-- This site is optimized with the Yoast SEO plugin v27.2 - https:\/\/yoast.com\/product\/yoast-seo-wordpress\/ -->\n<title>Homem calado se entrega ao pr\u00f3prio abandono - Notibras<\/title>\n<meta name=\"robots\" content=\"index, follow, max-snippet:-1, max-image-preview:large, max-video-preview:-1\" \/>\n<link rel=\"canonical\" href=\"https:\/\/www.notibras.com\/site\/homem-calado-se-entrega-ao-proprio-abandono\/\" \/>\n<meta property=\"og:locale\" content=\"pt_BR\" \/>\n<meta property=\"og:type\" content=\"article\" \/>\n<meta property=\"og:title\" content=\"Homem calado se entrega ao pr\u00f3prio abandono - Notibras\" \/>\n<meta property=\"og:description\" content=\"Am\u00e2ncio j\u00e1 n\u00e3o era t\u00e3o jovem h\u00e1 tempos, desde que deixou de frequentar os primeiros anos na escola. N\u00e3o que tenha iniciado com mais de seis, mas \u00e9 que sempre teve aquele jeito de velho, inclusive quando lhe ofereciam alguma guloseima. Cara amarrada, passou por toda a vida acad\u00eamica sem trocar um sorriso com algu\u00e9m, [&hellip;]\" \/>\n<meta property=\"og:url\" content=\"https:\/\/www.notibras.com\/site\/homem-calado-se-entrega-ao-proprio-abandono\/\" \/>\n<meta property=\"og:site_name\" content=\"Notibras\" \/>\n<meta property=\"article:publisher\" content=\"https:\/\/www.facebook.com\/notibras\/\" \/>\n<meta property=\"article:published_time\" content=\"2024-02-09T11:59:16+00:00\" \/>\n<meta property=\"og:image\" content=\"https:\/\/www.notibras.com\/site\/wp-content\/uploads\/2024\/02\/28f31d0a-ddd8-4f62-960d-c158532eb217.jpeg\" \/>\n\t<meta property=\"og:image:width\" content=\"512\" \/>\n\t<meta property=\"og:image:height\" content=\"475\" \/>\n\t<meta property=\"og:image:type\" content=\"image\/jpeg\" \/>\n<meta name=\"author\" content=\"Reda\u00e7\u00e3o\" \/>\n<meta name=\"twitter:card\" content=\"summary_large_image\" \/>\n<meta name=\"twitter:creator\" content=\"@Notibras\" \/>\n<meta name=\"twitter:site\" content=\"@Notibras\" \/>\n<meta name=\"twitter:label1\" content=\"Escrito por\" \/>\n\t<meta name=\"twitter:data1\" content=\"Reda\u00e7\u00e3o\" \/>\n\t<meta name=\"twitter:label2\" content=\"Est. tempo de leitura\" \/>\n\t<meta name=\"twitter:data2\" content=\"3 minutos\" \/>\n<script type=\"application\/ld+json\" class=\"yoast-schema-graph\">{\"@context\":\"https:\/\/schema.org\",\"@graph\":[{\"@type\":\"Article\",\"@id\":\"https:\/\/www.notibras.com\/site\/homem-calado-se-entrega-ao-proprio-abandono\/#article\",\"isPartOf\":{\"@id\":\"https:\/\/www.notibras.com\/site\/homem-calado-se-entrega-ao-proprio-abandono\/\"},\"author\":{\"name\":\"Reda\u00e7\u00e3o\",\"@id\":\"https:\/\/www.notibras.com\/site\/#\/schema\/person\/36ab0979449956132d3e5b517ea76ac8\"},\"headline\":\"Homem calado se entrega ao pr\u00f3prio abandono\",\"datePublished\":\"2024-02-09T11:59:16+00:00\",\"mainEntityOfPage\":{\"@id\":\"https:\/\/www.notibras.com\/site\/homem-calado-se-entrega-ao-proprio-abandono\/\"},\"wordCount\":455,\"publisher\":{\"@id\":\"https:\/\/www.notibras.com\/site\/#organization\"},\"image\":{\"@id\":\"https:\/\/www.notibras.com\/site\/homem-calado-se-entrega-ao-proprio-abandono\/#primaryimage\"},\"thumbnailUrl\":\"https:\/\/www.notibras.com\/site\/wp-content\/uploads\/2024\/02\/28f31d0a-ddd8-4f62-960d-c158532eb217.jpeg\",\"articleSection\":[\"Quadradinho em Foco\"],\"inLanguage\":\"pt-BR\"},{\"@type\":\"WebPage\",\"@id\":\"https:\/\/www.notibras.com\/site\/homem-calado-se-entrega-ao-proprio-abandono\/\",\"url\":\"https:\/\/www.notibras.com\/site\/homem-calado-se-entrega-ao-proprio-abandono\/\",\"name\":\"Homem calado se entrega ao pr\u00f3prio abandono - Notibras\",\"isPartOf\":{\"@id\":\"https:\/\/www.notibras.com\/site\/#website\"},\"primaryImageOfPage\":{\"@id\":\"https:\/\/www.notibras.com\/site\/homem-calado-se-entrega-ao-proprio-abandono\/#primaryimage\"},\"image\":{\"@id\":\"https:\/\/www.notibras.com\/site\/homem-calado-se-entrega-ao-proprio-abandono\/#primaryimage\"},\"thumbnailUrl\":\"https:\/\/www.notibras.com\/site\/wp-content\/uploads\/2024\/02\/28f31d0a-ddd8-4f62-960d-c158532eb217.jpeg\",\"datePublished\":\"2024-02-09T11:59:16+00:00\",\"breadcrumb\":{\"@id\":\"https:\/\/www.notibras.com\/site\/homem-calado-se-entrega-ao-proprio-abandono\/#breadcrumb\"},\"inLanguage\":\"pt-BR\",\"potentialAction\":[{\"@type\":\"ReadAction\",\"target\":[\"https:\/\/www.notibras.com\/site\/homem-calado-se-entrega-ao-proprio-abandono\/\"]}]},{\"@type\":\"ImageObject\",\"inLanguage\":\"pt-BR\",\"@id\":\"https:\/\/www.notibras.com\/site\/homem-calado-se-entrega-ao-proprio-abandono\/#primaryimage\",\"url\":\"https:\/\/www.notibras.com\/site\/wp-content\/uploads\/2024\/02\/28f31d0a-ddd8-4f62-960d-c158532eb217.jpeg\",\"contentUrl\":\"https:\/\/www.notibras.com\/site\/wp-content\/uploads\/2024\/02\/28f31d0a-ddd8-4f62-960d-c158532eb217.jpeg\",\"width\":512,\"height\":475},{\"@type\":\"BreadcrumbList\",\"@id\":\"https:\/\/www.notibras.com\/site\/homem-calado-se-entrega-ao-proprio-abandono\/#breadcrumb\",\"itemListElement\":[{\"@type\":\"ListItem\",\"position\":1,\"name\":\"In\u00edcio\",\"item\":\"https:\/\/www.notibras.com\/site\/\"},{\"@type\":\"ListItem\",\"position\":2,\"name\":\"Homem calado se entrega ao pr\u00f3prio abandono\"}]},{\"@type\":\"WebSite\",\"@id\":\"https:\/\/www.notibras.com\/site\/#website\",\"url\":\"https:\/\/www.notibras.com\/site\/\",\"name\":\"Notibras\",\"description\":\"Not\u00edcias de Bras\u00edlia, do Brasil e do Mundo\",\"publisher\":{\"@id\":\"https:\/\/www.notibras.com\/site\/#organization\"},\"potentialAction\":[{\"@type\":\"SearchAction\",\"target\":{\"@type\":\"EntryPoint\",\"urlTemplate\":\"https:\/\/www.notibras.com\/site\/?s={search_term_string}\"},\"query-input\":{\"@type\":\"PropertyValueSpecification\",\"valueRequired\":true,\"valueName\":\"search_term_string\"}}],\"inLanguage\":\"pt-BR\"},{\"@type\":\"Organization\",\"@id\":\"https:\/\/www.notibras.com\/site\/#organization\",\"name\":\"Grupo Notibras de Comunica\u00e7\u00e3o\",\"url\":\"https:\/\/www.notibras.com\/site\/\",\"logo\":{\"@type\":\"ImageObject\",\"inLanguage\":\"pt-BR\",\"@id\":\"https:\/\/www.notibras.com\/site\/#\/schema\/logo\/image\/\",\"url\":\"https:\/\/www.notibras.com\/site\/wp-content\/uploads\/2023\/01\/notibras23.png\",\"contentUrl\":\"https:\/\/www.notibras.com\/site\/wp-content\/uploads\/2023\/01\/notibras23.png\",\"width\":350,\"height\":87,\"caption\":\"Grupo Notibras de Comunica\u00e7\u00e3o\"},\"image\":{\"@id\":\"https:\/\/www.notibras.com\/site\/#\/schema\/logo\/image\/\"},\"sameAs\":[\"https:\/\/www.facebook.com\/notibras\/\",\"https:\/\/x.com\/Notibras\",\"https:\/\/www.instagram.com\/notibras\/\"]},{\"@type\":\"Person\",\"@id\":\"https:\/\/www.notibras.com\/site\/#\/schema\/person\/36ab0979449956132d3e5b517ea76ac8\",\"name\":\"Reda\u00e7\u00e3o\",\"image\":{\"@type\":\"ImageObject\",\"inLanguage\":\"pt-BR\",\"@id\":\"https:\/\/secure.gravatar.com\/avatar\/e0a867bdedb85fd243eadf09663511f96fc81e0720a4a42581f334ad4303aa6b?s=96&d=mm&r=g\",\"url\":\"https:\/\/secure.gravatar.com\/avatar\/e0a867bdedb85fd243eadf09663511f96fc81e0720a4a42581f334ad4303aa6b?s=96&d=mm&r=g\",\"contentUrl\":\"https:\/\/secure.gravatar.com\/avatar\/e0a867bdedb85fd243eadf09663511f96fc81e0720a4a42581f334ad4303aa6b?s=96&d=mm&r=g\",\"caption\":\"Reda\u00e7\u00e3o\"}}]}<\/script>\n<!-- \/ Yoast SEO plugin. -->","yoast_head_json":{"title":"Homem calado se entrega ao pr\u00f3prio abandono - Notibras","robots":{"index":"index","follow":"follow","max-snippet":"max-snippet:-1","max-image-preview":"max-image-preview:large","max-video-preview":"max-video-preview:-1"},"canonical":"https:\/\/www.notibras.com\/site\/homem-calado-se-entrega-ao-proprio-abandono\/","og_locale":"pt_BR","og_type":"article","og_title":"Homem calado se entrega ao pr\u00f3prio abandono - Notibras","og_description":"Am\u00e2ncio j\u00e1 n\u00e3o era t\u00e3o jovem h\u00e1 tempos, desde que deixou de frequentar os primeiros anos na escola. N\u00e3o que tenha iniciado com mais de seis, mas \u00e9 que sempre teve aquele jeito de velho, inclusive quando lhe ofereciam alguma guloseima. Cara amarrada, passou por toda a vida acad\u00eamica sem trocar um sorriso com algu\u00e9m, [&hellip;]","og_url":"https:\/\/www.notibras.com\/site\/homem-calado-se-entrega-ao-proprio-abandono\/","og_site_name":"Notibras","article_publisher":"https:\/\/www.facebook.com\/notibras\/","article_published_time":"2024-02-09T11:59:16+00:00","og_image":[{"width":512,"height":475,"url":"https:\/\/www.notibras.com\/site\/wp-content\/uploads\/2024\/02\/28f31d0a-ddd8-4f62-960d-c158532eb217.jpeg","type":"image\/jpeg"}],"author":"Reda\u00e7\u00e3o","twitter_card":"summary_large_image","twitter_creator":"@Notibras","twitter_site":"@Notibras","twitter_misc":{"Escrito por":"Reda\u00e7\u00e3o","Est. tempo de leitura":"3 minutos"},"schema":{"@context":"https:\/\/schema.org","@graph":[{"@type":"Article","@id":"https:\/\/www.notibras.com\/site\/homem-calado-se-entrega-ao-proprio-abandono\/#article","isPartOf":{"@id":"https:\/\/www.notibras.com\/site\/homem-calado-se-entrega-ao-proprio-abandono\/"},"author":{"name":"Reda\u00e7\u00e3o","@id":"https:\/\/www.notibras.com\/site\/#\/schema\/person\/36ab0979449956132d3e5b517ea76ac8"},"headline":"Homem calado se entrega ao pr\u00f3prio abandono","datePublished":"2024-02-09T11:59:16+00:00","mainEntityOfPage":{"@id":"https:\/\/www.notibras.com\/site\/homem-calado-se-entrega-ao-proprio-abandono\/"},"wordCount":455,"publisher":{"@id":"https:\/\/www.notibras.com\/site\/#organization"},"image":{"@id":"https:\/\/www.notibras.com\/site\/homem-calado-se-entrega-ao-proprio-abandono\/#primaryimage"},"thumbnailUrl":"https:\/\/www.notibras.com\/site\/wp-content\/uploads\/2024\/02\/28f31d0a-ddd8-4f62-960d-c158532eb217.jpeg","articleSection":["Quadradinho em Foco"],"inLanguage":"pt-BR"},{"@type":"WebPage","@id":"https:\/\/www.notibras.com\/site\/homem-calado-se-entrega-ao-proprio-abandono\/","url":"https:\/\/www.notibras.com\/site\/homem-calado-se-entrega-ao-proprio-abandono\/","name":"Homem calado se entrega ao pr\u00f3prio abandono - Notibras","isPartOf":{"@id":"https:\/\/www.notibras.com\/site\/#website"},"primaryImageOfPage":{"@id":"https:\/\/www.notibras.com\/site\/homem-calado-se-entrega-ao-proprio-abandono\/#primaryimage"},"image":{"@id":"https:\/\/www.notibras.com\/site\/homem-calado-se-entrega-ao-proprio-abandono\/#primaryimage"},"thumbnailUrl":"https:\/\/www.notibras.com\/site\/wp-content\/uploads\/2024\/02\/28f31d0a-ddd8-4f62-960d-c158532eb217.jpeg","datePublished":"2024-02-09T11:59:16+00:00","breadcrumb":{"@id":"https:\/\/www.notibras.com\/site\/homem-calado-se-entrega-ao-proprio-abandono\/#breadcrumb"},"inLanguage":"pt-BR","potentialAction":[{"@type":"ReadAction","target":["https:\/\/www.notibras.com\/site\/homem-calado-se-entrega-ao-proprio-abandono\/"]}]},{"@type":"ImageObject","inLanguage":"pt-BR","@id":"https:\/\/www.notibras.com\/site\/homem-calado-se-entrega-ao-proprio-abandono\/#primaryimage","url":"https:\/\/www.notibras.com\/site\/wp-content\/uploads\/2024\/02\/28f31d0a-ddd8-4f62-960d-c158532eb217.jpeg","contentUrl":"https:\/\/www.notibras.com\/site\/wp-content\/uploads\/2024\/02\/28f31d0a-ddd8-4f62-960d-c158532eb217.jpeg","width":512,"height":475},{"@type":"BreadcrumbList","@id":"https:\/\/www.notibras.com\/site\/homem-calado-se-entrega-ao-proprio-abandono\/#breadcrumb","itemListElement":[{"@type":"ListItem","position":1,"name":"In\u00edcio","item":"https:\/\/www.notibras.com\/site\/"},{"@type":"ListItem","position":2,"name":"Homem calado se entrega ao pr\u00f3prio abandono"}]},{"@type":"WebSite","@id":"https:\/\/www.notibras.com\/site\/#website","url":"https:\/\/www.notibras.com\/site\/","name":"Notibras","description":"Not\u00edcias de Bras\u00edlia, do Brasil e do Mundo","publisher":{"@id":"https:\/\/www.notibras.com\/site\/#organization"},"potentialAction":[{"@type":"SearchAction","target":{"@type":"EntryPoint","urlTemplate":"https:\/\/www.notibras.com\/site\/?s={search_term_string}"},"query-input":{"@type":"PropertyValueSpecification","valueRequired":true,"valueName":"search_term_string"}}],"inLanguage":"pt-BR"},{"@type":"Organization","@id":"https:\/\/www.notibras.com\/site\/#organization","name":"Grupo Notibras de Comunica\u00e7\u00e3o","url":"https:\/\/www.notibras.com\/site\/","logo":{"@type":"ImageObject","inLanguage":"pt-BR","@id":"https:\/\/www.notibras.com\/site\/#\/schema\/logo\/image\/","url":"https:\/\/www.notibras.com\/site\/wp-content\/uploads\/2023\/01\/notibras23.png","contentUrl":"https:\/\/www.notibras.com\/site\/wp-content\/uploads\/2023\/01\/notibras23.png","width":350,"height":87,"caption":"Grupo Notibras de Comunica\u00e7\u00e3o"},"image":{"@id":"https:\/\/www.notibras.com\/site\/#\/schema\/logo\/image\/"},"sameAs":["https:\/\/www.facebook.com\/notibras\/","https:\/\/x.com\/Notibras","https:\/\/www.instagram.com\/notibras\/"]},{"@type":"Person","@id":"https:\/\/www.notibras.com\/site\/#\/schema\/person\/36ab0979449956132d3e5b517ea76ac8","name":"Reda\u00e7\u00e3o","image":{"@type":"ImageObject","inLanguage":"pt-BR","@id":"https:\/\/secure.gravatar.com\/avatar\/e0a867bdedb85fd243eadf09663511f96fc81e0720a4a42581f334ad4303aa6b?s=96&d=mm&r=g","url":"https:\/\/secure.gravatar.com\/avatar\/e0a867bdedb85fd243eadf09663511f96fc81e0720a4a42581f334ad4303aa6b?s=96&d=mm&r=g","contentUrl":"https:\/\/secure.gravatar.com\/avatar\/e0a867bdedb85fd243eadf09663511f96fc81e0720a4a42581f334ad4303aa6b?s=96&d=mm&r=g","caption":"Reda\u00e7\u00e3o"}}]}},"amp_enabled":true,"_links":{"self":[{"href":"https:\/\/www.notibras.com\/site\/wp-json\/wp\/v2\/posts\/322036","targetHints":{"allow":["GET"]}}],"collection":[{"href":"https:\/\/www.notibras.com\/site\/wp-json\/wp\/v2\/posts"}],"about":[{"href":"https:\/\/www.notibras.com\/site\/wp-json\/wp\/v2\/types\/post"}],"author":[{"embeddable":true,"href":"https:\/\/www.notibras.com\/site\/wp-json\/wp\/v2\/users\/2"}],"replies":[{"embeddable":true,"href":"https:\/\/www.notibras.com\/site\/wp-json\/wp\/v2\/comments?post=322036"}],"version-history":[{"count":1,"href":"https:\/\/www.notibras.com\/site\/wp-json\/wp\/v2\/posts\/322036\/revisions"}],"predecessor-version":[{"id":322038,"href":"https:\/\/www.notibras.com\/site\/wp-json\/wp\/v2\/posts\/322036\/revisions\/322038"}],"wp:featuredmedia":[{"embeddable":true,"href":"https:\/\/www.notibras.com\/site\/wp-json\/wp\/v2\/media\/322037"}],"wp:attachment":[{"href":"https:\/\/www.notibras.com\/site\/wp-json\/wp\/v2\/media?parent=322036"}],"wp:term":[{"taxonomy":"category","embeddable":true,"href":"https:\/\/www.notibras.com\/site\/wp-json\/wp\/v2\/categories?post=322036"},{"taxonomy":"post_tag","embeddable":true,"href":"https:\/\/www.notibras.com\/site\/wp-json\/wp\/v2\/tags?post=322036"}],"curies":[{"name":"wp","href":"https:\/\/api.w.org\/{rel}","templated":true}]}}