{"id":322062,"date":"2024-02-09T11:28:19","date_gmt":"2024-02-09T14:28:19","guid":{"rendered":"https:\/\/www.notibras.com\/site\/?p=322062"},"modified":"2024-02-09T12:30:11","modified_gmt":"2024-02-09T15:30:11","slug":"moraes-vota-por-tornar-reus-coroneis-da-policia-militar","status":"publish","type":"post","link":"https:\/\/www.notibras.com\/site\/moraes-vota-por-tornar-reus-coroneis-da-policia-militar\/","title":{"rendered":"Moraes vota por tornar r\u00e9us coron\u00e9is da Pol\u00edcia Militar"},"content":{"rendered":"<p>O ministro Alexandre de Moraes, do Supremo Tribunal Federal (STF), votou nesta sexta-feira (9) por aceitar den\u00fancia contra sete integrantes da antiga c\u00fapula da Pol\u00edcia Militar do Distrito Federal (PMDF) e torn\u00e1-los r\u00e9us no caso dos atos antidemocr\u00e1ticos de 8 de janeiro de 2023, quando as sedes dos Tr\u00eas Poderes foram invadidas e depredadas por apoiadores do ex-presidente Jair Bolsonaro.<\/p>\n<p>O recebimento da den\u00fancia \u00e9 julgado pela Primeira Turma, no plen\u00e1rio virtual, modalidade em que os votos s\u00e3o depositados no sistema do Supremo e n\u00e3o h\u00e1 debate oral. A sess\u00e3o de julgamentos est\u00e1 prevista para durar at\u00e9 20 de fevereiro. Restam ainda os votos dos ministros C\u00e1rmen L\u00facia, Luiz Fux e Cristiano Zanin.<\/p>\n<p>Os oficiais da PMDF foram denunciados pela Procuradoria-Geral da Rep\u00fablica (PGR) por omiss\u00e3o durante os atos golpistas. Pela pe\u00e7a de acusa\u00e7\u00e3o, eles teriam conspirado desde o ano anterior em favor de um levante popular pr\u00f3-Bolsonaro, e no 8 de janeiro deixaram deliberadamente que os crimes fossem cometidos.<\/p>\n<p>A den\u00fancia menciona a troca de mensagens entre os acusados em que demonstram inconformismo com a vit\u00f3ria do presidente Luiz In\u00e1cio Lula da Silva na elei\u00e7\u00e3o e a expectativa de uma interven\u00e7\u00e3o militar para impedir sua posse. A PGR apresentou ainda v\u00eddeos demonstrando a ina\u00e7\u00e3o dos Policiais Militares.<\/p>\n<p>Todos foram denunciados pelos crimes de aboli\u00e7\u00e3o violenta do Estado Democr\u00e1tico de Direito, golpe de Estado, dano qualificado contra patrim\u00f4nio da Uni\u00e3o, deteriora\u00e7\u00e3o de patrim\u00f4nio tombado e por viola\u00e7\u00f5es \u00e0 Lei Org\u00e2nica da PMDF.<\/p>\n<p>Em seu voto, Moraes afastou alega\u00e7\u00f5es das defesas de que o Supremo n\u00e3o teria a compet\u00eancia para julgar a alta c\u00fapula da PF. O ministro frisou decis\u00e3o do plen\u00e1rio da Corte que atestou a compet\u00eancia do STF no caso.<\/p>\n<p>O relator tamb\u00e9m recha\u00e7ou a in\u00e9pcia da den\u00fancia, alegada por todas as defesas. Os advogados argumentaram que a PGR n\u00e3o teria tido sucesso em delinear as condutas supostamente ilegais.<\/p>\n<p>Outro argumento de todas as defesas \u00e9 o de que os policiais n\u00e3o tinham conhecimento sobre a possibilidade de atos violentos durante o 8 de janeiro, hip\u00f3tese que tamb\u00e9m foi afastada por Moraes.<\/p>\n<p>O ministro escreveu haver \u201csignificativos ind\u00edcios que os denunciados detinham conhecimento das circunst\u00e2ncias f\u00e1ticas do perigo, conforme amplamente demonstrado pela extensa atividade de intelig\u00eancia desempenhada pela Pol\u00edcia Militar do Distrito Federal, de modo que todos os altos oficiais denunciados tomaram conhecimento antecipado dos riscos inerentes aos atentados de 8 de janeiro de 2023&#8243;.<\/p>\n<p>Moraes concluiu que os \u201cdenunciados, conforme narrado na den\u00fancia, integrava o n\u00facleo de autoridades p\u00fablicas investigadas por omiss\u00e3o impr\u00f3pria, que possibilitou a execu\u00e7\u00e3o dos atentados materiais contra as sedes dos Tr\u00eas Poderes\u201d.<\/p>\n<p>O relator tamb\u00e9m opinou pela manuten\u00e7\u00e3o da pris\u00e3o preventiva de todos os policiais militares, de modo a n\u00e3o colocar em risco as investiga\u00e7\u00f5es.<\/p>\n<p>Os militares denunciados s\u00e3o:<\/p>\n<p>Coronel Klepter Rosa Gon\u00e7alves, ex-comandante-geral da PMDF;<\/p>\n<p>Coronel F\u00e1bio Augusto Vieira, ex-comandante-geral da PMDF;<\/p>\n<p>Coronel Jorge Eduardo Naime Barreto, ex-comandante do Departamento de Opera\u00e7\u00f5es da PMDF;<\/p>\n<p>Coronel Paulo Jos\u00e9 Ferreira de Sousa, ex-comandante interino do Departamento de Opera\u00e7\u00f5es da PMDF;<\/p>\n<p>Coronel Marcelo Casimiro Vasconcelos, ex-chefe do 1\u00ba Comando de Policiamento Regional da PMDF;<\/p>\n<p>Major Fl\u00e1vio Silvestre de Alencar, PM que estava trabalhando durante o 8 de Janeiro;<\/p>\n<p>Tenente Rafael Pereira Martins, PM que estava trabalhando durante o 8 de Janeiro.<\/p>\n","protected":false},"excerpt":{"rendered":"<p>O ministro Alexandre de Moraes, do Supremo Tribunal Federal (STF), votou nesta sexta-feira (9) por aceitar den\u00fancia contra sete integrantes da antiga c\u00fapula da Pol\u00edcia Militar do Distrito Federal (PMDF) e torn\u00e1-los r\u00e9us no caso dos atos antidemocr\u00e1ticos de 8 de janeiro de 2023, quando as sedes dos Tr\u00eas Poderes foram invadidas e depredadas por [&hellip;]<\/p>\n","protected":false},"author":2,"featured_media":322063,"comment_status":"closed","ping_status":"closed","sticky":false,"template":"","format":"standard","meta":{"_acf_changed":false,"footnotes":""},"categories":[161],"tags":[95],"class_list":["post-322062","post","type-post","status-publish","format-standard","has-post-thumbnail","hentry","category-quadradinho-em-foco","tag-capa"],"acf":[],"yoast_head":"<!-- This site is optimized with the Yoast SEO plugin v27.2 - https:\/\/yoast.com\/product\/yoast-seo-wordpress\/ -->\n<title>Moraes vota por tornar r\u00e9us coron\u00e9is da Pol\u00edcia Militar - Notibras<\/title>\n<meta name=\"robots\" content=\"index, follow, max-snippet:-1, max-image-preview:large, max-video-preview:-1\" \/>\n<link rel=\"canonical\" href=\"https:\/\/www.notibras.com\/site\/moraes-vota-por-tornar-reus-coroneis-da-policia-militar\/\" \/>\n<meta property=\"og:locale\" content=\"pt_BR\" \/>\n<meta property=\"og:type\" content=\"article\" \/>\n<meta property=\"og:title\" content=\"Moraes vota por tornar r\u00e9us coron\u00e9is da Pol\u00edcia Militar - Notibras\" \/>\n<meta property=\"og:description\" content=\"O ministro Alexandre de Moraes, do Supremo Tribunal Federal (STF), votou nesta sexta-feira (9) por aceitar den\u00fancia contra sete integrantes da antiga c\u00fapula da Pol\u00edcia Militar do Distrito Federal (PMDF) e torn\u00e1-los r\u00e9us no caso dos atos antidemocr\u00e1ticos de 8 de janeiro de 2023, quando as sedes dos Tr\u00eas Poderes foram invadidas e depredadas por [&hellip;]\" \/>\n<meta property=\"og:url\" content=\"https:\/\/www.notibras.com\/site\/moraes-vota-por-tornar-reus-coroneis-da-policia-militar\/\" \/>\n<meta property=\"og:site_name\" content=\"Notibras\" \/>\n<meta property=\"article:publisher\" content=\"https:\/\/www.facebook.com\/notibras\/\" \/>\n<meta property=\"article:published_time\" content=\"2024-02-09T14:28:19+00:00\" \/>\n<meta property=\"article:modified_time\" content=\"2024-02-09T15:30:11+00:00\" \/>\n<meta property=\"og:image\" content=\"https:\/\/www.notibras.com\/site\/wp-content\/uploads\/2024\/02\/moraes.pmdf_.webp\" \/>\n\t<meta property=\"og:image:width\" content=\"1170\" \/>\n\t<meta property=\"og:image:height\" content=\"700\" \/>\n\t<meta property=\"og:image:type\" content=\"image\/webp\" \/>\n<meta name=\"author\" content=\"Reda\u00e7\u00e3o\" \/>\n<meta name=\"twitter:card\" content=\"summary_large_image\" \/>\n<meta name=\"twitter:creator\" content=\"@Notibras\" \/>\n<meta name=\"twitter:site\" content=\"@Notibras\" \/>\n<meta name=\"twitter:label1\" content=\"Escrito por\" \/>\n\t<meta name=\"twitter:data1\" content=\"Reda\u00e7\u00e3o\" \/>\n\t<meta name=\"twitter:label2\" content=\"Est. tempo de leitura\" \/>\n\t<meta name=\"twitter:data2\" content=\"3 minutos\" \/>\n<script type=\"application\/ld+json\" class=\"yoast-schema-graph\">{\"@context\":\"https:\/\/schema.org\",\"@graph\":[{\"@type\":\"Article\",\"@id\":\"https:\/\/www.notibras.com\/site\/moraes-vota-por-tornar-reus-coroneis-da-policia-militar\/#article\",\"isPartOf\":{\"@id\":\"https:\/\/www.notibras.com\/site\/moraes-vota-por-tornar-reus-coroneis-da-policia-militar\/\"},\"author\":{\"name\":\"Reda\u00e7\u00e3o\",\"@id\":\"https:\/\/www.notibras.com\/site\/#\/schema\/person\/36ab0979449956132d3e5b517ea76ac8\"},\"headline\":\"Moraes vota por tornar r\u00e9us coron\u00e9is da Pol\u00edcia Militar\",\"datePublished\":\"2024-02-09T14:28:19+00:00\",\"dateModified\":\"2024-02-09T15:30:11+00:00\",\"mainEntityOfPage\":{\"@id\":\"https:\/\/www.notibras.com\/site\/moraes-vota-por-tornar-reus-coroneis-da-policia-militar\/\"},\"wordCount\":605,\"publisher\":{\"@id\":\"https:\/\/www.notibras.com\/site\/#organization\"},\"image\":{\"@id\":\"https:\/\/www.notibras.com\/site\/moraes-vota-por-tornar-reus-coroneis-da-policia-militar\/#primaryimage\"},\"thumbnailUrl\":\"https:\/\/www.notibras.com\/site\/wp-content\/uploads\/2024\/02\/moraes.pmdf_.webp\",\"keywords\":[\"capa\"],\"articleSection\":[\"Quadradinho em Foco\"],\"inLanguage\":\"pt-BR\"},{\"@type\":\"WebPage\",\"@id\":\"https:\/\/www.notibras.com\/site\/moraes-vota-por-tornar-reus-coroneis-da-policia-militar\/\",\"url\":\"https:\/\/www.notibras.com\/site\/moraes-vota-por-tornar-reus-coroneis-da-policia-militar\/\",\"name\":\"Moraes vota por tornar r\u00e9us coron\u00e9is da Pol\u00edcia Militar - Notibras\",\"isPartOf\":{\"@id\":\"https:\/\/www.notibras.com\/site\/#website\"},\"primaryImageOfPage\":{\"@id\":\"https:\/\/www.notibras.com\/site\/moraes-vota-por-tornar-reus-coroneis-da-policia-militar\/#primaryimage\"},\"image\":{\"@id\":\"https:\/\/www.notibras.com\/site\/moraes-vota-por-tornar-reus-coroneis-da-policia-militar\/#primaryimage\"},\"thumbnailUrl\":\"https:\/\/www.notibras.com\/site\/wp-content\/uploads\/2024\/02\/moraes.pmdf_.webp\",\"datePublished\":\"2024-02-09T14:28:19+00:00\",\"dateModified\":\"2024-02-09T15:30:11+00:00\",\"breadcrumb\":{\"@id\":\"https:\/\/www.notibras.com\/site\/moraes-vota-por-tornar-reus-coroneis-da-policia-militar\/#breadcrumb\"},\"inLanguage\":\"pt-BR\",\"potentialAction\":[{\"@type\":\"ReadAction\",\"target\":[\"https:\/\/www.notibras.com\/site\/moraes-vota-por-tornar-reus-coroneis-da-policia-militar\/\"]}]},{\"@type\":\"ImageObject\",\"inLanguage\":\"pt-BR\",\"@id\":\"https:\/\/www.notibras.com\/site\/moraes-vota-por-tornar-reus-coroneis-da-policia-militar\/#primaryimage\",\"url\":\"https:\/\/www.notibras.com\/site\/wp-content\/uploads\/2024\/02\/moraes.pmdf_.webp\",\"contentUrl\":\"https:\/\/www.notibras.com\/site\/wp-content\/uploads\/2024\/02\/moraes.pmdf_.webp\",\"width\":1170,\"height\":700},{\"@type\":\"BreadcrumbList\",\"@id\":\"https:\/\/www.notibras.com\/site\/moraes-vota-por-tornar-reus-coroneis-da-policia-militar\/#breadcrumb\",\"itemListElement\":[{\"@type\":\"ListItem\",\"position\":1,\"name\":\"In\u00edcio\",\"item\":\"https:\/\/www.notibras.com\/site\/\"},{\"@type\":\"ListItem\",\"position\":2,\"name\":\"Moraes vota por tornar r\u00e9us coron\u00e9is da Pol\u00edcia Militar\"}]},{\"@type\":\"WebSite\",\"@id\":\"https:\/\/www.notibras.com\/site\/#website\",\"url\":\"https:\/\/www.notibras.com\/site\/\",\"name\":\"Notibras\",\"description\":\"Not\u00edcias de Bras\u00edlia, do Brasil e do Mundo\",\"publisher\":{\"@id\":\"https:\/\/www.notibras.com\/site\/#organization\"},\"potentialAction\":[{\"@type\":\"SearchAction\",\"target\":{\"@type\":\"EntryPoint\",\"urlTemplate\":\"https:\/\/www.notibras.com\/site\/?s={search_term_string}\"},\"query-input\":{\"@type\":\"PropertyValueSpecification\",\"valueRequired\":true,\"valueName\":\"search_term_string\"}}],\"inLanguage\":\"pt-BR\"},{\"@type\":\"Organization\",\"@id\":\"https:\/\/www.notibras.com\/site\/#organization\",\"name\":\"Grupo Notibras de Comunica\u00e7\u00e3o\",\"url\":\"https:\/\/www.notibras.com\/site\/\",\"logo\":{\"@type\":\"ImageObject\",\"inLanguage\":\"pt-BR\",\"@id\":\"https:\/\/www.notibras.com\/site\/#\/schema\/logo\/image\/\",\"url\":\"https:\/\/www.notibras.com\/site\/wp-content\/uploads\/2023\/01\/notibras23.png\",\"contentUrl\":\"https:\/\/www.notibras.com\/site\/wp-content\/uploads\/2023\/01\/notibras23.png\",\"width\":350,\"height\":87,\"caption\":\"Grupo Notibras de Comunica\u00e7\u00e3o\"},\"image\":{\"@id\":\"https:\/\/www.notibras.com\/site\/#\/schema\/logo\/image\/\"},\"sameAs\":[\"https:\/\/www.facebook.com\/notibras\/\",\"https:\/\/x.com\/Notibras\",\"https:\/\/www.instagram.com\/notibras\/\"]},{\"@type\":\"Person\",\"@id\":\"https:\/\/www.notibras.com\/site\/#\/schema\/person\/36ab0979449956132d3e5b517ea76ac8\",\"name\":\"Reda\u00e7\u00e3o\",\"image\":{\"@type\":\"ImageObject\",\"inLanguage\":\"pt-BR\",\"@id\":\"https:\/\/secure.gravatar.com\/avatar\/e0a867bdedb85fd243eadf09663511f96fc81e0720a4a42581f334ad4303aa6b?s=96&d=mm&r=g\",\"url\":\"https:\/\/secure.gravatar.com\/avatar\/e0a867bdedb85fd243eadf09663511f96fc81e0720a4a42581f334ad4303aa6b?s=96&d=mm&r=g\",\"contentUrl\":\"https:\/\/secure.gravatar.com\/avatar\/e0a867bdedb85fd243eadf09663511f96fc81e0720a4a42581f334ad4303aa6b?s=96&d=mm&r=g\",\"caption\":\"Reda\u00e7\u00e3o\"}}]}<\/script>\n<!-- \/ Yoast SEO plugin. -->","yoast_head_json":{"title":"Moraes vota por tornar r\u00e9us coron\u00e9is da Pol\u00edcia Militar - Notibras","robots":{"index":"index","follow":"follow","max-snippet":"max-snippet:-1","max-image-preview":"max-image-preview:large","max-video-preview":"max-video-preview:-1"},"canonical":"https:\/\/www.notibras.com\/site\/moraes-vota-por-tornar-reus-coroneis-da-policia-militar\/","og_locale":"pt_BR","og_type":"article","og_title":"Moraes vota por tornar r\u00e9us coron\u00e9is da Pol\u00edcia Militar - Notibras","og_description":"O ministro Alexandre de Moraes, do Supremo Tribunal Federal (STF), votou nesta sexta-feira (9) por aceitar den\u00fancia contra sete integrantes da antiga c\u00fapula da Pol\u00edcia Militar do Distrito Federal (PMDF) e torn\u00e1-los r\u00e9us no caso dos atos antidemocr\u00e1ticos de 8 de janeiro de 2023, quando as sedes dos Tr\u00eas Poderes foram invadidas e depredadas por [&hellip;]","og_url":"https:\/\/www.notibras.com\/site\/moraes-vota-por-tornar-reus-coroneis-da-policia-militar\/","og_site_name":"Notibras","article_publisher":"https:\/\/www.facebook.com\/notibras\/","article_published_time":"2024-02-09T14:28:19+00:00","article_modified_time":"2024-02-09T15:30:11+00:00","og_image":[{"width":1170,"height":700,"url":"https:\/\/www.notibras.com\/site\/wp-content\/uploads\/2024\/02\/moraes.pmdf_.webp","type":"image\/webp"}],"author":"Reda\u00e7\u00e3o","twitter_card":"summary_large_image","twitter_creator":"@Notibras","twitter_site":"@Notibras","twitter_misc":{"Escrito por":"Reda\u00e7\u00e3o","Est. tempo de leitura":"3 minutos"},"schema":{"@context":"https:\/\/schema.org","@graph":[{"@type":"Article","@id":"https:\/\/www.notibras.com\/site\/moraes-vota-por-tornar-reus-coroneis-da-policia-militar\/#article","isPartOf":{"@id":"https:\/\/www.notibras.com\/site\/moraes-vota-por-tornar-reus-coroneis-da-policia-militar\/"},"author":{"name":"Reda\u00e7\u00e3o","@id":"https:\/\/www.notibras.com\/site\/#\/schema\/person\/36ab0979449956132d3e5b517ea76ac8"},"headline":"Moraes vota por tornar r\u00e9us coron\u00e9is da Pol\u00edcia Militar","datePublished":"2024-02-09T14:28:19+00:00","dateModified":"2024-02-09T15:30:11+00:00","mainEntityOfPage":{"@id":"https:\/\/www.notibras.com\/site\/moraes-vota-por-tornar-reus-coroneis-da-policia-militar\/"},"wordCount":605,"publisher":{"@id":"https:\/\/www.notibras.com\/site\/#organization"},"image":{"@id":"https:\/\/www.notibras.com\/site\/moraes-vota-por-tornar-reus-coroneis-da-policia-militar\/#primaryimage"},"thumbnailUrl":"https:\/\/www.notibras.com\/site\/wp-content\/uploads\/2024\/02\/moraes.pmdf_.webp","keywords":["capa"],"articleSection":["Quadradinho em Foco"],"inLanguage":"pt-BR"},{"@type":"WebPage","@id":"https:\/\/www.notibras.com\/site\/moraes-vota-por-tornar-reus-coroneis-da-policia-militar\/","url":"https:\/\/www.notibras.com\/site\/moraes-vota-por-tornar-reus-coroneis-da-policia-militar\/","name":"Moraes vota por tornar r\u00e9us coron\u00e9is da Pol\u00edcia Militar - Notibras","isPartOf":{"@id":"https:\/\/www.notibras.com\/site\/#website"},"primaryImageOfPage":{"@id":"https:\/\/www.notibras.com\/site\/moraes-vota-por-tornar-reus-coroneis-da-policia-militar\/#primaryimage"},"image":{"@id":"https:\/\/www.notibras.com\/site\/moraes-vota-por-tornar-reus-coroneis-da-policia-militar\/#primaryimage"},"thumbnailUrl":"https:\/\/www.notibras.com\/site\/wp-content\/uploads\/2024\/02\/moraes.pmdf_.webp","datePublished":"2024-02-09T14:28:19+00:00","dateModified":"2024-02-09T15:30:11+00:00","breadcrumb":{"@id":"https:\/\/www.notibras.com\/site\/moraes-vota-por-tornar-reus-coroneis-da-policia-militar\/#breadcrumb"},"inLanguage":"pt-BR","potentialAction":[{"@type":"ReadAction","target":["https:\/\/www.notibras.com\/site\/moraes-vota-por-tornar-reus-coroneis-da-policia-militar\/"]}]},{"@type":"ImageObject","inLanguage":"pt-BR","@id":"https:\/\/www.notibras.com\/site\/moraes-vota-por-tornar-reus-coroneis-da-policia-militar\/#primaryimage","url":"https:\/\/www.notibras.com\/site\/wp-content\/uploads\/2024\/02\/moraes.pmdf_.webp","contentUrl":"https:\/\/www.notibras.com\/site\/wp-content\/uploads\/2024\/02\/moraes.pmdf_.webp","width":1170,"height":700},{"@type":"BreadcrumbList","@id":"https:\/\/www.notibras.com\/site\/moraes-vota-por-tornar-reus-coroneis-da-policia-militar\/#breadcrumb","itemListElement":[{"@type":"ListItem","position":1,"name":"In\u00edcio","item":"https:\/\/www.notibras.com\/site\/"},{"@type":"ListItem","position":2,"name":"Moraes vota por tornar r\u00e9us coron\u00e9is da Pol\u00edcia Militar"}]},{"@type":"WebSite","@id":"https:\/\/www.notibras.com\/site\/#website","url":"https:\/\/www.notibras.com\/site\/","name":"Notibras","description":"Not\u00edcias de Bras\u00edlia, do Brasil e do Mundo","publisher":{"@id":"https:\/\/www.notibras.com\/site\/#organization"},"potentialAction":[{"@type":"SearchAction","target":{"@type":"EntryPoint","urlTemplate":"https:\/\/www.notibras.com\/site\/?s={search_term_string}"},"query-input":{"@type":"PropertyValueSpecification","valueRequired":true,"valueName":"search_term_string"}}],"inLanguage":"pt-BR"},{"@type":"Organization","@id":"https:\/\/www.notibras.com\/site\/#organization","name":"Grupo Notibras de Comunica\u00e7\u00e3o","url":"https:\/\/www.notibras.com\/site\/","logo":{"@type":"ImageObject","inLanguage":"pt-BR","@id":"https:\/\/www.notibras.com\/site\/#\/schema\/logo\/image\/","url":"https:\/\/www.notibras.com\/site\/wp-content\/uploads\/2023\/01\/notibras23.png","contentUrl":"https:\/\/www.notibras.com\/site\/wp-content\/uploads\/2023\/01\/notibras23.png","width":350,"height":87,"caption":"Grupo Notibras de Comunica\u00e7\u00e3o"},"image":{"@id":"https:\/\/www.notibras.com\/site\/#\/schema\/logo\/image\/"},"sameAs":["https:\/\/www.facebook.com\/notibras\/","https:\/\/x.com\/Notibras","https:\/\/www.instagram.com\/notibras\/"]},{"@type":"Person","@id":"https:\/\/www.notibras.com\/site\/#\/schema\/person\/36ab0979449956132d3e5b517ea76ac8","name":"Reda\u00e7\u00e3o","image":{"@type":"ImageObject","inLanguage":"pt-BR","@id":"https:\/\/secure.gravatar.com\/avatar\/e0a867bdedb85fd243eadf09663511f96fc81e0720a4a42581f334ad4303aa6b?s=96&d=mm&r=g","url":"https:\/\/secure.gravatar.com\/avatar\/e0a867bdedb85fd243eadf09663511f96fc81e0720a4a42581f334ad4303aa6b?s=96&d=mm&r=g","contentUrl":"https:\/\/secure.gravatar.com\/avatar\/e0a867bdedb85fd243eadf09663511f96fc81e0720a4a42581f334ad4303aa6b?s=96&d=mm&r=g","caption":"Reda\u00e7\u00e3o"}}]}},"amp_enabled":true,"_links":{"self":[{"href":"https:\/\/www.notibras.com\/site\/wp-json\/wp\/v2\/posts\/322062","targetHints":{"allow":["GET"]}}],"collection":[{"href":"https:\/\/www.notibras.com\/site\/wp-json\/wp\/v2\/posts"}],"about":[{"href":"https:\/\/www.notibras.com\/site\/wp-json\/wp\/v2\/types\/post"}],"author":[{"embeddable":true,"href":"https:\/\/www.notibras.com\/site\/wp-json\/wp\/v2\/users\/2"}],"replies":[{"embeddable":true,"href":"https:\/\/www.notibras.com\/site\/wp-json\/wp\/v2\/comments?post=322062"}],"version-history":[{"count":1,"href":"https:\/\/www.notibras.com\/site\/wp-json\/wp\/v2\/posts\/322062\/revisions"}],"predecessor-version":[{"id":322064,"href":"https:\/\/www.notibras.com\/site\/wp-json\/wp\/v2\/posts\/322062\/revisions\/322064"}],"wp:featuredmedia":[{"embeddable":true,"href":"https:\/\/www.notibras.com\/site\/wp-json\/wp\/v2\/media\/322063"}],"wp:attachment":[{"href":"https:\/\/www.notibras.com\/site\/wp-json\/wp\/v2\/media?parent=322062"}],"wp:term":[{"taxonomy":"category","embeddable":true,"href":"https:\/\/www.notibras.com\/site\/wp-json\/wp\/v2\/categories?post=322062"},{"taxonomy":"post_tag","embeddable":true,"href":"https:\/\/www.notibras.com\/site\/wp-json\/wp\/v2\/tags?post=322062"}],"curies":[{"name":"wp","href":"https:\/\/api.w.org\/{rel}","templated":true}]}}