{"id":322101,"date":"2024-02-10T00:43:26","date_gmt":"2024-02-10T03:43:26","guid":{"rendered":"https:\/\/www.notibras.com\/site\/?p=322101"},"modified":"2024-02-10T09:45:31","modified_gmt":"2024-02-10T12:45:31","slug":"fevereiro-laranja-alerta-para-sintomas-da-leucemia","status":"publish","type":"post","link":"https:\/\/www.notibras.com\/site\/fevereiro-laranja-alerta-para-sintomas-da-leucemia\/","title":{"rendered":"Fevereiro Laranja alerta para sintomas da leucemia"},"content":{"rendered":"<p>O m\u00eas de fevereiro \u00e9 a \u00e9poca em que a classe m\u00e9dica se une para alertar a popula\u00e7\u00e3o sobre a leucemia aguda. O \u201cFevereiro Laranja\u201d foi criado para divulgar, por meio de campanhas educativas preventivas, o c\u00e2ncer do sangue, que \u00e9 uma doen\u00e7a que consiste na presen\u00e7a de c\u00e9lulas jovens com crescimento desorganizado, chamadas de blastos. Ao se multiplicarem de maneira desordenada, estas c\u00e9lulas impedem o funcionamento adequado do sangue, pois tomam o espa\u00e7o das c\u00e9lulas saud\u00e1veis.<\/p>\n<p>As leucemias podem ser agudas e cr\u00f4nicas. As agudas, devido \u00e0 presen\u00e7a de blastos, produzem sintomas como fraqueza, febre e sangramento na pele (pet\u00e9quias, equimoses ou hematomas) ou nas mucosas (sangramento nasal, por exemplo) e precisam ser tratadas de maneira imediata.<\/p>\n<p>As leucemias cr\u00f4nicas podem ser assintom\u00e1ticas e normalmente s\u00e3o diagnosticadas em exames de rotina.<\/p>\n<p>Como as leucemias afetam o sangue, o processo de diagn\u00f3stico \u00e9 iniciado com a realiza\u00e7\u00e3o de hemograma. Depois deste exame, uma s\u00e9rie de procedimentos s\u00e3o feitos para definir o diagn\u00f3stico final.<\/p>\n<p>Fernando Blumm, hematologista da Oncologia D\u2019Or Bras\u00edlia, explica que n\u00e3o existe forma de prevenir a leucemia aguda. \u201cO importante \u00e9 ter a consci\u00eancia de que, em caso de uma fraqueza importante, febre sem causa aparente e acompanhada ou n\u00e3o de sangramentos pelo corpo, um hemograma deve ser feito de maneira imediata. Estes sintomas s\u00e3o progressivos e podem se agravar rapidamente\u201d, ressalta o m\u00e9dico.<\/p>\n<p>As leucemias s\u00e3o mais comuns na inf\u00e2ncia e na velhice, sendo o tipo mais comum de c\u00e2ncer em crian\u00e7as. \u201cN\u00e3o se sabe a raz\u00e3o exata deste fato, por\u00e9m a boa not\u00edcia \u00e9 que o progn\u00f3stico dos pequenos, com o tratamento correto, \u00e9 muito bom\u201d, comemora o m\u00e9dico.<\/p>\n<p>O hematologista disp\u00f5e de diversas armas terap\u00eauticas para o tratamento. Na fase aguda, al\u00e9m da quimioterapia, alguns pacientes precisam de transplante alog\u00eanico, quando \u00e9 preciso achar um doador na fam\u00edlia, ou no banco de medula chamado de REDOME no Brasil. \u201cPor isso \u00e9 fundamental que as pessoas se conscientizem da import\u00e2ncia de ser um doador. Muitos tipos de leucemia s\u00f3 v\u00e3o curar com o transplante e com muitos doadores no banco, aumentam as chances de um paciente conseguir algu\u00e9m compat\u00edvel e ter a sua vida salva\u201d, alerta Fernando Blumm.<\/p>\n<p>Pacientes idosos, que toleram menos os tratamentos agressivos, podem ser tratados com medicamentos-alvo, que impedem o crescimento das c\u00e9lulas ruins, sem efeitos colaterais t\u00e3o intensos como os da quimioterapia.<\/p>\n<p>Hoje, na Rede D&#8217;Or S\u00e3o Luiz em Bras\u00edlia, existem dois centros de transplantes em pleno funcionamento e habilitados para transplantes de medula. O Hospital DF Star e Hospital Santa Luzia possuem credenciamento para todas as modalidades de transplantes, sejam eles aut\u00f3logo, alog\u00eanico aparentado ou n\u00e3o aparentado, e de c\u00e9lulas de cord\u00e3o umbilical.<\/p>\n<p>\u201c\u00c9 fundamental que tenhamos um m\u00eas para trabalharmos a consci\u00eancia desta doen\u00e7a. Infelizmente, muitos pacientes negligenciam os sintomas. Fa\u00e7a um hemograma sempre que houver fraqueza sem causa aparente, febre sem um diagn\u00f3stico e sangramentos na pele ou mucosas\u201d, alerta o hematologista.<\/p>\n","protected":false},"excerpt":{"rendered":"<p>O m\u00eas de fevereiro \u00e9 a \u00e9poca em que a classe m\u00e9dica se une para alertar a popula\u00e7\u00e3o sobre a leucemia aguda. O \u201cFevereiro Laranja\u201d foi criado para divulgar, por meio de campanhas educativas preventivas, o c\u00e2ncer do sangue, que \u00e9 uma doen\u00e7a que consiste na presen\u00e7a de c\u00e9lulas jovens com crescimento desorganizado, chamadas de [&hellip;]<\/p>\n","protected":false},"author":2,"featured_media":291439,"comment_status":"closed","ping_status":"closed","sticky":false,"template":"","format":"standard","meta":{"_acf_changed":false,"footnotes":""},"categories":[161],"tags":[],"class_list":["post-322101","post","type-post","status-publish","format-standard","has-post-thumbnail","hentry","category-quadradinho-em-foco"],"acf":[],"yoast_head":"<!-- This site is optimized with the Yoast SEO plugin v27.2 - https:\/\/yoast.com\/product\/yoast-seo-wordpress\/ -->\n<title>Fevereiro Laranja alerta para sintomas da leucemia - Notibras<\/title>\n<meta name=\"robots\" content=\"index, follow, max-snippet:-1, max-image-preview:large, max-video-preview:-1\" \/>\n<link rel=\"canonical\" href=\"https:\/\/www.notibras.com\/site\/fevereiro-laranja-alerta-para-sintomas-da-leucemia\/\" \/>\n<meta property=\"og:locale\" content=\"pt_BR\" \/>\n<meta property=\"og:type\" content=\"article\" \/>\n<meta property=\"og:title\" content=\"Fevereiro Laranja alerta para sintomas da leucemia - Notibras\" \/>\n<meta property=\"og:description\" content=\"O m\u00eas de fevereiro \u00e9 a \u00e9poca em que a classe m\u00e9dica se une para alertar a popula\u00e7\u00e3o sobre a leucemia aguda. O \u201cFevereiro Laranja\u201d foi criado para divulgar, por meio de campanhas educativas preventivas, o c\u00e2ncer do sangue, que \u00e9 uma doen\u00e7a que consiste na presen\u00e7a de c\u00e9lulas jovens com crescimento desorganizado, chamadas de [&hellip;]\" \/>\n<meta property=\"og:url\" content=\"https:\/\/www.notibras.com\/site\/fevereiro-laranja-alerta-para-sintomas-da-leucemia\/\" \/>\n<meta property=\"og:site_name\" content=\"Notibras\" \/>\n<meta property=\"article:publisher\" content=\"https:\/\/www.facebook.com\/notibras\/\" \/>\n<meta property=\"article:published_time\" content=\"2024-02-10T03:43:26+00:00\" \/>\n<meta property=\"article:modified_time\" content=\"2024-02-10T12:45:31+00:00\" \/>\n<meta property=\"og:image\" content=\"https:\/\/www.notibras.com\/site\/wp-content\/uploads\/2022\/09\/medico-warley-de-andrade.jpg\" \/>\n\t<meta property=\"og:image:width\" content=\"770\" \/>\n\t<meta property=\"og:image:height\" content=\"578\" \/>\n\t<meta property=\"og:image:type\" content=\"image\/jpeg\" \/>\n<meta name=\"author\" content=\"Reda\u00e7\u00e3o\" \/>\n<meta name=\"twitter:card\" content=\"summary_large_image\" \/>\n<meta name=\"twitter:creator\" content=\"@Notibras\" \/>\n<meta name=\"twitter:site\" content=\"@Notibras\" \/>\n<meta name=\"twitter:label1\" content=\"Escrito por\" \/>\n\t<meta name=\"twitter:data1\" content=\"Reda\u00e7\u00e3o\" \/>\n\t<meta name=\"twitter:label2\" content=\"Est. tempo de leitura\" \/>\n\t<meta name=\"twitter:data2\" content=\"3 minutos\" \/>\n<script type=\"application\/ld+json\" class=\"yoast-schema-graph\">{\"@context\":\"https:\/\/schema.org\",\"@graph\":[{\"@type\":\"Article\",\"@id\":\"https:\/\/www.notibras.com\/site\/fevereiro-laranja-alerta-para-sintomas-da-leucemia\/#article\",\"isPartOf\":{\"@id\":\"https:\/\/www.notibras.com\/site\/fevereiro-laranja-alerta-para-sintomas-da-leucemia\/\"},\"author\":{\"name\":\"Reda\u00e7\u00e3o\",\"@id\":\"https:\/\/www.notibras.com\/site\/#\/schema\/person\/36ab0979449956132d3e5b517ea76ac8\"},\"headline\":\"Fevereiro Laranja alerta para sintomas da leucemia\",\"datePublished\":\"2024-02-10T03:43:26+00:00\",\"dateModified\":\"2024-02-10T12:45:31+00:00\",\"mainEntityOfPage\":{\"@id\":\"https:\/\/www.notibras.com\/site\/fevereiro-laranja-alerta-para-sintomas-da-leucemia\/\"},\"wordCount\":543,\"publisher\":{\"@id\":\"https:\/\/www.notibras.com\/site\/#organization\"},\"image\":{\"@id\":\"https:\/\/www.notibras.com\/site\/fevereiro-laranja-alerta-para-sintomas-da-leucemia\/#primaryimage\"},\"thumbnailUrl\":\"https:\/\/www.notibras.com\/site\/wp-content\/uploads\/2022\/09\/medico-warley-de-andrade.jpg\",\"articleSection\":[\"Quadradinho em Foco\"],\"inLanguage\":\"pt-BR\"},{\"@type\":\"WebPage\",\"@id\":\"https:\/\/www.notibras.com\/site\/fevereiro-laranja-alerta-para-sintomas-da-leucemia\/\",\"url\":\"https:\/\/www.notibras.com\/site\/fevereiro-laranja-alerta-para-sintomas-da-leucemia\/\",\"name\":\"Fevereiro Laranja alerta para sintomas da leucemia - Notibras\",\"isPartOf\":{\"@id\":\"https:\/\/www.notibras.com\/site\/#website\"},\"primaryImageOfPage\":{\"@id\":\"https:\/\/www.notibras.com\/site\/fevereiro-laranja-alerta-para-sintomas-da-leucemia\/#primaryimage\"},\"image\":{\"@id\":\"https:\/\/www.notibras.com\/site\/fevereiro-laranja-alerta-para-sintomas-da-leucemia\/#primaryimage\"},\"thumbnailUrl\":\"https:\/\/www.notibras.com\/site\/wp-content\/uploads\/2022\/09\/medico-warley-de-andrade.jpg\",\"datePublished\":\"2024-02-10T03:43:26+00:00\",\"dateModified\":\"2024-02-10T12:45:31+00:00\",\"breadcrumb\":{\"@id\":\"https:\/\/www.notibras.com\/site\/fevereiro-laranja-alerta-para-sintomas-da-leucemia\/#breadcrumb\"},\"inLanguage\":\"pt-BR\",\"potentialAction\":[{\"@type\":\"ReadAction\",\"target\":[\"https:\/\/www.notibras.com\/site\/fevereiro-laranja-alerta-para-sintomas-da-leucemia\/\"]}]},{\"@type\":\"ImageObject\",\"inLanguage\":\"pt-BR\",\"@id\":\"https:\/\/www.notibras.com\/site\/fevereiro-laranja-alerta-para-sintomas-da-leucemia\/#primaryimage\",\"url\":\"https:\/\/www.notibras.com\/site\/wp-content\/uploads\/2022\/09\/medico-warley-de-andrade.jpg\",\"contentUrl\":\"https:\/\/www.notibras.com\/site\/wp-content\/uploads\/2022\/09\/medico-warley-de-andrade.jpg\",\"width\":770,\"height\":578,\"caption\":\"Hospital de Campanha (HCamp) de \u00c1guas Lindas (GO)\"},{\"@type\":\"BreadcrumbList\",\"@id\":\"https:\/\/www.notibras.com\/site\/fevereiro-laranja-alerta-para-sintomas-da-leucemia\/#breadcrumb\",\"itemListElement\":[{\"@type\":\"ListItem\",\"position\":1,\"name\":\"In\u00edcio\",\"item\":\"https:\/\/www.notibras.com\/site\/\"},{\"@type\":\"ListItem\",\"position\":2,\"name\":\"Fevereiro Laranja alerta para sintomas da leucemia\"}]},{\"@type\":\"WebSite\",\"@id\":\"https:\/\/www.notibras.com\/site\/#website\",\"url\":\"https:\/\/www.notibras.com\/site\/\",\"name\":\"Notibras\",\"description\":\"Not\u00edcias de Bras\u00edlia, do Brasil e do Mundo\",\"publisher\":{\"@id\":\"https:\/\/www.notibras.com\/site\/#organization\"},\"potentialAction\":[{\"@type\":\"SearchAction\",\"target\":{\"@type\":\"EntryPoint\",\"urlTemplate\":\"https:\/\/www.notibras.com\/site\/?s={search_term_string}\"},\"query-input\":{\"@type\":\"PropertyValueSpecification\",\"valueRequired\":true,\"valueName\":\"search_term_string\"}}],\"inLanguage\":\"pt-BR\"},{\"@type\":\"Organization\",\"@id\":\"https:\/\/www.notibras.com\/site\/#organization\",\"name\":\"Grupo Notibras de Comunica\u00e7\u00e3o\",\"url\":\"https:\/\/www.notibras.com\/site\/\",\"logo\":{\"@type\":\"ImageObject\",\"inLanguage\":\"pt-BR\",\"@id\":\"https:\/\/www.notibras.com\/site\/#\/schema\/logo\/image\/\",\"url\":\"https:\/\/www.notibras.com\/site\/wp-content\/uploads\/2023\/01\/notibras23.png\",\"contentUrl\":\"https:\/\/www.notibras.com\/site\/wp-content\/uploads\/2023\/01\/notibras23.png\",\"width\":350,\"height\":87,\"caption\":\"Grupo Notibras de Comunica\u00e7\u00e3o\"},\"image\":{\"@id\":\"https:\/\/www.notibras.com\/site\/#\/schema\/logo\/image\/\"},\"sameAs\":[\"https:\/\/www.facebook.com\/notibras\/\",\"https:\/\/x.com\/Notibras\",\"https:\/\/www.instagram.com\/notibras\/\"]},{\"@type\":\"Person\",\"@id\":\"https:\/\/www.notibras.com\/site\/#\/schema\/person\/36ab0979449956132d3e5b517ea76ac8\",\"name\":\"Reda\u00e7\u00e3o\",\"image\":{\"@type\":\"ImageObject\",\"inLanguage\":\"pt-BR\",\"@id\":\"https:\/\/secure.gravatar.com\/avatar\/e0a867bdedb85fd243eadf09663511f96fc81e0720a4a42581f334ad4303aa6b?s=96&d=mm&r=g\",\"url\":\"https:\/\/secure.gravatar.com\/avatar\/e0a867bdedb85fd243eadf09663511f96fc81e0720a4a42581f334ad4303aa6b?s=96&d=mm&r=g\",\"contentUrl\":\"https:\/\/secure.gravatar.com\/avatar\/e0a867bdedb85fd243eadf09663511f96fc81e0720a4a42581f334ad4303aa6b?s=96&d=mm&r=g\",\"caption\":\"Reda\u00e7\u00e3o\"}}]}<\/script>\n<!-- \/ Yoast SEO plugin. -->","yoast_head_json":{"title":"Fevereiro Laranja alerta para sintomas da leucemia - Notibras","robots":{"index":"index","follow":"follow","max-snippet":"max-snippet:-1","max-image-preview":"max-image-preview:large","max-video-preview":"max-video-preview:-1"},"canonical":"https:\/\/www.notibras.com\/site\/fevereiro-laranja-alerta-para-sintomas-da-leucemia\/","og_locale":"pt_BR","og_type":"article","og_title":"Fevereiro Laranja alerta para sintomas da leucemia - Notibras","og_description":"O m\u00eas de fevereiro \u00e9 a \u00e9poca em que a classe m\u00e9dica se une para alertar a popula\u00e7\u00e3o sobre a leucemia aguda. O \u201cFevereiro Laranja\u201d foi criado para divulgar, por meio de campanhas educativas preventivas, o c\u00e2ncer do sangue, que \u00e9 uma doen\u00e7a que consiste na presen\u00e7a de c\u00e9lulas jovens com crescimento desorganizado, chamadas de [&hellip;]","og_url":"https:\/\/www.notibras.com\/site\/fevereiro-laranja-alerta-para-sintomas-da-leucemia\/","og_site_name":"Notibras","article_publisher":"https:\/\/www.facebook.com\/notibras\/","article_published_time":"2024-02-10T03:43:26+00:00","article_modified_time":"2024-02-10T12:45:31+00:00","og_image":[{"width":770,"height":578,"url":"https:\/\/www.notibras.com\/site\/wp-content\/uploads\/2022\/09\/medico-warley-de-andrade.jpg","type":"image\/jpeg"}],"author":"Reda\u00e7\u00e3o","twitter_card":"summary_large_image","twitter_creator":"@Notibras","twitter_site":"@Notibras","twitter_misc":{"Escrito por":"Reda\u00e7\u00e3o","Est. tempo de leitura":"3 minutos"},"schema":{"@context":"https:\/\/schema.org","@graph":[{"@type":"Article","@id":"https:\/\/www.notibras.com\/site\/fevereiro-laranja-alerta-para-sintomas-da-leucemia\/#article","isPartOf":{"@id":"https:\/\/www.notibras.com\/site\/fevereiro-laranja-alerta-para-sintomas-da-leucemia\/"},"author":{"name":"Reda\u00e7\u00e3o","@id":"https:\/\/www.notibras.com\/site\/#\/schema\/person\/36ab0979449956132d3e5b517ea76ac8"},"headline":"Fevereiro Laranja alerta para sintomas da leucemia","datePublished":"2024-02-10T03:43:26+00:00","dateModified":"2024-02-10T12:45:31+00:00","mainEntityOfPage":{"@id":"https:\/\/www.notibras.com\/site\/fevereiro-laranja-alerta-para-sintomas-da-leucemia\/"},"wordCount":543,"publisher":{"@id":"https:\/\/www.notibras.com\/site\/#organization"},"image":{"@id":"https:\/\/www.notibras.com\/site\/fevereiro-laranja-alerta-para-sintomas-da-leucemia\/#primaryimage"},"thumbnailUrl":"https:\/\/www.notibras.com\/site\/wp-content\/uploads\/2022\/09\/medico-warley-de-andrade.jpg","articleSection":["Quadradinho em Foco"],"inLanguage":"pt-BR"},{"@type":"WebPage","@id":"https:\/\/www.notibras.com\/site\/fevereiro-laranja-alerta-para-sintomas-da-leucemia\/","url":"https:\/\/www.notibras.com\/site\/fevereiro-laranja-alerta-para-sintomas-da-leucemia\/","name":"Fevereiro Laranja alerta para sintomas da leucemia - Notibras","isPartOf":{"@id":"https:\/\/www.notibras.com\/site\/#website"},"primaryImageOfPage":{"@id":"https:\/\/www.notibras.com\/site\/fevereiro-laranja-alerta-para-sintomas-da-leucemia\/#primaryimage"},"image":{"@id":"https:\/\/www.notibras.com\/site\/fevereiro-laranja-alerta-para-sintomas-da-leucemia\/#primaryimage"},"thumbnailUrl":"https:\/\/www.notibras.com\/site\/wp-content\/uploads\/2022\/09\/medico-warley-de-andrade.jpg","datePublished":"2024-02-10T03:43:26+00:00","dateModified":"2024-02-10T12:45:31+00:00","breadcrumb":{"@id":"https:\/\/www.notibras.com\/site\/fevereiro-laranja-alerta-para-sintomas-da-leucemia\/#breadcrumb"},"inLanguage":"pt-BR","potentialAction":[{"@type":"ReadAction","target":["https:\/\/www.notibras.com\/site\/fevereiro-laranja-alerta-para-sintomas-da-leucemia\/"]}]},{"@type":"ImageObject","inLanguage":"pt-BR","@id":"https:\/\/www.notibras.com\/site\/fevereiro-laranja-alerta-para-sintomas-da-leucemia\/#primaryimage","url":"https:\/\/www.notibras.com\/site\/wp-content\/uploads\/2022\/09\/medico-warley-de-andrade.jpg","contentUrl":"https:\/\/www.notibras.com\/site\/wp-content\/uploads\/2022\/09\/medico-warley-de-andrade.jpg","width":770,"height":578,"caption":"Hospital de Campanha (HCamp) de \u00c1guas Lindas (GO)"},{"@type":"BreadcrumbList","@id":"https:\/\/www.notibras.com\/site\/fevereiro-laranja-alerta-para-sintomas-da-leucemia\/#breadcrumb","itemListElement":[{"@type":"ListItem","position":1,"name":"In\u00edcio","item":"https:\/\/www.notibras.com\/site\/"},{"@type":"ListItem","position":2,"name":"Fevereiro Laranja alerta para sintomas da leucemia"}]},{"@type":"WebSite","@id":"https:\/\/www.notibras.com\/site\/#website","url":"https:\/\/www.notibras.com\/site\/","name":"Notibras","description":"Not\u00edcias de Bras\u00edlia, do Brasil e do Mundo","publisher":{"@id":"https:\/\/www.notibras.com\/site\/#organization"},"potentialAction":[{"@type":"SearchAction","target":{"@type":"EntryPoint","urlTemplate":"https:\/\/www.notibras.com\/site\/?s={search_term_string}"},"query-input":{"@type":"PropertyValueSpecification","valueRequired":true,"valueName":"search_term_string"}}],"inLanguage":"pt-BR"},{"@type":"Organization","@id":"https:\/\/www.notibras.com\/site\/#organization","name":"Grupo Notibras de Comunica\u00e7\u00e3o","url":"https:\/\/www.notibras.com\/site\/","logo":{"@type":"ImageObject","inLanguage":"pt-BR","@id":"https:\/\/www.notibras.com\/site\/#\/schema\/logo\/image\/","url":"https:\/\/www.notibras.com\/site\/wp-content\/uploads\/2023\/01\/notibras23.png","contentUrl":"https:\/\/www.notibras.com\/site\/wp-content\/uploads\/2023\/01\/notibras23.png","width":350,"height":87,"caption":"Grupo Notibras de Comunica\u00e7\u00e3o"},"image":{"@id":"https:\/\/www.notibras.com\/site\/#\/schema\/logo\/image\/"},"sameAs":["https:\/\/www.facebook.com\/notibras\/","https:\/\/x.com\/Notibras","https:\/\/www.instagram.com\/notibras\/"]},{"@type":"Person","@id":"https:\/\/www.notibras.com\/site\/#\/schema\/person\/36ab0979449956132d3e5b517ea76ac8","name":"Reda\u00e7\u00e3o","image":{"@type":"ImageObject","inLanguage":"pt-BR","@id":"https:\/\/secure.gravatar.com\/avatar\/e0a867bdedb85fd243eadf09663511f96fc81e0720a4a42581f334ad4303aa6b?s=96&d=mm&r=g","url":"https:\/\/secure.gravatar.com\/avatar\/e0a867bdedb85fd243eadf09663511f96fc81e0720a4a42581f334ad4303aa6b?s=96&d=mm&r=g","contentUrl":"https:\/\/secure.gravatar.com\/avatar\/e0a867bdedb85fd243eadf09663511f96fc81e0720a4a42581f334ad4303aa6b?s=96&d=mm&r=g","caption":"Reda\u00e7\u00e3o"}}]}},"amp_enabled":true,"_links":{"self":[{"href":"https:\/\/www.notibras.com\/site\/wp-json\/wp\/v2\/posts\/322101","targetHints":{"allow":["GET"]}}],"collection":[{"href":"https:\/\/www.notibras.com\/site\/wp-json\/wp\/v2\/posts"}],"about":[{"href":"https:\/\/www.notibras.com\/site\/wp-json\/wp\/v2\/types\/post"}],"author":[{"embeddable":true,"href":"https:\/\/www.notibras.com\/site\/wp-json\/wp\/v2\/users\/2"}],"replies":[{"embeddable":true,"href":"https:\/\/www.notibras.com\/site\/wp-json\/wp\/v2\/comments?post=322101"}],"version-history":[{"count":1,"href":"https:\/\/www.notibras.com\/site\/wp-json\/wp\/v2\/posts\/322101\/revisions"}],"predecessor-version":[{"id":322102,"href":"https:\/\/www.notibras.com\/site\/wp-json\/wp\/v2\/posts\/322101\/revisions\/322102"}],"wp:featuredmedia":[{"embeddable":true,"href":"https:\/\/www.notibras.com\/site\/wp-json\/wp\/v2\/media\/291439"}],"wp:attachment":[{"href":"https:\/\/www.notibras.com\/site\/wp-json\/wp\/v2\/media?parent=322101"}],"wp:term":[{"taxonomy":"category","embeddable":true,"href":"https:\/\/www.notibras.com\/site\/wp-json\/wp\/v2\/categories?post=322101"},{"taxonomy":"post_tag","embeddable":true,"href":"https:\/\/www.notibras.com\/site\/wp-json\/wp\/v2\/tags?post=322101"}],"curies":[{"name":"wp","href":"https:\/\/api.w.org\/{rel}","templated":true}]}}