{"id":322103,"date":"2024-02-10T10:42:28","date_gmt":"2024-02-10T13:42:28","guid":{"rendered":"https:\/\/www.notibras.com\/site\/?p=322103"},"modified":"2024-02-10T10:46:02","modified_gmt":"2024-02-10T13:46:02","slug":"esposa-traida-cai-na-folia-como-nova-colombina","status":"publish","type":"post","link":"https:\/\/www.notibras.com\/site\/esposa-traida-cai-na-folia-como-nova-colombina\/","title":{"rendered":"Esposa tra\u00edda cai na folia como nova Colombina"},"content":{"rendered":"<p>Valdete havia se casado antes dos 16, quando acabou engravidando do primeiro namorado, Carlos. J\u00e1 com os filhos criados, pensou at\u00e9 em arrumar um emprego, mas foi desencorajada pelo marido, que gostava de ser o provedor. No entanto, o sal\u00e1rio era curto para atender at\u00e9 mesmo as necessidades b\u00e1sicas.<\/p>\n<p>Quest\u00e3o de honra resolvida, Carlos sempre arrumava uma desculpa para suas escapadas. N\u00e3o foi diferente naquela v\u00e9spera de carnaval, quando ele disse que precisava viajar a trabalho. Valdete, talvez cansada do marido, gostou da ideia, mas fingiu tristeza.<\/p>\n<p>&#8211; Voc\u00ea precisa mesmo ir, meu amor?<\/p>\n<p>&#8211; Minha flor, o chefe pediu. E a gente est\u00e1 precisando dessa grana.<\/p>\n<p>No s\u00e1bado, a mulher acordou sozinha na cama. Abriu os bra\u00e7os, se espregui\u00e7ou toda, sorriu para o teto. Passaria um feriado sozinha. Nada de cozinhar, lavar, passar, varrer a poeira pra cal\u00e7ada. Aos 40, estava finalmente se sentindo um pouco livre, mesmo que tal liberdade tivesse prazo de validade.<\/p>\n<p>Demorou a se levantar, at\u00e9 que sentiu vontade de ouvir um samba na voz da sua favorita: Beth Carvalho. Colocou &#8220;Vou festejar&#8221; e at\u00e9 arriscou uns passos, que resgatou das long\u00ednquas mem\u00f3rias de um antigo baile, quando n\u00e3o passava de uma menina espevitada ali mesmo em Madureira. Sambou!<\/p>\n<p>No final da manh\u00e3, x\u00edcara de caf\u00e9 na m\u00e3o, foi olhar o movimento da rua. Algumas pessoas festejando, mas nada comparado \u00e0s saudosas lembran\u00e7as de Valdete. Bateu-lhe um sentimento de nostalgia, como se tudo no passado fosse melhor. Talvez estivesse certa, talvez fosse apenas o desejo de voltar a ter aquele corpinho de mocinha na flor da idade. N\u00e3o que ela n\u00e3o fosse atraente, pois ainda sabia se fazer desejada.<\/p>\n<p>Sentiu um pouco de fome, preparou um sandu\u00edche de queijo e presunto. Entediada, largou quase metade no prato. Perambulou pela casa vazia. Sentou no sof\u00e1 da sala, pegou uma das almofadas ao lado e, carente, a abra\u00e7ou bem forte. Acabou por adormecer ali mesmo.<\/p>\n<p>Valdete despertou com o som de pagode vindo da rua. Levantou e, descal\u00e7a, caminhou at\u00e9 a janela, de onde pode vislumbrar um bloco de carnaval. Aqueles corpos felizes fizeram a mulher querer participar daquele cortejo. A d\u00favida, por\u00e9m, a impediu por alguns instantes. Pois \u00e9, n\u00e3o demorou e l\u00e1 estava a Valdete sambando toda sua alegria reprimida por anos.<\/p>\n<p>Como o tempo voa quando estamos felizes, a noite logo chegou. O bloco ganhou v\u00e1rios outros adeptos, entre os quais o Luiz, homem forjado ali mesmo no famoso bairro carioca. Vi\u00favo, desde ent\u00e3o n\u00e3o conseguiu se firmar em relacionamento s\u00e9rio. N\u00e3o que n\u00e3o quisesse, pois n\u00e3o gostava de ficar pulando de galho em galho. Mas as tenta\u00e7\u00f5es eram tamanhas, que ele acabou se acostumando com a situa\u00e7\u00e3o.<\/p>\n<p>L\u00e1 pelas tantas, calhou daqueles dois se encararem. Valdete, a princ\u00edpio, desviou os olhos, mas logo encarou aqueles olhos escuros do Luiz. Os dois sorriram, meio sem jeito, \u00e9 verdade. Seja como for, n\u00e3o demorou e estavam dan\u00e7ando bem pertinho, pertinho at\u00e9 demais. Mas era carnaval e, por isso mesmo, estava tudo bem.<\/p>\n<p>N\u00e3o tardou e o &#8220;Deixa disso!&#8221; se transformou no &#8220;Que beijo gostoso voc\u00ea tem!&#8221; Terminaram a noite no pequeno apartamento do Luiz, onde se amaram at\u00e9 perderem as for\u00e7as para mais uma roda de samba.<\/p>\n<p>No in\u00edcio da tarde, Valdete, totalmente despida, despertou assustada, como se n\u00e3o se lembrasse de onde estava. Luiz, bem \u00e0 sua frente, lhe trazia uma bandeja com caf\u00e9, leite, manteiga e algumas torradas. Ele sorriu, ela sentiu vontade de cair nos seus bra\u00e7os novamente. E foi o que fez, enquanto o caf\u00e9 esfriava na bandeja ao lado.<\/p>\n<p>Valdete e Luiz sambaram e se amaram em todos os dias de carnaval, at\u00e9 que, j\u00e1 na manh\u00e3 da quarta-feira de cinzas, os dois se despediram. Promessas de que ainda se veriam, mas nem eles sabiam se seriam cumpridas. Ela voltou para sua casa, onde seu marido n\u00e3o tardou a chegar.<\/p>\n<p>Carlos estava bronzeado, como se tivesse passado esses dias na praia. A esposa n\u00e3o pareceu ligar, talvez nem tenha percebido, pois seu pensamento estava envolvido nos bra\u00e7os de Luiz.<\/p>\n<p>&#8211; Minha flor, que olhar mais triste \u00e9 esse? Sentiu falta do seu Carl\u00e3o?<\/p>\n<p>&#8211; Voc\u00ea nem imagina o quanto, meu amor!<\/p>\n","protected":false},"excerpt":{"rendered":"<p>Valdete havia se casado antes dos 16, quando acabou engravidando do primeiro namorado, Carlos. J\u00e1 com os filhos criados, pensou at\u00e9 em arrumar um emprego, mas foi desencorajada pelo marido, que gostava de ser o provedor. No entanto, o sal\u00e1rio era curto para atender at\u00e9 mesmo as necessidades b\u00e1sicas. Quest\u00e3o de honra resolvida, Carlos sempre [&hellip;]<\/p>\n","protected":false},"author":2,"featured_media":322105,"comment_status":"closed","ping_status":"closed","sticky":false,"template":"","format":"standard","meta":{"_acf_changed":false,"footnotes":""},"categories":[161],"tags":[],"class_list":["post-322103","post","type-post","status-publish","format-standard","has-post-thumbnail","hentry","category-quadradinho-em-foco"],"acf":[],"yoast_head":"<!-- This site is optimized with the Yoast SEO plugin v27.2 - https:\/\/yoast.com\/product\/yoast-seo-wordpress\/ -->\n<title>Esposa tra\u00edda cai na folia como nova Colombina - Notibras<\/title>\n<meta name=\"robots\" content=\"index, follow, max-snippet:-1, max-image-preview:large, max-video-preview:-1\" \/>\n<link rel=\"canonical\" href=\"https:\/\/www.notibras.com\/site\/esposa-traida-cai-na-folia-como-nova-colombina\/\" \/>\n<meta property=\"og:locale\" content=\"pt_BR\" \/>\n<meta property=\"og:type\" content=\"article\" \/>\n<meta property=\"og:title\" content=\"Esposa tra\u00edda cai na folia como nova Colombina - Notibras\" \/>\n<meta property=\"og:description\" content=\"Valdete havia se casado antes dos 16, quando acabou engravidando do primeiro namorado, Carlos. J\u00e1 com os filhos criados, pensou at\u00e9 em arrumar um emprego, mas foi desencorajada pelo marido, que gostava de ser o provedor. No entanto, o sal\u00e1rio era curto para atender at\u00e9 mesmo as necessidades b\u00e1sicas. Quest\u00e3o de honra resolvida, Carlos sempre [&hellip;]\" \/>\n<meta property=\"og:url\" content=\"https:\/\/www.notibras.com\/site\/esposa-traida-cai-na-folia-como-nova-colombina\/\" \/>\n<meta property=\"og:site_name\" content=\"Notibras\" \/>\n<meta property=\"article:publisher\" content=\"https:\/\/www.facebook.com\/notibras\/\" \/>\n<meta property=\"article:published_time\" content=\"2024-02-10T13:42:28+00:00\" \/>\n<meta property=\"article:modified_time\" content=\"2024-02-10T13:46:02+00:00\" \/>\n<meta property=\"og:image\" content=\"https:\/\/www.notibras.com\/site\/wp-content\/uploads\/2024\/02\/342a26ae-8080-464b-b235-97b4da5df790.jpeg\" \/>\n\t<meta property=\"og:image:width\" content=\"427\" \/>\n\t<meta property=\"og:image:height\" content=\"488\" \/>\n\t<meta property=\"og:image:type\" content=\"image\/jpeg\" \/>\n<meta name=\"author\" content=\"Reda\u00e7\u00e3o\" \/>\n<meta name=\"twitter:card\" content=\"summary_large_image\" \/>\n<meta name=\"twitter:creator\" content=\"@Notibras\" \/>\n<meta name=\"twitter:site\" content=\"@Notibras\" \/>\n<meta name=\"twitter:label1\" content=\"Escrito por\" \/>\n\t<meta name=\"twitter:data1\" content=\"Reda\u00e7\u00e3o\" \/>\n\t<meta name=\"twitter:label2\" content=\"Est. tempo de leitura\" \/>\n\t<meta name=\"twitter:data2\" content=\"4 minutos\" \/>\n<script type=\"application\/ld+json\" class=\"yoast-schema-graph\">{\"@context\":\"https:\/\/schema.org\",\"@graph\":[{\"@type\":\"Article\",\"@id\":\"https:\/\/www.notibras.com\/site\/esposa-traida-cai-na-folia-como-nova-colombina\/#article\",\"isPartOf\":{\"@id\":\"https:\/\/www.notibras.com\/site\/esposa-traida-cai-na-folia-como-nova-colombina\/\"},\"author\":{\"name\":\"Reda\u00e7\u00e3o\",\"@id\":\"https:\/\/www.notibras.com\/site\/#\/schema\/person\/36ab0979449956132d3e5b517ea76ac8\"},\"headline\":\"Esposa tra\u00edda cai na folia como nova Colombina\",\"datePublished\":\"2024-02-10T13:42:28+00:00\",\"dateModified\":\"2024-02-10T13:46:02+00:00\",\"mainEntityOfPage\":{\"@id\":\"https:\/\/www.notibras.com\/site\/esposa-traida-cai-na-folia-como-nova-colombina\/\"},\"wordCount\":739,\"publisher\":{\"@id\":\"https:\/\/www.notibras.com\/site\/#organization\"},\"image\":{\"@id\":\"https:\/\/www.notibras.com\/site\/esposa-traida-cai-na-folia-como-nova-colombina\/#primaryimage\"},\"thumbnailUrl\":\"https:\/\/www.notibras.com\/site\/wp-content\/uploads\/2024\/02\/342a26ae-8080-464b-b235-97b4da5df790.jpeg\",\"articleSection\":[\"Quadradinho em Foco\"],\"inLanguage\":\"pt-BR\"},{\"@type\":\"WebPage\",\"@id\":\"https:\/\/www.notibras.com\/site\/esposa-traida-cai-na-folia-como-nova-colombina\/\",\"url\":\"https:\/\/www.notibras.com\/site\/esposa-traida-cai-na-folia-como-nova-colombina\/\",\"name\":\"Esposa tra\u00edda cai na folia como nova Colombina - Notibras\",\"isPartOf\":{\"@id\":\"https:\/\/www.notibras.com\/site\/#website\"},\"primaryImageOfPage\":{\"@id\":\"https:\/\/www.notibras.com\/site\/esposa-traida-cai-na-folia-como-nova-colombina\/#primaryimage\"},\"image\":{\"@id\":\"https:\/\/www.notibras.com\/site\/esposa-traida-cai-na-folia-como-nova-colombina\/#primaryimage\"},\"thumbnailUrl\":\"https:\/\/www.notibras.com\/site\/wp-content\/uploads\/2024\/02\/342a26ae-8080-464b-b235-97b4da5df790.jpeg\",\"datePublished\":\"2024-02-10T13:42:28+00:00\",\"dateModified\":\"2024-02-10T13:46:02+00:00\",\"breadcrumb\":{\"@id\":\"https:\/\/www.notibras.com\/site\/esposa-traida-cai-na-folia-como-nova-colombina\/#breadcrumb\"},\"inLanguage\":\"pt-BR\",\"potentialAction\":[{\"@type\":\"ReadAction\",\"target\":[\"https:\/\/www.notibras.com\/site\/esposa-traida-cai-na-folia-como-nova-colombina\/\"]}]},{\"@type\":\"ImageObject\",\"inLanguage\":\"pt-BR\",\"@id\":\"https:\/\/www.notibras.com\/site\/esposa-traida-cai-na-folia-como-nova-colombina\/#primaryimage\",\"url\":\"https:\/\/www.notibras.com\/site\/wp-content\/uploads\/2024\/02\/342a26ae-8080-464b-b235-97b4da5df790.jpeg\",\"contentUrl\":\"https:\/\/www.notibras.com\/site\/wp-content\/uploads\/2024\/02\/342a26ae-8080-464b-b235-97b4da5df790.jpeg\",\"width\":427,\"height\":488},{\"@type\":\"BreadcrumbList\",\"@id\":\"https:\/\/www.notibras.com\/site\/esposa-traida-cai-na-folia-como-nova-colombina\/#breadcrumb\",\"itemListElement\":[{\"@type\":\"ListItem\",\"position\":1,\"name\":\"In\u00edcio\",\"item\":\"https:\/\/www.notibras.com\/site\/\"},{\"@type\":\"ListItem\",\"position\":2,\"name\":\"Esposa tra\u00edda cai na folia como nova Colombina\"}]},{\"@type\":\"WebSite\",\"@id\":\"https:\/\/www.notibras.com\/site\/#website\",\"url\":\"https:\/\/www.notibras.com\/site\/\",\"name\":\"Notibras\",\"description\":\"Not\u00edcias de Bras\u00edlia, do Brasil e do Mundo\",\"publisher\":{\"@id\":\"https:\/\/www.notibras.com\/site\/#organization\"},\"potentialAction\":[{\"@type\":\"SearchAction\",\"target\":{\"@type\":\"EntryPoint\",\"urlTemplate\":\"https:\/\/www.notibras.com\/site\/?s={search_term_string}\"},\"query-input\":{\"@type\":\"PropertyValueSpecification\",\"valueRequired\":true,\"valueName\":\"search_term_string\"}}],\"inLanguage\":\"pt-BR\"},{\"@type\":\"Organization\",\"@id\":\"https:\/\/www.notibras.com\/site\/#organization\",\"name\":\"Grupo Notibras de Comunica\u00e7\u00e3o\",\"url\":\"https:\/\/www.notibras.com\/site\/\",\"logo\":{\"@type\":\"ImageObject\",\"inLanguage\":\"pt-BR\",\"@id\":\"https:\/\/www.notibras.com\/site\/#\/schema\/logo\/image\/\",\"url\":\"https:\/\/www.notibras.com\/site\/wp-content\/uploads\/2023\/01\/notibras23.png\",\"contentUrl\":\"https:\/\/www.notibras.com\/site\/wp-content\/uploads\/2023\/01\/notibras23.png\",\"width\":350,\"height\":87,\"caption\":\"Grupo Notibras de Comunica\u00e7\u00e3o\"},\"image\":{\"@id\":\"https:\/\/www.notibras.com\/site\/#\/schema\/logo\/image\/\"},\"sameAs\":[\"https:\/\/www.facebook.com\/notibras\/\",\"https:\/\/x.com\/Notibras\",\"https:\/\/www.instagram.com\/notibras\/\"]},{\"@type\":\"Person\",\"@id\":\"https:\/\/www.notibras.com\/site\/#\/schema\/person\/36ab0979449956132d3e5b517ea76ac8\",\"name\":\"Reda\u00e7\u00e3o\",\"image\":{\"@type\":\"ImageObject\",\"inLanguage\":\"pt-BR\",\"@id\":\"https:\/\/secure.gravatar.com\/avatar\/e0a867bdedb85fd243eadf09663511f96fc81e0720a4a42581f334ad4303aa6b?s=96&d=mm&r=g\",\"url\":\"https:\/\/secure.gravatar.com\/avatar\/e0a867bdedb85fd243eadf09663511f96fc81e0720a4a42581f334ad4303aa6b?s=96&d=mm&r=g\",\"contentUrl\":\"https:\/\/secure.gravatar.com\/avatar\/e0a867bdedb85fd243eadf09663511f96fc81e0720a4a42581f334ad4303aa6b?s=96&d=mm&r=g\",\"caption\":\"Reda\u00e7\u00e3o\"}}]}<\/script>\n<!-- \/ Yoast SEO plugin. -->","yoast_head_json":{"title":"Esposa tra\u00edda cai na folia como nova Colombina - Notibras","robots":{"index":"index","follow":"follow","max-snippet":"max-snippet:-1","max-image-preview":"max-image-preview:large","max-video-preview":"max-video-preview:-1"},"canonical":"https:\/\/www.notibras.com\/site\/esposa-traida-cai-na-folia-como-nova-colombina\/","og_locale":"pt_BR","og_type":"article","og_title":"Esposa tra\u00edda cai na folia como nova Colombina - Notibras","og_description":"Valdete havia se casado antes dos 16, quando acabou engravidando do primeiro namorado, Carlos. J\u00e1 com os filhos criados, pensou at\u00e9 em arrumar um emprego, mas foi desencorajada pelo marido, que gostava de ser o provedor. No entanto, o sal\u00e1rio era curto para atender at\u00e9 mesmo as necessidades b\u00e1sicas. Quest\u00e3o de honra resolvida, Carlos sempre [&hellip;]","og_url":"https:\/\/www.notibras.com\/site\/esposa-traida-cai-na-folia-como-nova-colombina\/","og_site_name":"Notibras","article_publisher":"https:\/\/www.facebook.com\/notibras\/","article_published_time":"2024-02-10T13:42:28+00:00","article_modified_time":"2024-02-10T13:46:02+00:00","og_image":[{"width":427,"height":488,"url":"https:\/\/www.notibras.com\/site\/wp-content\/uploads\/2024\/02\/342a26ae-8080-464b-b235-97b4da5df790.jpeg","type":"image\/jpeg"}],"author":"Reda\u00e7\u00e3o","twitter_card":"summary_large_image","twitter_creator":"@Notibras","twitter_site":"@Notibras","twitter_misc":{"Escrito por":"Reda\u00e7\u00e3o","Est. tempo de leitura":"4 minutos"},"schema":{"@context":"https:\/\/schema.org","@graph":[{"@type":"Article","@id":"https:\/\/www.notibras.com\/site\/esposa-traida-cai-na-folia-como-nova-colombina\/#article","isPartOf":{"@id":"https:\/\/www.notibras.com\/site\/esposa-traida-cai-na-folia-como-nova-colombina\/"},"author":{"name":"Reda\u00e7\u00e3o","@id":"https:\/\/www.notibras.com\/site\/#\/schema\/person\/36ab0979449956132d3e5b517ea76ac8"},"headline":"Esposa tra\u00edda cai na folia como nova Colombina","datePublished":"2024-02-10T13:42:28+00:00","dateModified":"2024-02-10T13:46:02+00:00","mainEntityOfPage":{"@id":"https:\/\/www.notibras.com\/site\/esposa-traida-cai-na-folia-como-nova-colombina\/"},"wordCount":739,"publisher":{"@id":"https:\/\/www.notibras.com\/site\/#organization"},"image":{"@id":"https:\/\/www.notibras.com\/site\/esposa-traida-cai-na-folia-como-nova-colombina\/#primaryimage"},"thumbnailUrl":"https:\/\/www.notibras.com\/site\/wp-content\/uploads\/2024\/02\/342a26ae-8080-464b-b235-97b4da5df790.jpeg","articleSection":["Quadradinho em Foco"],"inLanguage":"pt-BR"},{"@type":"WebPage","@id":"https:\/\/www.notibras.com\/site\/esposa-traida-cai-na-folia-como-nova-colombina\/","url":"https:\/\/www.notibras.com\/site\/esposa-traida-cai-na-folia-como-nova-colombina\/","name":"Esposa tra\u00edda cai na folia como nova Colombina - Notibras","isPartOf":{"@id":"https:\/\/www.notibras.com\/site\/#website"},"primaryImageOfPage":{"@id":"https:\/\/www.notibras.com\/site\/esposa-traida-cai-na-folia-como-nova-colombina\/#primaryimage"},"image":{"@id":"https:\/\/www.notibras.com\/site\/esposa-traida-cai-na-folia-como-nova-colombina\/#primaryimage"},"thumbnailUrl":"https:\/\/www.notibras.com\/site\/wp-content\/uploads\/2024\/02\/342a26ae-8080-464b-b235-97b4da5df790.jpeg","datePublished":"2024-02-10T13:42:28+00:00","dateModified":"2024-02-10T13:46:02+00:00","breadcrumb":{"@id":"https:\/\/www.notibras.com\/site\/esposa-traida-cai-na-folia-como-nova-colombina\/#breadcrumb"},"inLanguage":"pt-BR","potentialAction":[{"@type":"ReadAction","target":["https:\/\/www.notibras.com\/site\/esposa-traida-cai-na-folia-como-nova-colombina\/"]}]},{"@type":"ImageObject","inLanguage":"pt-BR","@id":"https:\/\/www.notibras.com\/site\/esposa-traida-cai-na-folia-como-nova-colombina\/#primaryimage","url":"https:\/\/www.notibras.com\/site\/wp-content\/uploads\/2024\/02\/342a26ae-8080-464b-b235-97b4da5df790.jpeg","contentUrl":"https:\/\/www.notibras.com\/site\/wp-content\/uploads\/2024\/02\/342a26ae-8080-464b-b235-97b4da5df790.jpeg","width":427,"height":488},{"@type":"BreadcrumbList","@id":"https:\/\/www.notibras.com\/site\/esposa-traida-cai-na-folia-como-nova-colombina\/#breadcrumb","itemListElement":[{"@type":"ListItem","position":1,"name":"In\u00edcio","item":"https:\/\/www.notibras.com\/site\/"},{"@type":"ListItem","position":2,"name":"Esposa tra\u00edda cai na folia como nova Colombina"}]},{"@type":"WebSite","@id":"https:\/\/www.notibras.com\/site\/#website","url":"https:\/\/www.notibras.com\/site\/","name":"Notibras","description":"Not\u00edcias de Bras\u00edlia, do Brasil e do Mundo","publisher":{"@id":"https:\/\/www.notibras.com\/site\/#organization"},"potentialAction":[{"@type":"SearchAction","target":{"@type":"EntryPoint","urlTemplate":"https:\/\/www.notibras.com\/site\/?s={search_term_string}"},"query-input":{"@type":"PropertyValueSpecification","valueRequired":true,"valueName":"search_term_string"}}],"inLanguage":"pt-BR"},{"@type":"Organization","@id":"https:\/\/www.notibras.com\/site\/#organization","name":"Grupo Notibras de Comunica\u00e7\u00e3o","url":"https:\/\/www.notibras.com\/site\/","logo":{"@type":"ImageObject","inLanguage":"pt-BR","@id":"https:\/\/www.notibras.com\/site\/#\/schema\/logo\/image\/","url":"https:\/\/www.notibras.com\/site\/wp-content\/uploads\/2023\/01\/notibras23.png","contentUrl":"https:\/\/www.notibras.com\/site\/wp-content\/uploads\/2023\/01\/notibras23.png","width":350,"height":87,"caption":"Grupo Notibras de Comunica\u00e7\u00e3o"},"image":{"@id":"https:\/\/www.notibras.com\/site\/#\/schema\/logo\/image\/"},"sameAs":["https:\/\/www.facebook.com\/notibras\/","https:\/\/x.com\/Notibras","https:\/\/www.instagram.com\/notibras\/"]},{"@type":"Person","@id":"https:\/\/www.notibras.com\/site\/#\/schema\/person\/36ab0979449956132d3e5b517ea76ac8","name":"Reda\u00e7\u00e3o","image":{"@type":"ImageObject","inLanguage":"pt-BR","@id":"https:\/\/secure.gravatar.com\/avatar\/e0a867bdedb85fd243eadf09663511f96fc81e0720a4a42581f334ad4303aa6b?s=96&d=mm&r=g","url":"https:\/\/secure.gravatar.com\/avatar\/e0a867bdedb85fd243eadf09663511f96fc81e0720a4a42581f334ad4303aa6b?s=96&d=mm&r=g","contentUrl":"https:\/\/secure.gravatar.com\/avatar\/e0a867bdedb85fd243eadf09663511f96fc81e0720a4a42581f334ad4303aa6b?s=96&d=mm&r=g","caption":"Reda\u00e7\u00e3o"}}]}},"amp_enabled":true,"_links":{"self":[{"href":"https:\/\/www.notibras.com\/site\/wp-json\/wp\/v2\/posts\/322103","targetHints":{"allow":["GET"]}}],"collection":[{"href":"https:\/\/www.notibras.com\/site\/wp-json\/wp\/v2\/posts"}],"about":[{"href":"https:\/\/www.notibras.com\/site\/wp-json\/wp\/v2\/types\/post"}],"author":[{"embeddable":true,"href":"https:\/\/www.notibras.com\/site\/wp-json\/wp\/v2\/users\/2"}],"replies":[{"embeddable":true,"href":"https:\/\/www.notibras.com\/site\/wp-json\/wp\/v2\/comments?post=322103"}],"version-history":[{"count":3,"href":"https:\/\/www.notibras.com\/site\/wp-json\/wp\/v2\/posts\/322103\/revisions"}],"predecessor-version":[{"id":322108,"href":"https:\/\/www.notibras.com\/site\/wp-json\/wp\/v2\/posts\/322103\/revisions\/322108"}],"wp:featuredmedia":[{"embeddable":true,"href":"https:\/\/www.notibras.com\/site\/wp-json\/wp\/v2\/media\/322105"}],"wp:attachment":[{"href":"https:\/\/www.notibras.com\/site\/wp-json\/wp\/v2\/media?parent=322103"}],"wp:term":[{"taxonomy":"category","embeddable":true,"href":"https:\/\/www.notibras.com\/site\/wp-json\/wp\/v2\/categories?post=322103"},{"taxonomy":"post_tag","embeddable":true,"href":"https:\/\/www.notibras.com\/site\/wp-json\/wp\/v2\/tags?post=322103"}],"curies":[{"name":"wp","href":"https:\/\/api.w.org\/{rel}","templated":true}]}}