{"id":322125,"date":"2024-02-11T08:17:28","date_gmt":"2024-02-11T11:17:28","guid":{"rendered":"https:\/\/www.notibras.com\/site\/?p=322125"},"modified":"2024-02-11T08:17:28","modified_gmt":"2024-02-11T11:17:28","slug":"nazinha-a-chefe-que-brigava-com-quem-amava","status":"publish","type":"post","link":"https:\/\/www.notibras.com\/site\/nazinha-a-chefe-que-brigava-com-quem-amava\/","title":{"rendered":"Nazinha, a chefe que brigava com quem amava"},"content":{"rendered":"<p>Trabalhei no Banco do Brasil por quase duas d\u00e9cadas, sendo que tomei posse em uma ag\u00eancia em Copacabana. Foi l\u00e1 que tive o prazer de conhecer uma das pessoas mais divertidas, a Maria de Nazareth de Paula, ou simplesmente Nazinha.<\/p>\n<p>Todos que trabalh\u00e1vamos com a Nazinha sent\u00e1vamos em mesas justapostas, sendo que ela ficava na cabeceira. Um enorme cinzeiro, cuidadosamente colocado \u00e0 frente da minha chefe, recebia v\u00e1rias pontas de cigarro durante o expediente. Isso foi bem antes da lei que proibia fumar em ambientes fechados. E, se isso parece um absurdo hoje em dia, na \u00e9poca era extremamente natural.<\/p>\n<p>A Nazinha era a nossa gerente de equipe, assim como tamb\u00e9m existiam outros que tamb\u00e9m faziam fun\u00e7\u00e3o similar em outros ambientes da ag\u00eancia. Al\u00e9m desses cargos de chefia, havia o de gerente geral, que era exercido pelo Vasco. Este, de vez em quando, se dirigia at\u00e9 a nossa sala e conversava com a minha chefe, que geralmente era consultada para resolver algum problema.<\/p>\n<p>Ela, apesar de possuir uma posi\u00e7\u00e3o hier\u00e1rquica inferior, parecia conhecer mais sobre todo o funcionamento da ag\u00eancia. Assim, a Nazinha, quase sempre, atendia o Vasco com urbanidade, mas nem sempre. \u00c9 que, de vez em quando, ela estava abarrotada de servi\u00e7o e, ent\u00e3o, falava: &#8220;Vasco, n\u00e3o me enche o saco agora!&#8221; Ele, invariavelmente, retornava cabisbaixo para sua sala.<\/p>\n<p>Essa situa\u00e7\u00e3o me deixava de olhos arregalados e, certa vez, ousei questionar a minha chefe.<\/p>\n<p>&#8211; Nazinha, por que voc\u00ea fala assim com o Vasco? Ele \u00e9 o gerente geral!<\/p>\n<p>&#8211; Dudu, eu brigo apenas com quem eu gosto!<\/p>\n<p>&#8211; Ah, ent\u00e3o, voc\u00ea me ama!<\/p>\n","protected":false},"excerpt":{"rendered":"<p>Trabalhei no Banco do Brasil por quase duas d\u00e9cadas, sendo que tomei posse em uma ag\u00eancia em Copacabana. Foi l\u00e1 que tive o prazer de conhecer uma das pessoas mais divertidas, a Maria de Nazareth de Paula, ou simplesmente Nazinha. Todos que trabalh\u00e1vamos com a Nazinha sent\u00e1vamos em mesas justapostas, sendo que ela ficava na [&hellip;]<\/p>\n","protected":false},"author":2,"featured_media":322126,"comment_status":"closed","ping_status":"closed","sticky":false,"template":"","format":"standard","meta":{"_acf_changed":false,"footnotes":""},"categories":[161],"tags":[],"class_list":["post-322125","post","type-post","status-publish","format-standard","has-post-thumbnail","hentry","category-quadradinho-em-foco"],"acf":[],"yoast_head":"<!-- This site is optimized with the Yoast SEO plugin v27.2 - https:\/\/yoast.com\/product\/yoast-seo-wordpress\/ -->\n<title>Nazinha, a chefe que brigava com quem amava - Notibras<\/title>\n<meta name=\"robots\" content=\"index, follow, max-snippet:-1, max-image-preview:large, max-video-preview:-1\" \/>\n<link rel=\"canonical\" href=\"https:\/\/www.notibras.com\/site\/nazinha-a-chefe-que-brigava-com-quem-amava\/\" \/>\n<meta property=\"og:locale\" content=\"pt_BR\" \/>\n<meta property=\"og:type\" content=\"article\" \/>\n<meta property=\"og:title\" content=\"Nazinha, a chefe que brigava com quem amava - Notibras\" \/>\n<meta property=\"og:description\" content=\"Trabalhei no Banco do Brasil por quase duas d\u00e9cadas, sendo que tomei posse em uma ag\u00eancia em Copacabana. Foi l\u00e1 que tive o prazer de conhecer uma das pessoas mais divertidas, a Maria de Nazareth de Paula, ou simplesmente Nazinha. Todos que trabalh\u00e1vamos com a Nazinha sent\u00e1vamos em mesas justapostas, sendo que ela ficava na [&hellip;]\" \/>\n<meta property=\"og:url\" content=\"https:\/\/www.notibras.com\/site\/nazinha-a-chefe-que-brigava-com-quem-amava\/\" \/>\n<meta property=\"og:site_name\" content=\"Notibras\" \/>\n<meta property=\"article:publisher\" content=\"https:\/\/www.facebook.com\/notibras\/\" \/>\n<meta property=\"article:published_time\" content=\"2024-02-11T11:17:28+00:00\" \/>\n<meta property=\"og:image\" content=\"https:\/\/www.notibras.com\/site\/wp-content\/uploads\/2024\/02\/b8f96e43-cda6-4fde-b0a2-24937fcd52af.jpeg\" \/>\n\t<meta property=\"og:image:width\" content=\"511\" \/>\n\t<meta property=\"og:image:height\" content=\"389\" \/>\n\t<meta property=\"og:image:type\" content=\"image\/jpeg\" \/>\n<meta name=\"author\" content=\"Reda\u00e7\u00e3o\" \/>\n<meta name=\"twitter:card\" content=\"summary_large_image\" \/>\n<meta name=\"twitter:creator\" content=\"@Notibras\" \/>\n<meta name=\"twitter:site\" content=\"@Notibras\" \/>\n<meta name=\"twitter:label1\" content=\"Escrito por\" \/>\n\t<meta name=\"twitter:data1\" content=\"Reda\u00e7\u00e3o\" \/>\n\t<meta name=\"twitter:label2\" content=\"Est. tempo de leitura\" \/>\n\t<meta name=\"twitter:data2\" content=\"2 minutos\" \/>\n<script type=\"application\/ld+json\" class=\"yoast-schema-graph\">{\"@context\":\"https:\/\/schema.org\",\"@graph\":[{\"@type\":\"Article\",\"@id\":\"https:\/\/www.notibras.com\/site\/nazinha-a-chefe-que-brigava-com-quem-amava\/#article\",\"isPartOf\":{\"@id\":\"https:\/\/www.notibras.com\/site\/nazinha-a-chefe-que-brigava-com-quem-amava\/\"},\"author\":{\"name\":\"Reda\u00e7\u00e3o\",\"@id\":\"https:\/\/www.notibras.com\/site\/#\/schema\/person\/36ab0979449956132d3e5b517ea76ac8\"},\"headline\":\"Nazinha, a chefe que brigava com quem amava\",\"datePublished\":\"2024-02-11T11:17:28+00:00\",\"mainEntityOfPage\":{\"@id\":\"https:\/\/www.notibras.com\/site\/nazinha-a-chefe-que-brigava-com-quem-amava\/\"},\"wordCount\":289,\"publisher\":{\"@id\":\"https:\/\/www.notibras.com\/site\/#organization\"},\"image\":{\"@id\":\"https:\/\/www.notibras.com\/site\/nazinha-a-chefe-que-brigava-com-quem-amava\/#primaryimage\"},\"thumbnailUrl\":\"https:\/\/www.notibras.com\/site\/wp-content\/uploads\/2024\/02\/b8f96e43-cda6-4fde-b0a2-24937fcd52af.jpeg\",\"articleSection\":[\"Quadradinho em Foco\"],\"inLanguage\":\"pt-BR\"},{\"@type\":\"WebPage\",\"@id\":\"https:\/\/www.notibras.com\/site\/nazinha-a-chefe-que-brigava-com-quem-amava\/\",\"url\":\"https:\/\/www.notibras.com\/site\/nazinha-a-chefe-que-brigava-com-quem-amava\/\",\"name\":\"Nazinha, a chefe que brigava com quem amava - Notibras\",\"isPartOf\":{\"@id\":\"https:\/\/www.notibras.com\/site\/#website\"},\"primaryImageOfPage\":{\"@id\":\"https:\/\/www.notibras.com\/site\/nazinha-a-chefe-que-brigava-com-quem-amava\/#primaryimage\"},\"image\":{\"@id\":\"https:\/\/www.notibras.com\/site\/nazinha-a-chefe-que-brigava-com-quem-amava\/#primaryimage\"},\"thumbnailUrl\":\"https:\/\/www.notibras.com\/site\/wp-content\/uploads\/2024\/02\/b8f96e43-cda6-4fde-b0a2-24937fcd52af.jpeg\",\"datePublished\":\"2024-02-11T11:17:28+00:00\",\"breadcrumb\":{\"@id\":\"https:\/\/www.notibras.com\/site\/nazinha-a-chefe-que-brigava-com-quem-amava\/#breadcrumb\"},\"inLanguage\":\"pt-BR\",\"potentialAction\":[{\"@type\":\"ReadAction\",\"target\":[\"https:\/\/www.notibras.com\/site\/nazinha-a-chefe-que-brigava-com-quem-amava\/\"]}]},{\"@type\":\"ImageObject\",\"inLanguage\":\"pt-BR\",\"@id\":\"https:\/\/www.notibras.com\/site\/nazinha-a-chefe-que-brigava-com-quem-amava\/#primaryimage\",\"url\":\"https:\/\/www.notibras.com\/site\/wp-content\/uploads\/2024\/02\/b8f96e43-cda6-4fde-b0a2-24937fcd52af.jpeg\",\"contentUrl\":\"https:\/\/www.notibras.com\/site\/wp-content\/uploads\/2024\/02\/b8f96e43-cda6-4fde-b0a2-24937fcd52af.jpeg\",\"width\":511,\"height\":389},{\"@type\":\"BreadcrumbList\",\"@id\":\"https:\/\/www.notibras.com\/site\/nazinha-a-chefe-que-brigava-com-quem-amava\/#breadcrumb\",\"itemListElement\":[{\"@type\":\"ListItem\",\"position\":1,\"name\":\"In\u00edcio\",\"item\":\"https:\/\/www.notibras.com\/site\/\"},{\"@type\":\"ListItem\",\"position\":2,\"name\":\"Nazinha, a chefe que brigava com quem amava\"}]},{\"@type\":\"WebSite\",\"@id\":\"https:\/\/www.notibras.com\/site\/#website\",\"url\":\"https:\/\/www.notibras.com\/site\/\",\"name\":\"Notibras\",\"description\":\"Not\u00edcias de Bras\u00edlia, do Brasil e do Mundo\",\"publisher\":{\"@id\":\"https:\/\/www.notibras.com\/site\/#organization\"},\"potentialAction\":[{\"@type\":\"SearchAction\",\"target\":{\"@type\":\"EntryPoint\",\"urlTemplate\":\"https:\/\/www.notibras.com\/site\/?s={search_term_string}\"},\"query-input\":{\"@type\":\"PropertyValueSpecification\",\"valueRequired\":true,\"valueName\":\"search_term_string\"}}],\"inLanguage\":\"pt-BR\"},{\"@type\":\"Organization\",\"@id\":\"https:\/\/www.notibras.com\/site\/#organization\",\"name\":\"Grupo Notibras de Comunica\u00e7\u00e3o\",\"url\":\"https:\/\/www.notibras.com\/site\/\",\"logo\":{\"@type\":\"ImageObject\",\"inLanguage\":\"pt-BR\",\"@id\":\"https:\/\/www.notibras.com\/site\/#\/schema\/logo\/image\/\",\"url\":\"https:\/\/www.notibras.com\/site\/wp-content\/uploads\/2023\/01\/notibras23.png\",\"contentUrl\":\"https:\/\/www.notibras.com\/site\/wp-content\/uploads\/2023\/01\/notibras23.png\",\"width\":350,\"height\":87,\"caption\":\"Grupo Notibras de Comunica\u00e7\u00e3o\"},\"image\":{\"@id\":\"https:\/\/www.notibras.com\/site\/#\/schema\/logo\/image\/\"},\"sameAs\":[\"https:\/\/www.facebook.com\/notibras\/\",\"https:\/\/x.com\/Notibras\",\"https:\/\/www.instagram.com\/notibras\/\"]},{\"@type\":\"Person\",\"@id\":\"https:\/\/www.notibras.com\/site\/#\/schema\/person\/36ab0979449956132d3e5b517ea76ac8\",\"name\":\"Reda\u00e7\u00e3o\",\"image\":{\"@type\":\"ImageObject\",\"inLanguage\":\"pt-BR\",\"@id\":\"https:\/\/secure.gravatar.com\/avatar\/e0a867bdedb85fd243eadf09663511f96fc81e0720a4a42581f334ad4303aa6b?s=96&d=mm&r=g\",\"url\":\"https:\/\/secure.gravatar.com\/avatar\/e0a867bdedb85fd243eadf09663511f96fc81e0720a4a42581f334ad4303aa6b?s=96&d=mm&r=g\",\"contentUrl\":\"https:\/\/secure.gravatar.com\/avatar\/e0a867bdedb85fd243eadf09663511f96fc81e0720a4a42581f334ad4303aa6b?s=96&d=mm&r=g\",\"caption\":\"Reda\u00e7\u00e3o\"}}]}<\/script>\n<!-- \/ Yoast SEO plugin. -->","yoast_head_json":{"title":"Nazinha, a chefe que brigava com quem amava - Notibras","robots":{"index":"index","follow":"follow","max-snippet":"max-snippet:-1","max-image-preview":"max-image-preview:large","max-video-preview":"max-video-preview:-1"},"canonical":"https:\/\/www.notibras.com\/site\/nazinha-a-chefe-que-brigava-com-quem-amava\/","og_locale":"pt_BR","og_type":"article","og_title":"Nazinha, a chefe que brigava com quem amava - Notibras","og_description":"Trabalhei no Banco do Brasil por quase duas d\u00e9cadas, sendo que tomei posse em uma ag\u00eancia em Copacabana. Foi l\u00e1 que tive o prazer de conhecer uma das pessoas mais divertidas, a Maria de Nazareth de Paula, ou simplesmente Nazinha. Todos que trabalh\u00e1vamos com a Nazinha sent\u00e1vamos em mesas justapostas, sendo que ela ficava na [&hellip;]","og_url":"https:\/\/www.notibras.com\/site\/nazinha-a-chefe-que-brigava-com-quem-amava\/","og_site_name":"Notibras","article_publisher":"https:\/\/www.facebook.com\/notibras\/","article_published_time":"2024-02-11T11:17:28+00:00","og_image":[{"width":511,"height":389,"url":"https:\/\/www.notibras.com\/site\/wp-content\/uploads\/2024\/02\/b8f96e43-cda6-4fde-b0a2-24937fcd52af.jpeg","type":"image\/jpeg"}],"author":"Reda\u00e7\u00e3o","twitter_card":"summary_large_image","twitter_creator":"@Notibras","twitter_site":"@Notibras","twitter_misc":{"Escrito por":"Reda\u00e7\u00e3o","Est. tempo de leitura":"2 minutos"},"schema":{"@context":"https:\/\/schema.org","@graph":[{"@type":"Article","@id":"https:\/\/www.notibras.com\/site\/nazinha-a-chefe-que-brigava-com-quem-amava\/#article","isPartOf":{"@id":"https:\/\/www.notibras.com\/site\/nazinha-a-chefe-que-brigava-com-quem-amava\/"},"author":{"name":"Reda\u00e7\u00e3o","@id":"https:\/\/www.notibras.com\/site\/#\/schema\/person\/36ab0979449956132d3e5b517ea76ac8"},"headline":"Nazinha, a chefe que brigava com quem amava","datePublished":"2024-02-11T11:17:28+00:00","mainEntityOfPage":{"@id":"https:\/\/www.notibras.com\/site\/nazinha-a-chefe-que-brigava-com-quem-amava\/"},"wordCount":289,"publisher":{"@id":"https:\/\/www.notibras.com\/site\/#organization"},"image":{"@id":"https:\/\/www.notibras.com\/site\/nazinha-a-chefe-que-brigava-com-quem-amava\/#primaryimage"},"thumbnailUrl":"https:\/\/www.notibras.com\/site\/wp-content\/uploads\/2024\/02\/b8f96e43-cda6-4fde-b0a2-24937fcd52af.jpeg","articleSection":["Quadradinho em Foco"],"inLanguage":"pt-BR"},{"@type":"WebPage","@id":"https:\/\/www.notibras.com\/site\/nazinha-a-chefe-que-brigava-com-quem-amava\/","url":"https:\/\/www.notibras.com\/site\/nazinha-a-chefe-que-brigava-com-quem-amava\/","name":"Nazinha, a chefe que brigava com quem amava - Notibras","isPartOf":{"@id":"https:\/\/www.notibras.com\/site\/#website"},"primaryImageOfPage":{"@id":"https:\/\/www.notibras.com\/site\/nazinha-a-chefe-que-brigava-com-quem-amava\/#primaryimage"},"image":{"@id":"https:\/\/www.notibras.com\/site\/nazinha-a-chefe-que-brigava-com-quem-amava\/#primaryimage"},"thumbnailUrl":"https:\/\/www.notibras.com\/site\/wp-content\/uploads\/2024\/02\/b8f96e43-cda6-4fde-b0a2-24937fcd52af.jpeg","datePublished":"2024-02-11T11:17:28+00:00","breadcrumb":{"@id":"https:\/\/www.notibras.com\/site\/nazinha-a-chefe-que-brigava-com-quem-amava\/#breadcrumb"},"inLanguage":"pt-BR","potentialAction":[{"@type":"ReadAction","target":["https:\/\/www.notibras.com\/site\/nazinha-a-chefe-que-brigava-com-quem-amava\/"]}]},{"@type":"ImageObject","inLanguage":"pt-BR","@id":"https:\/\/www.notibras.com\/site\/nazinha-a-chefe-que-brigava-com-quem-amava\/#primaryimage","url":"https:\/\/www.notibras.com\/site\/wp-content\/uploads\/2024\/02\/b8f96e43-cda6-4fde-b0a2-24937fcd52af.jpeg","contentUrl":"https:\/\/www.notibras.com\/site\/wp-content\/uploads\/2024\/02\/b8f96e43-cda6-4fde-b0a2-24937fcd52af.jpeg","width":511,"height":389},{"@type":"BreadcrumbList","@id":"https:\/\/www.notibras.com\/site\/nazinha-a-chefe-que-brigava-com-quem-amava\/#breadcrumb","itemListElement":[{"@type":"ListItem","position":1,"name":"In\u00edcio","item":"https:\/\/www.notibras.com\/site\/"},{"@type":"ListItem","position":2,"name":"Nazinha, a chefe que brigava com quem amava"}]},{"@type":"WebSite","@id":"https:\/\/www.notibras.com\/site\/#website","url":"https:\/\/www.notibras.com\/site\/","name":"Notibras","description":"Not\u00edcias de Bras\u00edlia, do Brasil e do Mundo","publisher":{"@id":"https:\/\/www.notibras.com\/site\/#organization"},"potentialAction":[{"@type":"SearchAction","target":{"@type":"EntryPoint","urlTemplate":"https:\/\/www.notibras.com\/site\/?s={search_term_string}"},"query-input":{"@type":"PropertyValueSpecification","valueRequired":true,"valueName":"search_term_string"}}],"inLanguage":"pt-BR"},{"@type":"Organization","@id":"https:\/\/www.notibras.com\/site\/#organization","name":"Grupo Notibras de Comunica\u00e7\u00e3o","url":"https:\/\/www.notibras.com\/site\/","logo":{"@type":"ImageObject","inLanguage":"pt-BR","@id":"https:\/\/www.notibras.com\/site\/#\/schema\/logo\/image\/","url":"https:\/\/www.notibras.com\/site\/wp-content\/uploads\/2023\/01\/notibras23.png","contentUrl":"https:\/\/www.notibras.com\/site\/wp-content\/uploads\/2023\/01\/notibras23.png","width":350,"height":87,"caption":"Grupo Notibras de Comunica\u00e7\u00e3o"},"image":{"@id":"https:\/\/www.notibras.com\/site\/#\/schema\/logo\/image\/"},"sameAs":["https:\/\/www.facebook.com\/notibras\/","https:\/\/x.com\/Notibras","https:\/\/www.instagram.com\/notibras\/"]},{"@type":"Person","@id":"https:\/\/www.notibras.com\/site\/#\/schema\/person\/36ab0979449956132d3e5b517ea76ac8","name":"Reda\u00e7\u00e3o","image":{"@type":"ImageObject","inLanguage":"pt-BR","@id":"https:\/\/secure.gravatar.com\/avatar\/e0a867bdedb85fd243eadf09663511f96fc81e0720a4a42581f334ad4303aa6b?s=96&d=mm&r=g","url":"https:\/\/secure.gravatar.com\/avatar\/e0a867bdedb85fd243eadf09663511f96fc81e0720a4a42581f334ad4303aa6b?s=96&d=mm&r=g","contentUrl":"https:\/\/secure.gravatar.com\/avatar\/e0a867bdedb85fd243eadf09663511f96fc81e0720a4a42581f334ad4303aa6b?s=96&d=mm&r=g","caption":"Reda\u00e7\u00e3o"}}]}},"amp_enabled":true,"_links":{"self":[{"href":"https:\/\/www.notibras.com\/site\/wp-json\/wp\/v2\/posts\/322125","targetHints":{"allow":["GET"]}}],"collection":[{"href":"https:\/\/www.notibras.com\/site\/wp-json\/wp\/v2\/posts"}],"about":[{"href":"https:\/\/www.notibras.com\/site\/wp-json\/wp\/v2\/types\/post"}],"author":[{"embeddable":true,"href":"https:\/\/www.notibras.com\/site\/wp-json\/wp\/v2\/users\/2"}],"replies":[{"embeddable":true,"href":"https:\/\/www.notibras.com\/site\/wp-json\/wp\/v2\/comments?post=322125"}],"version-history":[{"count":1,"href":"https:\/\/www.notibras.com\/site\/wp-json\/wp\/v2\/posts\/322125\/revisions"}],"predecessor-version":[{"id":322127,"href":"https:\/\/www.notibras.com\/site\/wp-json\/wp\/v2\/posts\/322125\/revisions\/322127"}],"wp:featuredmedia":[{"embeddable":true,"href":"https:\/\/www.notibras.com\/site\/wp-json\/wp\/v2\/media\/322126"}],"wp:attachment":[{"href":"https:\/\/www.notibras.com\/site\/wp-json\/wp\/v2\/media?parent=322125"}],"wp:term":[{"taxonomy":"category","embeddable":true,"href":"https:\/\/www.notibras.com\/site\/wp-json\/wp\/v2\/categories?post=322125"},{"taxonomy":"post_tag","embeddable":true,"href":"https:\/\/www.notibras.com\/site\/wp-json\/wp\/v2\/tags?post=322125"}],"curies":[{"name":"wp","href":"https:\/\/api.w.org\/{rel}","templated":true}]}}