{"id":322133,"date":"2024-02-11T00:03:07","date_gmt":"2024-02-11T03:03:07","guid":{"rendered":"https:\/\/www.notibras.com\/site\/?p=322133"},"modified":"2024-02-11T08:35:02","modified_gmt":"2024-02-11T11:35:02","slug":"tradicional-galinho-ganha-briga-e-volta-a-asa-sul","status":"publish","type":"post","link":"https:\/\/www.notibras.com\/site\/tradicional-galinho-ganha-briga-e-volta-a-asa-sul\/","title":{"rendered":"Tradicional Galinho ganha briga e volta \u00e0 Asa Sul"},"content":{"rendered":"<p>De volta ao in\u00edcio da Via L2, na Asa Sul, local onde sempre desfilou, o Galinho de Bras\u00edlia retomou a tradi\u00e7\u00e3o de 32 anos de exist\u00eancia. O bloco, que teve dificuldades em ganhar as ruas nos \u00faltimos cinco anos, voltou com dois trios el\u00e9tricos e muitos foli\u00f5es saudosos.<\/p>\n<p>A ga\u00facha Nara Albernazi, que vive em Bras\u00edlia h\u00e1 59 anos, \u00e9 frequentadora do Galinho desde quando o bloco saiu pela primeira vez. Como lembran\u00e7a, a jornalista de 65 anos desfila todos os anos com um guarda-chuva de frevo que comprou na primeira participa\u00e7\u00e3o no bloco. \u201cEle j\u00e1 foi para Recife e \u00e9 um patrim\u00f4nio do meu carnaval\u201d.<\/p>\n<p>O casal brasiliense Raquel de Queiroz e Ricardo Amoras j\u00e1 brincava no Galinho h\u00e1 muitos anos. Principalmente ele, que cresceu na quadra 202 Sul e costumava ir a p\u00e9 brincar no Galinho.<\/p>\n<p>\u201cPra mim \u00e9 um dos blocos mais tradicionais de Bras\u00edlia e quando parou de sair fiquei triste. Esse ano, quando soube que voltaria quis trazer minha filha, que tem 1 aninho e tr\u00eas meses para brincar tamb\u00e9m\u201d, conta.<\/p>\n<p>O presidente do bloco, Romildo de Carvalho J\u00fanior, diz que n\u00e3o tinha expectativa que viesse tanta gente depois das dificuldades enfrentadas, mas o p\u00fablico o surpreendeu positivamente. \u201cA gente sente uma grande felicidade em trazer essa riqueza cultural de Recife e incorporar \u00e0 cultura brasiliense e \u00e0 cultura brasileira no nosso carnaval. Essa \u00e9 a nossa principal meta\u201d, destaca.<\/p>\n<p><strong>Frevo<\/strong><br \/>\nFundado em 1992, o Galinho de Bras\u00edlia \u00e9 um dos guardi\u00f5es da tradi\u00e7\u00e3o dos blocos de rua na capital federal. Desfila sempre ao som do frevo, nos moldes do bloco Galo da Madrugada, que serviu de inspira\u00e7\u00e3o.<\/p>\n<p>A diretora do bloco, Miriam Basiel, relembra que quando surgiu, o bloco, inclusive, era chamado Galinho da Madrugada, em homenagem ao grupo pernambucano. \u201cTodos os anos n\u00f3s \u00edamos a Recife para brincar o carnaval, como bons pernambucanos que somos, mas naquele ano houve o confisco das poupan\u00e7as e n\u00f3s tivemos que ficar em Bras\u00edlia, ent\u00e3o resolvemos colocar um bloco na rua\u201d, relembra.<\/p>\n<p>A agremia\u00e7\u00e3o nunca havia passado tanto tempo longe das ruas e dos brincantes como nos \u00faltimos anos, quando, por dois anos n\u00e3o houve carnaval, por causa da pandemia de covid-19 e, depois disso, em 2023, a agremia\u00e7\u00e3o foi impedida de participar da folia por decis\u00e3o judicial.<\/p>\n<p>Informado \u00e0s v\u00e9speras do s\u00e1bado que tradicionalmente desfila, o grupo publicou nas redes sociais uma nota na qual criticava a decis\u00e3o das autoridades culturais e a press\u00e3o exercida por \u201cuma minoria\u201d. \u201cNa contram\u00e3o da cultura brasileira, estamos sentindo-nos desprestigiado, ali\u00e1s, discriminados\u201d, informava a publica\u00e7\u00e3o.<\/p>\n<p>Nos dois anos anteriores \u00e0 pandemia, o bloco j\u00e1 enfrentava problemas com alguns moradores da regi\u00e3o onde desfila, ent\u00e3o em 2019 n\u00e3o saiu e em 2020 desfilou fora do seu local tradicional, perto do est\u00e1dio Man\u00e9 Garrincha. \u201cForam quase cinco anos que praticamente n\u00e3o fizemos carnaval. \u00c9 uma alegria muito grande poder voltar\u201d, destaca Romildo.<\/p>\n<p><strong>Pintinho<\/strong><br \/>\nEm janeiro deste ano, uma nova publica\u00e7\u00e3o informava o retorno do bloco \u00e0s ruas, neste carnaval \u201cO galo cantou, anunciando o retorno do bloco mais querido de Bras\u00edlia\u201d. E, mesmo sem se deslocar pelas quadras da Asa Sul, permanecendo em um pequeno trecho do Setor de Autarquias, a volta foi em grande estilo. Desde cedo, os pequenos foli\u00f5es acordaram com o Galo e festejaram o frevo na vers\u00e3o infantil do bloco tradicional, o Pintinho de Bras\u00edlia.<\/p>\n<p>O tempo nublado n\u00e3o espantou a banc\u00e1ria Nilsana Rocha e a pequena Maria, de 2 anos. Residente em Vit\u00f3ria da Conquista, na Bahia, esse \u00e9 o segundo Carnaval que ela passa em Bras\u00edlia com a fam\u00edlia. \u201cEstamos adorando. Bloquinho de rua, organizado, sem viol\u00eancia\u201d, disse Nilsana, contando que j\u00e1 passou muitos carnavais nas ruas de Recife.<\/p>\n<p>A professora Rayssa Aguiar tamb\u00e9m levou o filho H\u00e9rcules Rud\u00e1, de 3 anos. \u00c9 a primeira vez que vai ao Pintinho e lamentou a proibi\u00e7\u00e3o de deslocamento do bloco, que tradicionalmente percorria parte do setor banc\u00e1rio da cidade e algumas quadras comerciais da Asa Sul. Neste Carnaval, ele est\u00e1 concentrado no setor banc\u00e1rio.<\/p>\n<p>\u201cO grande pesar \u00e9 a proibi\u00e7\u00e3o de sair andando\u201d, disse, elogiando a estrutura montada para os foli\u00f5es. \u201cPra crian\u00e7a \u00e9 ideal\u201d, acrescentou.<\/p>\n","protected":false},"excerpt":{"rendered":"<p>De volta ao in\u00edcio da Via L2, na Asa Sul, local onde sempre desfilou, o Galinho de Bras\u00edlia retomou a tradi\u00e7\u00e3o de 32 anos de exist\u00eancia. O bloco, que teve dificuldades em ganhar as ruas nos \u00faltimos cinco anos, voltou com dois trios el\u00e9tricos e muitos foli\u00f5es saudosos. A ga\u00facha Nara Albernazi, que vive em [&hellip;]<\/p>\n","protected":false},"author":2,"featured_media":322134,"comment_status":"closed","ping_status":"closed","sticky":false,"template":"","format":"standard","meta":{"_acf_changed":false,"footnotes":""},"categories":[161],"tags":[],"class_list":["post-322133","post","type-post","status-publish","format-standard","has-post-thumbnail","hentry","category-quadradinho-em-foco"],"acf":[],"yoast_head":"<!-- This site is optimized with the Yoast SEO plugin v27.2 - https:\/\/yoast.com\/product\/yoast-seo-wordpress\/ -->\n<title>Tradicional Galinho ganha briga e volta \u00e0 Asa Sul - Notibras<\/title>\n<meta name=\"robots\" content=\"index, follow, max-snippet:-1, max-image-preview:large, max-video-preview:-1\" \/>\n<link rel=\"canonical\" href=\"https:\/\/www.notibras.com\/site\/tradicional-galinho-ganha-briga-e-volta-a-asa-sul\/\" \/>\n<meta property=\"og:locale\" content=\"pt_BR\" \/>\n<meta property=\"og:type\" content=\"article\" \/>\n<meta property=\"og:title\" content=\"Tradicional Galinho ganha briga e volta \u00e0 Asa Sul - Notibras\" \/>\n<meta property=\"og:description\" content=\"De volta ao in\u00edcio da Via L2, na Asa Sul, local onde sempre desfilou, o Galinho de Bras\u00edlia retomou a tradi\u00e7\u00e3o de 32 anos de exist\u00eancia. O bloco, que teve dificuldades em ganhar as ruas nos \u00faltimos cinco anos, voltou com dois trios el\u00e9tricos e muitos foli\u00f5es saudosos. A ga\u00facha Nara Albernazi, que vive em [&hellip;]\" \/>\n<meta property=\"og:url\" content=\"https:\/\/www.notibras.com\/site\/tradicional-galinho-ganha-briga-e-volta-a-asa-sul\/\" \/>\n<meta property=\"og:site_name\" content=\"Notibras\" \/>\n<meta property=\"article:publisher\" content=\"https:\/\/www.facebook.com\/notibras\/\" \/>\n<meta property=\"article:published_time\" content=\"2024-02-11T03:03:07+00:00\" \/>\n<meta property=\"article:modified_time\" content=\"2024-02-11T11:35:02+00:00\" \/>\n<meta property=\"og:image\" content=\"https:\/\/www.notibras.com\/site\/wp-content\/uploads\/2024\/02\/galingo23.jpg\" \/>\n\t<meta property=\"og:image:width\" content=\"1170\" \/>\n\t<meta property=\"og:image:height\" content=\"700\" \/>\n\t<meta property=\"og:image:type\" content=\"image\/jpeg\" \/>\n<meta name=\"author\" content=\"Reda\u00e7\u00e3o\" \/>\n<meta name=\"twitter:card\" content=\"summary_large_image\" \/>\n<meta name=\"twitter:creator\" content=\"@Notibras\" \/>\n<meta name=\"twitter:site\" content=\"@Notibras\" \/>\n<meta name=\"twitter:label1\" content=\"Escrito por\" \/>\n\t<meta name=\"twitter:data1\" content=\"Reda\u00e7\u00e3o\" \/>\n\t<meta name=\"twitter:label2\" content=\"Est. tempo de leitura\" \/>\n\t<meta name=\"twitter:data2\" content=\"4 minutos\" \/>\n<script type=\"application\/ld+json\" class=\"yoast-schema-graph\">{\"@context\":\"https:\/\/schema.org\",\"@graph\":[{\"@type\":\"Article\",\"@id\":\"https:\/\/www.notibras.com\/site\/tradicional-galinho-ganha-briga-e-volta-a-asa-sul\/#article\",\"isPartOf\":{\"@id\":\"https:\/\/www.notibras.com\/site\/tradicional-galinho-ganha-briga-e-volta-a-asa-sul\/\"},\"author\":{\"name\":\"Reda\u00e7\u00e3o\",\"@id\":\"https:\/\/www.notibras.com\/site\/#\/schema\/person\/36ab0979449956132d3e5b517ea76ac8\"},\"headline\":\"Tradicional Galinho ganha briga e volta \u00e0 Asa Sul\",\"datePublished\":\"2024-02-11T03:03:07+00:00\",\"dateModified\":\"2024-02-11T11:35:02+00:00\",\"mainEntityOfPage\":{\"@id\":\"https:\/\/www.notibras.com\/site\/tradicional-galinho-ganha-briga-e-volta-a-asa-sul\/\"},\"wordCount\":733,\"publisher\":{\"@id\":\"https:\/\/www.notibras.com\/site\/#organization\"},\"image\":{\"@id\":\"https:\/\/www.notibras.com\/site\/tradicional-galinho-ganha-briga-e-volta-a-asa-sul\/#primaryimage\"},\"thumbnailUrl\":\"https:\/\/www.notibras.com\/site\/wp-content\/uploads\/2024\/02\/galingo23.jpg\",\"articleSection\":[\"Quadradinho em Foco\"],\"inLanguage\":\"pt-BR\"},{\"@type\":\"WebPage\",\"@id\":\"https:\/\/www.notibras.com\/site\/tradicional-galinho-ganha-briga-e-volta-a-asa-sul\/\",\"url\":\"https:\/\/www.notibras.com\/site\/tradicional-galinho-ganha-briga-e-volta-a-asa-sul\/\",\"name\":\"Tradicional Galinho ganha briga e volta \u00e0 Asa Sul - Notibras\",\"isPartOf\":{\"@id\":\"https:\/\/www.notibras.com\/site\/#website\"},\"primaryImageOfPage\":{\"@id\":\"https:\/\/www.notibras.com\/site\/tradicional-galinho-ganha-briga-e-volta-a-asa-sul\/#primaryimage\"},\"image\":{\"@id\":\"https:\/\/www.notibras.com\/site\/tradicional-galinho-ganha-briga-e-volta-a-asa-sul\/#primaryimage\"},\"thumbnailUrl\":\"https:\/\/www.notibras.com\/site\/wp-content\/uploads\/2024\/02\/galingo23.jpg\",\"datePublished\":\"2024-02-11T03:03:07+00:00\",\"dateModified\":\"2024-02-11T11:35:02+00:00\",\"breadcrumb\":{\"@id\":\"https:\/\/www.notibras.com\/site\/tradicional-galinho-ganha-briga-e-volta-a-asa-sul\/#breadcrumb\"},\"inLanguage\":\"pt-BR\",\"potentialAction\":[{\"@type\":\"ReadAction\",\"target\":[\"https:\/\/www.notibras.com\/site\/tradicional-galinho-ganha-briga-e-volta-a-asa-sul\/\"]}]},{\"@type\":\"ImageObject\",\"inLanguage\":\"pt-BR\",\"@id\":\"https:\/\/www.notibras.com\/site\/tradicional-galinho-ganha-briga-e-volta-a-asa-sul\/#primaryimage\",\"url\":\"https:\/\/www.notibras.com\/site\/wp-content\/uploads\/2024\/02\/galingo23.jpg\",\"contentUrl\":\"https:\/\/www.notibras.com\/site\/wp-content\/uploads\/2024\/02\/galingo23.jpg\",\"width\":1170,\"height\":700},{\"@type\":\"BreadcrumbList\",\"@id\":\"https:\/\/www.notibras.com\/site\/tradicional-galinho-ganha-briga-e-volta-a-asa-sul\/#breadcrumb\",\"itemListElement\":[{\"@type\":\"ListItem\",\"position\":1,\"name\":\"In\u00edcio\",\"item\":\"https:\/\/www.notibras.com\/site\/\"},{\"@type\":\"ListItem\",\"position\":2,\"name\":\"Tradicional Galinho ganha briga e volta \u00e0 Asa Sul\"}]},{\"@type\":\"WebSite\",\"@id\":\"https:\/\/www.notibras.com\/site\/#website\",\"url\":\"https:\/\/www.notibras.com\/site\/\",\"name\":\"Notibras\",\"description\":\"Not\u00edcias de Bras\u00edlia, do Brasil e do Mundo\",\"publisher\":{\"@id\":\"https:\/\/www.notibras.com\/site\/#organization\"},\"potentialAction\":[{\"@type\":\"SearchAction\",\"target\":{\"@type\":\"EntryPoint\",\"urlTemplate\":\"https:\/\/www.notibras.com\/site\/?s={search_term_string}\"},\"query-input\":{\"@type\":\"PropertyValueSpecification\",\"valueRequired\":true,\"valueName\":\"search_term_string\"}}],\"inLanguage\":\"pt-BR\"},{\"@type\":\"Organization\",\"@id\":\"https:\/\/www.notibras.com\/site\/#organization\",\"name\":\"Grupo Notibras de Comunica\u00e7\u00e3o\",\"url\":\"https:\/\/www.notibras.com\/site\/\",\"logo\":{\"@type\":\"ImageObject\",\"inLanguage\":\"pt-BR\",\"@id\":\"https:\/\/www.notibras.com\/site\/#\/schema\/logo\/image\/\",\"url\":\"https:\/\/www.notibras.com\/site\/wp-content\/uploads\/2023\/01\/notibras23.png\",\"contentUrl\":\"https:\/\/www.notibras.com\/site\/wp-content\/uploads\/2023\/01\/notibras23.png\",\"width\":350,\"height\":87,\"caption\":\"Grupo Notibras de Comunica\u00e7\u00e3o\"},\"image\":{\"@id\":\"https:\/\/www.notibras.com\/site\/#\/schema\/logo\/image\/\"},\"sameAs\":[\"https:\/\/www.facebook.com\/notibras\/\",\"https:\/\/x.com\/Notibras\",\"https:\/\/www.instagram.com\/notibras\/\"]},{\"@type\":\"Person\",\"@id\":\"https:\/\/www.notibras.com\/site\/#\/schema\/person\/36ab0979449956132d3e5b517ea76ac8\",\"name\":\"Reda\u00e7\u00e3o\",\"image\":{\"@type\":\"ImageObject\",\"inLanguage\":\"pt-BR\",\"@id\":\"https:\/\/secure.gravatar.com\/avatar\/e0a867bdedb85fd243eadf09663511f96fc81e0720a4a42581f334ad4303aa6b?s=96&d=mm&r=g\",\"url\":\"https:\/\/secure.gravatar.com\/avatar\/e0a867bdedb85fd243eadf09663511f96fc81e0720a4a42581f334ad4303aa6b?s=96&d=mm&r=g\",\"contentUrl\":\"https:\/\/secure.gravatar.com\/avatar\/e0a867bdedb85fd243eadf09663511f96fc81e0720a4a42581f334ad4303aa6b?s=96&d=mm&r=g\",\"caption\":\"Reda\u00e7\u00e3o\"}}]}<\/script>\n<!-- \/ Yoast SEO plugin. -->","yoast_head_json":{"title":"Tradicional Galinho ganha briga e volta \u00e0 Asa Sul - Notibras","robots":{"index":"index","follow":"follow","max-snippet":"max-snippet:-1","max-image-preview":"max-image-preview:large","max-video-preview":"max-video-preview:-1"},"canonical":"https:\/\/www.notibras.com\/site\/tradicional-galinho-ganha-briga-e-volta-a-asa-sul\/","og_locale":"pt_BR","og_type":"article","og_title":"Tradicional Galinho ganha briga e volta \u00e0 Asa Sul - Notibras","og_description":"De volta ao in\u00edcio da Via L2, na Asa Sul, local onde sempre desfilou, o Galinho de Bras\u00edlia retomou a tradi\u00e7\u00e3o de 32 anos de exist\u00eancia. O bloco, que teve dificuldades em ganhar as ruas nos \u00faltimos cinco anos, voltou com dois trios el\u00e9tricos e muitos foli\u00f5es saudosos. A ga\u00facha Nara Albernazi, que vive em [&hellip;]","og_url":"https:\/\/www.notibras.com\/site\/tradicional-galinho-ganha-briga-e-volta-a-asa-sul\/","og_site_name":"Notibras","article_publisher":"https:\/\/www.facebook.com\/notibras\/","article_published_time":"2024-02-11T03:03:07+00:00","article_modified_time":"2024-02-11T11:35:02+00:00","og_image":[{"width":1170,"height":700,"url":"https:\/\/www.notibras.com\/site\/wp-content\/uploads\/2024\/02\/galingo23.jpg","type":"image\/jpeg"}],"author":"Reda\u00e7\u00e3o","twitter_card":"summary_large_image","twitter_creator":"@Notibras","twitter_site":"@Notibras","twitter_misc":{"Escrito por":"Reda\u00e7\u00e3o","Est. tempo de leitura":"4 minutos"},"schema":{"@context":"https:\/\/schema.org","@graph":[{"@type":"Article","@id":"https:\/\/www.notibras.com\/site\/tradicional-galinho-ganha-briga-e-volta-a-asa-sul\/#article","isPartOf":{"@id":"https:\/\/www.notibras.com\/site\/tradicional-galinho-ganha-briga-e-volta-a-asa-sul\/"},"author":{"name":"Reda\u00e7\u00e3o","@id":"https:\/\/www.notibras.com\/site\/#\/schema\/person\/36ab0979449956132d3e5b517ea76ac8"},"headline":"Tradicional Galinho ganha briga e volta \u00e0 Asa Sul","datePublished":"2024-02-11T03:03:07+00:00","dateModified":"2024-02-11T11:35:02+00:00","mainEntityOfPage":{"@id":"https:\/\/www.notibras.com\/site\/tradicional-galinho-ganha-briga-e-volta-a-asa-sul\/"},"wordCount":733,"publisher":{"@id":"https:\/\/www.notibras.com\/site\/#organization"},"image":{"@id":"https:\/\/www.notibras.com\/site\/tradicional-galinho-ganha-briga-e-volta-a-asa-sul\/#primaryimage"},"thumbnailUrl":"https:\/\/www.notibras.com\/site\/wp-content\/uploads\/2024\/02\/galingo23.jpg","articleSection":["Quadradinho em Foco"],"inLanguage":"pt-BR"},{"@type":"WebPage","@id":"https:\/\/www.notibras.com\/site\/tradicional-galinho-ganha-briga-e-volta-a-asa-sul\/","url":"https:\/\/www.notibras.com\/site\/tradicional-galinho-ganha-briga-e-volta-a-asa-sul\/","name":"Tradicional Galinho ganha briga e volta \u00e0 Asa Sul - Notibras","isPartOf":{"@id":"https:\/\/www.notibras.com\/site\/#website"},"primaryImageOfPage":{"@id":"https:\/\/www.notibras.com\/site\/tradicional-galinho-ganha-briga-e-volta-a-asa-sul\/#primaryimage"},"image":{"@id":"https:\/\/www.notibras.com\/site\/tradicional-galinho-ganha-briga-e-volta-a-asa-sul\/#primaryimage"},"thumbnailUrl":"https:\/\/www.notibras.com\/site\/wp-content\/uploads\/2024\/02\/galingo23.jpg","datePublished":"2024-02-11T03:03:07+00:00","dateModified":"2024-02-11T11:35:02+00:00","breadcrumb":{"@id":"https:\/\/www.notibras.com\/site\/tradicional-galinho-ganha-briga-e-volta-a-asa-sul\/#breadcrumb"},"inLanguage":"pt-BR","potentialAction":[{"@type":"ReadAction","target":["https:\/\/www.notibras.com\/site\/tradicional-galinho-ganha-briga-e-volta-a-asa-sul\/"]}]},{"@type":"ImageObject","inLanguage":"pt-BR","@id":"https:\/\/www.notibras.com\/site\/tradicional-galinho-ganha-briga-e-volta-a-asa-sul\/#primaryimage","url":"https:\/\/www.notibras.com\/site\/wp-content\/uploads\/2024\/02\/galingo23.jpg","contentUrl":"https:\/\/www.notibras.com\/site\/wp-content\/uploads\/2024\/02\/galingo23.jpg","width":1170,"height":700},{"@type":"BreadcrumbList","@id":"https:\/\/www.notibras.com\/site\/tradicional-galinho-ganha-briga-e-volta-a-asa-sul\/#breadcrumb","itemListElement":[{"@type":"ListItem","position":1,"name":"In\u00edcio","item":"https:\/\/www.notibras.com\/site\/"},{"@type":"ListItem","position":2,"name":"Tradicional Galinho ganha briga e volta \u00e0 Asa Sul"}]},{"@type":"WebSite","@id":"https:\/\/www.notibras.com\/site\/#website","url":"https:\/\/www.notibras.com\/site\/","name":"Notibras","description":"Not\u00edcias de Bras\u00edlia, do Brasil e do Mundo","publisher":{"@id":"https:\/\/www.notibras.com\/site\/#organization"},"potentialAction":[{"@type":"SearchAction","target":{"@type":"EntryPoint","urlTemplate":"https:\/\/www.notibras.com\/site\/?s={search_term_string}"},"query-input":{"@type":"PropertyValueSpecification","valueRequired":true,"valueName":"search_term_string"}}],"inLanguage":"pt-BR"},{"@type":"Organization","@id":"https:\/\/www.notibras.com\/site\/#organization","name":"Grupo Notibras de Comunica\u00e7\u00e3o","url":"https:\/\/www.notibras.com\/site\/","logo":{"@type":"ImageObject","inLanguage":"pt-BR","@id":"https:\/\/www.notibras.com\/site\/#\/schema\/logo\/image\/","url":"https:\/\/www.notibras.com\/site\/wp-content\/uploads\/2023\/01\/notibras23.png","contentUrl":"https:\/\/www.notibras.com\/site\/wp-content\/uploads\/2023\/01\/notibras23.png","width":350,"height":87,"caption":"Grupo Notibras de Comunica\u00e7\u00e3o"},"image":{"@id":"https:\/\/www.notibras.com\/site\/#\/schema\/logo\/image\/"},"sameAs":["https:\/\/www.facebook.com\/notibras\/","https:\/\/x.com\/Notibras","https:\/\/www.instagram.com\/notibras\/"]},{"@type":"Person","@id":"https:\/\/www.notibras.com\/site\/#\/schema\/person\/36ab0979449956132d3e5b517ea76ac8","name":"Reda\u00e7\u00e3o","image":{"@type":"ImageObject","inLanguage":"pt-BR","@id":"https:\/\/secure.gravatar.com\/avatar\/e0a867bdedb85fd243eadf09663511f96fc81e0720a4a42581f334ad4303aa6b?s=96&d=mm&r=g","url":"https:\/\/secure.gravatar.com\/avatar\/e0a867bdedb85fd243eadf09663511f96fc81e0720a4a42581f334ad4303aa6b?s=96&d=mm&r=g","contentUrl":"https:\/\/secure.gravatar.com\/avatar\/e0a867bdedb85fd243eadf09663511f96fc81e0720a4a42581f334ad4303aa6b?s=96&d=mm&r=g","caption":"Reda\u00e7\u00e3o"}}]}},"amp_enabled":true,"_links":{"self":[{"href":"https:\/\/www.notibras.com\/site\/wp-json\/wp\/v2\/posts\/322133","targetHints":{"allow":["GET"]}}],"collection":[{"href":"https:\/\/www.notibras.com\/site\/wp-json\/wp\/v2\/posts"}],"about":[{"href":"https:\/\/www.notibras.com\/site\/wp-json\/wp\/v2\/types\/post"}],"author":[{"embeddable":true,"href":"https:\/\/www.notibras.com\/site\/wp-json\/wp\/v2\/users\/2"}],"replies":[{"embeddable":true,"href":"https:\/\/www.notibras.com\/site\/wp-json\/wp\/v2\/comments?post=322133"}],"version-history":[{"count":1,"href":"https:\/\/www.notibras.com\/site\/wp-json\/wp\/v2\/posts\/322133\/revisions"}],"predecessor-version":[{"id":322135,"href":"https:\/\/www.notibras.com\/site\/wp-json\/wp\/v2\/posts\/322133\/revisions\/322135"}],"wp:featuredmedia":[{"embeddable":true,"href":"https:\/\/www.notibras.com\/site\/wp-json\/wp\/v2\/media\/322134"}],"wp:attachment":[{"href":"https:\/\/www.notibras.com\/site\/wp-json\/wp\/v2\/media?parent=322133"}],"wp:term":[{"taxonomy":"category","embeddable":true,"href":"https:\/\/www.notibras.com\/site\/wp-json\/wp\/v2\/categories?post=322133"},{"taxonomy":"post_tag","embeddable":true,"href":"https:\/\/www.notibras.com\/site\/wp-json\/wp\/v2\/tags?post=322133"}],"curies":[{"name":"wp","href":"https:\/\/api.w.org\/{rel}","templated":true}]}}