{"id":322151,"date":"2024-02-11T00:00:16","date_gmt":"2024-02-11T03:00:16","guid":{"rendered":"https:\/\/www.notibras.com\/site\/?p=322151"},"modified":"2024-02-11T09:22:32","modified_gmt":"2024-02-11T12:22:32","slug":"veja-dicas-para-proteger-cartao-e-celular-no-carnaval","status":"publish","type":"post","link":"https:\/\/www.notibras.com\/site\/veja-dicas-para-proteger-cartao-e-celular-no-carnaval\/","title":{"rendered":"Veja dicas para proteger cart\u00e3o e celular no carnaval"},"content":{"rendered":"<p>Criminosos est\u00e3o de olho nos celulares com aplicativos financeiros e nos cart\u00f5es banc\u00e1rios dos foli\u00f5es nos festejos do carnaval. \u00c9 necess\u00e1rio estar atento e tomar algumas precau\u00e7\u00f5es para aproveitar com seguran\u00e7a e facilidade os dias de festa.<\/p>\n<p>O volume de dinheiro movimentado somente dos caixas do Banco24Horas \u00e9 enorme. No carnaval de 2023 foi movimentado mais de R$ 1,8 bilh\u00e3o em aproximadamente 12 milh\u00f5es de transa\u00e7\u00f5es nesses caixas eletr\u00f4nicos em todo pa\u00eds.<\/p>\n<p>Desde o s\u00e1bado at\u00e9 a ter\u00e7a-feira de carnaval de 2023, o Banco24Horas atendeu cerca de 7 milh\u00f5es de clientes em todo territ\u00f3rio nacional. Apenas na capital paulista, foram mais de 771 mil clientes atendidos no per\u00edodo.<\/p>\n<p>\u201cSabemos que o brasileiro \u00e9 apaixonado por carnaval e gosta de registrar os momentos de alegria com a fam\u00edlia e os amigos, por isso acabam levando seus celulares para os blocos e festas. Mas a seguran\u00e7a precisa estar presente, para que os apreciadores da maior festa popular do pa\u00eds possam se divertir e fazer compras, como comidas e bebidas, com tranquilidade\u201d, alerta Rodrigo Maranini, coordenador de Canais de Distribui\u00e7\u00e3o Banco24Horas.<\/p>\n<p>Veja cinco dicas estrat\u00e9gicas para aproveitar a folia com seguran\u00e7a:<\/p>\n<p>1 &#8211; Reduza os limites de transfer\u00eancias eletr\u00f4nicas dos seus aplicativos de institui\u00e7\u00f5es financeiras do celular para o caso de ter seu aparelho furtado;<\/p>\n<p>2 &#8211; Desinstale aplicativos de institui\u00e7\u00f5es financeiras e e-mails durante os dias de folia, assim ficar\u00e1 ainda mais protegido nos carnavais de rua;<\/p>\n<p>3 &#8211; Aplique a autentica\u00e7\u00e3o de duplo fator no seu celular;<\/p>\n<p>4 &#8211; Mantenha ativo o modo de localiza\u00e7\u00e3o para o caso de furtos;<\/p>\n<p>5 &#8211; Antes de ir para a festa, verifique onde h\u00e1 um caixa eletr\u00f4nico mais perto de onde voc\u00ea estar\u00e1 para poder sacar dinheiro para suas compras moment\u00e2neas.<\/p>\n","protected":false},"excerpt":{"rendered":"<p>Criminosos est\u00e3o de olho nos celulares com aplicativos financeiros e nos cart\u00f5es banc\u00e1rios dos foli\u00f5es nos festejos do carnaval. \u00c9 necess\u00e1rio estar atento e tomar algumas precau\u00e7\u00f5es para aproveitar com seguran\u00e7a e facilidade os dias de festa. O volume de dinheiro movimentado somente dos caixas do Banco24Horas \u00e9 enorme. No carnaval de 2023 foi movimentado [&hellip;]<\/p>\n","protected":false},"author":2,"featured_media":322152,"comment_status":"closed","ping_status":"closed","sticky":false,"template":"","format":"standard","meta":{"_acf_changed":false,"footnotes":""},"categories":[161],"tags":[],"class_list":["post-322151","post","type-post","status-publish","format-standard","has-post-thumbnail","hentry","category-quadradinho-em-foco"],"acf":[],"yoast_head":"<!-- This site is optimized with the Yoast SEO plugin v27.2 - https:\/\/yoast.com\/product\/yoast-seo-wordpress\/ -->\n<title>Veja dicas para proteger cart\u00e3o e celular no carnaval - Notibras<\/title>\n<meta name=\"robots\" content=\"index, follow, max-snippet:-1, max-image-preview:large, max-video-preview:-1\" \/>\n<link rel=\"canonical\" href=\"https:\/\/www.notibras.com\/site\/veja-dicas-para-proteger-cartao-e-celular-no-carnaval\/\" \/>\n<meta property=\"og:locale\" content=\"pt_BR\" \/>\n<meta property=\"og:type\" content=\"article\" \/>\n<meta property=\"og:title\" content=\"Veja dicas para proteger cart\u00e3o e celular no carnaval - Notibras\" \/>\n<meta property=\"og:description\" content=\"Criminosos est\u00e3o de olho nos celulares com aplicativos financeiros e nos cart\u00f5es banc\u00e1rios dos foli\u00f5es nos festejos do carnaval. \u00c9 necess\u00e1rio estar atento e tomar algumas precau\u00e7\u00f5es para aproveitar com seguran\u00e7a e facilidade os dias de festa. O volume de dinheiro movimentado somente dos caixas do Banco24Horas \u00e9 enorme. No carnaval de 2023 foi movimentado [&hellip;]\" \/>\n<meta property=\"og:url\" content=\"https:\/\/www.notibras.com\/site\/veja-dicas-para-proteger-cartao-e-celular-no-carnaval\/\" \/>\n<meta property=\"og:site_name\" content=\"Notibras\" \/>\n<meta property=\"article:publisher\" content=\"https:\/\/www.facebook.com\/notibras\/\" \/>\n<meta property=\"article:published_time\" content=\"2024-02-11T03:00:16+00:00\" \/>\n<meta property=\"article:modified_time\" content=\"2024-02-11T12:22:32+00:00\" \/>\n<meta property=\"og:image\" content=\"https:\/\/www.notibras.com\/site\/wp-content\/uploads\/2024\/02\/dicascartao.carnaval.webp\" \/>\n\t<meta property=\"og:image:width\" content=\"1170\" \/>\n\t<meta property=\"og:image:height\" content=\"700\" \/>\n\t<meta property=\"og:image:type\" content=\"image\/webp\" \/>\n<meta name=\"author\" content=\"Reda\u00e7\u00e3o\" \/>\n<meta name=\"twitter:card\" content=\"summary_large_image\" \/>\n<meta name=\"twitter:creator\" content=\"@Notibras\" \/>\n<meta name=\"twitter:site\" content=\"@Notibras\" \/>\n<meta name=\"twitter:label1\" content=\"Escrito por\" \/>\n\t<meta name=\"twitter:data1\" content=\"Reda\u00e7\u00e3o\" \/>\n\t<meta name=\"twitter:label2\" content=\"Est. tempo de leitura\" \/>\n\t<meta name=\"twitter:data2\" content=\"2 minutos\" \/>\n<script type=\"application\/ld+json\" class=\"yoast-schema-graph\">{\"@context\":\"https:\/\/schema.org\",\"@graph\":[{\"@type\":\"Article\",\"@id\":\"https:\/\/www.notibras.com\/site\/veja-dicas-para-proteger-cartao-e-celular-no-carnaval\/#article\",\"isPartOf\":{\"@id\":\"https:\/\/www.notibras.com\/site\/veja-dicas-para-proteger-cartao-e-celular-no-carnaval\/\"},\"author\":{\"name\":\"Reda\u00e7\u00e3o\",\"@id\":\"https:\/\/www.notibras.com\/site\/#\/schema\/person\/36ab0979449956132d3e5b517ea76ac8\"},\"headline\":\"Veja dicas para proteger cart\u00e3o e celular no carnaval\",\"datePublished\":\"2024-02-11T03:00:16+00:00\",\"dateModified\":\"2024-02-11T12:22:32+00:00\",\"mainEntityOfPage\":{\"@id\":\"https:\/\/www.notibras.com\/site\/veja-dicas-para-proteger-cartao-e-celular-no-carnaval\/\"},\"wordCount\":317,\"publisher\":{\"@id\":\"https:\/\/www.notibras.com\/site\/#organization\"},\"image\":{\"@id\":\"https:\/\/www.notibras.com\/site\/veja-dicas-para-proteger-cartao-e-celular-no-carnaval\/#primaryimage\"},\"thumbnailUrl\":\"https:\/\/www.notibras.com\/site\/wp-content\/uploads\/2024\/02\/dicascartao.carnaval.webp\",\"articleSection\":[\"Quadradinho em Foco\"],\"inLanguage\":\"pt-BR\"},{\"@type\":\"WebPage\",\"@id\":\"https:\/\/www.notibras.com\/site\/veja-dicas-para-proteger-cartao-e-celular-no-carnaval\/\",\"url\":\"https:\/\/www.notibras.com\/site\/veja-dicas-para-proteger-cartao-e-celular-no-carnaval\/\",\"name\":\"Veja dicas para proteger cart\u00e3o e celular no carnaval - Notibras\",\"isPartOf\":{\"@id\":\"https:\/\/www.notibras.com\/site\/#website\"},\"primaryImageOfPage\":{\"@id\":\"https:\/\/www.notibras.com\/site\/veja-dicas-para-proteger-cartao-e-celular-no-carnaval\/#primaryimage\"},\"image\":{\"@id\":\"https:\/\/www.notibras.com\/site\/veja-dicas-para-proteger-cartao-e-celular-no-carnaval\/#primaryimage\"},\"thumbnailUrl\":\"https:\/\/www.notibras.com\/site\/wp-content\/uploads\/2024\/02\/dicascartao.carnaval.webp\",\"datePublished\":\"2024-02-11T03:00:16+00:00\",\"dateModified\":\"2024-02-11T12:22:32+00:00\",\"breadcrumb\":{\"@id\":\"https:\/\/www.notibras.com\/site\/veja-dicas-para-proteger-cartao-e-celular-no-carnaval\/#breadcrumb\"},\"inLanguage\":\"pt-BR\",\"potentialAction\":[{\"@type\":\"ReadAction\",\"target\":[\"https:\/\/www.notibras.com\/site\/veja-dicas-para-proteger-cartao-e-celular-no-carnaval\/\"]}]},{\"@type\":\"ImageObject\",\"inLanguage\":\"pt-BR\",\"@id\":\"https:\/\/www.notibras.com\/site\/veja-dicas-para-proteger-cartao-e-celular-no-carnaval\/#primaryimage\",\"url\":\"https:\/\/www.notibras.com\/site\/wp-content\/uploads\/2024\/02\/dicascartao.carnaval.webp\",\"contentUrl\":\"https:\/\/www.notibras.com\/site\/wp-content\/uploads\/2024\/02\/dicascartao.carnaval.webp\",\"width\":1170,\"height\":700},{\"@type\":\"BreadcrumbList\",\"@id\":\"https:\/\/www.notibras.com\/site\/veja-dicas-para-proteger-cartao-e-celular-no-carnaval\/#breadcrumb\",\"itemListElement\":[{\"@type\":\"ListItem\",\"position\":1,\"name\":\"In\u00edcio\",\"item\":\"https:\/\/www.notibras.com\/site\/\"},{\"@type\":\"ListItem\",\"position\":2,\"name\":\"Veja dicas para proteger cart\u00e3o e celular no carnaval\"}]},{\"@type\":\"WebSite\",\"@id\":\"https:\/\/www.notibras.com\/site\/#website\",\"url\":\"https:\/\/www.notibras.com\/site\/\",\"name\":\"Notibras\",\"description\":\"Not\u00edcias de Bras\u00edlia, do Brasil e do Mundo\",\"publisher\":{\"@id\":\"https:\/\/www.notibras.com\/site\/#organization\"},\"potentialAction\":[{\"@type\":\"SearchAction\",\"target\":{\"@type\":\"EntryPoint\",\"urlTemplate\":\"https:\/\/www.notibras.com\/site\/?s={search_term_string}\"},\"query-input\":{\"@type\":\"PropertyValueSpecification\",\"valueRequired\":true,\"valueName\":\"search_term_string\"}}],\"inLanguage\":\"pt-BR\"},{\"@type\":\"Organization\",\"@id\":\"https:\/\/www.notibras.com\/site\/#organization\",\"name\":\"Grupo Notibras de Comunica\u00e7\u00e3o\",\"url\":\"https:\/\/www.notibras.com\/site\/\",\"logo\":{\"@type\":\"ImageObject\",\"inLanguage\":\"pt-BR\",\"@id\":\"https:\/\/www.notibras.com\/site\/#\/schema\/logo\/image\/\",\"url\":\"https:\/\/www.notibras.com\/site\/wp-content\/uploads\/2023\/01\/notibras23.png\",\"contentUrl\":\"https:\/\/www.notibras.com\/site\/wp-content\/uploads\/2023\/01\/notibras23.png\",\"width\":350,\"height\":87,\"caption\":\"Grupo Notibras de Comunica\u00e7\u00e3o\"},\"image\":{\"@id\":\"https:\/\/www.notibras.com\/site\/#\/schema\/logo\/image\/\"},\"sameAs\":[\"https:\/\/www.facebook.com\/notibras\/\",\"https:\/\/x.com\/Notibras\",\"https:\/\/www.instagram.com\/notibras\/\"]},{\"@type\":\"Person\",\"@id\":\"https:\/\/www.notibras.com\/site\/#\/schema\/person\/36ab0979449956132d3e5b517ea76ac8\",\"name\":\"Reda\u00e7\u00e3o\",\"image\":{\"@type\":\"ImageObject\",\"inLanguage\":\"pt-BR\",\"@id\":\"https:\/\/secure.gravatar.com\/avatar\/e0a867bdedb85fd243eadf09663511f96fc81e0720a4a42581f334ad4303aa6b?s=96&d=mm&r=g\",\"url\":\"https:\/\/secure.gravatar.com\/avatar\/e0a867bdedb85fd243eadf09663511f96fc81e0720a4a42581f334ad4303aa6b?s=96&d=mm&r=g\",\"contentUrl\":\"https:\/\/secure.gravatar.com\/avatar\/e0a867bdedb85fd243eadf09663511f96fc81e0720a4a42581f334ad4303aa6b?s=96&d=mm&r=g\",\"caption\":\"Reda\u00e7\u00e3o\"}}]}<\/script>\n<!-- \/ Yoast SEO plugin. -->","yoast_head_json":{"title":"Veja dicas para proteger cart\u00e3o e celular no carnaval - Notibras","robots":{"index":"index","follow":"follow","max-snippet":"max-snippet:-1","max-image-preview":"max-image-preview:large","max-video-preview":"max-video-preview:-1"},"canonical":"https:\/\/www.notibras.com\/site\/veja-dicas-para-proteger-cartao-e-celular-no-carnaval\/","og_locale":"pt_BR","og_type":"article","og_title":"Veja dicas para proteger cart\u00e3o e celular no carnaval - Notibras","og_description":"Criminosos est\u00e3o de olho nos celulares com aplicativos financeiros e nos cart\u00f5es banc\u00e1rios dos foli\u00f5es nos festejos do carnaval. \u00c9 necess\u00e1rio estar atento e tomar algumas precau\u00e7\u00f5es para aproveitar com seguran\u00e7a e facilidade os dias de festa. O volume de dinheiro movimentado somente dos caixas do Banco24Horas \u00e9 enorme. No carnaval de 2023 foi movimentado [&hellip;]","og_url":"https:\/\/www.notibras.com\/site\/veja-dicas-para-proteger-cartao-e-celular-no-carnaval\/","og_site_name":"Notibras","article_publisher":"https:\/\/www.facebook.com\/notibras\/","article_published_time":"2024-02-11T03:00:16+00:00","article_modified_time":"2024-02-11T12:22:32+00:00","og_image":[{"width":1170,"height":700,"url":"https:\/\/www.notibras.com\/site\/wp-content\/uploads\/2024\/02\/dicascartao.carnaval.webp","type":"image\/webp"}],"author":"Reda\u00e7\u00e3o","twitter_card":"summary_large_image","twitter_creator":"@Notibras","twitter_site":"@Notibras","twitter_misc":{"Escrito por":"Reda\u00e7\u00e3o","Est. tempo de leitura":"2 minutos"},"schema":{"@context":"https:\/\/schema.org","@graph":[{"@type":"Article","@id":"https:\/\/www.notibras.com\/site\/veja-dicas-para-proteger-cartao-e-celular-no-carnaval\/#article","isPartOf":{"@id":"https:\/\/www.notibras.com\/site\/veja-dicas-para-proteger-cartao-e-celular-no-carnaval\/"},"author":{"name":"Reda\u00e7\u00e3o","@id":"https:\/\/www.notibras.com\/site\/#\/schema\/person\/36ab0979449956132d3e5b517ea76ac8"},"headline":"Veja dicas para proteger cart\u00e3o e celular no carnaval","datePublished":"2024-02-11T03:00:16+00:00","dateModified":"2024-02-11T12:22:32+00:00","mainEntityOfPage":{"@id":"https:\/\/www.notibras.com\/site\/veja-dicas-para-proteger-cartao-e-celular-no-carnaval\/"},"wordCount":317,"publisher":{"@id":"https:\/\/www.notibras.com\/site\/#organization"},"image":{"@id":"https:\/\/www.notibras.com\/site\/veja-dicas-para-proteger-cartao-e-celular-no-carnaval\/#primaryimage"},"thumbnailUrl":"https:\/\/www.notibras.com\/site\/wp-content\/uploads\/2024\/02\/dicascartao.carnaval.webp","articleSection":["Quadradinho em Foco"],"inLanguage":"pt-BR"},{"@type":"WebPage","@id":"https:\/\/www.notibras.com\/site\/veja-dicas-para-proteger-cartao-e-celular-no-carnaval\/","url":"https:\/\/www.notibras.com\/site\/veja-dicas-para-proteger-cartao-e-celular-no-carnaval\/","name":"Veja dicas para proteger cart\u00e3o e celular no carnaval - Notibras","isPartOf":{"@id":"https:\/\/www.notibras.com\/site\/#website"},"primaryImageOfPage":{"@id":"https:\/\/www.notibras.com\/site\/veja-dicas-para-proteger-cartao-e-celular-no-carnaval\/#primaryimage"},"image":{"@id":"https:\/\/www.notibras.com\/site\/veja-dicas-para-proteger-cartao-e-celular-no-carnaval\/#primaryimage"},"thumbnailUrl":"https:\/\/www.notibras.com\/site\/wp-content\/uploads\/2024\/02\/dicascartao.carnaval.webp","datePublished":"2024-02-11T03:00:16+00:00","dateModified":"2024-02-11T12:22:32+00:00","breadcrumb":{"@id":"https:\/\/www.notibras.com\/site\/veja-dicas-para-proteger-cartao-e-celular-no-carnaval\/#breadcrumb"},"inLanguage":"pt-BR","potentialAction":[{"@type":"ReadAction","target":["https:\/\/www.notibras.com\/site\/veja-dicas-para-proteger-cartao-e-celular-no-carnaval\/"]}]},{"@type":"ImageObject","inLanguage":"pt-BR","@id":"https:\/\/www.notibras.com\/site\/veja-dicas-para-proteger-cartao-e-celular-no-carnaval\/#primaryimage","url":"https:\/\/www.notibras.com\/site\/wp-content\/uploads\/2024\/02\/dicascartao.carnaval.webp","contentUrl":"https:\/\/www.notibras.com\/site\/wp-content\/uploads\/2024\/02\/dicascartao.carnaval.webp","width":1170,"height":700},{"@type":"BreadcrumbList","@id":"https:\/\/www.notibras.com\/site\/veja-dicas-para-proteger-cartao-e-celular-no-carnaval\/#breadcrumb","itemListElement":[{"@type":"ListItem","position":1,"name":"In\u00edcio","item":"https:\/\/www.notibras.com\/site\/"},{"@type":"ListItem","position":2,"name":"Veja dicas para proteger cart\u00e3o e celular no carnaval"}]},{"@type":"WebSite","@id":"https:\/\/www.notibras.com\/site\/#website","url":"https:\/\/www.notibras.com\/site\/","name":"Notibras","description":"Not\u00edcias de Bras\u00edlia, do Brasil e do Mundo","publisher":{"@id":"https:\/\/www.notibras.com\/site\/#organization"},"potentialAction":[{"@type":"SearchAction","target":{"@type":"EntryPoint","urlTemplate":"https:\/\/www.notibras.com\/site\/?s={search_term_string}"},"query-input":{"@type":"PropertyValueSpecification","valueRequired":true,"valueName":"search_term_string"}}],"inLanguage":"pt-BR"},{"@type":"Organization","@id":"https:\/\/www.notibras.com\/site\/#organization","name":"Grupo Notibras de Comunica\u00e7\u00e3o","url":"https:\/\/www.notibras.com\/site\/","logo":{"@type":"ImageObject","inLanguage":"pt-BR","@id":"https:\/\/www.notibras.com\/site\/#\/schema\/logo\/image\/","url":"https:\/\/www.notibras.com\/site\/wp-content\/uploads\/2023\/01\/notibras23.png","contentUrl":"https:\/\/www.notibras.com\/site\/wp-content\/uploads\/2023\/01\/notibras23.png","width":350,"height":87,"caption":"Grupo Notibras de Comunica\u00e7\u00e3o"},"image":{"@id":"https:\/\/www.notibras.com\/site\/#\/schema\/logo\/image\/"},"sameAs":["https:\/\/www.facebook.com\/notibras\/","https:\/\/x.com\/Notibras","https:\/\/www.instagram.com\/notibras\/"]},{"@type":"Person","@id":"https:\/\/www.notibras.com\/site\/#\/schema\/person\/36ab0979449956132d3e5b517ea76ac8","name":"Reda\u00e7\u00e3o","image":{"@type":"ImageObject","inLanguage":"pt-BR","@id":"https:\/\/secure.gravatar.com\/avatar\/e0a867bdedb85fd243eadf09663511f96fc81e0720a4a42581f334ad4303aa6b?s=96&d=mm&r=g","url":"https:\/\/secure.gravatar.com\/avatar\/e0a867bdedb85fd243eadf09663511f96fc81e0720a4a42581f334ad4303aa6b?s=96&d=mm&r=g","contentUrl":"https:\/\/secure.gravatar.com\/avatar\/e0a867bdedb85fd243eadf09663511f96fc81e0720a4a42581f334ad4303aa6b?s=96&d=mm&r=g","caption":"Reda\u00e7\u00e3o"}}]}},"amp_enabled":true,"_links":{"self":[{"href":"https:\/\/www.notibras.com\/site\/wp-json\/wp\/v2\/posts\/322151","targetHints":{"allow":["GET"]}}],"collection":[{"href":"https:\/\/www.notibras.com\/site\/wp-json\/wp\/v2\/posts"}],"about":[{"href":"https:\/\/www.notibras.com\/site\/wp-json\/wp\/v2\/types\/post"}],"author":[{"embeddable":true,"href":"https:\/\/www.notibras.com\/site\/wp-json\/wp\/v2\/users\/2"}],"replies":[{"embeddable":true,"href":"https:\/\/www.notibras.com\/site\/wp-json\/wp\/v2\/comments?post=322151"}],"version-history":[{"count":1,"href":"https:\/\/www.notibras.com\/site\/wp-json\/wp\/v2\/posts\/322151\/revisions"}],"predecessor-version":[{"id":322153,"href":"https:\/\/www.notibras.com\/site\/wp-json\/wp\/v2\/posts\/322151\/revisions\/322153"}],"wp:featuredmedia":[{"embeddable":true,"href":"https:\/\/www.notibras.com\/site\/wp-json\/wp\/v2\/media\/322152"}],"wp:attachment":[{"href":"https:\/\/www.notibras.com\/site\/wp-json\/wp\/v2\/media?parent=322151"}],"wp:term":[{"taxonomy":"category","embeddable":true,"href":"https:\/\/www.notibras.com\/site\/wp-json\/wp\/v2\/categories?post=322151"},{"taxonomy":"post_tag","embeddable":true,"href":"https:\/\/www.notibras.com\/site\/wp-json\/wp\/v2\/tags?post=322151"}],"curies":[{"name":"wp","href":"https:\/\/api.w.org\/{rel}","templated":true}]}}