{"id":322213,"date":"2024-02-12T01:34:51","date_gmt":"2024-02-12T04:34:51","guid":{"rendered":"https:\/\/www.notibras.com\/site\/?p=322213"},"modified":"2024-02-12T01:34:46","modified_gmt":"2024-02-12T04:34:46","slug":"sem-grupo-futuro-reporter-ia-de-voo-solo","status":"publish","type":"post","link":"https:\/\/www.notibras.com\/site\/sem-grupo-futuro-reporter-ia-de-voo-solo\/","title":{"rendered":"Sem grupo, futuro rep\u00f3rter ia de voo solo"},"content":{"rendered":"<p>Essa hist\u00f3ria aconteceu h\u00e1 tantos anos, que nem me lembrava mais, at\u00e9 que o frio aqui em Porto Alegre me pegou de jeito e, talvez, tenha feito o meu c\u00e9rebro pegar no tranco. \u00c9 que sou dessas raras pessoas que n\u00e3o suportam nem uma brisa leve, pois o corpo j\u00e1 fica todo arrepiado. Tanto \u00e9 que gosto de repetir sempre uma frase: &#8220;Quem gosta de frio \u00e9 pinguim ou picol\u00e9!&#8221;<\/p>\n<p>Pois bem, l\u00e1 estava eu no terceiro semestre do curso de jornalismo, sentado bem pr\u00f3ximo \u00e0 porta da sala, quando um rapaz, que eu j\u00e1 conhecia de vista, se sentou e puxou conversa.<\/p>\n<p>&#8211; E a\u00ed, fez o trabalho?<\/p>\n<p>&#8211; Fiz.<\/p>\n<p>&#8211; Quem est\u00e1 no seu grupo?<\/p>\n<p>&#8211; Eu fiz sozinho, pois o meu grupo me expulsou.<\/p>\n<p>&#8211; Quem era do seu grupo?<\/p>\n<p>&#8211; A V\u00edvian, a Tatiana, a Fabiane e a Angelina. E voc\u00ea fez?!<\/p>\n<p>&#8211; N\u00e3o. Tamb\u00e9m fui expulso do meu grupo.<\/p>\n<p>&#8211; Quem era do seu grupo?<\/p>\n<p>&#8211; A C\u00edntia.<\/p>\n<p>&#8211; E quem mais?<\/p>\n<p>&#8211; S\u00f3 a C\u00edntia e eu mesmo.<\/p>\n<p>&#8211; O qu\u00ea? Como voc\u00ea conseguiu ser expulso de um grupo de apenas duas pessoas?<\/p>\n<p>&#8211; Pois \u00e9&#8230;<\/p>\n<p>&#8211; Coloque o seu nome aqui no meu trabalho. Melhor um grupo de dois que de um.<\/p>\n<p>E foi assim que conheci o meu grande amigo Marco Ant\u00f4nio, o Kiko, que me fazia rir muito com as imita\u00e7\u00f5es do Michael Jackson cantando Billie Jean. Fizemos algumas investidas no campo jornal\u00edstico, criamos alguns fanzines e, at\u00e9, um peri\u00f3dico chamado Catraca. Mas isso \u00e9 uma outra hist\u00f3ria, que talvez eu conte um dia.<\/p>\n","protected":false},"excerpt":{"rendered":"<p>Essa hist\u00f3ria aconteceu h\u00e1 tantos anos, que nem me lembrava mais, at\u00e9 que o frio aqui em Porto Alegre me pegou de jeito e, talvez, tenha feito o meu c\u00e9rebro pegar no tranco. \u00c9 que sou dessas raras pessoas que n\u00e3o suportam nem uma brisa leve, pois o corpo j\u00e1 fica todo arrepiado. Tanto \u00e9 [&hellip;]<\/p>\n","protected":false},"author":2,"featured_media":322214,"comment_status":"closed","ping_status":"closed","sticky":false,"template":"","format":"standard","meta":{"_acf_changed":false,"footnotes":""},"categories":[161],"tags":[],"class_list":["post-322213","post","type-post","status-publish","format-standard","has-post-thumbnail","hentry","category-quadradinho-em-foco"],"acf":[],"yoast_head":"<!-- This site is optimized with the Yoast SEO plugin v27.2 - https:\/\/yoast.com\/product\/yoast-seo-wordpress\/ -->\n<title>Sem grupo, futuro rep\u00f3rter ia de voo solo - Notibras<\/title>\n<meta name=\"robots\" content=\"index, follow, max-snippet:-1, max-image-preview:large, max-video-preview:-1\" \/>\n<link rel=\"canonical\" href=\"https:\/\/www.notibras.com\/site\/sem-grupo-futuro-reporter-ia-de-voo-solo\/\" \/>\n<meta property=\"og:locale\" content=\"pt_BR\" \/>\n<meta property=\"og:type\" content=\"article\" \/>\n<meta property=\"og:title\" content=\"Sem grupo, futuro rep\u00f3rter ia de voo solo - Notibras\" \/>\n<meta property=\"og:description\" content=\"Essa hist\u00f3ria aconteceu h\u00e1 tantos anos, que nem me lembrava mais, at\u00e9 que o frio aqui em Porto Alegre me pegou de jeito e, talvez, tenha feito o meu c\u00e9rebro pegar no tranco. \u00c9 que sou dessas raras pessoas que n\u00e3o suportam nem uma brisa leve, pois o corpo j\u00e1 fica todo arrepiado. Tanto \u00e9 [&hellip;]\" \/>\n<meta property=\"og:url\" content=\"https:\/\/www.notibras.com\/site\/sem-grupo-futuro-reporter-ia-de-voo-solo\/\" \/>\n<meta property=\"og:site_name\" content=\"Notibras\" \/>\n<meta property=\"article:publisher\" content=\"https:\/\/www.facebook.com\/notibras\/\" \/>\n<meta property=\"article:published_time\" content=\"2024-02-12T04:34:51+00:00\" \/>\n<meta property=\"og:image\" content=\"https:\/\/www.notibras.com\/site\/wp-content\/uploads\/2024\/02\/4ddaf6a4-d1e4-443e-82f6-c74928603c0e.jpeg\" \/>\n\t<meta property=\"og:image:width\" content=\"512\" \/>\n\t<meta property=\"og:image:height\" content=\"468\" \/>\n\t<meta property=\"og:image:type\" content=\"image\/jpeg\" \/>\n<meta name=\"author\" content=\"Reda\u00e7\u00e3o\" \/>\n<meta name=\"twitter:card\" content=\"summary_large_image\" \/>\n<meta name=\"twitter:creator\" content=\"@Notibras\" \/>\n<meta name=\"twitter:site\" content=\"@Notibras\" \/>\n<meta name=\"twitter:label1\" content=\"Escrito por\" \/>\n\t<meta name=\"twitter:data1\" content=\"Reda\u00e7\u00e3o\" \/>\n\t<meta name=\"twitter:label2\" content=\"Est. tempo de leitura\" \/>\n\t<meta name=\"twitter:data2\" content=\"2 minutos\" \/>\n<script type=\"application\/ld+json\" class=\"yoast-schema-graph\">{\"@context\":\"https:\/\/schema.org\",\"@graph\":[{\"@type\":\"Article\",\"@id\":\"https:\/\/www.notibras.com\/site\/sem-grupo-futuro-reporter-ia-de-voo-solo\/#article\",\"isPartOf\":{\"@id\":\"https:\/\/www.notibras.com\/site\/sem-grupo-futuro-reporter-ia-de-voo-solo\/\"},\"author\":{\"name\":\"Reda\u00e7\u00e3o\",\"@id\":\"https:\/\/www.notibras.com\/site\/#\/schema\/person\/36ab0979449956132d3e5b517ea76ac8\"},\"headline\":\"Sem grupo, futuro rep\u00f3rter ia de voo solo\",\"datePublished\":\"2024-02-12T04:34:51+00:00\",\"mainEntityOfPage\":{\"@id\":\"https:\/\/www.notibras.com\/site\/sem-grupo-futuro-reporter-ia-de-voo-solo\/\"},\"wordCount\":280,\"publisher\":{\"@id\":\"https:\/\/www.notibras.com\/site\/#organization\"},\"image\":{\"@id\":\"https:\/\/www.notibras.com\/site\/sem-grupo-futuro-reporter-ia-de-voo-solo\/#primaryimage\"},\"thumbnailUrl\":\"https:\/\/www.notibras.com\/site\/wp-content\/uploads\/2024\/02\/4ddaf6a4-d1e4-443e-82f6-c74928603c0e.jpeg\",\"articleSection\":[\"Quadradinho em Foco\"],\"inLanguage\":\"pt-BR\"},{\"@type\":\"WebPage\",\"@id\":\"https:\/\/www.notibras.com\/site\/sem-grupo-futuro-reporter-ia-de-voo-solo\/\",\"url\":\"https:\/\/www.notibras.com\/site\/sem-grupo-futuro-reporter-ia-de-voo-solo\/\",\"name\":\"Sem grupo, futuro rep\u00f3rter ia de voo solo - Notibras\",\"isPartOf\":{\"@id\":\"https:\/\/www.notibras.com\/site\/#website\"},\"primaryImageOfPage\":{\"@id\":\"https:\/\/www.notibras.com\/site\/sem-grupo-futuro-reporter-ia-de-voo-solo\/#primaryimage\"},\"image\":{\"@id\":\"https:\/\/www.notibras.com\/site\/sem-grupo-futuro-reporter-ia-de-voo-solo\/#primaryimage\"},\"thumbnailUrl\":\"https:\/\/www.notibras.com\/site\/wp-content\/uploads\/2024\/02\/4ddaf6a4-d1e4-443e-82f6-c74928603c0e.jpeg\",\"datePublished\":\"2024-02-12T04:34:51+00:00\",\"breadcrumb\":{\"@id\":\"https:\/\/www.notibras.com\/site\/sem-grupo-futuro-reporter-ia-de-voo-solo\/#breadcrumb\"},\"inLanguage\":\"pt-BR\",\"potentialAction\":[{\"@type\":\"ReadAction\",\"target\":[\"https:\/\/www.notibras.com\/site\/sem-grupo-futuro-reporter-ia-de-voo-solo\/\"]}]},{\"@type\":\"ImageObject\",\"inLanguage\":\"pt-BR\",\"@id\":\"https:\/\/www.notibras.com\/site\/sem-grupo-futuro-reporter-ia-de-voo-solo\/#primaryimage\",\"url\":\"https:\/\/www.notibras.com\/site\/wp-content\/uploads\/2024\/02\/4ddaf6a4-d1e4-443e-82f6-c74928603c0e.jpeg\",\"contentUrl\":\"https:\/\/www.notibras.com\/site\/wp-content\/uploads\/2024\/02\/4ddaf6a4-d1e4-443e-82f6-c74928603c0e.jpeg\",\"width\":512,\"height\":468},{\"@type\":\"BreadcrumbList\",\"@id\":\"https:\/\/www.notibras.com\/site\/sem-grupo-futuro-reporter-ia-de-voo-solo\/#breadcrumb\",\"itemListElement\":[{\"@type\":\"ListItem\",\"position\":1,\"name\":\"In\u00edcio\",\"item\":\"https:\/\/www.notibras.com\/site\/\"},{\"@type\":\"ListItem\",\"position\":2,\"name\":\"Sem grupo, futuro rep\u00f3rter ia de voo solo\"}]},{\"@type\":\"WebSite\",\"@id\":\"https:\/\/www.notibras.com\/site\/#website\",\"url\":\"https:\/\/www.notibras.com\/site\/\",\"name\":\"Notibras\",\"description\":\"Not\u00edcias de Bras\u00edlia, do Brasil e do Mundo\",\"publisher\":{\"@id\":\"https:\/\/www.notibras.com\/site\/#organization\"},\"potentialAction\":[{\"@type\":\"SearchAction\",\"target\":{\"@type\":\"EntryPoint\",\"urlTemplate\":\"https:\/\/www.notibras.com\/site\/?s={search_term_string}\"},\"query-input\":{\"@type\":\"PropertyValueSpecification\",\"valueRequired\":true,\"valueName\":\"search_term_string\"}}],\"inLanguage\":\"pt-BR\"},{\"@type\":\"Organization\",\"@id\":\"https:\/\/www.notibras.com\/site\/#organization\",\"name\":\"Grupo Notibras de Comunica\u00e7\u00e3o\",\"url\":\"https:\/\/www.notibras.com\/site\/\",\"logo\":{\"@type\":\"ImageObject\",\"inLanguage\":\"pt-BR\",\"@id\":\"https:\/\/www.notibras.com\/site\/#\/schema\/logo\/image\/\",\"url\":\"https:\/\/www.notibras.com\/site\/wp-content\/uploads\/2023\/01\/notibras23.png\",\"contentUrl\":\"https:\/\/www.notibras.com\/site\/wp-content\/uploads\/2023\/01\/notibras23.png\",\"width\":350,\"height\":87,\"caption\":\"Grupo Notibras de Comunica\u00e7\u00e3o\"},\"image\":{\"@id\":\"https:\/\/www.notibras.com\/site\/#\/schema\/logo\/image\/\"},\"sameAs\":[\"https:\/\/www.facebook.com\/notibras\/\",\"https:\/\/x.com\/Notibras\",\"https:\/\/www.instagram.com\/notibras\/\"]},{\"@type\":\"Person\",\"@id\":\"https:\/\/www.notibras.com\/site\/#\/schema\/person\/36ab0979449956132d3e5b517ea76ac8\",\"name\":\"Reda\u00e7\u00e3o\",\"image\":{\"@type\":\"ImageObject\",\"inLanguage\":\"pt-BR\",\"@id\":\"https:\/\/secure.gravatar.com\/avatar\/e0a867bdedb85fd243eadf09663511f96fc81e0720a4a42581f334ad4303aa6b?s=96&d=mm&r=g\",\"url\":\"https:\/\/secure.gravatar.com\/avatar\/e0a867bdedb85fd243eadf09663511f96fc81e0720a4a42581f334ad4303aa6b?s=96&d=mm&r=g\",\"contentUrl\":\"https:\/\/secure.gravatar.com\/avatar\/e0a867bdedb85fd243eadf09663511f96fc81e0720a4a42581f334ad4303aa6b?s=96&d=mm&r=g\",\"caption\":\"Reda\u00e7\u00e3o\"}}]}<\/script>\n<!-- \/ Yoast SEO plugin. -->","yoast_head_json":{"title":"Sem grupo, futuro rep\u00f3rter ia de voo solo - Notibras","robots":{"index":"index","follow":"follow","max-snippet":"max-snippet:-1","max-image-preview":"max-image-preview:large","max-video-preview":"max-video-preview:-1"},"canonical":"https:\/\/www.notibras.com\/site\/sem-grupo-futuro-reporter-ia-de-voo-solo\/","og_locale":"pt_BR","og_type":"article","og_title":"Sem grupo, futuro rep\u00f3rter ia de voo solo - Notibras","og_description":"Essa hist\u00f3ria aconteceu h\u00e1 tantos anos, que nem me lembrava mais, at\u00e9 que o frio aqui em Porto Alegre me pegou de jeito e, talvez, tenha feito o meu c\u00e9rebro pegar no tranco. \u00c9 que sou dessas raras pessoas que n\u00e3o suportam nem uma brisa leve, pois o corpo j\u00e1 fica todo arrepiado. Tanto \u00e9 [&hellip;]","og_url":"https:\/\/www.notibras.com\/site\/sem-grupo-futuro-reporter-ia-de-voo-solo\/","og_site_name":"Notibras","article_publisher":"https:\/\/www.facebook.com\/notibras\/","article_published_time":"2024-02-12T04:34:51+00:00","og_image":[{"width":512,"height":468,"url":"https:\/\/www.notibras.com\/site\/wp-content\/uploads\/2024\/02\/4ddaf6a4-d1e4-443e-82f6-c74928603c0e.jpeg","type":"image\/jpeg"}],"author":"Reda\u00e7\u00e3o","twitter_card":"summary_large_image","twitter_creator":"@Notibras","twitter_site":"@Notibras","twitter_misc":{"Escrito por":"Reda\u00e7\u00e3o","Est. tempo de leitura":"2 minutos"},"schema":{"@context":"https:\/\/schema.org","@graph":[{"@type":"Article","@id":"https:\/\/www.notibras.com\/site\/sem-grupo-futuro-reporter-ia-de-voo-solo\/#article","isPartOf":{"@id":"https:\/\/www.notibras.com\/site\/sem-grupo-futuro-reporter-ia-de-voo-solo\/"},"author":{"name":"Reda\u00e7\u00e3o","@id":"https:\/\/www.notibras.com\/site\/#\/schema\/person\/36ab0979449956132d3e5b517ea76ac8"},"headline":"Sem grupo, futuro rep\u00f3rter ia de voo solo","datePublished":"2024-02-12T04:34:51+00:00","mainEntityOfPage":{"@id":"https:\/\/www.notibras.com\/site\/sem-grupo-futuro-reporter-ia-de-voo-solo\/"},"wordCount":280,"publisher":{"@id":"https:\/\/www.notibras.com\/site\/#organization"},"image":{"@id":"https:\/\/www.notibras.com\/site\/sem-grupo-futuro-reporter-ia-de-voo-solo\/#primaryimage"},"thumbnailUrl":"https:\/\/www.notibras.com\/site\/wp-content\/uploads\/2024\/02\/4ddaf6a4-d1e4-443e-82f6-c74928603c0e.jpeg","articleSection":["Quadradinho em Foco"],"inLanguage":"pt-BR"},{"@type":"WebPage","@id":"https:\/\/www.notibras.com\/site\/sem-grupo-futuro-reporter-ia-de-voo-solo\/","url":"https:\/\/www.notibras.com\/site\/sem-grupo-futuro-reporter-ia-de-voo-solo\/","name":"Sem grupo, futuro rep\u00f3rter ia de voo solo - Notibras","isPartOf":{"@id":"https:\/\/www.notibras.com\/site\/#website"},"primaryImageOfPage":{"@id":"https:\/\/www.notibras.com\/site\/sem-grupo-futuro-reporter-ia-de-voo-solo\/#primaryimage"},"image":{"@id":"https:\/\/www.notibras.com\/site\/sem-grupo-futuro-reporter-ia-de-voo-solo\/#primaryimage"},"thumbnailUrl":"https:\/\/www.notibras.com\/site\/wp-content\/uploads\/2024\/02\/4ddaf6a4-d1e4-443e-82f6-c74928603c0e.jpeg","datePublished":"2024-02-12T04:34:51+00:00","breadcrumb":{"@id":"https:\/\/www.notibras.com\/site\/sem-grupo-futuro-reporter-ia-de-voo-solo\/#breadcrumb"},"inLanguage":"pt-BR","potentialAction":[{"@type":"ReadAction","target":["https:\/\/www.notibras.com\/site\/sem-grupo-futuro-reporter-ia-de-voo-solo\/"]}]},{"@type":"ImageObject","inLanguage":"pt-BR","@id":"https:\/\/www.notibras.com\/site\/sem-grupo-futuro-reporter-ia-de-voo-solo\/#primaryimage","url":"https:\/\/www.notibras.com\/site\/wp-content\/uploads\/2024\/02\/4ddaf6a4-d1e4-443e-82f6-c74928603c0e.jpeg","contentUrl":"https:\/\/www.notibras.com\/site\/wp-content\/uploads\/2024\/02\/4ddaf6a4-d1e4-443e-82f6-c74928603c0e.jpeg","width":512,"height":468},{"@type":"BreadcrumbList","@id":"https:\/\/www.notibras.com\/site\/sem-grupo-futuro-reporter-ia-de-voo-solo\/#breadcrumb","itemListElement":[{"@type":"ListItem","position":1,"name":"In\u00edcio","item":"https:\/\/www.notibras.com\/site\/"},{"@type":"ListItem","position":2,"name":"Sem grupo, futuro rep\u00f3rter ia de voo solo"}]},{"@type":"WebSite","@id":"https:\/\/www.notibras.com\/site\/#website","url":"https:\/\/www.notibras.com\/site\/","name":"Notibras","description":"Not\u00edcias de Bras\u00edlia, do Brasil e do Mundo","publisher":{"@id":"https:\/\/www.notibras.com\/site\/#organization"},"potentialAction":[{"@type":"SearchAction","target":{"@type":"EntryPoint","urlTemplate":"https:\/\/www.notibras.com\/site\/?s={search_term_string}"},"query-input":{"@type":"PropertyValueSpecification","valueRequired":true,"valueName":"search_term_string"}}],"inLanguage":"pt-BR"},{"@type":"Organization","@id":"https:\/\/www.notibras.com\/site\/#organization","name":"Grupo Notibras de Comunica\u00e7\u00e3o","url":"https:\/\/www.notibras.com\/site\/","logo":{"@type":"ImageObject","inLanguage":"pt-BR","@id":"https:\/\/www.notibras.com\/site\/#\/schema\/logo\/image\/","url":"https:\/\/www.notibras.com\/site\/wp-content\/uploads\/2023\/01\/notibras23.png","contentUrl":"https:\/\/www.notibras.com\/site\/wp-content\/uploads\/2023\/01\/notibras23.png","width":350,"height":87,"caption":"Grupo Notibras de Comunica\u00e7\u00e3o"},"image":{"@id":"https:\/\/www.notibras.com\/site\/#\/schema\/logo\/image\/"},"sameAs":["https:\/\/www.facebook.com\/notibras\/","https:\/\/x.com\/Notibras","https:\/\/www.instagram.com\/notibras\/"]},{"@type":"Person","@id":"https:\/\/www.notibras.com\/site\/#\/schema\/person\/36ab0979449956132d3e5b517ea76ac8","name":"Reda\u00e7\u00e3o","image":{"@type":"ImageObject","inLanguage":"pt-BR","@id":"https:\/\/secure.gravatar.com\/avatar\/e0a867bdedb85fd243eadf09663511f96fc81e0720a4a42581f334ad4303aa6b?s=96&d=mm&r=g","url":"https:\/\/secure.gravatar.com\/avatar\/e0a867bdedb85fd243eadf09663511f96fc81e0720a4a42581f334ad4303aa6b?s=96&d=mm&r=g","contentUrl":"https:\/\/secure.gravatar.com\/avatar\/e0a867bdedb85fd243eadf09663511f96fc81e0720a4a42581f334ad4303aa6b?s=96&d=mm&r=g","caption":"Reda\u00e7\u00e3o"}}]}},"amp_enabled":true,"_links":{"self":[{"href":"https:\/\/www.notibras.com\/site\/wp-json\/wp\/v2\/posts\/322213","targetHints":{"allow":["GET"]}}],"collection":[{"href":"https:\/\/www.notibras.com\/site\/wp-json\/wp\/v2\/posts"}],"about":[{"href":"https:\/\/www.notibras.com\/site\/wp-json\/wp\/v2\/types\/post"}],"author":[{"embeddable":true,"href":"https:\/\/www.notibras.com\/site\/wp-json\/wp\/v2\/users\/2"}],"replies":[{"embeddable":true,"href":"https:\/\/www.notibras.com\/site\/wp-json\/wp\/v2\/comments?post=322213"}],"version-history":[{"count":1,"href":"https:\/\/www.notibras.com\/site\/wp-json\/wp\/v2\/posts\/322213\/revisions"}],"predecessor-version":[{"id":322215,"href":"https:\/\/www.notibras.com\/site\/wp-json\/wp\/v2\/posts\/322213\/revisions\/322215"}],"wp:featuredmedia":[{"embeddable":true,"href":"https:\/\/www.notibras.com\/site\/wp-json\/wp\/v2\/media\/322214"}],"wp:attachment":[{"href":"https:\/\/www.notibras.com\/site\/wp-json\/wp\/v2\/media?parent=322213"}],"wp:term":[{"taxonomy":"category","embeddable":true,"href":"https:\/\/www.notibras.com\/site\/wp-json\/wp\/v2\/categories?post=322213"},{"taxonomy":"post_tag","embeddable":true,"href":"https:\/\/www.notibras.com\/site\/wp-json\/wp\/v2\/tags?post=322213"}],"curies":[{"name":"wp","href":"https:\/\/api.w.org\/{rel}","templated":true}]}}