{"id":322216,"date":"2024-02-12T01:13:28","date_gmt":"2024-02-12T04:13:28","guid":{"rendered":"https:\/\/www.notibras.com\/site\/?p=322216"},"modified":"2024-02-12T11:19:39","modified_gmt":"2024-02-12T14:19:39","slug":"veja-a-programacao-dos-blocos-de-rua-que-saem-na-2a-feira","status":"publish","type":"post","link":"https:\/\/www.notibras.com\/site\/veja-a-programacao-dos-blocos-de-rua-que-saem-na-2a-feira\/","title":{"rendered":"Veja a programa\u00e7\u00e3o dos blocos de rua que saem na 2\u00aa feira"},"content":{"rendered":"<p>Nesta segunda-feira (12) que come\u00e7ou com c\u00e9u aberto e sol, o Distrito Federal continua a todo vapor, celebrando a folia de Momo em v\u00e1rios bairros.<\/p>\n<p>Nos \u00faltimos dias, nem o tempo nublado e as chuvas espantaram os foli\u00f5es dos blocos que desfilam no Plano Piloto e nas cidades sat\u00e9lites.<\/p>\n<p>Com muita diversidade, a programa\u00e7\u00e3o come\u00e7a j\u00e1 pela manh\u00e3 com o bloco infantil Carnapati e o Aparelhinho, que mistura as tradicionais marchinhas com m\u00fasica eletr\u00f4nica.<\/p>\n<p>Na programa\u00e7\u00e3o tamb\u00e9m tem blocos tradicionais, como a Baratona; inovadores, como o Bloco Sustent\u00e1vel do Patubat\u00ea; e inclusivos, como o Deficiente \u00e9 a M\u00e3e.<\/p>\n<p>Al\u00e9m da folia no Plano Piloto, a festa continua pelas cidades sat\u00e9lites. Em Taguatinga, a festa ser\u00e1 no melhor estilo afro-brasileiro, com grupo percussivo, dan\u00e7a afro e a capoeira do bloco \u00c0s\u00e9 D\u00fad\u00fa.<\/p>\n<p>Confira a agenda dos blocos nesta segunda-feira:<\/p>\n<p>Bloco Carnapati &#8211; 8h \u00e0s 13h &#8211; Espa\u00e7o Eixo Cultural Ibero-americano \u2013 Eixo Monumental<\/p>\n<p>Aparelhinho &#8211; 10h \u00e0s 18h \u2013 Setor Banc\u00e1rio e Galeria dos Estados \u2013 Asa Sul<\/p>\n<p>Vai com as Profanas &#8211; 10h \u00e0s 16h \u2013 Setor Comercial Sul, Setor Carnavalesco \u2013 Asa Sul<\/p>\n<p>Divinas Tetas &#8211; 11h \u00e0s 17h &#8211; gramado entre o Sesi Lab e a Biblioteca Nacional \u2013 Eixo Monumental<\/p>\n<p>Baratona &#8211; 13h30 \u00e0s 20h30 &#8211; Parque da Cidade no Estacionamento 12 \u2013 Asa Sul<\/p>\n<p>Deficiente \u00e9 a M\u00e3e \u2013 15h \u00e0s 18h &#8211; CRS 506 &#8211; W2 Sul, Infinu &#8211; 18h \u00e0s 20h \u2013<\/p>\n<p>Saru\u00ea Perfumado (encontro de fanfarras e grupos de percuss\u00e3o) \u2013 13h \u00e0s 19h &#8211; Avenida W3, entre 506 e 508 Sul \u2013 Asa Sul<\/p>\n<p>Bloco Sustent\u00e1vel do Patubat\u00ea &#8211; 15h \u00e0s 19h &#8211; Setor Comercial Sul, Setor Carnavalesco \u2013 Asa Sul<\/p>\n<p>Concentra Mais N\u00e3o Sai \u2013 15h \u00e0s 22h \u2013 EQN 404\/405 \u2013 Asa Norte<\/p>\n<p>CarnaVitrola \u2013 16h \u00e0s 22h &#8211; Eix\u00e3o Norte, na altura da 211 Norte<\/p>\n<p>Bloco do Amor &#8211; 15h \u00e0s 21h &#8211; Via de servi\u00e7o S2 \u2013 Asa Sul<\/p>\n<p>Afro \u00c0s\u00e9 D\u00fad\u00fa &#8211; 16h \u00e0s 22h &#8211; Taguaparque &#8211; Estacionamento em frente ao Centro Cultural \u2013 Taguatinga<\/p>\n","protected":false},"excerpt":{"rendered":"<p>Nesta segunda-feira (12) que come\u00e7ou com c\u00e9u aberto e sol, o Distrito Federal continua a todo vapor, celebrando a folia de Momo em v\u00e1rios bairros. Nos \u00faltimos dias, nem o tempo nublado e as chuvas espantaram os foli\u00f5es dos blocos que desfilam no Plano Piloto e nas cidades sat\u00e9lites. Com muita diversidade, a programa\u00e7\u00e3o come\u00e7a [&hellip;]<\/p>\n","protected":false},"author":2,"featured_media":322217,"comment_status":"closed","ping_status":"closed","sticky":false,"template":"","format":"standard","meta":{"_acf_changed":false,"footnotes":""},"categories":[161],"tags":[],"class_list":["post-322216","post","type-post","status-publish","format-standard","has-post-thumbnail","hentry","category-quadradinho-em-foco"],"acf":[],"yoast_head":"<!-- This site is optimized with the Yoast SEO plugin v27.2 - https:\/\/yoast.com\/product\/yoast-seo-wordpress\/ -->\n<title>Veja a programa\u00e7\u00e3o dos blocos de rua que saem na 2\u00aa feira - Notibras<\/title>\n<meta name=\"robots\" content=\"index, follow, max-snippet:-1, max-image-preview:large, max-video-preview:-1\" \/>\n<link rel=\"canonical\" href=\"https:\/\/www.notibras.com\/site\/veja-a-programacao-dos-blocos-de-rua-que-saem-na-2a-feira\/\" \/>\n<meta property=\"og:locale\" content=\"pt_BR\" \/>\n<meta property=\"og:type\" content=\"article\" \/>\n<meta property=\"og:title\" content=\"Veja a programa\u00e7\u00e3o dos blocos de rua que saem na 2\u00aa feira - Notibras\" \/>\n<meta property=\"og:description\" content=\"Nesta segunda-feira (12) que come\u00e7ou com c\u00e9u aberto e sol, o Distrito Federal continua a todo vapor, celebrando a folia de Momo em v\u00e1rios bairros. Nos \u00faltimos dias, nem o tempo nublado e as chuvas espantaram os foli\u00f5es dos blocos que desfilam no Plano Piloto e nas cidades sat\u00e9lites. Com muita diversidade, a programa\u00e7\u00e3o come\u00e7a [&hellip;]\" \/>\n<meta property=\"og:url\" content=\"https:\/\/www.notibras.com\/site\/veja-a-programacao-dos-blocos-de-rua-que-saem-na-2a-feira\/\" \/>\n<meta property=\"og:site_name\" content=\"Notibras\" \/>\n<meta property=\"article:publisher\" content=\"https:\/\/www.facebook.com\/notibras\/\" \/>\n<meta property=\"article:published_time\" content=\"2024-02-12T04:13:28+00:00\" \/>\n<meta property=\"article:modified_time\" content=\"2024-02-12T14:19:39+00:00\" \/>\n<meta property=\"og:image\" content=\"https:\/\/www.notibras.com\/site\/wp-content\/uploads\/2024\/02\/cardf.momo_.webp\" \/>\n\t<meta property=\"og:image:width\" content=\"770\" \/>\n\t<meta property=\"og:image:height\" content=\"513\" \/>\n\t<meta property=\"og:image:type\" content=\"image\/webp\" \/>\n<meta name=\"author\" content=\"Reda\u00e7\u00e3o\" \/>\n<meta name=\"twitter:card\" content=\"summary_large_image\" \/>\n<meta name=\"twitter:creator\" content=\"@Notibras\" \/>\n<meta name=\"twitter:site\" content=\"@Notibras\" \/>\n<meta name=\"twitter:label1\" content=\"Escrito por\" \/>\n\t<meta name=\"twitter:data1\" content=\"Reda\u00e7\u00e3o\" \/>\n\t<meta name=\"twitter:label2\" content=\"Est. tempo de leitura\" \/>\n\t<meta name=\"twitter:data2\" content=\"2 minutos\" \/>\n<script type=\"application\/ld+json\" class=\"yoast-schema-graph\">{\"@context\":\"https:\/\/schema.org\",\"@graph\":[{\"@type\":\"Article\",\"@id\":\"https:\/\/www.notibras.com\/site\/veja-a-programacao-dos-blocos-de-rua-que-saem-na-2a-feira\/#article\",\"isPartOf\":{\"@id\":\"https:\/\/www.notibras.com\/site\/veja-a-programacao-dos-blocos-de-rua-que-saem-na-2a-feira\/\"},\"author\":{\"name\":\"Reda\u00e7\u00e3o\",\"@id\":\"https:\/\/www.notibras.com\/site\/#\/schema\/person\/36ab0979449956132d3e5b517ea76ac8\"},\"headline\":\"Veja a programa\u00e7\u00e3o dos blocos de rua que saem na 2\u00aa feira\",\"datePublished\":\"2024-02-12T04:13:28+00:00\",\"dateModified\":\"2024-02-12T14:19:39+00:00\",\"mainEntityOfPage\":{\"@id\":\"https:\/\/www.notibras.com\/site\/veja-a-programacao-dos-blocos-de-rua-que-saem-na-2a-feira\/\"},\"wordCount\":350,\"publisher\":{\"@id\":\"https:\/\/www.notibras.com\/site\/#organization\"},\"image\":{\"@id\":\"https:\/\/www.notibras.com\/site\/veja-a-programacao-dos-blocos-de-rua-que-saem-na-2a-feira\/#primaryimage\"},\"thumbnailUrl\":\"https:\/\/www.notibras.com\/site\/wp-content\/uploads\/2024\/02\/cardf.momo_.webp\",\"articleSection\":[\"Quadradinho em Foco\"],\"inLanguage\":\"pt-BR\"},{\"@type\":\"WebPage\",\"@id\":\"https:\/\/www.notibras.com\/site\/veja-a-programacao-dos-blocos-de-rua-que-saem-na-2a-feira\/\",\"url\":\"https:\/\/www.notibras.com\/site\/veja-a-programacao-dos-blocos-de-rua-que-saem-na-2a-feira\/\",\"name\":\"Veja a programa\u00e7\u00e3o dos blocos de rua que saem na 2\u00aa feira - Notibras\",\"isPartOf\":{\"@id\":\"https:\/\/www.notibras.com\/site\/#website\"},\"primaryImageOfPage\":{\"@id\":\"https:\/\/www.notibras.com\/site\/veja-a-programacao-dos-blocos-de-rua-que-saem-na-2a-feira\/#primaryimage\"},\"image\":{\"@id\":\"https:\/\/www.notibras.com\/site\/veja-a-programacao-dos-blocos-de-rua-que-saem-na-2a-feira\/#primaryimage\"},\"thumbnailUrl\":\"https:\/\/www.notibras.com\/site\/wp-content\/uploads\/2024\/02\/cardf.momo_.webp\",\"datePublished\":\"2024-02-12T04:13:28+00:00\",\"dateModified\":\"2024-02-12T14:19:39+00:00\",\"breadcrumb\":{\"@id\":\"https:\/\/www.notibras.com\/site\/veja-a-programacao-dos-blocos-de-rua-que-saem-na-2a-feira\/#breadcrumb\"},\"inLanguage\":\"pt-BR\",\"potentialAction\":[{\"@type\":\"ReadAction\",\"target\":[\"https:\/\/www.notibras.com\/site\/veja-a-programacao-dos-blocos-de-rua-que-saem-na-2a-feira\/\"]}]},{\"@type\":\"ImageObject\",\"inLanguage\":\"pt-BR\",\"@id\":\"https:\/\/www.notibras.com\/site\/veja-a-programacao-dos-blocos-de-rua-que-saem-na-2a-feira\/#primaryimage\",\"url\":\"https:\/\/www.notibras.com\/site\/wp-content\/uploads\/2024\/02\/cardf.momo_.webp\",\"contentUrl\":\"https:\/\/www.notibras.com\/site\/wp-content\/uploads\/2024\/02\/cardf.momo_.webp\",\"width\":770,\"height\":513},{\"@type\":\"BreadcrumbList\",\"@id\":\"https:\/\/www.notibras.com\/site\/veja-a-programacao-dos-blocos-de-rua-que-saem-na-2a-feira\/#breadcrumb\",\"itemListElement\":[{\"@type\":\"ListItem\",\"position\":1,\"name\":\"In\u00edcio\",\"item\":\"https:\/\/www.notibras.com\/site\/\"},{\"@type\":\"ListItem\",\"position\":2,\"name\":\"Veja a programa\u00e7\u00e3o dos blocos de rua que saem na 2\u00aa feira\"}]},{\"@type\":\"WebSite\",\"@id\":\"https:\/\/www.notibras.com\/site\/#website\",\"url\":\"https:\/\/www.notibras.com\/site\/\",\"name\":\"Notibras\",\"description\":\"Not\u00edcias de Bras\u00edlia, do Brasil e do Mundo\",\"publisher\":{\"@id\":\"https:\/\/www.notibras.com\/site\/#organization\"},\"potentialAction\":[{\"@type\":\"SearchAction\",\"target\":{\"@type\":\"EntryPoint\",\"urlTemplate\":\"https:\/\/www.notibras.com\/site\/?s={search_term_string}\"},\"query-input\":{\"@type\":\"PropertyValueSpecification\",\"valueRequired\":true,\"valueName\":\"search_term_string\"}}],\"inLanguage\":\"pt-BR\"},{\"@type\":\"Organization\",\"@id\":\"https:\/\/www.notibras.com\/site\/#organization\",\"name\":\"Grupo Notibras de Comunica\u00e7\u00e3o\",\"url\":\"https:\/\/www.notibras.com\/site\/\",\"logo\":{\"@type\":\"ImageObject\",\"inLanguage\":\"pt-BR\",\"@id\":\"https:\/\/www.notibras.com\/site\/#\/schema\/logo\/image\/\",\"url\":\"https:\/\/www.notibras.com\/site\/wp-content\/uploads\/2023\/01\/notibras23.png\",\"contentUrl\":\"https:\/\/www.notibras.com\/site\/wp-content\/uploads\/2023\/01\/notibras23.png\",\"width\":350,\"height\":87,\"caption\":\"Grupo Notibras de Comunica\u00e7\u00e3o\"},\"image\":{\"@id\":\"https:\/\/www.notibras.com\/site\/#\/schema\/logo\/image\/\"},\"sameAs\":[\"https:\/\/www.facebook.com\/notibras\/\",\"https:\/\/x.com\/Notibras\",\"https:\/\/www.instagram.com\/notibras\/\"]},{\"@type\":\"Person\",\"@id\":\"https:\/\/www.notibras.com\/site\/#\/schema\/person\/36ab0979449956132d3e5b517ea76ac8\",\"name\":\"Reda\u00e7\u00e3o\",\"image\":{\"@type\":\"ImageObject\",\"inLanguage\":\"pt-BR\",\"@id\":\"https:\/\/secure.gravatar.com\/avatar\/e0a867bdedb85fd243eadf09663511f96fc81e0720a4a42581f334ad4303aa6b?s=96&d=mm&r=g\",\"url\":\"https:\/\/secure.gravatar.com\/avatar\/e0a867bdedb85fd243eadf09663511f96fc81e0720a4a42581f334ad4303aa6b?s=96&d=mm&r=g\",\"contentUrl\":\"https:\/\/secure.gravatar.com\/avatar\/e0a867bdedb85fd243eadf09663511f96fc81e0720a4a42581f334ad4303aa6b?s=96&d=mm&r=g\",\"caption\":\"Reda\u00e7\u00e3o\"}}]}<\/script>\n<!-- \/ Yoast SEO plugin. -->","yoast_head_json":{"title":"Veja a programa\u00e7\u00e3o dos blocos de rua que saem na 2\u00aa feira - Notibras","robots":{"index":"index","follow":"follow","max-snippet":"max-snippet:-1","max-image-preview":"max-image-preview:large","max-video-preview":"max-video-preview:-1"},"canonical":"https:\/\/www.notibras.com\/site\/veja-a-programacao-dos-blocos-de-rua-que-saem-na-2a-feira\/","og_locale":"pt_BR","og_type":"article","og_title":"Veja a programa\u00e7\u00e3o dos blocos de rua que saem na 2\u00aa feira - Notibras","og_description":"Nesta segunda-feira (12) que come\u00e7ou com c\u00e9u aberto e sol, o Distrito Federal continua a todo vapor, celebrando a folia de Momo em v\u00e1rios bairros. Nos \u00faltimos dias, nem o tempo nublado e as chuvas espantaram os foli\u00f5es dos blocos que desfilam no Plano Piloto e nas cidades sat\u00e9lites. Com muita diversidade, a programa\u00e7\u00e3o come\u00e7a [&hellip;]","og_url":"https:\/\/www.notibras.com\/site\/veja-a-programacao-dos-blocos-de-rua-que-saem-na-2a-feira\/","og_site_name":"Notibras","article_publisher":"https:\/\/www.facebook.com\/notibras\/","article_published_time":"2024-02-12T04:13:28+00:00","article_modified_time":"2024-02-12T14:19:39+00:00","og_image":[{"width":770,"height":513,"url":"https:\/\/www.notibras.com\/site\/wp-content\/uploads\/2024\/02\/cardf.momo_.webp","type":"image\/webp"}],"author":"Reda\u00e7\u00e3o","twitter_card":"summary_large_image","twitter_creator":"@Notibras","twitter_site":"@Notibras","twitter_misc":{"Escrito por":"Reda\u00e7\u00e3o","Est. tempo de leitura":"2 minutos"},"schema":{"@context":"https:\/\/schema.org","@graph":[{"@type":"Article","@id":"https:\/\/www.notibras.com\/site\/veja-a-programacao-dos-blocos-de-rua-que-saem-na-2a-feira\/#article","isPartOf":{"@id":"https:\/\/www.notibras.com\/site\/veja-a-programacao-dos-blocos-de-rua-que-saem-na-2a-feira\/"},"author":{"name":"Reda\u00e7\u00e3o","@id":"https:\/\/www.notibras.com\/site\/#\/schema\/person\/36ab0979449956132d3e5b517ea76ac8"},"headline":"Veja a programa\u00e7\u00e3o dos blocos de rua que saem na 2\u00aa feira","datePublished":"2024-02-12T04:13:28+00:00","dateModified":"2024-02-12T14:19:39+00:00","mainEntityOfPage":{"@id":"https:\/\/www.notibras.com\/site\/veja-a-programacao-dos-blocos-de-rua-que-saem-na-2a-feira\/"},"wordCount":350,"publisher":{"@id":"https:\/\/www.notibras.com\/site\/#organization"},"image":{"@id":"https:\/\/www.notibras.com\/site\/veja-a-programacao-dos-blocos-de-rua-que-saem-na-2a-feira\/#primaryimage"},"thumbnailUrl":"https:\/\/www.notibras.com\/site\/wp-content\/uploads\/2024\/02\/cardf.momo_.webp","articleSection":["Quadradinho em Foco"],"inLanguage":"pt-BR"},{"@type":"WebPage","@id":"https:\/\/www.notibras.com\/site\/veja-a-programacao-dos-blocos-de-rua-que-saem-na-2a-feira\/","url":"https:\/\/www.notibras.com\/site\/veja-a-programacao-dos-blocos-de-rua-que-saem-na-2a-feira\/","name":"Veja a programa\u00e7\u00e3o dos blocos de rua que saem na 2\u00aa feira - Notibras","isPartOf":{"@id":"https:\/\/www.notibras.com\/site\/#website"},"primaryImageOfPage":{"@id":"https:\/\/www.notibras.com\/site\/veja-a-programacao-dos-blocos-de-rua-que-saem-na-2a-feira\/#primaryimage"},"image":{"@id":"https:\/\/www.notibras.com\/site\/veja-a-programacao-dos-blocos-de-rua-que-saem-na-2a-feira\/#primaryimage"},"thumbnailUrl":"https:\/\/www.notibras.com\/site\/wp-content\/uploads\/2024\/02\/cardf.momo_.webp","datePublished":"2024-02-12T04:13:28+00:00","dateModified":"2024-02-12T14:19:39+00:00","breadcrumb":{"@id":"https:\/\/www.notibras.com\/site\/veja-a-programacao-dos-blocos-de-rua-que-saem-na-2a-feira\/#breadcrumb"},"inLanguage":"pt-BR","potentialAction":[{"@type":"ReadAction","target":["https:\/\/www.notibras.com\/site\/veja-a-programacao-dos-blocos-de-rua-que-saem-na-2a-feira\/"]}]},{"@type":"ImageObject","inLanguage":"pt-BR","@id":"https:\/\/www.notibras.com\/site\/veja-a-programacao-dos-blocos-de-rua-que-saem-na-2a-feira\/#primaryimage","url":"https:\/\/www.notibras.com\/site\/wp-content\/uploads\/2024\/02\/cardf.momo_.webp","contentUrl":"https:\/\/www.notibras.com\/site\/wp-content\/uploads\/2024\/02\/cardf.momo_.webp","width":770,"height":513},{"@type":"BreadcrumbList","@id":"https:\/\/www.notibras.com\/site\/veja-a-programacao-dos-blocos-de-rua-que-saem-na-2a-feira\/#breadcrumb","itemListElement":[{"@type":"ListItem","position":1,"name":"In\u00edcio","item":"https:\/\/www.notibras.com\/site\/"},{"@type":"ListItem","position":2,"name":"Veja a programa\u00e7\u00e3o dos blocos de rua que saem na 2\u00aa feira"}]},{"@type":"WebSite","@id":"https:\/\/www.notibras.com\/site\/#website","url":"https:\/\/www.notibras.com\/site\/","name":"Notibras","description":"Not\u00edcias de Bras\u00edlia, do Brasil e do Mundo","publisher":{"@id":"https:\/\/www.notibras.com\/site\/#organization"},"potentialAction":[{"@type":"SearchAction","target":{"@type":"EntryPoint","urlTemplate":"https:\/\/www.notibras.com\/site\/?s={search_term_string}"},"query-input":{"@type":"PropertyValueSpecification","valueRequired":true,"valueName":"search_term_string"}}],"inLanguage":"pt-BR"},{"@type":"Organization","@id":"https:\/\/www.notibras.com\/site\/#organization","name":"Grupo Notibras de Comunica\u00e7\u00e3o","url":"https:\/\/www.notibras.com\/site\/","logo":{"@type":"ImageObject","inLanguage":"pt-BR","@id":"https:\/\/www.notibras.com\/site\/#\/schema\/logo\/image\/","url":"https:\/\/www.notibras.com\/site\/wp-content\/uploads\/2023\/01\/notibras23.png","contentUrl":"https:\/\/www.notibras.com\/site\/wp-content\/uploads\/2023\/01\/notibras23.png","width":350,"height":87,"caption":"Grupo Notibras de Comunica\u00e7\u00e3o"},"image":{"@id":"https:\/\/www.notibras.com\/site\/#\/schema\/logo\/image\/"},"sameAs":["https:\/\/www.facebook.com\/notibras\/","https:\/\/x.com\/Notibras","https:\/\/www.instagram.com\/notibras\/"]},{"@type":"Person","@id":"https:\/\/www.notibras.com\/site\/#\/schema\/person\/36ab0979449956132d3e5b517ea76ac8","name":"Reda\u00e7\u00e3o","image":{"@type":"ImageObject","inLanguage":"pt-BR","@id":"https:\/\/secure.gravatar.com\/avatar\/e0a867bdedb85fd243eadf09663511f96fc81e0720a4a42581f334ad4303aa6b?s=96&d=mm&r=g","url":"https:\/\/secure.gravatar.com\/avatar\/e0a867bdedb85fd243eadf09663511f96fc81e0720a4a42581f334ad4303aa6b?s=96&d=mm&r=g","contentUrl":"https:\/\/secure.gravatar.com\/avatar\/e0a867bdedb85fd243eadf09663511f96fc81e0720a4a42581f334ad4303aa6b?s=96&d=mm&r=g","caption":"Reda\u00e7\u00e3o"}}]}},"amp_enabled":true,"_links":{"self":[{"href":"https:\/\/www.notibras.com\/site\/wp-json\/wp\/v2\/posts\/322216","targetHints":{"allow":["GET"]}}],"collection":[{"href":"https:\/\/www.notibras.com\/site\/wp-json\/wp\/v2\/posts"}],"about":[{"href":"https:\/\/www.notibras.com\/site\/wp-json\/wp\/v2\/types\/post"}],"author":[{"embeddable":true,"href":"https:\/\/www.notibras.com\/site\/wp-json\/wp\/v2\/users\/2"}],"replies":[{"embeddable":true,"href":"https:\/\/www.notibras.com\/site\/wp-json\/wp\/v2\/comments?post=322216"}],"version-history":[{"count":1,"href":"https:\/\/www.notibras.com\/site\/wp-json\/wp\/v2\/posts\/322216\/revisions"}],"predecessor-version":[{"id":322218,"href":"https:\/\/www.notibras.com\/site\/wp-json\/wp\/v2\/posts\/322216\/revisions\/322218"}],"wp:featuredmedia":[{"embeddable":true,"href":"https:\/\/www.notibras.com\/site\/wp-json\/wp\/v2\/media\/322217"}],"wp:attachment":[{"href":"https:\/\/www.notibras.com\/site\/wp-json\/wp\/v2\/media?parent=322216"}],"wp:term":[{"taxonomy":"category","embeddable":true,"href":"https:\/\/www.notibras.com\/site\/wp-json\/wp\/v2\/categories?post=322216"},{"taxonomy":"post_tag","embeddable":true,"href":"https:\/\/www.notibras.com\/site\/wp-json\/wp\/v2\/tags?post=322216"}],"curies":[{"name":"wp","href":"https:\/\/api.w.org\/{rel}","templated":true}]}}