{"id":322219,"date":"2024-02-12T00:22:44","date_gmt":"2024-02-12T03:22:44","guid":{"rendered":"https:\/\/www.notibras.com\/site\/?p=322219"},"modified":"2024-02-12T11:25:31","modified_gmt":"2024-02-12T14:25:31","slug":"campanha-alerta-para-os-riscos-do-trabalho-infantil","status":"publish","type":"post","link":"https:\/\/www.notibras.com\/site\/campanha-alerta-para-os-riscos-do-trabalho-infantil\/","title":{"rendered":"Campanha alerta para os riscos do trabalho infantil"},"content":{"rendered":"<p>O feriado de carnaval remete a folia e alegria, mas tamb\u00e9m a trabalhadores informais que permanecem na labuta por dias, nas ruas de todo o pa\u00eds, para manter a festa de p\u00e9. Uma das preocupa\u00e7\u00f5es \u00e9 a de que muitos deles s\u00e3o crian\u00e7as e adolescentes.<\/p>\n<p>Com a chegada das festas, a Organiza\u00e7\u00e3o Internacional do Trabalho (OIT), o Minist\u00e9rio P\u00fablico do Trabalho, a Justi\u00e7a do Trabalho e o F\u00f3rum Nacional de Preven\u00e7\u00e3o e Erradica\u00e7\u00e3o do Trabalho Infantil (FNPETI) lan\u00e7aram campanha para alertar a popula\u00e7\u00e3o sobre os riscos do trabalho infantil. A campanha tem como lema Trabalho Infantil n\u00e3o Desfila no Carnaval e orienta a como fazer den\u00fancias de casos. Os canais usados para recebimento de den\u00fancias s\u00e3o o Disque 100 ou e o site do MPT.<\/p>\n<p>Em m\u00e9dia, a cada ano, as notifica\u00e7\u00f5es de casos de trabalho infantil aumentam 38% durante os meses de carnaval, em todo o pa\u00eds, de acordo com o Minist\u00e9rio P\u00fablico do Trabalho (MPT). A legisla\u00e7\u00e3o do Brasil pro\u00edbe o trabalho para pessoas com idade inferior a 16 anos. A exce\u00e7\u00e3o ocorre quando assegurada a condi\u00e7\u00e3o de aprendiz, prevista para adolescentes a partir dos 14 anos de idade. A lei estabelece que jovens com idade entre 16 e 18 anos podem trabalhar somente se n\u00e3o ficarem expostos a trabalho noturno, perigoso, insalubre ou \u00e0quele que traga algum preju\u00edzo \u00e0 sua forma\u00e7\u00e3o moral e ps\u00edquica.<\/p>\n<p>Conforme observa a secret\u00e1ria executiva do F\u00f3rum Nacional de Preven\u00e7\u00e3o e Erradica\u00e7\u00e3o do Trabalho Infantil (FNPETI), Katerina Volcov, ao estar pelas ruas, essas crian\u00e7as, v\u00edtimas de explora\u00e7\u00e3o, ficam vulner\u00e1veis em diversos n\u00edveis. Vender refrigerantes e garrafas d&#8217;\u00e1gua em meio a foli\u00f5es, por exemplo, pode, portanto, parecer algo inofensivo, quando, na realidade, n\u00e3o \u00e9. Quando n\u00e3o h\u00e1 a adequada supervis\u00e3o de um respons\u00e1vel, como \u00e9 o caso do carnaval, os menores de idade podem acabar sendo estimulados a usar drogas il\u00edcitas e ser submetidos a outras situa\u00e7\u00f5es perigosas, como ressalta a secret\u00e1ria..<\/p>\n<p>&#8220;As crian\u00e7as est\u00e3o sujeitas a riscos f\u00edsicos, psicol\u00f3gicos e emocionais. A crian\u00e7a que est\u00e1 vendendo algo na rua tem o risco de ser atropelada, de sofrer com as intemp\u00e9ries. Sol intenso ou chuva intensa podem causar enfermidades. Existe um grande risco de desaparecimento, de tr\u00e1fico de crian\u00e7as. Infelizmente, a gente tem muitas crian\u00e7as desaparecidas nessa \u00e9poca do ano&#8221;, argumenta a representante do FNPETI.<\/p>\n<p>Entre 2011 e 2020, o Brasil registrou 24.909 casos de acidentes de trabalho e 466 mortes envolvendo menores de 18 anos de idade, com uma m\u00e9dia de 2,5 mil acidentes e 47 mortes por ano. Os dados foram levantados por um estudo da Funda\u00e7\u00e3o Oswaldo Cruz (Fiocruz).<\/p>\n","protected":false},"excerpt":{"rendered":"<p>O feriado de carnaval remete a folia e alegria, mas tamb\u00e9m a trabalhadores informais que permanecem na labuta por dias, nas ruas de todo o pa\u00eds, para manter a festa de p\u00e9. Uma das preocupa\u00e7\u00f5es \u00e9 a de que muitos deles s\u00e3o crian\u00e7as e adolescentes. Com a chegada das festas, a Organiza\u00e7\u00e3o Internacional do Trabalho [&hellip;]<\/p>\n","protected":false},"author":2,"featured_media":322220,"comment_status":"closed","ping_status":"closed","sticky":false,"template":"","format":"standard","meta":{"_acf_changed":false,"footnotes":""},"categories":[161],"tags":[],"class_list":["post-322219","post","type-post","status-publish","format-standard","has-post-thumbnail","hentry","category-quadradinho-em-foco"],"acf":[],"yoast_head":"<!-- This site is optimized with the Yoast SEO plugin v27.2 - https:\/\/yoast.com\/product\/yoast-seo-wordpress\/ -->\n<title>Campanha alerta para os riscos do trabalho infantil - Notibras<\/title>\n<meta name=\"robots\" content=\"index, follow, max-snippet:-1, max-image-preview:large, max-video-preview:-1\" \/>\n<link rel=\"canonical\" href=\"https:\/\/www.notibras.com\/site\/campanha-alerta-para-os-riscos-do-trabalho-infantil\/\" \/>\n<meta property=\"og:locale\" content=\"pt_BR\" \/>\n<meta property=\"og:type\" content=\"article\" \/>\n<meta property=\"og:title\" content=\"Campanha alerta para os riscos do trabalho infantil - Notibras\" \/>\n<meta property=\"og:description\" content=\"O feriado de carnaval remete a folia e alegria, mas tamb\u00e9m a trabalhadores informais que permanecem na labuta por dias, nas ruas de todo o pa\u00eds, para manter a festa de p\u00e9. Uma das preocupa\u00e7\u00f5es \u00e9 a de que muitos deles s\u00e3o crian\u00e7as e adolescentes. Com a chegada das festas, a Organiza\u00e7\u00e3o Internacional do Trabalho [&hellip;]\" \/>\n<meta property=\"og:url\" content=\"https:\/\/www.notibras.com\/site\/campanha-alerta-para-os-riscos-do-trabalho-infantil\/\" \/>\n<meta property=\"og:site_name\" content=\"Notibras\" \/>\n<meta property=\"article:publisher\" content=\"https:\/\/www.facebook.com\/notibras\/\" \/>\n<meta property=\"article:published_time\" content=\"2024-02-12T03:22:44+00:00\" \/>\n<meta property=\"article:modified_time\" content=\"2024-02-12T14:25:31+00:00\" \/>\n<meta property=\"og:image\" content=\"https:\/\/www.notibras.com\/site\/wp-content\/uploads\/2024\/02\/carcri.trb_.webp\" \/>\n\t<meta property=\"og:image:width\" content=\"1170\" \/>\n\t<meta property=\"og:image:height\" content=\"700\" \/>\n\t<meta property=\"og:image:type\" content=\"image\/webp\" \/>\n<meta name=\"author\" content=\"Reda\u00e7\u00e3o\" \/>\n<meta name=\"twitter:card\" content=\"summary_large_image\" \/>\n<meta name=\"twitter:creator\" content=\"@Notibras\" \/>\n<meta name=\"twitter:site\" content=\"@Notibras\" \/>\n<meta name=\"twitter:label1\" content=\"Escrito por\" \/>\n\t<meta name=\"twitter:data1\" content=\"Reda\u00e7\u00e3o\" \/>\n\t<meta name=\"twitter:label2\" content=\"Est. tempo de leitura\" \/>\n\t<meta name=\"twitter:data2\" content=\"3 minutos\" \/>\n<script type=\"application\/ld+json\" class=\"yoast-schema-graph\">{\"@context\":\"https:\/\/schema.org\",\"@graph\":[{\"@type\":\"Article\",\"@id\":\"https:\/\/www.notibras.com\/site\/campanha-alerta-para-os-riscos-do-trabalho-infantil\/#article\",\"isPartOf\":{\"@id\":\"https:\/\/www.notibras.com\/site\/campanha-alerta-para-os-riscos-do-trabalho-infantil\/\"},\"author\":{\"name\":\"Reda\u00e7\u00e3o\",\"@id\":\"https:\/\/www.notibras.com\/site\/#\/schema\/person\/36ab0979449956132d3e5b517ea76ac8\"},\"headline\":\"Campanha alerta para os riscos do trabalho infantil\",\"datePublished\":\"2024-02-12T03:22:44+00:00\",\"dateModified\":\"2024-02-12T14:25:31+00:00\",\"mainEntityOfPage\":{\"@id\":\"https:\/\/www.notibras.com\/site\/campanha-alerta-para-os-riscos-do-trabalho-infantil\/\"},\"wordCount\":479,\"publisher\":{\"@id\":\"https:\/\/www.notibras.com\/site\/#organization\"},\"image\":{\"@id\":\"https:\/\/www.notibras.com\/site\/campanha-alerta-para-os-riscos-do-trabalho-infantil\/#primaryimage\"},\"thumbnailUrl\":\"https:\/\/www.notibras.com\/site\/wp-content\/uploads\/2024\/02\/carcri.trb_.webp\",\"articleSection\":[\"Quadradinho em Foco\"],\"inLanguage\":\"pt-BR\"},{\"@type\":\"WebPage\",\"@id\":\"https:\/\/www.notibras.com\/site\/campanha-alerta-para-os-riscos-do-trabalho-infantil\/\",\"url\":\"https:\/\/www.notibras.com\/site\/campanha-alerta-para-os-riscos-do-trabalho-infantil\/\",\"name\":\"Campanha alerta para os riscos do trabalho infantil - Notibras\",\"isPartOf\":{\"@id\":\"https:\/\/www.notibras.com\/site\/#website\"},\"primaryImageOfPage\":{\"@id\":\"https:\/\/www.notibras.com\/site\/campanha-alerta-para-os-riscos-do-trabalho-infantil\/#primaryimage\"},\"image\":{\"@id\":\"https:\/\/www.notibras.com\/site\/campanha-alerta-para-os-riscos-do-trabalho-infantil\/#primaryimage\"},\"thumbnailUrl\":\"https:\/\/www.notibras.com\/site\/wp-content\/uploads\/2024\/02\/carcri.trb_.webp\",\"datePublished\":\"2024-02-12T03:22:44+00:00\",\"dateModified\":\"2024-02-12T14:25:31+00:00\",\"breadcrumb\":{\"@id\":\"https:\/\/www.notibras.com\/site\/campanha-alerta-para-os-riscos-do-trabalho-infantil\/#breadcrumb\"},\"inLanguage\":\"pt-BR\",\"potentialAction\":[{\"@type\":\"ReadAction\",\"target\":[\"https:\/\/www.notibras.com\/site\/campanha-alerta-para-os-riscos-do-trabalho-infantil\/\"]}]},{\"@type\":\"ImageObject\",\"inLanguage\":\"pt-BR\",\"@id\":\"https:\/\/www.notibras.com\/site\/campanha-alerta-para-os-riscos-do-trabalho-infantil\/#primaryimage\",\"url\":\"https:\/\/www.notibras.com\/site\/wp-content\/uploads\/2024\/02\/carcri.trb_.webp\",\"contentUrl\":\"https:\/\/www.notibras.com\/site\/wp-content\/uploads\/2024\/02\/carcri.trb_.webp\",\"width\":1170,\"height\":700},{\"@type\":\"BreadcrumbList\",\"@id\":\"https:\/\/www.notibras.com\/site\/campanha-alerta-para-os-riscos-do-trabalho-infantil\/#breadcrumb\",\"itemListElement\":[{\"@type\":\"ListItem\",\"position\":1,\"name\":\"In\u00edcio\",\"item\":\"https:\/\/www.notibras.com\/site\/\"},{\"@type\":\"ListItem\",\"position\":2,\"name\":\"Campanha alerta para os riscos do trabalho infantil\"}]},{\"@type\":\"WebSite\",\"@id\":\"https:\/\/www.notibras.com\/site\/#website\",\"url\":\"https:\/\/www.notibras.com\/site\/\",\"name\":\"Notibras\",\"description\":\"Not\u00edcias de Bras\u00edlia, do Brasil e do Mundo\",\"publisher\":{\"@id\":\"https:\/\/www.notibras.com\/site\/#organization\"},\"potentialAction\":[{\"@type\":\"SearchAction\",\"target\":{\"@type\":\"EntryPoint\",\"urlTemplate\":\"https:\/\/www.notibras.com\/site\/?s={search_term_string}\"},\"query-input\":{\"@type\":\"PropertyValueSpecification\",\"valueRequired\":true,\"valueName\":\"search_term_string\"}}],\"inLanguage\":\"pt-BR\"},{\"@type\":\"Organization\",\"@id\":\"https:\/\/www.notibras.com\/site\/#organization\",\"name\":\"Grupo Notibras de Comunica\u00e7\u00e3o\",\"url\":\"https:\/\/www.notibras.com\/site\/\",\"logo\":{\"@type\":\"ImageObject\",\"inLanguage\":\"pt-BR\",\"@id\":\"https:\/\/www.notibras.com\/site\/#\/schema\/logo\/image\/\",\"url\":\"https:\/\/www.notibras.com\/site\/wp-content\/uploads\/2023\/01\/notibras23.png\",\"contentUrl\":\"https:\/\/www.notibras.com\/site\/wp-content\/uploads\/2023\/01\/notibras23.png\",\"width\":350,\"height\":87,\"caption\":\"Grupo Notibras de Comunica\u00e7\u00e3o\"},\"image\":{\"@id\":\"https:\/\/www.notibras.com\/site\/#\/schema\/logo\/image\/\"},\"sameAs\":[\"https:\/\/www.facebook.com\/notibras\/\",\"https:\/\/x.com\/Notibras\",\"https:\/\/www.instagram.com\/notibras\/\"]},{\"@type\":\"Person\",\"@id\":\"https:\/\/www.notibras.com\/site\/#\/schema\/person\/36ab0979449956132d3e5b517ea76ac8\",\"name\":\"Reda\u00e7\u00e3o\",\"image\":{\"@type\":\"ImageObject\",\"inLanguage\":\"pt-BR\",\"@id\":\"https:\/\/secure.gravatar.com\/avatar\/e0a867bdedb85fd243eadf09663511f96fc81e0720a4a42581f334ad4303aa6b?s=96&d=mm&r=g\",\"url\":\"https:\/\/secure.gravatar.com\/avatar\/e0a867bdedb85fd243eadf09663511f96fc81e0720a4a42581f334ad4303aa6b?s=96&d=mm&r=g\",\"contentUrl\":\"https:\/\/secure.gravatar.com\/avatar\/e0a867bdedb85fd243eadf09663511f96fc81e0720a4a42581f334ad4303aa6b?s=96&d=mm&r=g\",\"caption\":\"Reda\u00e7\u00e3o\"}}]}<\/script>\n<!-- \/ Yoast SEO plugin. -->","yoast_head_json":{"title":"Campanha alerta para os riscos do trabalho infantil - Notibras","robots":{"index":"index","follow":"follow","max-snippet":"max-snippet:-1","max-image-preview":"max-image-preview:large","max-video-preview":"max-video-preview:-1"},"canonical":"https:\/\/www.notibras.com\/site\/campanha-alerta-para-os-riscos-do-trabalho-infantil\/","og_locale":"pt_BR","og_type":"article","og_title":"Campanha alerta para os riscos do trabalho infantil - Notibras","og_description":"O feriado de carnaval remete a folia e alegria, mas tamb\u00e9m a trabalhadores informais que permanecem na labuta por dias, nas ruas de todo o pa\u00eds, para manter a festa de p\u00e9. Uma das preocupa\u00e7\u00f5es \u00e9 a de que muitos deles s\u00e3o crian\u00e7as e adolescentes. Com a chegada das festas, a Organiza\u00e7\u00e3o Internacional do Trabalho [&hellip;]","og_url":"https:\/\/www.notibras.com\/site\/campanha-alerta-para-os-riscos-do-trabalho-infantil\/","og_site_name":"Notibras","article_publisher":"https:\/\/www.facebook.com\/notibras\/","article_published_time":"2024-02-12T03:22:44+00:00","article_modified_time":"2024-02-12T14:25:31+00:00","og_image":[{"width":1170,"height":700,"url":"https:\/\/www.notibras.com\/site\/wp-content\/uploads\/2024\/02\/carcri.trb_.webp","type":"image\/webp"}],"author":"Reda\u00e7\u00e3o","twitter_card":"summary_large_image","twitter_creator":"@Notibras","twitter_site":"@Notibras","twitter_misc":{"Escrito por":"Reda\u00e7\u00e3o","Est. tempo de leitura":"3 minutos"},"schema":{"@context":"https:\/\/schema.org","@graph":[{"@type":"Article","@id":"https:\/\/www.notibras.com\/site\/campanha-alerta-para-os-riscos-do-trabalho-infantil\/#article","isPartOf":{"@id":"https:\/\/www.notibras.com\/site\/campanha-alerta-para-os-riscos-do-trabalho-infantil\/"},"author":{"name":"Reda\u00e7\u00e3o","@id":"https:\/\/www.notibras.com\/site\/#\/schema\/person\/36ab0979449956132d3e5b517ea76ac8"},"headline":"Campanha alerta para os riscos do trabalho infantil","datePublished":"2024-02-12T03:22:44+00:00","dateModified":"2024-02-12T14:25:31+00:00","mainEntityOfPage":{"@id":"https:\/\/www.notibras.com\/site\/campanha-alerta-para-os-riscos-do-trabalho-infantil\/"},"wordCount":479,"publisher":{"@id":"https:\/\/www.notibras.com\/site\/#organization"},"image":{"@id":"https:\/\/www.notibras.com\/site\/campanha-alerta-para-os-riscos-do-trabalho-infantil\/#primaryimage"},"thumbnailUrl":"https:\/\/www.notibras.com\/site\/wp-content\/uploads\/2024\/02\/carcri.trb_.webp","articleSection":["Quadradinho em Foco"],"inLanguage":"pt-BR"},{"@type":"WebPage","@id":"https:\/\/www.notibras.com\/site\/campanha-alerta-para-os-riscos-do-trabalho-infantil\/","url":"https:\/\/www.notibras.com\/site\/campanha-alerta-para-os-riscos-do-trabalho-infantil\/","name":"Campanha alerta para os riscos do trabalho infantil - Notibras","isPartOf":{"@id":"https:\/\/www.notibras.com\/site\/#website"},"primaryImageOfPage":{"@id":"https:\/\/www.notibras.com\/site\/campanha-alerta-para-os-riscos-do-trabalho-infantil\/#primaryimage"},"image":{"@id":"https:\/\/www.notibras.com\/site\/campanha-alerta-para-os-riscos-do-trabalho-infantil\/#primaryimage"},"thumbnailUrl":"https:\/\/www.notibras.com\/site\/wp-content\/uploads\/2024\/02\/carcri.trb_.webp","datePublished":"2024-02-12T03:22:44+00:00","dateModified":"2024-02-12T14:25:31+00:00","breadcrumb":{"@id":"https:\/\/www.notibras.com\/site\/campanha-alerta-para-os-riscos-do-trabalho-infantil\/#breadcrumb"},"inLanguage":"pt-BR","potentialAction":[{"@type":"ReadAction","target":["https:\/\/www.notibras.com\/site\/campanha-alerta-para-os-riscos-do-trabalho-infantil\/"]}]},{"@type":"ImageObject","inLanguage":"pt-BR","@id":"https:\/\/www.notibras.com\/site\/campanha-alerta-para-os-riscos-do-trabalho-infantil\/#primaryimage","url":"https:\/\/www.notibras.com\/site\/wp-content\/uploads\/2024\/02\/carcri.trb_.webp","contentUrl":"https:\/\/www.notibras.com\/site\/wp-content\/uploads\/2024\/02\/carcri.trb_.webp","width":1170,"height":700},{"@type":"BreadcrumbList","@id":"https:\/\/www.notibras.com\/site\/campanha-alerta-para-os-riscos-do-trabalho-infantil\/#breadcrumb","itemListElement":[{"@type":"ListItem","position":1,"name":"In\u00edcio","item":"https:\/\/www.notibras.com\/site\/"},{"@type":"ListItem","position":2,"name":"Campanha alerta para os riscos do trabalho infantil"}]},{"@type":"WebSite","@id":"https:\/\/www.notibras.com\/site\/#website","url":"https:\/\/www.notibras.com\/site\/","name":"Notibras","description":"Not\u00edcias de Bras\u00edlia, do Brasil e do Mundo","publisher":{"@id":"https:\/\/www.notibras.com\/site\/#organization"},"potentialAction":[{"@type":"SearchAction","target":{"@type":"EntryPoint","urlTemplate":"https:\/\/www.notibras.com\/site\/?s={search_term_string}"},"query-input":{"@type":"PropertyValueSpecification","valueRequired":true,"valueName":"search_term_string"}}],"inLanguage":"pt-BR"},{"@type":"Organization","@id":"https:\/\/www.notibras.com\/site\/#organization","name":"Grupo Notibras de Comunica\u00e7\u00e3o","url":"https:\/\/www.notibras.com\/site\/","logo":{"@type":"ImageObject","inLanguage":"pt-BR","@id":"https:\/\/www.notibras.com\/site\/#\/schema\/logo\/image\/","url":"https:\/\/www.notibras.com\/site\/wp-content\/uploads\/2023\/01\/notibras23.png","contentUrl":"https:\/\/www.notibras.com\/site\/wp-content\/uploads\/2023\/01\/notibras23.png","width":350,"height":87,"caption":"Grupo Notibras de Comunica\u00e7\u00e3o"},"image":{"@id":"https:\/\/www.notibras.com\/site\/#\/schema\/logo\/image\/"},"sameAs":["https:\/\/www.facebook.com\/notibras\/","https:\/\/x.com\/Notibras","https:\/\/www.instagram.com\/notibras\/"]},{"@type":"Person","@id":"https:\/\/www.notibras.com\/site\/#\/schema\/person\/36ab0979449956132d3e5b517ea76ac8","name":"Reda\u00e7\u00e3o","image":{"@type":"ImageObject","inLanguage":"pt-BR","@id":"https:\/\/secure.gravatar.com\/avatar\/e0a867bdedb85fd243eadf09663511f96fc81e0720a4a42581f334ad4303aa6b?s=96&d=mm&r=g","url":"https:\/\/secure.gravatar.com\/avatar\/e0a867bdedb85fd243eadf09663511f96fc81e0720a4a42581f334ad4303aa6b?s=96&d=mm&r=g","contentUrl":"https:\/\/secure.gravatar.com\/avatar\/e0a867bdedb85fd243eadf09663511f96fc81e0720a4a42581f334ad4303aa6b?s=96&d=mm&r=g","caption":"Reda\u00e7\u00e3o"}}]}},"amp_enabled":true,"_links":{"self":[{"href":"https:\/\/www.notibras.com\/site\/wp-json\/wp\/v2\/posts\/322219","targetHints":{"allow":["GET"]}}],"collection":[{"href":"https:\/\/www.notibras.com\/site\/wp-json\/wp\/v2\/posts"}],"about":[{"href":"https:\/\/www.notibras.com\/site\/wp-json\/wp\/v2\/types\/post"}],"author":[{"embeddable":true,"href":"https:\/\/www.notibras.com\/site\/wp-json\/wp\/v2\/users\/2"}],"replies":[{"embeddable":true,"href":"https:\/\/www.notibras.com\/site\/wp-json\/wp\/v2\/comments?post=322219"}],"version-history":[{"count":1,"href":"https:\/\/www.notibras.com\/site\/wp-json\/wp\/v2\/posts\/322219\/revisions"}],"predecessor-version":[{"id":322221,"href":"https:\/\/www.notibras.com\/site\/wp-json\/wp\/v2\/posts\/322219\/revisions\/322221"}],"wp:featuredmedia":[{"embeddable":true,"href":"https:\/\/www.notibras.com\/site\/wp-json\/wp\/v2\/media\/322220"}],"wp:attachment":[{"href":"https:\/\/www.notibras.com\/site\/wp-json\/wp\/v2\/media?parent=322219"}],"wp:term":[{"taxonomy":"category","embeddable":true,"href":"https:\/\/www.notibras.com\/site\/wp-json\/wp\/v2\/categories?post=322219"},{"taxonomy":"post_tag","embeddable":true,"href":"https:\/\/www.notibras.com\/site\/wp-json\/wp\/v2\/tags?post=322219"}],"curies":[{"name":"wp","href":"https:\/\/api.w.org\/{rel}","templated":true}]}}