{"id":322222,"date":"2024-02-12T00:30:37","date_gmt":"2024-02-12T03:30:37","guid":{"rendered":"https:\/\/www.notibras.com\/site\/?p=322222"},"modified":"2024-02-12T11:32:44","modified_gmt":"2024-02-12T14:32:44","slug":"auditoria-aponta-numero-reduzido-de-agentes-de-saude","status":"publish","type":"post","link":"https:\/\/www.notibras.com\/site\/auditoria-aponta-numero-reduzido-de-agentes-de-saude\/","title":{"rendered":"Auditoria aponta n\u00famero reduzido de agentes de sa\u00fade"},"content":{"rendered":"<p>Uma fiscaliza\u00e7\u00e3o realizada pelo Tribunal de Contas do Distrito Federal na Secretaria de Sa\u00fade revelou um dado alarmante diante do estado de emerg\u00eancia provocado pela epidemia de dengue: o n\u00famero de agentes comunit\u00e1rios de sa\u00fade est\u00e1 bem abaixo do preconizado pelo Minist\u00e9rio da Sa\u00fade. Esses profissionais das Unidades B\u00e1sicas de Sa\u00fade (UBS) s\u00e3o respons\u00e1veis pelas a\u00e7\u00f5es de preven\u00e7\u00e3o e controle da doen\u00e7a e tamb\u00e9m pela notifica\u00e7\u00e3o de casos suspeitos de dengue.<\/p>\n<p>A Pol\u00edtica Nacional de Aten\u00e7\u00e3o B\u00e1sica, do Minist\u00e9rio da Sa\u00fade, recomenda que cada equipe de sa\u00fade da fam\u00edlia tenha at\u00e9 seis agentes comunit\u00e1rios de sa\u00fade para atender uma regi\u00e3o de 2.000 at\u00e9 3.500 pessoas. Na pr\u00e1tica, o Tribunal de Contas do DF observou que diversas regi\u00f5es do Distrito Federal n\u00e3o t\u00eam sequer a quantidade m\u00ednima de agentes para atendimento da popula\u00e7\u00e3o. O relat\u00f3rio pr\u00e9vio de uma auditoria em curso no TCDF revela que o Distrito Federal tem, em m\u00e9dia, dois agentes comunit\u00e1rios de sa\u00fade para cada quatro mil pessoas. Mas em algumas Regi\u00f5es Administrativas (RAs) a situa\u00e7\u00e3o \u00e9 ainda pior.<\/p>\n<p>Em alguns locais, h\u00e1 apenas uma equipe para 23 mil habitantes, como \u00e9 o caso do Sol Nascente, regi\u00e3o com alto \u00edndice de vulnerabilidade social e com apenas quatro equipes para atender uma popula\u00e7\u00e3o de 95 mil pessoas. S\u00e3o Sebasti\u00e3o, Itapo\u00e3, Planaltina e Brazl\u00e2ndia tamb\u00e9m sofrem com falta de agentes de sa\u00fade.<\/p>\n<p>Tal situa\u00e7\u00e3o pode afetar diretamente o minucioso e estrat\u00e9gico trabalho de combate \u00e0 dengue nessas regi\u00f5es, j\u00e1 que \u00e9 o contato direto dos agentes com a popula\u00e7\u00e3o, orientando sobre os modos de evitar a prolifera\u00e7\u00e3o do mosquito, vistoriando os locais, eliminando os prov\u00e1veis criadouros e informando sobre a doen\u00e7a, os sintomas e riscos, a a\u00e7\u00e3o mais efetiva no combate \u00e0 doen\u00e7a. S\u00f3 no m\u00eas de janeiro de 2024, o Distrito Federal registrou 30 mil casos de contamina\u00e7\u00e3o por dengue. Um aumento de 982%, segundo dados do Minist\u00e9rio da Sa\u00fade.<\/p>\n<p>Nova inspe\u00e7\u00e3o na Secretaria de Sa\u00fade &#8211; Diante disso, o Tribunal determinou uma inspe\u00e7\u00e3o junto \u00e0 Secretaria de Estado de Sa\u00fade do Distrito Federal, a fim de obter informa\u00e7\u00f5es sobre as medidas adotadas para controle e enfrentamento da Dengue no Distrito Federal (Processo n\u00ba 10.411\/2019). O TCDF tamb\u00e9m vai analisar a licita\u00e7\u00e3o lan\u00e7ada pela para contrata\u00e7\u00e3o de empresa especializada na presta\u00e7\u00e3o de servi\u00e7os de manuten\u00e7\u00e3o preventiva e corretiva dos equipamentos de aplica\u00e7\u00e3o de inseticida a Ultra Baixo Volume \u2013 UBV, pesado, costal, termonebulizadores e outros equipamentos inerentes ao trabalho de controle da Dengue (Preg\u00e3o Eletr\u00f4nico n\u00ba 195\/2022 &#8211; UASG 926119).<\/p>\n<p>Outros dados da auditoria sobre aten\u00e7\u00e3o prim\u00e1ria &#8211; A fiscaliza\u00e7\u00e3o do Tribunal identificou que, das 615 equipes de sa\u00fade da fam\u00edlia, 23,2% trabalham com popula\u00e7\u00e3o cadastrada acima do limite m\u00e1ximo estabelecido pela Pol\u00edtica Distrital de Aten\u00e7\u00e3o Prim\u00e1ria do DF. A auditoria da Corte de Contas ainda revela outro cen\u00e1rio preocupante: o DF tem a quinta pior cobertura de aten\u00e7\u00e3o prim\u00e1ria \u00e0 sa\u00fade do pa\u00eds.<\/p>\n<p>O relat\u00f3rio pr\u00e9vio apontou que tamb\u00e9m h\u00e1 discrep\u00e2ncias na distribui\u00e7\u00e3o das equipes de sa\u00fade do Distrito Federal. Segundo o documento, das 33 Regi\u00f5es Administrativas do DF, 22 possuem quantidade de equipes menor do que o preconizado na legisla\u00e7\u00e3o. Situa\u00e7\u00e3o que \u00e9 agravada pela falta de reserva t\u00e9cnica para a substitui\u00e7\u00e3o de profissionais nos casos de licen\u00e7as e afastamentos. Com equipes reduzidas em diversas regi\u00f5es do Distrito Federal, em especial nas regi\u00f5es mais vulner\u00e1veis social e economicamente, o trabalho de preven\u00e7\u00e3o e conscientiza\u00e7\u00e3o junto \u00e0 comunidade pode ser comprometido.<\/p>\n<p>Den\u00fancia sobre o combate \u00e0 dengue &#8211; A alta no n\u00famero de casos tamb\u00e9m levou um parlamentar distrital a protocolar uma representa\u00e7\u00e3o, com pedido de medida cautelar, no Tribunal de Contas do Distrito Federal (TCDF) no dia 29 de janeiro. O documento denuncia supostas ilegalidades e impropriedades praticadas pela Secretaria de Sa\u00fade, nas a\u00e7\u00f5es de combate \u00e0 dengue. A representa\u00e7\u00e3o foi conhecida pelo plen\u00e1rio do TCDF nesta quarta-feira, 7 de fevereiro.<\/p>\n<p><strong>Dados sobre o DF<\/strong><br \/>\n&#8211; 30 mil casos de dengue registrados em janeiro de 2024<br \/>\n&#8211; 5\u00aa pior cobertura de aten\u00e7\u00e3o prim\u00e1ria \u00e0 sa\u00fade do pa\u00eds<br \/>\n&#8211; 23% das equipes de sa\u00fade da fam\u00edlia com popula\u00e7\u00e3o cadastrada acima do limite m\u00e1ximo<br \/>\n&#8211; M\u00e9dia de dois agentes comunit\u00e1rios de sa\u00fade para a cada quatro mil pessoas<\/p>\n","protected":false},"excerpt":{"rendered":"<p>Uma fiscaliza\u00e7\u00e3o realizada pelo Tribunal de Contas do Distrito Federal na Secretaria de Sa\u00fade revelou um dado alarmante diante do estado de emerg\u00eancia provocado pela epidemia de dengue: o n\u00famero de agentes comunit\u00e1rios de sa\u00fade est\u00e1 bem abaixo do preconizado pelo Minist\u00e9rio da Sa\u00fade. Esses profissionais das Unidades B\u00e1sicas de Sa\u00fade (UBS) s\u00e3o respons\u00e1veis pelas [&hellip;]<\/p>\n","protected":false},"author":2,"featured_media":322223,"comment_status":"closed","ping_status":"closed","sticky":false,"template":"","format":"standard","meta":{"_acf_changed":false,"footnotes":""},"categories":[161],"tags":[],"class_list":["post-322222","post","type-post","status-publish","format-standard","has-post-thumbnail","hentry","category-quadradinho-em-foco"],"acf":[],"yoast_head":"<!-- This site is optimized with the Yoast SEO plugin v27.2 - https:\/\/yoast.com\/product\/yoast-seo-wordpress\/ -->\n<title>Auditoria aponta n\u00famero reduzido de agentes de sa\u00fade - Notibras<\/title>\n<meta name=\"robots\" content=\"index, follow, max-snippet:-1, max-image-preview:large, max-video-preview:-1\" \/>\n<link rel=\"canonical\" href=\"https:\/\/www.notibras.com\/site\/auditoria-aponta-numero-reduzido-de-agentes-de-saude\/\" \/>\n<meta property=\"og:locale\" content=\"pt_BR\" \/>\n<meta property=\"og:type\" content=\"article\" \/>\n<meta property=\"og:title\" content=\"Auditoria aponta n\u00famero reduzido de agentes de sa\u00fade - Notibras\" \/>\n<meta property=\"og:description\" content=\"Uma fiscaliza\u00e7\u00e3o realizada pelo Tribunal de Contas do Distrito Federal na Secretaria de Sa\u00fade revelou um dado alarmante diante do estado de emerg\u00eancia provocado pela epidemia de dengue: o n\u00famero de agentes comunit\u00e1rios de sa\u00fade est\u00e1 bem abaixo do preconizado pelo Minist\u00e9rio da Sa\u00fade. Esses profissionais das Unidades B\u00e1sicas de Sa\u00fade (UBS) s\u00e3o respons\u00e1veis pelas [&hellip;]\" \/>\n<meta property=\"og:url\" content=\"https:\/\/www.notibras.com\/site\/auditoria-aponta-numero-reduzido-de-agentes-de-saude\/\" \/>\n<meta property=\"og:site_name\" content=\"Notibras\" \/>\n<meta property=\"article:publisher\" content=\"https:\/\/www.facebook.com\/notibras\/\" \/>\n<meta property=\"article:published_time\" content=\"2024-02-12T03:30:37+00:00\" \/>\n<meta property=\"article:modified_time\" content=\"2024-02-12T14:32:44+00:00\" \/>\n<meta property=\"og:image\" content=\"https:\/\/www.notibras.com\/site\/wp-content\/uploads\/2024\/02\/agentesanitario.webp\" \/>\n\t<meta property=\"og:image:width\" content=\"770\" \/>\n\t<meta property=\"og:image:height\" content=\"513\" \/>\n\t<meta property=\"og:image:type\" content=\"image\/webp\" \/>\n<meta name=\"author\" content=\"Reda\u00e7\u00e3o\" \/>\n<meta name=\"twitter:card\" content=\"summary_large_image\" \/>\n<meta name=\"twitter:creator\" content=\"@Notibras\" \/>\n<meta name=\"twitter:site\" content=\"@Notibras\" \/>\n<meta name=\"twitter:label1\" content=\"Escrito por\" \/>\n\t<meta name=\"twitter:data1\" content=\"Reda\u00e7\u00e3o\" \/>\n\t<meta name=\"twitter:label2\" content=\"Est. tempo de leitura\" \/>\n\t<meta name=\"twitter:data2\" content=\"4 minutos\" \/>\n<script type=\"application\/ld+json\" class=\"yoast-schema-graph\">{\"@context\":\"https:\/\/schema.org\",\"@graph\":[{\"@type\":\"Article\",\"@id\":\"https:\/\/www.notibras.com\/site\/auditoria-aponta-numero-reduzido-de-agentes-de-saude\/#article\",\"isPartOf\":{\"@id\":\"https:\/\/www.notibras.com\/site\/auditoria-aponta-numero-reduzido-de-agentes-de-saude\/\"},\"author\":{\"name\":\"Reda\u00e7\u00e3o\",\"@id\":\"https:\/\/www.notibras.com\/site\/#\/schema\/person\/36ab0979449956132d3e5b517ea76ac8\"},\"headline\":\"Auditoria aponta n\u00famero reduzido de agentes de sa\u00fade\",\"datePublished\":\"2024-02-12T03:30:37+00:00\",\"dateModified\":\"2024-02-12T14:32:44+00:00\",\"mainEntityOfPage\":{\"@id\":\"https:\/\/www.notibras.com\/site\/auditoria-aponta-numero-reduzido-de-agentes-de-saude\/\"},\"wordCount\":793,\"publisher\":{\"@id\":\"https:\/\/www.notibras.com\/site\/#organization\"},\"image\":{\"@id\":\"https:\/\/www.notibras.com\/site\/auditoria-aponta-numero-reduzido-de-agentes-de-saude\/#primaryimage\"},\"thumbnailUrl\":\"https:\/\/www.notibras.com\/site\/wp-content\/uploads\/2024\/02\/agentesanitario.webp\",\"articleSection\":[\"Quadradinho em Foco\"],\"inLanguage\":\"pt-BR\"},{\"@type\":\"WebPage\",\"@id\":\"https:\/\/www.notibras.com\/site\/auditoria-aponta-numero-reduzido-de-agentes-de-saude\/\",\"url\":\"https:\/\/www.notibras.com\/site\/auditoria-aponta-numero-reduzido-de-agentes-de-saude\/\",\"name\":\"Auditoria aponta n\u00famero reduzido de agentes de sa\u00fade - Notibras\",\"isPartOf\":{\"@id\":\"https:\/\/www.notibras.com\/site\/#website\"},\"primaryImageOfPage\":{\"@id\":\"https:\/\/www.notibras.com\/site\/auditoria-aponta-numero-reduzido-de-agentes-de-saude\/#primaryimage\"},\"image\":{\"@id\":\"https:\/\/www.notibras.com\/site\/auditoria-aponta-numero-reduzido-de-agentes-de-saude\/#primaryimage\"},\"thumbnailUrl\":\"https:\/\/www.notibras.com\/site\/wp-content\/uploads\/2024\/02\/agentesanitario.webp\",\"datePublished\":\"2024-02-12T03:30:37+00:00\",\"dateModified\":\"2024-02-12T14:32:44+00:00\",\"breadcrumb\":{\"@id\":\"https:\/\/www.notibras.com\/site\/auditoria-aponta-numero-reduzido-de-agentes-de-saude\/#breadcrumb\"},\"inLanguage\":\"pt-BR\",\"potentialAction\":[{\"@type\":\"ReadAction\",\"target\":[\"https:\/\/www.notibras.com\/site\/auditoria-aponta-numero-reduzido-de-agentes-de-saude\/\"]}]},{\"@type\":\"ImageObject\",\"inLanguage\":\"pt-BR\",\"@id\":\"https:\/\/www.notibras.com\/site\/auditoria-aponta-numero-reduzido-de-agentes-de-saude\/#primaryimage\",\"url\":\"https:\/\/www.notibras.com\/site\/wp-content\/uploads\/2024\/02\/agentesanitario.webp\",\"contentUrl\":\"https:\/\/www.notibras.com\/site\/wp-content\/uploads\/2024\/02\/agentesanitario.webp\",\"width\":770,\"height\":513},{\"@type\":\"BreadcrumbList\",\"@id\":\"https:\/\/www.notibras.com\/site\/auditoria-aponta-numero-reduzido-de-agentes-de-saude\/#breadcrumb\",\"itemListElement\":[{\"@type\":\"ListItem\",\"position\":1,\"name\":\"In\u00edcio\",\"item\":\"https:\/\/www.notibras.com\/site\/\"},{\"@type\":\"ListItem\",\"position\":2,\"name\":\"Auditoria aponta n\u00famero reduzido de agentes de sa\u00fade\"}]},{\"@type\":\"WebSite\",\"@id\":\"https:\/\/www.notibras.com\/site\/#website\",\"url\":\"https:\/\/www.notibras.com\/site\/\",\"name\":\"Notibras\",\"description\":\"Not\u00edcias de Bras\u00edlia, do Brasil e do Mundo\",\"publisher\":{\"@id\":\"https:\/\/www.notibras.com\/site\/#organization\"},\"potentialAction\":[{\"@type\":\"SearchAction\",\"target\":{\"@type\":\"EntryPoint\",\"urlTemplate\":\"https:\/\/www.notibras.com\/site\/?s={search_term_string}\"},\"query-input\":{\"@type\":\"PropertyValueSpecification\",\"valueRequired\":true,\"valueName\":\"search_term_string\"}}],\"inLanguage\":\"pt-BR\"},{\"@type\":\"Organization\",\"@id\":\"https:\/\/www.notibras.com\/site\/#organization\",\"name\":\"Grupo Notibras de Comunica\u00e7\u00e3o\",\"url\":\"https:\/\/www.notibras.com\/site\/\",\"logo\":{\"@type\":\"ImageObject\",\"inLanguage\":\"pt-BR\",\"@id\":\"https:\/\/www.notibras.com\/site\/#\/schema\/logo\/image\/\",\"url\":\"https:\/\/www.notibras.com\/site\/wp-content\/uploads\/2023\/01\/notibras23.png\",\"contentUrl\":\"https:\/\/www.notibras.com\/site\/wp-content\/uploads\/2023\/01\/notibras23.png\",\"width\":350,\"height\":87,\"caption\":\"Grupo Notibras de Comunica\u00e7\u00e3o\"},\"image\":{\"@id\":\"https:\/\/www.notibras.com\/site\/#\/schema\/logo\/image\/\"},\"sameAs\":[\"https:\/\/www.facebook.com\/notibras\/\",\"https:\/\/x.com\/Notibras\",\"https:\/\/www.instagram.com\/notibras\/\"]},{\"@type\":\"Person\",\"@id\":\"https:\/\/www.notibras.com\/site\/#\/schema\/person\/36ab0979449956132d3e5b517ea76ac8\",\"name\":\"Reda\u00e7\u00e3o\",\"image\":{\"@type\":\"ImageObject\",\"inLanguage\":\"pt-BR\",\"@id\":\"https:\/\/secure.gravatar.com\/avatar\/e0a867bdedb85fd243eadf09663511f96fc81e0720a4a42581f334ad4303aa6b?s=96&d=mm&r=g\",\"url\":\"https:\/\/secure.gravatar.com\/avatar\/e0a867bdedb85fd243eadf09663511f96fc81e0720a4a42581f334ad4303aa6b?s=96&d=mm&r=g\",\"contentUrl\":\"https:\/\/secure.gravatar.com\/avatar\/e0a867bdedb85fd243eadf09663511f96fc81e0720a4a42581f334ad4303aa6b?s=96&d=mm&r=g\",\"caption\":\"Reda\u00e7\u00e3o\"}}]}<\/script>\n<!-- \/ Yoast SEO plugin. -->","yoast_head_json":{"title":"Auditoria aponta n\u00famero reduzido de agentes de sa\u00fade - Notibras","robots":{"index":"index","follow":"follow","max-snippet":"max-snippet:-1","max-image-preview":"max-image-preview:large","max-video-preview":"max-video-preview:-1"},"canonical":"https:\/\/www.notibras.com\/site\/auditoria-aponta-numero-reduzido-de-agentes-de-saude\/","og_locale":"pt_BR","og_type":"article","og_title":"Auditoria aponta n\u00famero reduzido de agentes de sa\u00fade - Notibras","og_description":"Uma fiscaliza\u00e7\u00e3o realizada pelo Tribunal de Contas do Distrito Federal na Secretaria de Sa\u00fade revelou um dado alarmante diante do estado de emerg\u00eancia provocado pela epidemia de dengue: o n\u00famero de agentes comunit\u00e1rios de sa\u00fade est\u00e1 bem abaixo do preconizado pelo Minist\u00e9rio da Sa\u00fade. Esses profissionais das Unidades B\u00e1sicas de Sa\u00fade (UBS) s\u00e3o respons\u00e1veis pelas [&hellip;]","og_url":"https:\/\/www.notibras.com\/site\/auditoria-aponta-numero-reduzido-de-agentes-de-saude\/","og_site_name":"Notibras","article_publisher":"https:\/\/www.facebook.com\/notibras\/","article_published_time":"2024-02-12T03:30:37+00:00","article_modified_time":"2024-02-12T14:32:44+00:00","og_image":[{"width":770,"height":513,"url":"https:\/\/www.notibras.com\/site\/wp-content\/uploads\/2024\/02\/agentesanitario.webp","type":"image\/webp"}],"author":"Reda\u00e7\u00e3o","twitter_card":"summary_large_image","twitter_creator":"@Notibras","twitter_site":"@Notibras","twitter_misc":{"Escrito por":"Reda\u00e7\u00e3o","Est. tempo de leitura":"4 minutos"},"schema":{"@context":"https:\/\/schema.org","@graph":[{"@type":"Article","@id":"https:\/\/www.notibras.com\/site\/auditoria-aponta-numero-reduzido-de-agentes-de-saude\/#article","isPartOf":{"@id":"https:\/\/www.notibras.com\/site\/auditoria-aponta-numero-reduzido-de-agentes-de-saude\/"},"author":{"name":"Reda\u00e7\u00e3o","@id":"https:\/\/www.notibras.com\/site\/#\/schema\/person\/36ab0979449956132d3e5b517ea76ac8"},"headline":"Auditoria aponta n\u00famero reduzido de agentes de sa\u00fade","datePublished":"2024-02-12T03:30:37+00:00","dateModified":"2024-02-12T14:32:44+00:00","mainEntityOfPage":{"@id":"https:\/\/www.notibras.com\/site\/auditoria-aponta-numero-reduzido-de-agentes-de-saude\/"},"wordCount":793,"publisher":{"@id":"https:\/\/www.notibras.com\/site\/#organization"},"image":{"@id":"https:\/\/www.notibras.com\/site\/auditoria-aponta-numero-reduzido-de-agentes-de-saude\/#primaryimage"},"thumbnailUrl":"https:\/\/www.notibras.com\/site\/wp-content\/uploads\/2024\/02\/agentesanitario.webp","articleSection":["Quadradinho em Foco"],"inLanguage":"pt-BR"},{"@type":"WebPage","@id":"https:\/\/www.notibras.com\/site\/auditoria-aponta-numero-reduzido-de-agentes-de-saude\/","url":"https:\/\/www.notibras.com\/site\/auditoria-aponta-numero-reduzido-de-agentes-de-saude\/","name":"Auditoria aponta n\u00famero reduzido de agentes de sa\u00fade - Notibras","isPartOf":{"@id":"https:\/\/www.notibras.com\/site\/#website"},"primaryImageOfPage":{"@id":"https:\/\/www.notibras.com\/site\/auditoria-aponta-numero-reduzido-de-agentes-de-saude\/#primaryimage"},"image":{"@id":"https:\/\/www.notibras.com\/site\/auditoria-aponta-numero-reduzido-de-agentes-de-saude\/#primaryimage"},"thumbnailUrl":"https:\/\/www.notibras.com\/site\/wp-content\/uploads\/2024\/02\/agentesanitario.webp","datePublished":"2024-02-12T03:30:37+00:00","dateModified":"2024-02-12T14:32:44+00:00","breadcrumb":{"@id":"https:\/\/www.notibras.com\/site\/auditoria-aponta-numero-reduzido-de-agentes-de-saude\/#breadcrumb"},"inLanguage":"pt-BR","potentialAction":[{"@type":"ReadAction","target":["https:\/\/www.notibras.com\/site\/auditoria-aponta-numero-reduzido-de-agentes-de-saude\/"]}]},{"@type":"ImageObject","inLanguage":"pt-BR","@id":"https:\/\/www.notibras.com\/site\/auditoria-aponta-numero-reduzido-de-agentes-de-saude\/#primaryimage","url":"https:\/\/www.notibras.com\/site\/wp-content\/uploads\/2024\/02\/agentesanitario.webp","contentUrl":"https:\/\/www.notibras.com\/site\/wp-content\/uploads\/2024\/02\/agentesanitario.webp","width":770,"height":513},{"@type":"BreadcrumbList","@id":"https:\/\/www.notibras.com\/site\/auditoria-aponta-numero-reduzido-de-agentes-de-saude\/#breadcrumb","itemListElement":[{"@type":"ListItem","position":1,"name":"In\u00edcio","item":"https:\/\/www.notibras.com\/site\/"},{"@type":"ListItem","position":2,"name":"Auditoria aponta n\u00famero reduzido de agentes de sa\u00fade"}]},{"@type":"WebSite","@id":"https:\/\/www.notibras.com\/site\/#website","url":"https:\/\/www.notibras.com\/site\/","name":"Notibras","description":"Not\u00edcias de Bras\u00edlia, do Brasil e do Mundo","publisher":{"@id":"https:\/\/www.notibras.com\/site\/#organization"},"potentialAction":[{"@type":"SearchAction","target":{"@type":"EntryPoint","urlTemplate":"https:\/\/www.notibras.com\/site\/?s={search_term_string}"},"query-input":{"@type":"PropertyValueSpecification","valueRequired":true,"valueName":"search_term_string"}}],"inLanguage":"pt-BR"},{"@type":"Organization","@id":"https:\/\/www.notibras.com\/site\/#organization","name":"Grupo Notibras de Comunica\u00e7\u00e3o","url":"https:\/\/www.notibras.com\/site\/","logo":{"@type":"ImageObject","inLanguage":"pt-BR","@id":"https:\/\/www.notibras.com\/site\/#\/schema\/logo\/image\/","url":"https:\/\/www.notibras.com\/site\/wp-content\/uploads\/2023\/01\/notibras23.png","contentUrl":"https:\/\/www.notibras.com\/site\/wp-content\/uploads\/2023\/01\/notibras23.png","width":350,"height":87,"caption":"Grupo Notibras de Comunica\u00e7\u00e3o"},"image":{"@id":"https:\/\/www.notibras.com\/site\/#\/schema\/logo\/image\/"},"sameAs":["https:\/\/www.facebook.com\/notibras\/","https:\/\/x.com\/Notibras","https:\/\/www.instagram.com\/notibras\/"]},{"@type":"Person","@id":"https:\/\/www.notibras.com\/site\/#\/schema\/person\/36ab0979449956132d3e5b517ea76ac8","name":"Reda\u00e7\u00e3o","image":{"@type":"ImageObject","inLanguage":"pt-BR","@id":"https:\/\/secure.gravatar.com\/avatar\/e0a867bdedb85fd243eadf09663511f96fc81e0720a4a42581f334ad4303aa6b?s=96&d=mm&r=g","url":"https:\/\/secure.gravatar.com\/avatar\/e0a867bdedb85fd243eadf09663511f96fc81e0720a4a42581f334ad4303aa6b?s=96&d=mm&r=g","contentUrl":"https:\/\/secure.gravatar.com\/avatar\/e0a867bdedb85fd243eadf09663511f96fc81e0720a4a42581f334ad4303aa6b?s=96&d=mm&r=g","caption":"Reda\u00e7\u00e3o"}}]}},"amp_enabled":true,"_links":{"self":[{"href":"https:\/\/www.notibras.com\/site\/wp-json\/wp\/v2\/posts\/322222","targetHints":{"allow":["GET"]}}],"collection":[{"href":"https:\/\/www.notibras.com\/site\/wp-json\/wp\/v2\/posts"}],"about":[{"href":"https:\/\/www.notibras.com\/site\/wp-json\/wp\/v2\/types\/post"}],"author":[{"embeddable":true,"href":"https:\/\/www.notibras.com\/site\/wp-json\/wp\/v2\/users\/2"}],"replies":[{"embeddable":true,"href":"https:\/\/www.notibras.com\/site\/wp-json\/wp\/v2\/comments?post=322222"}],"version-history":[{"count":1,"href":"https:\/\/www.notibras.com\/site\/wp-json\/wp\/v2\/posts\/322222\/revisions"}],"predecessor-version":[{"id":322224,"href":"https:\/\/www.notibras.com\/site\/wp-json\/wp\/v2\/posts\/322222\/revisions\/322224"}],"wp:featuredmedia":[{"embeddable":true,"href":"https:\/\/www.notibras.com\/site\/wp-json\/wp\/v2\/media\/322223"}],"wp:attachment":[{"href":"https:\/\/www.notibras.com\/site\/wp-json\/wp\/v2\/media?parent=322222"}],"wp:term":[{"taxonomy":"category","embeddable":true,"href":"https:\/\/www.notibras.com\/site\/wp-json\/wp\/v2\/categories?post=322222"},{"taxonomy":"post_tag","embeddable":true,"href":"https:\/\/www.notibras.com\/site\/wp-json\/wp\/v2\/tags?post=322222"}],"curies":[{"name":"wp","href":"https:\/\/api.w.org\/{rel}","templated":true}]}}