{"id":322225,"date":"2024-02-12T00:00:33","date_gmt":"2024-02-12T03:00:33","guid":{"rendered":"https:\/\/www.notibras.com\/site\/?p=322225"},"modified":"2024-02-12T11:43:39","modified_gmt":"2024-02-12T14:43:39","slug":"pacotao-e-galinho-tem-tradicao-de-irreverencia-e-saudade","status":"publish","type":"post","link":"https:\/\/www.notibras.com\/site\/pacotao-e-galinho-tem-tradicao-de-irreverencia-e-saudade\/","title":{"rendered":"Pacot\u00e3o e Galinho t\u00eam tradi\u00e7\u00e3o de irrever\u00eancia e saudade"},"content":{"rendered":"<p>Nem anivers\u00e1rio. Nem Natal. Nem qualquer outra festa. Cada carnaval \u00e9 o momento mais esperado, o verdadeiro ano-novo para o aposentado C\u00edcero Ferreira Lopes, o Seu Cicinho, hoje aos 83 anos. \u00c9 em fevereiro que ele tem encontro marcado com a pr\u00f3pria felicidade. Particularmente para sair pelas ruas de Bras\u00edlia e cantar marchinhas no Bloco Pacot\u00e3o, agremia\u00e7\u00e3o criada em 1978, uma das mais antigas da capital do Pa\u00eds.<\/p>\n<p>Foi-se o tempo em que eram raros os cord\u00f5es de folia. Em 2024, a estimativa \u00e9 que mais de 1,7 milh\u00e3o de pessoas se juntem aos 56 blocos nas ruas brasilienses na sexta maior folia do Brasil. Para Seu Cicinho, cearense de Juazeiro do Norte, \u00e9 o melhor lugar do mundo.<\/p>\n<p>Quando participou do primeiro desfile do Pacot\u00e3o, o ent\u00e3o jornalista vibrava com a irrever\u00eancia do nome do bloco, que era um protesto contra o \u201cPacote\u201d de decis\u00f5es de abril de 1977, do presidente Ernesto Geisel, que inclu\u00eda fechar o Congresso Nacional em ato arbitr\u00e1rio do per\u00edodo ditatorial. \u201cEu n\u00e3o perco nenhum carnaval. N\u00e3o tenho mais o mesmo f\u00f4lego para aguentar tudo. Mas estarei l\u00e1 na ter\u00e7a (13), \u00e0s 11h\u201d, afirma Cicinho, considerado presidente de honra do bloco.<\/p>\n<p>O Pacot\u00e3o que juntou, em 1978, um grupo de cerca de 100 pessoas, a maior parte de jornalistas e artistas da cidade, se tornou uma multid\u00e3o de mais de 20 mil pessoas. \u201cO carnaval \u00e9 chave de vida. Para brincar, dan\u00e7ar, namorar\u201d. O filho de Cicinho, Manuel Lopes, fica orgulhoso desse amor pela folia e faz quest\u00e3o de acompanhar o pai. \u201cO carnaval \u00e9 o que mant\u00e9m meu pai vivo.\u201d<\/p>\n<p><strong>Versos<\/strong><br \/>\nUm amigo de Cicinho est\u00e1 tamb\u00e9m animado com o carnaval deste ano por outro motivo especial. O jornalista e compositor mineiro Jos\u00e9 Edmar Gomes foi o vencedor da marchinha deste ano do Pacot\u00e3o. A m\u00fasica tem o t\u00edtulo de ET Ladr\u00e3o de Joias, que busca criticar os atos antidemocr\u00e1ticos de 8 de janeiro do ano passado e as amea\u00e7as de um golpe de Estado.<\/p>\n<p>\u201cBras\u00edlia virou um formigueiro no dia 8 de janeiro\/ Ratos, baratas e vi\u00favas sa\u00edram dos por\u00f5es da ditadura\u201d. Esses s\u00e3o os primeiros versos da marchinha vencedora deste ano, marcada pela irrever\u00eancia de quase cinco d\u00e9cadas. \u201cVamos fazer uma grande festa. Na letra, a gente coloca alguns temas que est\u00e3o afetando o nosso dia a dia dentro de uma vis\u00e3o cr\u00edtica.\u201d<\/p>\n<p><strong>Contra ditadura<\/strong><br \/>\nO vice-campe\u00e3o do concurso, Wilson Silva, carioca de 60 anos, dirigente do bloco, tamb\u00e9m criticou os atos de 8 de janeiro. Ele recorda que a primeira marchinha atacava o governo ditatorial. \u201cGeisel, voc\u00ea nos atolou\/ O Figueiredo tamb\u00e9m vai atolar\/ Esse governo j\u00e1 ficou gag\u00e1.\u201d<\/p>\n<p>O presidente da Liga dos Blocos Tradicionais de Bras\u00edlia, Paulo Henrique Nadiceo, afirma que considera do Bloco da Baratona o mais antigo da capital, criado em 1975. \u201cEle sa\u00eda no Eix\u00e3o Norte e no Eix\u00e3o Sul. Hoje est\u00e1 concentrado no Parque da Cidade.\u201d Ele afirma que a capital do Pa\u00eds j\u00e1 se consolidou em brincar o carnaval na rua, fruto da mistura de influ\u00eancias das folias do Sudeste e Nordeste.<\/p>\n<p>\u201cN\u00f3s temos um legado dessa cultura, dos povos que v\u00eam para c\u00e1, dos nossos antecedentes. Bras\u00edlia est\u00e1 entre os seis maiores carnavais do pa\u00eds e que atraem principalmente turistas de outras cidades do Centro-Oeste.\u201d<\/p>\n<p><strong>Frevo<\/strong><br \/>\nO pai dessa folia toda \u00e9 o pernambucano Luiz Lima, de 85 anos de idade, que chegou a capital em 1958, dois anos antes da inaugura\u00e7\u00e3o para trabalhar como encarregado na constru\u00e7\u00e3o de estradas. Ele garante que foi a saudade que o pegou pelo bra\u00e7o. Inclusive, antes de 1975. Lima recorda as brincadeiras carnavalescas que os moradores faziam no Eixo Rodovi\u00e1rios, a avenida que liga as Asas Sul e Norte, mesmo em 1960. \u201cN\u00f3s faz\u00edamos um passeio no Eix\u00e3o. N\u00e3o tinha nem asfalto ainda. Aquilo ali, pra mim, foi o primeiro carnaval de Bras\u00edlia.\u201d<\/p>\n<p>Ele ficava muito chateado por estar longe do frevo da terra natal. Lima recorda que foi a partir de encontro com amigos que resolveu fazer a folia de bar em bar, numa esp\u00e9cie de maratona. Da ideia, surgiu a brincadeira da Baratona. Como passaram a ser criticados pelo uso de bebidas alc\u00f3olicas, o pernambucano criou nos anos seguintes A Baratinha, apenas para o p\u00fablico infantil.<\/p>\n<p>O foli\u00e3o ajudou a criar depois outros blocos como o Pacot\u00e3o e O Galinho de Bras\u00edlia. Desde ent\u00e3o, ele n\u00e3o para. \u201cDe vez em quando, vou ao Recife. Mas descobri que era poss\u00edvel ser feliz no carnaval em Bras\u00edlia\u201d. Hoje \u00e9 preocupado com a organiza\u00e7\u00e3o para dar tudo certo. \u201cEu me sinto como uma pessoa que est\u00e1 cumprindo uma miss\u00e3o de fazer isso. principalmente para as crian\u00e7as.\u201d<\/p>\n<p>\u00c9 assim que o pernambucano-brasiliense se sente feliz e brinca pelos blocos. A saudade ganhou ritmo e brilhos nos olhos toda vez que fevereiro chega ao horizonte.<\/p>\n","protected":false},"excerpt":{"rendered":"<p>Nem anivers\u00e1rio. Nem Natal. Nem qualquer outra festa. Cada carnaval \u00e9 o momento mais esperado, o verdadeiro ano-novo para o aposentado C\u00edcero Ferreira Lopes, o Seu Cicinho, hoje aos 83 anos. \u00c9 em fevereiro que ele tem encontro marcado com a pr\u00f3pria felicidade. Particularmente para sair pelas ruas de Bras\u00edlia e cantar marchinhas no Bloco [&hellip;]<\/p>\n","protected":false},"author":2,"featured_media":322226,"comment_status":"closed","ping_status":"closed","sticky":false,"template":"","format":"standard","meta":{"_acf_changed":false,"footnotes":""},"categories":[161],"tags":[],"class_list":["post-322225","post","type-post","status-publish","format-standard","has-post-thumbnail","hentry","category-quadradinho-em-foco"],"acf":[],"yoast_head":"<!-- This site is optimized with the Yoast SEO plugin v27.2 - https:\/\/yoast.com\/product\/yoast-seo-wordpress\/ -->\n<title>Pacot\u00e3o e Galinho t\u00eam tradi\u00e7\u00e3o de irrever\u00eancia e saudade - Notibras<\/title>\n<meta name=\"robots\" content=\"index, follow, max-snippet:-1, max-image-preview:large, max-video-preview:-1\" \/>\n<link rel=\"canonical\" href=\"https:\/\/www.notibras.com\/site\/pacotao-e-galinho-tem-tradicao-de-irreverencia-e-saudade\/\" \/>\n<meta property=\"og:locale\" content=\"pt_BR\" \/>\n<meta property=\"og:type\" content=\"article\" \/>\n<meta property=\"og:title\" content=\"Pacot\u00e3o e Galinho t\u00eam tradi\u00e7\u00e3o de irrever\u00eancia e saudade - Notibras\" \/>\n<meta property=\"og:description\" content=\"Nem anivers\u00e1rio. Nem Natal. Nem qualquer outra festa. Cada carnaval \u00e9 o momento mais esperado, o verdadeiro ano-novo para o aposentado C\u00edcero Ferreira Lopes, o Seu Cicinho, hoje aos 83 anos. \u00c9 em fevereiro que ele tem encontro marcado com a pr\u00f3pria felicidade. Particularmente para sair pelas ruas de Bras\u00edlia e cantar marchinhas no Bloco [&hellip;]\" \/>\n<meta property=\"og:url\" content=\"https:\/\/www.notibras.com\/site\/pacotao-e-galinho-tem-tradicao-de-irreverencia-e-saudade\/\" \/>\n<meta property=\"og:site_name\" content=\"Notibras\" \/>\n<meta property=\"article:publisher\" content=\"https:\/\/www.facebook.com\/notibras\/\" \/>\n<meta property=\"article:published_time\" content=\"2024-02-12T03:00:33+00:00\" \/>\n<meta property=\"article:modified_time\" content=\"2024-02-12T14:43:39+00:00\" \/>\n<meta property=\"og:image\" content=\"https:\/\/www.notibras.com\/site\/wp-content\/uploads\/2024\/02\/pacotao.24.webp\" \/>\n\t<meta property=\"og:image:width\" content=\"1170\" \/>\n\t<meta property=\"og:image:height\" content=\"700\" \/>\n\t<meta property=\"og:image:type\" content=\"image\/webp\" \/>\n<meta name=\"author\" content=\"Reda\u00e7\u00e3o\" \/>\n<meta name=\"twitter:card\" content=\"summary_large_image\" \/>\n<meta name=\"twitter:creator\" content=\"@Notibras\" \/>\n<meta name=\"twitter:site\" content=\"@Notibras\" \/>\n<meta name=\"twitter:label1\" content=\"Escrito por\" \/>\n\t<meta name=\"twitter:data1\" content=\"Reda\u00e7\u00e3o\" \/>\n\t<meta name=\"twitter:label2\" content=\"Est. tempo de leitura\" \/>\n\t<meta name=\"twitter:data2\" content=\"5 minutos\" \/>\n<script type=\"application\/ld+json\" class=\"yoast-schema-graph\">{\"@context\":\"https:\/\/schema.org\",\"@graph\":[{\"@type\":\"Article\",\"@id\":\"https:\/\/www.notibras.com\/site\/pacotao-e-galinho-tem-tradicao-de-irreverencia-e-saudade\/#article\",\"isPartOf\":{\"@id\":\"https:\/\/www.notibras.com\/site\/pacotao-e-galinho-tem-tradicao-de-irreverencia-e-saudade\/\"},\"author\":{\"name\":\"Reda\u00e7\u00e3o\",\"@id\":\"https:\/\/www.notibras.com\/site\/#\/schema\/person\/36ab0979449956132d3e5b517ea76ac8\"},\"headline\":\"Pacot\u00e3o e Galinho t\u00eam tradi\u00e7\u00e3o de irrever\u00eancia e saudade\",\"datePublished\":\"2024-02-12T03:00:33+00:00\",\"dateModified\":\"2024-02-12T14:43:39+00:00\",\"mainEntityOfPage\":{\"@id\":\"https:\/\/www.notibras.com\/site\/pacotao-e-galinho-tem-tradicao-de-irreverencia-e-saudade\/\"},\"wordCount\":858,\"publisher\":{\"@id\":\"https:\/\/www.notibras.com\/site\/#organization\"},\"image\":{\"@id\":\"https:\/\/www.notibras.com\/site\/pacotao-e-galinho-tem-tradicao-de-irreverencia-e-saudade\/#primaryimage\"},\"thumbnailUrl\":\"https:\/\/www.notibras.com\/site\/wp-content\/uploads\/2024\/02\/pacotao.24.webp\",\"articleSection\":[\"Quadradinho em Foco\"],\"inLanguage\":\"pt-BR\"},{\"@type\":\"WebPage\",\"@id\":\"https:\/\/www.notibras.com\/site\/pacotao-e-galinho-tem-tradicao-de-irreverencia-e-saudade\/\",\"url\":\"https:\/\/www.notibras.com\/site\/pacotao-e-galinho-tem-tradicao-de-irreverencia-e-saudade\/\",\"name\":\"Pacot\u00e3o e Galinho t\u00eam tradi\u00e7\u00e3o de irrever\u00eancia e saudade - Notibras\",\"isPartOf\":{\"@id\":\"https:\/\/www.notibras.com\/site\/#website\"},\"primaryImageOfPage\":{\"@id\":\"https:\/\/www.notibras.com\/site\/pacotao-e-galinho-tem-tradicao-de-irreverencia-e-saudade\/#primaryimage\"},\"image\":{\"@id\":\"https:\/\/www.notibras.com\/site\/pacotao-e-galinho-tem-tradicao-de-irreverencia-e-saudade\/#primaryimage\"},\"thumbnailUrl\":\"https:\/\/www.notibras.com\/site\/wp-content\/uploads\/2024\/02\/pacotao.24.webp\",\"datePublished\":\"2024-02-12T03:00:33+00:00\",\"dateModified\":\"2024-02-12T14:43:39+00:00\",\"breadcrumb\":{\"@id\":\"https:\/\/www.notibras.com\/site\/pacotao-e-galinho-tem-tradicao-de-irreverencia-e-saudade\/#breadcrumb\"},\"inLanguage\":\"pt-BR\",\"potentialAction\":[{\"@type\":\"ReadAction\",\"target\":[\"https:\/\/www.notibras.com\/site\/pacotao-e-galinho-tem-tradicao-de-irreverencia-e-saudade\/\"]}]},{\"@type\":\"ImageObject\",\"inLanguage\":\"pt-BR\",\"@id\":\"https:\/\/www.notibras.com\/site\/pacotao-e-galinho-tem-tradicao-de-irreverencia-e-saudade\/#primaryimage\",\"url\":\"https:\/\/www.notibras.com\/site\/wp-content\/uploads\/2024\/02\/pacotao.24.webp\",\"contentUrl\":\"https:\/\/www.notibras.com\/site\/wp-content\/uploads\/2024\/02\/pacotao.24.webp\",\"width\":1170,\"height\":700},{\"@type\":\"BreadcrumbList\",\"@id\":\"https:\/\/www.notibras.com\/site\/pacotao-e-galinho-tem-tradicao-de-irreverencia-e-saudade\/#breadcrumb\",\"itemListElement\":[{\"@type\":\"ListItem\",\"position\":1,\"name\":\"In\u00edcio\",\"item\":\"https:\/\/www.notibras.com\/site\/\"},{\"@type\":\"ListItem\",\"position\":2,\"name\":\"Pacot\u00e3o e Galinho t\u00eam tradi\u00e7\u00e3o de irrever\u00eancia e saudade\"}]},{\"@type\":\"WebSite\",\"@id\":\"https:\/\/www.notibras.com\/site\/#website\",\"url\":\"https:\/\/www.notibras.com\/site\/\",\"name\":\"Notibras\",\"description\":\"Not\u00edcias de Bras\u00edlia, do Brasil e do Mundo\",\"publisher\":{\"@id\":\"https:\/\/www.notibras.com\/site\/#organization\"},\"potentialAction\":[{\"@type\":\"SearchAction\",\"target\":{\"@type\":\"EntryPoint\",\"urlTemplate\":\"https:\/\/www.notibras.com\/site\/?s={search_term_string}\"},\"query-input\":{\"@type\":\"PropertyValueSpecification\",\"valueRequired\":true,\"valueName\":\"search_term_string\"}}],\"inLanguage\":\"pt-BR\"},{\"@type\":\"Organization\",\"@id\":\"https:\/\/www.notibras.com\/site\/#organization\",\"name\":\"Grupo Notibras de Comunica\u00e7\u00e3o\",\"url\":\"https:\/\/www.notibras.com\/site\/\",\"logo\":{\"@type\":\"ImageObject\",\"inLanguage\":\"pt-BR\",\"@id\":\"https:\/\/www.notibras.com\/site\/#\/schema\/logo\/image\/\",\"url\":\"https:\/\/www.notibras.com\/site\/wp-content\/uploads\/2023\/01\/notibras23.png\",\"contentUrl\":\"https:\/\/www.notibras.com\/site\/wp-content\/uploads\/2023\/01\/notibras23.png\",\"width\":350,\"height\":87,\"caption\":\"Grupo Notibras de Comunica\u00e7\u00e3o\"},\"image\":{\"@id\":\"https:\/\/www.notibras.com\/site\/#\/schema\/logo\/image\/\"},\"sameAs\":[\"https:\/\/www.facebook.com\/notibras\/\",\"https:\/\/x.com\/Notibras\",\"https:\/\/www.instagram.com\/notibras\/\"]},{\"@type\":\"Person\",\"@id\":\"https:\/\/www.notibras.com\/site\/#\/schema\/person\/36ab0979449956132d3e5b517ea76ac8\",\"name\":\"Reda\u00e7\u00e3o\",\"image\":{\"@type\":\"ImageObject\",\"inLanguage\":\"pt-BR\",\"@id\":\"https:\/\/secure.gravatar.com\/avatar\/e0a867bdedb85fd243eadf09663511f96fc81e0720a4a42581f334ad4303aa6b?s=96&d=mm&r=g\",\"url\":\"https:\/\/secure.gravatar.com\/avatar\/e0a867bdedb85fd243eadf09663511f96fc81e0720a4a42581f334ad4303aa6b?s=96&d=mm&r=g\",\"contentUrl\":\"https:\/\/secure.gravatar.com\/avatar\/e0a867bdedb85fd243eadf09663511f96fc81e0720a4a42581f334ad4303aa6b?s=96&d=mm&r=g\",\"caption\":\"Reda\u00e7\u00e3o\"}}]}<\/script>\n<!-- \/ Yoast SEO plugin. -->","yoast_head_json":{"title":"Pacot\u00e3o e Galinho t\u00eam tradi\u00e7\u00e3o de irrever\u00eancia e saudade - Notibras","robots":{"index":"index","follow":"follow","max-snippet":"max-snippet:-1","max-image-preview":"max-image-preview:large","max-video-preview":"max-video-preview:-1"},"canonical":"https:\/\/www.notibras.com\/site\/pacotao-e-galinho-tem-tradicao-de-irreverencia-e-saudade\/","og_locale":"pt_BR","og_type":"article","og_title":"Pacot\u00e3o e Galinho t\u00eam tradi\u00e7\u00e3o de irrever\u00eancia e saudade - Notibras","og_description":"Nem anivers\u00e1rio. Nem Natal. Nem qualquer outra festa. Cada carnaval \u00e9 o momento mais esperado, o verdadeiro ano-novo para o aposentado C\u00edcero Ferreira Lopes, o Seu Cicinho, hoje aos 83 anos. \u00c9 em fevereiro que ele tem encontro marcado com a pr\u00f3pria felicidade. Particularmente para sair pelas ruas de Bras\u00edlia e cantar marchinhas no Bloco [&hellip;]","og_url":"https:\/\/www.notibras.com\/site\/pacotao-e-galinho-tem-tradicao-de-irreverencia-e-saudade\/","og_site_name":"Notibras","article_publisher":"https:\/\/www.facebook.com\/notibras\/","article_published_time":"2024-02-12T03:00:33+00:00","article_modified_time":"2024-02-12T14:43:39+00:00","og_image":[{"width":1170,"height":700,"url":"https:\/\/www.notibras.com\/site\/wp-content\/uploads\/2024\/02\/pacotao.24.webp","type":"image\/webp"}],"author":"Reda\u00e7\u00e3o","twitter_card":"summary_large_image","twitter_creator":"@Notibras","twitter_site":"@Notibras","twitter_misc":{"Escrito por":"Reda\u00e7\u00e3o","Est. tempo de leitura":"5 minutos"},"schema":{"@context":"https:\/\/schema.org","@graph":[{"@type":"Article","@id":"https:\/\/www.notibras.com\/site\/pacotao-e-galinho-tem-tradicao-de-irreverencia-e-saudade\/#article","isPartOf":{"@id":"https:\/\/www.notibras.com\/site\/pacotao-e-galinho-tem-tradicao-de-irreverencia-e-saudade\/"},"author":{"name":"Reda\u00e7\u00e3o","@id":"https:\/\/www.notibras.com\/site\/#\/schema\/person\/36ab0979449956132d3e5b517ea76ac8"},"headline":"Pacot\u00e3o e Galinho t\u00eam tradi\u00e7\u00e3o de irrever\u00eancia e saudade","datePublished":"2024-02-12T03:00:33+00:00","dateModified":"2024-02-12T14:43:39+00:00","mainEntityOfPage":{"@id":"https:\/\/www.notibras.com\/site\/pacotao-e-galinho-tem-tradicao-de-irreverencia-e-saudade\/"},"wordCount":858,"publisher":{"@id":"https:\/\/www.notibras.com\/site\/#organization"},"image":{"@id":"https:\/\/www.notibras.com\/site\/pacotao-e-galinho-tem-tradicao-de-irreverencia-e-saudade\/#primaryimage"},"thumbnailUrl":"https:\/\/www.notibras.com\/site\/wp-content\/uploads\/2024\/02\/pacotao.24.webp","articleSection":["Quadradinho em Foco"],"inLanguage":"pt-BR"},{"@type":"WebPage","@id":"https:\/\/www.notibras.com\/site\/pacotao-e-galinho-tem-tradicao-de-irreverencia-e-saudade\/","url":"https:\/\/www.notibras.com\/site\/pacotao-e-galinho-tem-tradicao-de-irreverencia-e-saudade\/","name":"Pacot\u00e3o e Galinho t\u00eam tradi\u00e7\u00e3o de irrever\u00eancia e saudade - Notibras","isPartOf":{"@id":"https:\/\/www.notibras.com\/site\/#website"},"primaryImageOfPage":{"@id":"https:\/\/www.notibras.com\/site\/pacotao-e-galinho-tem-tradicao-de-irreverencia-e-saudade\/#primaryimage"},"image":{"@id":"https:\/\/www.notibras.com\/site\/pacotao-e-galinho-tem-tradicao-de-irreverencia-e-saudade\/#primaryimage"},"thumbnailUrl":"https:\/\/www.notibras.com\/site\/wp-content\/uploads\/2024\/02\/pacotao.24.webp","datePublished":"2024-02-12T03:00:33+00:00","dateModified":"2024-02-12T14:43:39+00:00","breadcrumb":{"@id":"https:\/\/www.notibras.com\/site\/pacotao-e-galinho-tem-tradicao-de-irreverencia-e-saudade\/#breadcrumb"},"inLanguage":"pt-BR","potentialAction":[{"@type":"ReadAction","target":["https:\/\/www.notibras.com\/site\/pacotao-e-galinho-tem-tradicao-de-irreverencia-e-saudade\/"]}]},{"@type":"ImageObject","inLanguage":"pt-BR","@id":"https:\/\/www.notibras.com\/site\/pacotao-e-galinho-tem-tradicao-de-irreverencia-e-saudade\/#primaryimage","url":"https:\/\/www.notibras.com\/site\/wp-content\/uploads\/2024\/02\/pacotao.24.webp","contentUrl":"https:\/\/www.notibras.com\/site\/wp-content\/uploads\/2024\/02\/pacotao.24.webp","width":1170,"height":700},{"@type":"BreadcrumbList","@id":"https:\/\/www.notibras.com\/site\/pacotao-e-galinho-tem-tradicao-de-irreverencia-e-saudade\/#breadcrumb","itemListElement":[{"@type":"ListItem","position":1,"name":"In\u00edcio","item":"https:\/\/www.notibras.com\/site\/"},{"@type":"ListItem","position":2,"name":"Pacot\u00e3o e Galinho t\u00eam tradi\u00e7\u00e3o de irrever\u00eancia e saudade"}]},{"@type":"WebSite","@id":"https:\/\/www.notibras.com\/site\/#website","url":"https:\/\/www.notibras.com\/site\/","name":"Notibras","description":"Not\u00edcias de Bras\u00edlia, do Brasil e do Mundo","publisher":{"@id":"https:\/\/www.notibras.com\/site\/#organization"},"potentialAction":[{"@type":"SearchAction","target":{"@type":"EntryPoint","urlTemplate":"https:\/\/www.notibras.com\/site\/?s={search_term_string}"},"query-input":{"@type":"PropertyValueSpecification","valueRequired":true,"valueName":"search_term_string"}}],"inLanguage":"pt-BR"},{"@type":"Organization","@id":"https:\/\/www.notibras.com\/site\/#organization","name":"Grupo Notibras de Comunica\u00e7\u00e3o","url":"https:\/\/www.notibras.com\/site\/","logo":{"@type":"ImageObject","inLanguage":"pt-BR","@id":"https:\/\/www.notibras.com\/site\/#\/schema\/logo\/image\/","url":"https:\/\/www.notibras.com\/site\/wp-content\/uploads\/2023\/01\/notibras23.png","contentUrl":"https:\/\/www.notibras.com\/site\/wp-content\/uploads\/2023\/01\/notibras23.png","width":350,"height":87,"caption":"Grupo Notibras de Comunica\u00e7\u00e3o"},"image":{"@id":"https:\/\/www.notibras.com\/site\/#\/schema\/logo\/image\/"},"sameAs":["https:\/\/www.facebook.com\/notibras\/","https:\/\/x.com\/Notibras","https:\/\/www.instagram.com\/notibras\/"]},{"@type":"Person","@id":"https:\/\/www.notibras.com\/site\/#\/schema\/person\/36ab0979449956132d3e5b517ea76ac8","name":"Reda\u00e7\u00e3o","image":{"@type":"ImageObject","inLanguage":"pt-BR","@id":"https:\/\/secure.gravatar.com\/avatar\/e0a867bdedb85fd243eadf09663511f96fc81e0720a4a42581f334ad4303aa6b?s=96&d=mm&r=g","url":"https:\/\/secure.gravatar.com\/avatar\/e0a867bdedb85fd243eadf09663511f96fc81e0720a4a42581f334ad4303aa6b?s=96&d=mm&r=g","contentUrl":"https:\/\/secure.gravatar.com\/avatar\/e0a867bdedb85fd243eadf09663511f96fc81e0720a4a42581f334ad4303aa6b?s=96&d=mm&r=g","caption":"Reda\u00e7\u00e3o"}}]}},"amp_enabled":true,"_links":{"self":[{"href":"https:\/\/www.notibras.com\/site\/wp-json\/wp\/v2\/posts\/322225","targetHints":{"allow":["GET"]}}],"collection":[{"href":"https:\/\/www.notibras.com\/site\/wp-json\/wp\/v2\/posts"}],"about":[{"href":"https:\/\/www.notibras.com\/site\/wp-json\/wp\/v2\/types\/post"}],"author":[{"embeddable":true,"href":"https:\/\/www.notibras.com\/site\/wp-json\/wp\/v2\/users\/2"}],"replies":[{"embeddable":true,"href":"https:\/\/www.notibras.com\/site\/wp-json\/wp\/v2\/comments?post=322225"}],"version-history":[{"count":1,"href":"https:\/\/www.notibras.com\/site\/wp-json\/wp\/v2\/posts\/322225\/revisions"}],"predecessor-version":[{"id":322227,"href":"https:\/\/www.notibras.com\/site\/wp-json\/wp\/v2\/posts\/322225\/revisions\/322227"}],"wp:featuredmedia":[{"embeddable":true,"href":"https:\/\/www.notibras.com\/site\/wp-json\/wp\/v2\/media\/322226"}],"wp:attachment":[{"href":"https:\/\/www.notibras.com\/site\/wp-json\/wp\/v2\/media?parent=322225"}],"wp:term":[{"taxonomy":"category","embeddable":true,"href":"https:\/\/www.notibras.com\/site\/wp-json\/wp\/v2\/categories?post=322225"},{"taxonomy":"post_tag","embeddable":true,"href":"https:\/\/www.notibras.com\/site\/wp-json\/wp\/v2\/tags?post=322225"}],"curies":[{"name":"wp","href":"https:\/\/api.w.org\/{rel}","templated":true}]}}