{"id":322270,"date":"2024-02-13T00:00:25","date_gmt":"2024-02-13T03:00:25","guid":{"rendered":"https:\/\/www.notibras.com\/site\/?p=322270"},"modified":"2024-02-13T08:13:58","modified_gmt":"2024-02-13T11:13:58","slug":"divinas-tetas-reune-multidao-na-esplanada-dos-ministerios","status":"publish","type":"post","link":"https:\/\/www.notibras.com\/site\/divinas-tetas-reune-multidao-na-esplanada-dos-ministerios\/","title":{"rendered":"Divinas Tetas re\u00fane multid\u00e3o na Esplanada dos Minist\u00e9rios"},"content":{"rendered":"<p>Com mensagens em defesa da diversidade, do respeito e da sustentabilidade, como \u201ccarnaval acess\u00edvel \u00e9 pra toda gente\u201d, \u201cpaquera pode, ass\u00e9dio \u00e9 crime\u201d e \u201cjogue beijos no ar, n\u00e3o lixo pelo ch\u00e3o\u201d, o Bloco das Divinas Tetas convidou os foli\u00f5es a participarem da festa de Momo nesta segunda-feira (12), no gramado da Biblioteca Nacional, e o p\u00fablico foi. At\u00e9 o sol e o c\u00e9u azul de Bras\u00edlia apareceram ao som da brasilidade do bloco, que desfila desde 2016, m\u00fasicas dos \u00edcones do movimento da Tropic\u00e1lia, como de Caetano Veloso, Gilberto Gil, Gal Costa, Os Mutantes e Tom Z\u00e9.<\/p>\n<p>Uma das produtoras do bloco, Paula Rios, lembrou que, embora fa\u00e7a parte do carnaval da capital federal h\u00e1 8 anos, o Divinas Tetas n\u00e3o reunia seu p\u00fablico h\u00e1 tr\u00eas anos, j\u00e1 que a pandemia de covid-19 n\u00e3o permitiu a sa\u00edda dos blocos em 2021 e 2022 e, em 2023, o grupo fez apenas uma participa\u00e7\u00e3o no Setor Carnavalesco Sul, com formato menor e n\u00famero de brincantes restrito. Por causa desse tempo todo longe, os organizadores n\u00e3o sabiam como seria desta vez. \u201cO p\u00fablico veio e est\u00e1vamos todos morrendo de saudades, porque a gente n\u00e3o saia com esse tamanho, esse espa\u00e7o desde antes da pandemia\u201d, destaca Paula.<\/p>\n<p>O p\u00fablico n\u00e3o s\u00f3 veio, como comemorou o retorno. \u201cEst\u00e1 uma del\u00edcia! As pessoas est\u00e3o animadas, diferente do \u00faltimo ano, que tinha menos gente e as pessoas pareciam meio cabisbaixas, ainda com medo da pandemia\u201d, destaca o doutorando em hist\u00f3ria social, Mateus Siqueira, que aproveitou a festa acompanhado da amiga S\u00f4nia Rampim, tamb\u00e9m doutoranda em pol\u00edtica cultural. \u201c\u00c9 muito bom ter um carnaval em um espa\u00e7o p\u00fablico, democr\u00e1tico e da diversidade\u201d, complementa.<\/p>\n<p>A mudan\u00e7a de local tamb\u00e9m foi elogiada pelo p\u00fablico, j\u00e1 que antes da pandemia, o bloco costumava desfilar no Setor Comercial, primeiro da Asa Sul, depois da Asa Norte. \u201cO dia t\u00e1 lindo, tem gente de todas as idades, com acesso f\u00e1cil de transporte e est\u00e1 super seguro. E como come\u00e7ou cedo d\u00e1 pra aproveitar ainda mais\u201d, comemora Amanda Martins, que curtia o bloco com as amigas.<\/p>\n<p>At\u00e9 o clima ajudou na folia, j\u00e1 que, segundo Paula, a chuva dos \u00faltimos dias em Bras\u00edlia era uma preocupa\u00e7\u00e3o, em rela\u00e7\u00e3o ao gramado, que poderia virar lama. \u201cO sol apareceu e ficamos em um espa\u00e7o muito legal. \u00c9 muito bom estar na Esplanada, estar ao lado de monumentos como esses que a gente tem em Bras\u00edlia.\u201d<\/p>\n<p>Entre os grupos de foli\u00f5es Mateus Marques e Paulo Henrique de Castro pularam carnaval, mas sempre atentos \u00e0 hidrata\u00e7\u00e3o, j\u00e1 que o dia bonito tamb\u00e9m exige mais aten\u00e7\u00e3o dos foli\u00f5es. \u201cEmbora aqui seja mais amplo, tamb\u00e9m tem menos sombra, ent\u00e3o tem que brincar um pouco e fazer algumas pausas nos poucos pontos que tem para se proteger do sol\u201d, diz Mateus. \u201cMas todo lugar tem seus pr\u00f3s e contras e aqui \u00e9 bem amplo e est\u00e1 bem seguro o que acaba atraindo um p\u00fablico bem diversificado. Tem muitos jovens e tamb\u00e9m muitas pessoas mais velhas\u201d, complementa Paulo.<\/p>\n<p>E desfilando toda essa diversidade de p\u00fablico, fantasias e brincadeiras, o bloco das Divinas Tetas retomou o seu j\u00e1 conhecido \u201cterrit\u00f3rio 100% de amor e respeito\u201d.<\/p>\n","protected":false},"excerpt":{"rendered":"<p>Com mensagens em defesa da diversidade, do respeito e da sustentabilidade, como \u201ccarnaval acess\u00edvel \u00e9 pra toda gente\u201d, \u201cpaquera pode, ass\u00e9dio \u00e9 crime\u201d e \u201cjogue beijos no ar, n\u00e3o lixo pelo ch\u00e3o\u201d, o Bloco das Divinas Tetas convidou os foli\u00f5es a participarem da festa de Momo nesta segunda-feira (12), no gramado da Biblioteca Nacional, e [&hellip;]<\/p>\n","protected":false},"author":2,"featured_media":322271,"comment_status":"closed","ping_status":"closed","sticky":false,"template":"","format":"standard","meta":{"_acf_changed":false,"footnotes":""},"categories":[161],"tags":[],"class_list":["post-322270","post","type-post","status-publish","format-standard","has-post-thumbnail","hentry","category-quadradinho-em-foco"],"acf":[],"yoast_head":"<!-- This site is optimized with the Yoast SEO plugin v27.2 - https:\/\/yoast.com\/product\/yoast-seo-wordpress\/ -->\n<title>Divinas Tetas re\u00fane multid\u00e3o na Esplanada dos Minist\u00e9rios - Notibras<\/title>\n<meta name=\"robots\" content=\"index, follow, max-snippet:-1, max-image-preview:large, max-video-preview:-1\" \/>\n<link rel=\"canonical\" href=\"https:\/\/www.notibras.com\/site\/divinas-tetas-reune-multidao-na-esplanada-dos-ministerios\/\" \/>\n<meta property=\"og:locale\" content=\"pt_BR\" \/>\n<meta property=\"og:type\" content=\"article\" \/>\n<meta property=\"og:title\" content=\"Divinas Tetas re\u00fane multid\u00e3o na Esplanada dos Minist\u00e9rios - Notibras\" \/>\n<meta property=\"og:description\" content=\"Com mensagens em defesa da diversidade, do respeito e da sustentabilidade, como \u201ccarnaval acess\u00edvel \u00e9 pra toda gente\u201d, \u201cpaquera pode, ass\u00e9dio \u00e9 crime\u201d e \u201cjogue beijos no ar, n\u00e3o lixo pelo ch\u00e3o\u201d, o Bloco das Divinas Tetas convidou os foli\u00f5es a participarem da festa de Momo nesta segunda-feira (12), no gramado da Biblioteca Nacional, e [&hellip;]\" \/>\n<meta property=\"og:url\" content=\"https:\/\/www.notibras.com\/site\/divinas-tetas-reune-multidao-na-esplanada-dos-ministerios\/\" \/>\n<meta property=\"og:site_name\" content=\"Notibras\" \/>\n<meta property=\"article:publisher\" content=\"https:\/\/www.facebook.com\/notibras\/\" \/>\n<meta property=\"article:published_time\" content=\"2024-02-13T03:00:25+00:00\" \/>\n<meta property=\"article:modified_time\" content=\"2024-02-13T11:13:58+00:00\" \/>\n<meta property=\"og:image\" content=\"https:\/\/www.notibras.com\/site\/wp-content\/uploads\/2024\/02\/12022024-img_3966.jpg\" \/>\n\t<meta property=\"og:image:width\" content=\"1170\" \/>\n\t<meta property=\"og:image:height\" content=\"700\" \/>\n\t<meta property=\"og:image:type\" content=\"image\/jpeg\" \/>\n<meta name=\"author\" content=\"Reda\u00e7\u00e3o\" \/>\n<meta name=\"twitter:card\" content=\"summary_large_image\" \/>\n<meta name=\"twitter:creator\" content=\"@Notibras\" \/>\n<meta name=\"twitter:site\" content=\"@Notibras\" \/>\n<meta name=\"twitter:label1\" content=\"Escrito por\" \/>\n\t<meta name=\"twitter:data1\" content=\"Reda\u00e7\u00e3o\" \/>\n\t<meta name=\"twitter:label2\" content=\"Est. tempo de leitura\" \/>\n\t<meta name=\"twitter:data2\" content=\"3 minutos\" \/>\n<script type=\"application\/ld+json\" class=\"yoast-schema-graph\">{\"@context\":\"https:\/\/schema.org\",\"@graph\":[{\"@type\":\"Article\",\"@id\":\"https:\/\/www.notibras.com\/site\/divinas-tetas-reune-multidao-na-esplanada-dos-ministerios\/#article\",\"isPartOf\":{\"@id\":\"https:\/\/www.notibras.com\/site\/divinas-tetas-reune-multidao-na-esplanada-dos-ministerios\/\"},\"author\":{\"name\":\"Reda\u00e7\u00e3o\",\"@id\":\"https:\/\/www.notibras.com\/site\/#\/schema\/person\/36ab0979449956132d3e5b517ea76ac8\"},\"headline\":\"Divinas Tetas re\u00fane multid\u00e3o na Esplanada dos Minist\u00e9rios\",\"datePublished\":\"2024-02-13T03:00:25+00:00\",\"dateModified\":\"2024-02-13T11:13:58+00:00\",\"mainEntityOfPage\":{\"@id\":\"https:\/\/www.notibras.com\/site\/divinas-tetas-reune-multidao-na-esplanada-dos-ministerios\/\"},\"wordCount\":577,\"publisher\":{\"@id\":\"https:\/\/www.notibras.com\/site\/#organization\"},\"image\":{\"@id\":\"https:\/\/www.notibras.com\/site\/divinas-tetas-reune-multidao-na-esplanada-dos-ministerios\/#primaryimage\"},\"thumbnailUrl\":\"https:\/\/www.notibras.com\/site\/wp-content\/uploads\/2024\/02\/12022024-img_3966.jpg\",\"articleSection\":[\"Quadradinho em Foco\"],\"inLanguage\":\"pt-BR\"},{\"@type\":\"WebPage\",\"@id\":\"https:\/\/www.notibras.com\/site\/divinas-tetas-reune-multidao-na-esplanada-dos-ministerios\/\",\"url\":\"https:\/\/www.notibras.com\/site\/divinas-tetas-reune-multidao-na-esplanada-dos-ministerios\/\",\"name\":\"Divinas Tetas re\u00fane multid\u00e3o na Esplanada dos Minist\u00e9rios - Notibras\",\"isPartOf\":{\"@id\":\"https:\/\/www.notibras.com\/site\/#website\"},\"primaryImageOfPage\":{\"@id\":\"https:\/\/www.notibras.com\/site\/divinas-tetas-reune-multidao-na-esplanada-dos-ministerios\/#primaryimage\"},\"image\":{\"@id\":\"https:\/\/www.notibras.com\/site\/divinas-tetas-reune-multidao-na-esplanada-dos-ministerios\/#primaryimage\"},\"thumbnailUrl\":\"https:\/\/www.notibras.com\/site\/wp-content\/uploads\/2024\/02\/12022024-img_3966.jpg\",\"datePublished\":\"2024-02-13T03:00:25+00:00\",\"dateModified\":\"2024-02-13T11:13:58+00:00\",\"breadcrumb\":{\"@id\":\"https:\/\/www.notibras.com\/site\/divinas-tetas-reune-multidao-na-esplanada-dos-ministerios\/#breadcrumb\"},\"inLanguage\":\"pt-BR\",\"potentialAction\":[{\"@type\":\"ReadAction\",\"target\":[\"https:\/\/www.notibras.com\/site\/divinas-tetas-reune-multidao-na-esplanada-dos-ministerios\/\"]}]},{\"@type\":\"ImageObject\",\"inLanguage\":\"pt-BR\",\"@id\":\"https:\/\/www.notibras.com\/site\/divinas-tetas-reune-multidao-na-esplanada-dos-ministerios\/#primaryimage\",\"url\":\"https:\/\/www.notibras.com\/site\/wp-content\/uploads\/2024\/02\/12022024-img_3966.jpg\",\"contentUrl\":\"https:\/\/www.notibras.com\/site\/wp-content\/uploads\/2024\/02\/12022024-img_3966.jpg\",\"width\":1170,\"height\":700},{\"@type\":\"BreadcrumbList\",\"@id\":\"https:\/\/www.notibras.com\/site\/divinas-tetas-reune-multidao-na-esplanada-dos-ministerios\/#breadcrumb\",\"itemListElement\":[{\"@type\":\"ListItem\",\"position\":1,\"name\":\"In\u00edcio\",\"item\":\"https:\/\/www.notibras.com\/site\/\"},{\"@type\":\"ListItem\",\"position\":2,\"name\":\"Divinas Tetas re\u00fane multid\u00e3o na Esplanada dos Minist\u00e9rios\"}]},{\"@type\":\"WebSite\",\"@id\":\"https:\/\/www.notibras.com\/site\/#website\",\"url\":\"https:\/\/www.notibras.com\/site\/\",\"name\":\"Notibras\",\"description\":\"Not\u00edcias de Bras\u00edlia, do Brasil e do Mundo\",\"publisher\":{\"@id\":\"https:\/\/www.notibras.com\/site\/#organization\"},\"potentialAction\":[{\"@type\":\"SearchAction\",\"target\":{\"@type\":\"EntryPoint\",\"urlTemplate\":\"https:\/\/www.notibras.com\/site\/?s={search_term_string}\"},\"query-input\":{\"@type\":\"PropertyValueSpecification\",\"valueRequired\":true,\"valueName\":\"search_term_string\"}}],\"inLanguage\":\"pt-BR\"},{\"@type\":\"Organization\",\"@id\":\"https:\/\/www.notibras.com\/site\/#organization\",\"name\":\"Grupo Notibras de Comunica\u00e7\u00e3o\",\"url\":\"https:\/\/www.notibras.com\/site\/\",\"logo\":{\"@type\":\"ImageObject\",\"inLanguage\":\"pt-BR\",\"@id\":\"https:\/\/www.notibras.com\/site\/#\/schema\/logo\/image\/\",\"url\":\"https:\/\/www.notibras.com\/site\/wp-content\/uploads\/2023\/01\/notibras23.png\",\"contentUrl\":\"https:\/\/www.notibras.com\/site\/wp-content\/uploads\/2023\/01\/notibras23.png\",\"width\":350,\"height\":87,\"caption\":\"Grupo Notibras de Comunica\u00e7\u00e3o\"},\"image\":{\"@id\":\"https:\/\/www.notibras.com\/site\/#\/schema\/logo\/image\/\"},\"sameAs\":[\"https:\/\/www.facebook.com\/notibras\/\",\"https:\/\/x.com\/Notibras\",\"https:\/\/www.instagram.com\/notibras\/\"]},{\"@type\":\"Person\",\"@id\":\"https:\/\/www.notibras.com\/site\/#\/schema\/person\/36ab0979449956132d3e5b517ea76ac8\",\"name\":\"Reda\u00e7\u00e3o\",\"image\":{\"@type\":\"ImageObject\",\"inLanguage\":\"pt-BR\",\"@id\":\"https:\/\/secure.gravatar.com\/avatar\/e0a867bdedb85fd243eadf09663511f96fc81e0720a4a42581f334ad4303aa6b?s=96&d=mm&r=g\",\"url\":\"https:\/\/secure.gravatar.com\/avatar\/e0a867bdedb85fd243eadf09663511f96fc81e0720a4a42581f334ad4303aa6b?s=96&d=mm&r=g\",\"contentUrl\":\"https:\/\/secure.gravatar.com\/avatar\/e0a867bdedb85fd243eadf09663511f96fc81e0720a4a42581f334ad4303aa6b?s=96&d=mm&r=g\",\"caption\":\"Reda\u00e7\u00e3o\"}}]}<\/script>\n<!-- \/ Yoast SEO plugin. -->","yoast_head_json":{"title":"Divinas Tetas re\u00fane multid\u00e3o na Esplanada dos Minist\u00e9rios - Notibras","robots":{"index":"index","follow":"follow","max-snippet":"max-snippet:-1","max-image-preview":"max-image-preview:large","max-video-preview":"max-video-preview:-1"},"canonical":"https:\/\/www.notibras.com\/site\/divinas-tetas-reune-multidao-na-esplanada-dos-ministerios\/","og_locale":"pt_BR","og_type":"article","og_title":"Divinas Tetas re\u00fane multid\u00e3o na Esplanada dos Minist\u00e9rios - Notibras","og_description":"Com mensagens em defesa da diversidade, do respeito e da sustentabilidade, como \u201ccarnaval acess\u00edvel \u00e9 pra toda gente\u201d, \u201cpaquera pode, ass\u00e9dio \u00e9 crime\u201d e \u201cjogue beijos no ar, n\u00e3o lixo pelo ch\u00e3o\u201d, o Bloco das Divinas Tetas convidou os foli\u00f5es a participarem da festa de Momo nesta segunda-feira (12), no gramado da Biblioteca Nacional, e [&hellip;]","og_url":"https:\/\/www.notibras.com\/site\/divinas-tetas-reune-multidao-na-esplanada-dos-ministerios\/","og_site_name":"Notibras","article_publisher":"https:\/\/www.facebook.com\/notibras\/","article_published_time":"2024-02-13T03:00:25+00:00","article_modified_time":"2024-02-13T11:13:58+00:00","og_image":[{"width":1170,"height":700,"url":"https:\/\/www.notibras.com\/site\/wp-content\/uploads\/2024\/02\/12022024-img_3966.jpg","type":"image\/jpeg"}],"author":"Reda\u00e7\u00e3o","twitter_card":"summary_large_image","twitter_creator":"@Notibras","twitter_site":"@Notibras","twitter_misc":{"Escrito por":"Reda\u00e7\u00e3o","Est. tempo de leitura":"3 minutos"},"schema":{"@context":"https:\/\/schema.org","@graph":[{"@type":"Article","@id":"https:\/\/www.notibras.com\/site\/divinas-tetas-reune-multidao-na-esplanada-dos-ministerios\/#article","isPartOf":{"@id":"https:\/\/www.notibras.com\/site\/divinas-tetas-reune-multidao-na-esplanada-dos-ministerios\/"},"author":{"name":"Reda\u00e7\u00e3o","@id":"https:\/\/www.notibras.com\/site\/#\/schema\/person\/36ab0979449956132d3e5b517ea76ac8"},"headline":"Divinas Tetas re\u00fane multid\u00e3o na Esplanada dos Minist\u00e9rios","datePublished":"2024-02-13T03:00:25+00:00","dateModified":"2024-02-13T11:13:58+00:00","mainEntityOfPage":{"@id":"https:\/\/www.notibras.com\/site\/divinas-tetas-reune-multidao-na-esplanada-dos-ministerios\/"},"wordCount":577,"publisher":{"@id":"https:\/\/www.notibras.com\/site\/#organization"},"image":{"@id":"https:\/\/www.notibras.com\/site\/divinas-tetas-reune-multidao-na-esplanada-dos-ministerios\/#primaryimage"},"thumbnailUrl":"https:\/\/www.notibras.com\/site\/wp-content\/uploads\/2024\/02\/12022024-img_3966.jpg","articleSection":["Quadradinho em Foco"],"inLanguage":"pt-BR"},{"@type":"WebPage","@id":"https:\/\/www.notibras.com\/site\/divinas-tetas-reune-multidao-na-esplanada-dos-ministerios\/","url":"https:\/\/www.notibras.com\/site\/divinas-tetas-reune-multidao-na-esplanada-dos-ministerios\/","name":"Divinas Tetas re\u00fane multid\u00e3o na Esplanada dos Minist\u00e9rios - Notibras","isPartOf":{"@id":"https:\/\/www.notibras.com\/site\/#website"},"primaryImageOfPage":{"@id":"https:\/\/www.notibras.com\/site\/divinas-tetas-reune-multidao-na-esplanada-dos-ministerios\/#primaryimage"},"image":{"@id":"https:\/\/www.notibras.com\/site\/divinas-tetas-reune-multidao-na-esplanada-dos-ministerios\/#primaryimage"},"thumbnailUrl":"https:\/\/www.notibras.com\/site\/wp-content\/uploads\/2024\/02\/12022024-img_3966.jpg","datePublished":"2024-02-13T03:00:25+00:00","dateModified":"2024-02-13T11:13:58+00:00","breadcrumb":{"@id":"https:\/\/www.notibras.com\/site\/divinas-tetas-reune-multidao-na-esplanada-dos-ministerios\/#breadcrumb"},"inLanguage":"pt-BR","potentialAction":[{"@type":"ReadAction","target":["https:\/\/www.notibras.com\/site\/divinas-tetas-reune-multidao-na-esplanada-dos-ministerios\/"]}]},{"@type":"ImageObject","inLanguage":"pt-BR","@id":"https:\/\/www.notibras.com\/site\/divinas-tetas-reune-multidao-na-esplanada-dos-ministerios\/#primaryimage","url":"https:\/\/www.notibras.com\/site\/wp-content\/uploads\/2024\/02\/12022024-img_3966.jpg","contentUrl":"https:\/\/www.notibras.com\/site\/wp-content\/uploads\/2024\/02\/12022024-img_3966.jpg","width":1170,"height":700},{"@type":"BreadcrumbList","@id":"https:\/\/www.notibras.com\/site\/divinas-tetas-reune-multidao-na-esplanada-dos-ministerios\/#breadcrumb","itemListElement":[{"@type":"ListItem","position":1,"name":"In\u00edcio","item":"https:\/\/www.notibras.com\/site\/"},{"@type":"ListItem","position":2,"name":"Divinas Tetas re\u00fane multid\u00e3o na Esplanada dos Minist\u00e9rios"}]},{"@type":"WebSite","@id":"https:\/\/www.notibras.com\/site\/#website","url":"https:\/\/www.notibras.com\/site\/","name":"Notibras","description":"Not\u00edcias de Bras\u00edlia, do Brasil e do Mundo","publisher":{"@id":"https:\/\/www.notibras.com\/site\/#organization"},"potentialAction":[{"@type":"SearchAction","target":{"@type":"EntryPoint","urlTemplate":"https:\/\/www.notibras.com\/site\/?s={search_term_string}"},"query-input":{"@type":"PropertyValueSpecification","valueRequired":true,"valueName":"search_term_string"}}],"inLanguage":"pt-BR"},{"@type":"Organization","@id":"https:\/\/www.notibras.com\/site\/#organization","name":"Grupo Notibras de Comunica\u00e7\u00e3o","url":"https:\/\/www.notibras.com\/site\/","logo":{"@type":"ImageObject","inLanguage":"pt-BR","@id":"https:\/\/www.notibras.com\/site\/#\/schema\/logo\/image\/","url":"https:\/\/www.notibras.com\/site\/wp-content\/uploads\/2023\/01\/notibras23.png","contentUrl":"https:\/\/www.notibras.com\/site\/wp-content\/uploads\/2023\/01\/notibras23.png","width":350,"height":87,"caption":"Grupo Notibras de Comunica\u00e7\u00e3o"},"image":{"@id":"https:\/\/www.notibras.com\/site\/#\/schema\/logo\/image\/"},"sameAs":["https:\/\/www.facebook.com\/notibras\/","https:\/\/x.com\/Notibras","https:\/\/www.instagram.com\/notibras\/"]},{"@type":"Person","@id":"https:\/\/www.notibras.com\/site\/#\/schema\/person\/36ab0979449956132d3e5b517ea76ac8","name":"Reda\u00e7\u00e3o","image":{"@type":"ImageObject","inLanguage":"pt-BR","@id":"https:\/\/secure.gravatar.com\/avatar\/e0a867bdedb85fd243eadf09663511f96fc81e0720a4a42581f334ad4303aa6b?s=96&d=mm&r=g","url":"https:\/\/secure.gravatar.com\/avatar\/e0a867bdedb85fd243eadf09663511f96fc81e0720a4a42581f334ad4303aa6b?s=96&d=mm&r=g","contentUrl":"https:\/\/secure.gravatar.com\/avatar\/e0a867bdedb85fd243eadf09663511f96fc81e0720a4a42581f334ad4303aa6b?s=96&d=mm&r=g","caption":"Reda\u00e7\u00e3o"}}]}},"amp_enabled":true,"_links":{"self":[{"href":"https:\/\/www.notibras.com\/site\/wp-json\/wp\/v2\/posts\/322270","targetHints":{"allow":["GET"]}}],"collection":[{"href":"https:\/\/www.notibras.com\/site\/wp-json\/wp\/v2\/posts"}],"about":[{"href":"https:\/\/www.notibras.com\/site\/wp-json\/wp\/v2\/types\/post"}],"author":[{"embeddable":true,"href":"https:\/\/www.notibras.com\/site\/wp-json\/wp\/v2\/users\/2"}],"replies":[{"embeddable":true,"href":"https:\/\/www.notibras.com\/site\/wp-json\/wp\/v2\/comments?post=322270"}],"version-history":[{"count":3,"href":"https:\/\/www.notibras.com\/site\/wp-json\/wp\/v2\/posts\/322270\/revisions"}],"predecessor-version":[{"id":322274,"href":"https:\/\/www.notibras.com\/site\/wp-json\/wp\/v2\/posts\/322270\/revisions\/322274"}],"wp:featuredmedia":[{"embeddable":true,"href":"https:\/\/www.notibras.com\/site\/wp-json\/wp\/v2\/media\/322271"}],"wp:attachment":[{"href":"https:\/\/www.notibras.com\/site\/wp-json\/wp\/v2\/media?parent=322270"}],"wp:term":[{"taxonomy":"category","embeddable":true,"href":"https:\/\/www.notibras.com\/site\/wp-json\/wp\/v2\/categories?post=322270"},{"taxonomy":"post_tag","embeddable":true,"href":"https:\/\/www.notibras.com\/site\/wp-json\/wp\/v2\/tags?post=322270"}],"curies":[{"name":"wp","href":"https:\/\/api.w.org\/{rel}","templated":true}]}}