{"id":322275,"date":"2024-02-13T00:00:05","date_gmt":"2024-02-13T03:00:05","guid":{"rendered":"https:\/\/www.notibras.com\/site\/?p=322275"},"modified":"2024-02-13T08:19:01","modified_gmt":"2024-02-13T11:19:01","slug":"criancas-consideram-o-carnaval-melhor-que-celular","status":"publish","type":"post","link":"https:\/\/www.notibras.com\/site\/criancas-consideram-o-carnaval-melhor-que-celular\/","title":{"rendered":"Crian\u00e7as consideram o Carnaval melhor que celular"},"content":{"rendered":"<p>Na cabe\u00e7a, as fitas vermelhas do capacete do caboclo de lan\u00e7a emolduram os olhos e o sorriso encantados do menino Rudah, de 8 anos. O garoto brasiliense, desde t\u00e3o cedo, aprecia o maracatu de baque solto, da zona da mata pernambucana. \u201cEu sou muito f\u00e3\u201d. O menino diz que aprendeu na escola e com os pais, artistas, sobre cultura brasileira. Dan\u00e7ou, sacudiu as fitas e o figurino todo colorido, e procurava pelos amigos enquanto se divertia no Bloco Carnapati, nesta segunda-feira (12), na regi\u00e3o central da capital. \u201cMuito melhor o carnaval do que ficar no celular\u201d.<\/p>\n<p>O pai, o m\u00fasico Randal Andrade, de 51 anos, tocava o tambor. Foi ele que desenhou e confeccionou o capacete. \u201cEle adora brincar. N\u00e3o quer nem saber de TV ou joguinhos de celular. Estimulamos que ele viva a arte\u201d. A m\u00e3e, Ver\u00f4nica Alves, de 32, tocava o ganz\u00e1 e se orgulhava do colorido da roupa que ela produziu para o menino com o desenho do carcar\u00e1, p\u00e1ssaro que a fam\u00edlia acha mais bonito. \u201cCarnaval \u00e9 tempo da gente se divertir em fam\u00edlia. Ir para a rua. A gente espera muito por esse momento\u201d.<\/p>\n<p>A fam\u00edlia e outras dezenas de pessoas, participavam tamb\u00e9m da ciranda, ao som de m\u00fasica pernambucana no Eixo Cultural Ibero-americano (antiga Funarte). Adultos e crian\u00e7as se divertiam com a brincadeira do caminho do peixe Non\u00f4, o boneco criado pela Companhia Teatral Mapati, que organiza a festa h\u00e1 27 anos. Idealizadora do teatro e dessa festa carnavalesca, a dramaturga Tereza Padilha enfatiza que \u00e9 fundamental garantir espa\u00e7o para que crian\u00e7as curtam a \u00e9poca.<\/p>\n<p>\u201cN\u00f3s somos pioneiros (na d\u00e9cada de 1990, junto com o Bloco A Baratinha) nos carnavais infantis. \u00c9 muito saud\u00e1vel que as pessoas respons\u00e1veis tirem as crian\u00e7as de frente das telas para poder viver o carnaval, essa festa democr\u00e1tica e de tanta alegria\u201d, afirma a artista.<\/p>\n<p><strong>Cultura<\/strong><br \/>\nCom fantasia de pomerano, o menino Heitor, de 9 anos, acompanhado do pai, Antonio Santos, e da m\u00e3e, Andrelesse Arruda, ambos de 41, estava empolgado com a ciranda, o que fez com que esquecesse os joguinhos de celular. \u201cBem mais legal\u201d. Os pais concordam que o carnaval, a m\u00fasica e o sol tornaram a segunda de carnaval mais atraente para o menino do que as telas. \u201cTemos a preocupa\u00e7\u00e3o de apresentar para ele a cultura do nosso pa\u00eds\u201d, afirmou o pai. \u201cEle est\u00e1 vendo que \u00e9 muito mais saud\u00e1vel\u201d, disse a m\u00e3e.<\/p>\n<p>Entre ritmos nordestinos, uma fam\u00edlia matava saudades da terra natal, com a camiseta com as cores e s\u00edmbolos da bandeira pernambucana. Radicado em Bras\u00edlia, o casal Tiago Meireles, de 39, e Isabela, de 40, levou o pequeno Artur, de 2 anos, para a festa, e assim ensinarem as m\u00fasicas desde pequeno. \u201c\u00c9 uma saudade boa da nossa terra. Os bloquinhos nos ajudam\u201d.<\/p>\n<p>Com o sol que persistiu em Bras\u00edlia, a crian\u00e7ada brincava de m\u00e3os dadas com os adultos ao som da m\u00fasica de Lia de Itamarac\u00e1. Aprenderam r\u00e1pido a cantar\u2026 \u201cMinha ciranda n\u00e3o \u00e9 minha s\u00f3\/Ela \u00e9 de todos n\u00f3s\/ ela \u00e9 de todos n\u00f3s\u201d.<\/p>\n","protected":false},"excerpt":{"rendered":"<p>Na cabe\u00e7a, as fitas vermelhas do capacete do caboclo de lan\u00e7a emolduram os olhos e o sorriso encantados do menino Rudah, de 8 anos. O garoto brasiliense, desde t\u00e3o cedo, aprecia o maracatu de baque solto, da zona da mata pernambucana. \u201cEu sou muito f\u00e3\u201d. O menino diz que aprendeu na escola e com os [&hellip;]<\/p>\n","protected":false},"author":2,"featured_media":322276,"comment_status":"closed","ping_status":"closed","sticky":false,"template":"","format":"standard","meta":{"_acf_changed":false,"footnotes":""},"categories":[161],"tags":[],"class_list":["post-322275","post","type-post","status-publish","format-standard","has-post-thumbnail","hentry","category-quadradinho-em-foco"],"acf":[],"yoast_head":"<!-- This site is optimized with the Yoast SEO plugin v27.2 - https:\/\/yoast.com\/product\/yoast-seo-wordpress\/ -->\n<title>Crian\u00e7as consideram o Carnaval melhor que celular - Notibras<\/title>\n<meta name=\"robots\" content=\"index, follow, max-snippet:-1, max-image-preview:large, max-video-preview:-1\" \/>\n<link rel=\"canonical\" href=\"https:\/\/www.notibras.com\/site\/criancas-consideram-o-carnaval-melhor-que-celular\/\" \/>\n<meta property=\"og:locale\" content=\"pt_BR\" \/>\n<meta property=\"og:type\" content=\"article\" \/>\n<meta property=\"og:title\" content=\"Crian\u00e7as consideram o Carnaval melhor que celular - Notibras\" \/>\n<meta property=\"og:description\" content=\"Na cabe\u00e7a, as fitas vermelhas do capacete do caboclo de lan\u00e7a emolduram os olhos e o sorriso encantados do menino Rudah, de 8 anos. O garoto brasiliense, desde t\u00e3o cedo, aprecia o maracatu de baque solto, da zona da mata pernambucana. \u201cEu sou muito f\u00e3\u201d. O menino diz que aprendeu na escola e com os [&hellip;]\" \/>\n<meta property=\"og:url\" content=\"https:\/\/www.notibras.com\/site\/criancas-consideram-o-carnaval-melhor-que-celular\/\" \/>\n<meta property=\"og:site_name\" content=\"Notibras\" \/>\n<meta property=\"article:publisher\" content=\"https:\/\/www.facebook.com\/notibras\/\" \/>\n<meta property=\"article:published_time\" content=\"2024-02-13T03:00:05+00:00\" \/>\n<meta property=\"article:modified_time\" content=\"2024-02-13T11:19:01+00:00\" \/>\n<meta property=\"og:image\" content=\"https:\/\/www.notibras.com\/site\/wp-content\/uploads\/2024\/02\/11022024-11022024-img_3844.jpg\" \/>\n\t<meta property=\"og:image:width\" content=\"1170\" \/>\n\t<meta property=\"og:image:height\" content=\"700\" \/>\n\t<meta property=\"og:image:type\" content=\"image\/jpeg\" \/>\n<meta name=\"author\" content=\"Reda\u00e7\u00e3o\" \/>\n<meta name=\"twitter:card\" content=\"summary_large_image\" \/>\n<meta name=\"twitter:creator\" content=\"@Notibras\" \/>\n<meta name=\"twitter:site\" content=\"@Notibras\" \/>\n<meta name=\"twitter:label1\" content=\"Escrito por\" \/>\n\t<meta name=\"twitter:data1\" content=\"Reda\u00e7\u00e3o\" \/>\n\t<meta name=\"twitter:label2\" content=\"Est. tempo de leitura\" \/>\n\t<meta name=\"twitter:data2\" content=\"3 minutos\" \/>\n<script type=\"application\/ld+json\" class=\"yoast-schema-graph\">{\"@context\":\"https:\/\/schema.org\",\"@graph\":[{\"@type\":\"Article\",\"@id\":\"https:\/\/www.notibras.com\/site\/criancas-consideram-o-carnaval-melhor-que-celular\/#article\",\"isPartOf\":{\"@id\":\"https:\/\/www.notibras.com\/site\/criancas-consideram-o-carnaval-melhor-que-celular\/\"},\"author\":{\"name\":\"Reda\u00e7\u00e3o\",\"@id\":\"https:\/\/www.notibras.com\/site\/#\/schema\/person\/36ab0979449956132d3e5b517ea76ac8\"},\"headline\":\"Crian\u00e7as consideram o Carnaval melhor que celular\",\"datePublished\":\"2024-02-13T03:00:05+00:00\",\"dateModified\":\"2024-02-13T11:19:01+00:00\",\"mainEntityOfPage\":{\"@id\":\"https:\/\/www.notibras.com\/site\/criancas-consideram-o-carnaval-melhor-que-celular\/\"},\"wordCount\":536,\"publisher\":{\"@id\":\"https:\/\/www.notibras.com\/site\/#organization\"},\"image\":{\"@id\":\"https:\/\/www.notibras.com\/site\/criancas-consideram-o-carnaval-melhor-que-celular\/#primaryimage\"},\"thumbnailUrl\":\"https:\/\/www.notibras.com\/site\/wp-content\/uploads\/2024\/02\/11022024-11022024-img_3844.jpg\",\"articleSection\":[\"Quadradinho em Foco\"],\"inLanguage\":\"pt-BR\"},{\"@type\":\"WebPage\",\"@id\":\"https:\/\/www.notibras.com\/site\/criancas-consideram-o-carnaval-melhor-que-celular\/\",\"url\":\"https:\/\/www.notibras.com\/site\/criancas-consideram-o-carnaval-melhor-que-celular\/\",\"name\":\"Crian\u00e7as consideram o Carnaval melhor que celular - Notibras\",\"isPartOf\":{\"@id\":\"https:\/\/www.notibras.com\/site\/#website\"},\"primaryImageOfPage\":{\"@id\":\"https:\/\/www.notibras.com\/site\/criancas-consideram-o-carnaval-melhor-que-celular\/#primaryimage\"},\"image\":{\"@id\":\"https:\/\/www.notibras.com\/site\/criancas-consideram-o-carnaval-melhor-que-celular\/#primaryimage\"},\"thumbnailUrl\":\"https:\/\/www.notibras.com\/site\/wp-content\/uploads\/2024\/02\/11022024-11022024-img_3844.jpg\",\"datePublished\":\"2024-02-13T03:00:05+00:00\",\"dateModified\":\"2024-02-13T11:19:01+00:00\",\"breadcrumb\":{\"@id\":\"https:\/\/www.notibras.com\/site\/criancas-consideram-o-carnaval-melhor-que-celular\/#breadcrumb\"},\"inLanguage\":\"pt-BR\",\"potentialAction\":[{\"@type\":\"ReadAction\",\"target\":[\"https:\/\/www.notibras.com\/site\/criancas-consideram-o-carnaval-melhor-que-celular\/\"]}]},{\"@type\":\"ImageObject\",\"inLanguage\":\"pt-BR\",\"@id\":\"https:\/\/www.notibras.com\/site\/criancas-consideram-o-carnaval-melhor-que-celular\/#primaryimage\",\"url\":\"https:\/\/www.notibras.com\/site\/wp-content\/uploads\/2024\/02\/11022024-11022024-img_3844.jpg\",\"contentUrl\":\"https:\/\/www.notibras.com\/site\/wp-content\/uploads\/2024\/02\/11022024-11022024-img_3844.jpg\",\"width\":1170,\"height\":700},{\"@type\":\"BreadcrumbList\",\"@id\":\"https:\/\/www.notibras.com\/site\/criancas-consideram-o-carnaval-melhor-que-celular\/#breadcrumb\",\"itemListElement\":[{\"@type\":\"ListItem\",\"position\":1,\"name\":\"In\u00edcio\",\"item\":\"https:\/\/www.notibras.com\/site\/\"},{\"@type\":\"ListItem\",\"position\":2,\"name\":\"Crian\u00e7as consideram o Carnaval melhor que celular\"}]},{\"@type\":\"WebSite\",\"@id\":\"https:\/\/www.notibras.com\/site\/#website\",\"url\":\"https:\/\/www.notibras.com\/site\/\",\"name\":\"Notibras\",\"description\":\"Not\u00edcias de Bras\u00edlia, do Brasil e do Mundo\",\"publisher\":{\"@id\":\"https:\/\/www.notibras.com\/site\/#organization\"},\"potentialAction\":[{\"@type\":\"SearchAction\",\"target\":{\"@type\":\"EntryPoint\",\"urlTemplate\":\"https:\/\/www.notibras.com\/site\/?s={search_term_string}\"},\"query-input\":{\"@type\":\"PropertyValueSpecification\",\"valueRequired\":true,\"valueName\":\"search_term_string\"}}],\"inLanguage\":\"pt-BR\"},{\"@type\":\"Organization\",\"@id\":\"https:\/\/www.notibras.com\/site\/#organization\",\"name\":\"Grupo Notibras de Comunica\u00e7\u00e3o\",\"url\":\"https:\/\/www.notibras.com\/site\/\",\"logo\":{\"@type\":\"ImageObject\",\"inLanguage\":\"pt-BR\",\"@id\":\"https:\/\/www.notibras.com\/site\/#\/schema\/logo\/image\/\",\"url\":\"https:\/\/www.notibras.com\/site\/wp-content\/uploads\/2023\/01\/notibras23.png\",\"contentUrl\":\"https:\/\/www.notibras.com\/site\/wp-content\/uploads\/2023\/01\/notibras23.png\",\"width\":350,\"height\":87,\"caption\":\"Grupo Notibras de Comunica\u00e7\u00e3o\"},\"image\":{\"@id\":\"https:\/\/www.notibras.com\/site\/#\/schema\/logo\/image\/\"},\"sameAs\":[\"https:\/\/www.facebook.com\/notibras\/\",\"https:\/\/x.com\/Notibras\",\"https:\/\/www.instagram.com\/notibras\/\"]},{\"@type\":\"Person\",\"@id\":\"https:\/\/www.notibras.com\/site\/#\/schema\/person\/36ab0979449956132d3e5b517ea76ac8\",\"name\":\"Reda\u00e7\u00e3o\",\"image\":{\"@type\":\"ImageObject\",\"inLanguage\":\"pt-BR\",\"@id\":\"https:\/\/secure.gravatar.com\/avatar\/e0a867bdedb85fd243eadf09663511f96fc81e0720a4a42581f334ad4303aa6b?s=96&d=mm&r=g\",\"url\":\"https:\/\/secure.gravatar.com\/avatar\/e0a867bdedb85fd243eadf09663511f96fc81e0720a4a42581f334ad4303aa6b?s=96&d=mm&r=g\",\"contentUrl\":\"https:\/\/secure.gravatar.com\/avatar\/e0a867bdedb85fd243eadf09663511f96fc81e0720a4a42581f334ad4303aa6b?s=96&d=mm&r=g\",\"caption\":\"Reda\u00e7\u00e3o\"}}]}<\/script>\n<!-- \/ Yoast SEO plugin. -->","yoast_head_json":{"title":"Crian\u00e7as consideram o Carnaval melhor que celular - Notibras","robots":{"index":"index","follow":"follow","max-snippet":"max-snippet:-1","max-image-preview":"max-image-preview:large","max-video-preview":"max-video-preview:-1"},"canonical":"https:\/\/www.notibras.com\/site\/criancas-consideram-o-carnaval-melhor-que-celular\/","og_locale":"pt_BR","og_type":"article","og_title":"Crian\u00e7as consideram o Carnaval melhor que celular - Notibras","og_description":"Na cabe\u00e7a, as fitas vermelhas do capacete do caboclo de lan\u00e7a emolduram os olhos e o sorriso encantados do menino Rudah, de 8 anos. O garoto brasiliense, desde t\u00e3o cedo, aprecia o maracatu de baque solto, da zona da mata pernambucana. \u201cEu sou muito f\u00e3\u201d. O menino diz que aprendeu na escola e com os [&hellip;]","og_url":"https:\/\/www.notibras.com\/site\/criancas-consideram-o-carnaval-melhor-que-celular\/","og_site_name":"Notibras","article_publisher":"https:\/\/www.facebook.com\/notibras\/","article_published_time":"2024-02-13T03:00:05+00:00","article_modified_time":"2024-02-13T11:19:01+00:00","og_image":[{"width":1170,"height":700,"url":"https:\/\/www.notibras.com\/site\/wp-content\/uploads\/2024\/02\/11022024-11022024-img_3844.jpg","type":"image\/jpeg"}],"author":"Reda\u00e7\u00e3o","twitter_card":"summary_large_image","twitter_creator":"@Notibras","twitter_site":"@Notibras","twitter_misc":{"Escrito por":"Reda\u00e7\u00e3o","Est. tempo de leitura":"3 minutos"},"schema":{"@context":"https:\/\/schema.org","@graph":[{"@type":"Article","@id":"https:\/\/www.notibras.com\/site\/criancas-consideram-o-carnaval-melhor-que-celular\/#article","isPartOf":{"@id":"https:\/\/www.notibras.com\/site\/criancas-consideram-o-carnaval-melhor-que-celular\/"},"author":{"name":"Reda\u00e7\u00e3o","@id":"https:\/\/www.notibras.com\/site\/#\/schema\/person\/36ab0979449956132d3e5b517ea76ac8"},"headline":"Crian\u00e7as consideram o Carnaval melhor que celular","datePublished":"2024-02-13T03:00:05+00:00","dateModified":"2024-02-13T11:19:01+00:00","mainEntityOfPage":{"@id":"https:\/\/www.notibras.com\/site\/criancas-consideram-o-carnaval-melhor-que-celular\/"},"wordCount":536,"publisher":{"@id":"https:\/\/www.notibras.com\/site\/#organization"},"image":{"@id":"https:\/\/www.notibras.com\/site\/criancas-consideram-o-carnaval-melhor-que-celular\/#primaryimage"},"thumbnailUrl":"https:\/\/www.notibras.com\/site\/wp-content\/uploads\/2024\/02\/11022024-11022024-img_3844.jpg","articleSection":["Quadradinho em Foco"],"inLanguage":"pt-BR"},{"@type":"WebPage","@id":"https:\/\/www.notibras.com\/site\/criancas-consideram-o-carnaval-melhor-que-celular\/","url":"https:\/\/www.notibras.com\/site\/criancas-consideram-o-carnaval-melhor-que-celular\/","name":"Crian\u00e7as consideram o Carnaval melhor que celular - Notibras","isPartOf":{"@id":"https:\/\/www.notibras.com\/site\/#website"},"primaryImageOfPage":{"@id":"https:\/\/www.notibras.com\/site\/criancas-consideram-o-carnaval-melhor-que-celular\/#primaryimage"},"image":{"@id":"https:\/\/www.notibras.com\/site\/criancas-consideram-o-carnaval-melhor-que-celular\/#primaryimage"},"thumbnailUrl":"https:\/\/www.notibras.com\/site\/wp-content\/uploads\/2024\/02\/11022024-11022024-img_3844.jpg","datePublished":"2024-02-13T03:00:05+00:00","dateModified":"2024-02-13T11:19:01+00:00","breadcrumb":{"@id":"https:\/\/www.notibras.com\/site\/criancas-consideram-o-carnaval-melhor-que-celular\/#breadcrumb"},"inLanguage":"pt-BR","potentialAction":[{"@type":"ReadAction","target":["https:\/\/www.notibras.com\/site\/criancas-consideram-o-carnaval-melhor-que-celular\/"]}]},{"@type":"ImageObject","inLanguage":"pt-BR","@id":"https:\/\/www.notibras.com\/site\/criancas-consideram-o-carnaval-melhor-que-celular\/#primaryimage","url":"https:\/\/www.notibras.com\/site\/wp-content\/uploads\/2024\/02\/11022024-11022024-img_3844.jpg","contentUrl":"https:\/\/www.notibras.com\/site\/wp-content\/uploads\/2024\/02\/11022024-11022024-img_3844.jpg","width":1170,"height":700},{"@type":"BreadcrumbList","@id":"https:\/\/www.notibras.com\/site\/criancas-consideram-o-carnaval-melhor-que-celular\/#breadcrumb","itemListElement":[{"@type":"ListItem","position":1,"name":"In\u00edcio","item":"https:\/\/www.notibras.com\/site\/"},{"@type":"ListItem","position":2,"name":"Crian\u00e7as consideram o Carnaval melhor que celular"}]},{"@type":"WebSite","@id":"https:\/\/www.notibras.com\/site\/#website","url":"https:\/\/www.notibras.com\/site\/","name":"Notibras","description":"Not\u00edcias de Bras\u00edlia, do Brasil e do Mundo","publisher":{"@id":"https:\/\/www.notibras.com\/site\/#organization"},"potentialAction":[{"@type":"SearchAction","target":{"@type":"EntryPoint","urlTemplate":"https:\/\/www.notibras.com\/site\/?s={search_term_string}"},"query-input":{"@type":"PropertyValueSpecification","valueRequired":true,"valueName":"search_term_string"}}],"inLanguage":"pt-BR"},{"@type":"Organization","@id":"https:\/\/www.notibras.com\/site\/#organization","name":"Grupo Notibras de Comunica\u00e7\u00e3o","url":"https:\/\/www.notibras.com\/site\/","logo":{"@type":"ImageObject","inLanguage":"pt-BR","@id":"https:\/\/www.notibras.com\/site\/#\/schema\/logo\/image\/","url":"https:\/\/www.notibras.com\/site\/wp-content\/uploads\/2023\/01\/notibras23.png","contentUrl":"https:\/\/www.notibras.com\/site\/wp-content\/uploads\/2023\/01\/notibras23.png","width":350,"height":87,"caption":"Grupo Notibras de Comunica\u00e7\u00e3o"},"image":{"@id":"https:\/\/www.notibras.com\/site\/#\/schema\/logo\/image\/"},"sameAs":["https:\/\/www.facebook.com\/notibras\/","https:\/\/x.com\/Notibras","https:\/\/www.instagram.com\/notibras\/"]},{"@type":"Person","@id":"https:\/\/www.notibras.com\/site\/#\/schema\/person\/36ab0979449956132d3e5b517ea76ac8","name":"Reda\u00e7\u00e3o","image":{"@type":"ImageObject","inLanguage":"pt-BR","@id":"https:\/\/secure.gravatar.com\/avatar\/e0a867bdedb85fd243eadf09663511f96fc81e0720a4a42581f334ad4303aa6b?s=96&d=mm&r=g","url":"https:\/\/secure.gravatar.com\/avatar\/e0a867bdedb85fd243eadf09663511f96fc81e0720a4a42581f334ad4303aa6b?s=96&d=mm&r=g","contentUrl":"https:\/\/secure.gravatar.com\/avatar\/e0a867bdedb85fd243eadf09663511f96fc81e0720a4a42581f334ad4303aa6b?s=96&d=mm&r=g","caption":"Reda\u00e7\u00e3o"}}]}},"amp_enabled":true,"_links":{"self":[{"href":"https:\/\/www.notibras.com\/site\/wp-json\/wp\/v2\/posts\/322275","targetHints":{"allow":["GET"]}}],"collection":[{"href":"https:\/\/www.notibras.com\/site\/wp-json\/wp\/v2\/posts"}],"about":[{"href":"https:\/\/www.notibras.com\/site\/wp-json\/wp\/v2\/types\/post"}],"author":[{"embeddable":true,"href":"https:\/\/www.notibras.com\/site\/wp-json\/wp\/v2\/users\/2"}],"replies":[{"embeddable":true,"href":"https:\/\/www.notibras.com\/site\/wp-json\/wp\/v2\/comments?post=322275"}],"version-history":[{"count":1,"href":"https:\/\/www.notibras.com\/site\/wp-json\/wp\/v2\/posts\/322275\/revisions"}],"predecessor-version":[{"id":322277,"href":"https:\/\/www.notibras.com\/site\/wp-json\/wp\/v2\/posts\/322275\/revisions\/322277"}],"wp:featuredmedia":[{"embeddable":true,"href":"https:\/\/www.notibras.com\/site\/wp-json\/wp\/v2\/media\/322276"}],"wp:attachment":[{"href":"https:\/\/www.notibras.com\/site\/wp-json\/wp\/v2\/media?parent=322275"}],"wp:term":[{"taxonomy":"category","embeddable":true,"href":"https:\/\/www.notibras.com\/site\/wp-json\/wp\/v2\/categories?post=322275"},{"taxonomy":"post_tag","embeddable":true,"href":"https:\/\/www.notibras.com\/site\/wp-json\/wp\/v2\/tags?post=322275"}],"curies":[{"name":"wp","href":"https:\/\/api.w.org\/{rel}","templated":true}]}}