{"id":322278,"date":"2024-02-13T00:00:42","date_gmt":"2024-02-13T03:00:42","guid":{"rendered":"https:\/\/www.notibras.com\/site\/?p=322278"},"modified":"2024-02-13T08:32:31","modified_gmt":"2024-02-13T11:32:31","slug":"garis-animam-a-2a-feira-de-carnaval-com-o-bloco-vassourinhas","status":"publish","type":"post","link":"https:\/\/www.notibras.com\/site\/garis-animam-a-2a-feira-de-carnaval-com-o-bloco-vassourinhas\/","title":{"rendered":"Garis animam a 2\u00aa feira de Carnaval com o Bloco Vassourinhas"},"content":{"rendered":"<p>Levantando a bandeira da sustentabilidade e da limpeza urbana, mais de 100 garis do Servi\u00e7o de Limpeza Urbana (SLU) do Distrito Federal animaram o Bloco Vassourinhas na tarde desta segunda-feira (12) de Carnaval. Vestidos de verde e laranja, com acess\u00f3rios, muito brilho e alegria, o grupo puxou os foli\u00f5es da Biblioteca Nacional at\u00e9 o Setor Carnavalesco Sul.<\/p>\n<p>A ala especial dos garis, composta por mestre-sala, porta-bandeira e o mascote do SLU, levou aos presentes a campanha de conscientiza\u00e7\u00e3o do correto descarte do lixo. Eles tamb\u00e9m destacaram a campanha de limpeza, com trof\u00e9us para os blocos mais limpos do Carnaval do DF.<\/p>\n<p>O presidente do SLU, Silvio Vieira, entoava a marchinha feita especialmente para os trabalhadores e enfatizou que, al\u00e9m da divers\u00e3o, a miss\u00e3o \u00e9 levar uma mensagem de conscientiza\u00e7\u00e3o para a popula\u00e7\u00e3o. \u201cPelo segundo ano consecutivo, os nossos garis v\u00e3o desfilar e, logo depois, vem outro grupo fazendo a limpeza do bloquinho. Para a gente \u00e9 um prazer e uma alegria muito grande. Al\u00e9m disso, aproveitamos para conscientizar a popula\u00e7\u00e3o para n\u00e3o jogar lixo no ch\u00e3o; o cidad\u00e3o se diverte e joga o lixo no local correto, cada um fazendo a sua parte. S\u00f3 aqui temos mais de 40 cont\u00eaineres para receber os res\u00edduos\u201d, destaca.<\/p>\n<p>O gari Gilvan Rodrigues era um dos mais animados. Com o cabelo nas cores do SLU, dan\u00e7ava junto com os colegas da limpeza e n\u00e3o escondeu a alegria em ter um momento de divers\u00e3o para o grupo. \u201cO bloco \u00e9 uma valorizada no nosso trabalho, \u00e9 muito importante para os funcion\u00e1rios estarmos aqui hoje. Al\u00e9m disso, amo o Carnaval desde criancinha, sou baiano, ent\u00e3o mato um pouco da saudade da minha inf\u00e2ncia, o momento agora \u00e9 de divers\u00e3o e alegria\u201d, conta.<\/p>\n<p>A diretora art\u00edstica do grupo de teatro do SLU, Juliana Drummond, treinou na concentra\u00e7\u00e3o com os foli\u00f5es a coreografia feita durante todo o desfile. \u201cPreparamos um movimento art\u00edstico bem diferenciado, que j\u00e1 est\u00e1 na segunda campanha de ruas mais limpas do Carnaval em Bras\u00edlia, \u00e9 uma movimenta\u00e7\u00e3o de limpeza da cidade. Temos uma marchinha com frevo e mistura de samba e dan\u00e7amos com o nosso maior elemento, que \u00e9 a vassoura na m\u00e3o varrendo a rua.\u201d<\/p>\n<p><strong>Frevo do Vassourinha<\/strong><br \/>\nFundado em 1967, o Vassourinhas de Bras\u00edlia \u00e9 cria da saudade de pioneiros pernambucanos. E teve nos tradicionais Vassourinhas de Recife, Olinda e Rio de Janeiro a inspira\u00e7\u00e3o necess\u00e1ria para desfilar por anos. Quem deu o tom da celebra\u00e7\u00e3o \u00e0 cultura nordestina foi a Orquestra Popular Marafreboi, levando muito frevo, maracatu, coco e ciranda aos foli\u00f5es de todas as idades.<\/p>\n<p>O paraibano Francisco Marques, de 78 anos, foi atra\u00eddo para o bloco pelo frevo, acompanhado pelas filhas e neta, o comerciante era s\u00f3 alegria no desfile. \u201cT\u00e1 muito bom, gosto de frevo, sou paraibano e o carnaval de Bras\u00edlia est\u00e1 muito bom e, valorizando os profissionais da limpeza, melhor ainda\u201d, comemora.<\/p>\n<p>Durante toda a folia no DF, mais de 5 mil garis trabalham na varri\u00e7\u00e3o e cata\u00e7\u00e3o dos res\u00edduos, com o apoio de aproximadamente 500 equipamentos. Tamb\u00e9m foram instalados 40 papa-recicl\u00e1veis em pontos estrat\u00e9gicos da cidade e mais de 21 mil lixeiras em todas as regi\u00f5es administrativas.<\/p>\n","protected":false},"excerpt":{"rendered":"<p>Levantando a bandeira da sustentabilidade e da limpeza urbana, mais de 100 garis do Servi\u00e7o de Limpeza Urbana (SLU) do Distrito Federal animaram o Bloco Vassourinhas na tarde desta segunda-feira (12) de Carnaval. Vestidos de verde e laranja, com acess\u00f3rios, muito brilho e alegria, o grupo puxou os foli\u00f5es da Biblioteca Nacional at\u00e9 o Setor [&hellip;]<\/p>\n","protected":false},"author":2,"featured_media":322279,"comment_status":"closed","ping_status":"closed","sticky":false,"template":"","format":"standard","meta":{"_acf_changed":false,"footnotes":""},"categories":[161],"tags":[],"class_list":["post-322278","post","type-post","status-publish","format-standard","has-post-thumbnail","hentry","category-quadradinho-em-foco"],"acf":[],"yoast_head":"<!-- This site is optimized with the Yoast SEO plugin v27.2 - https:\/\/yoast.com\/product\/yoast-seo-wordpress\/ -->\n<title>Garis animam a 2\u00aa feira de Carnaval com o Bloco Vassourinhas - Notibras<\/title>\n<meta name=\"robots\" content=\"index, follow, max-snippet:-1, max-image-preview:large, max-video-preview:-1\" \/>\n<link rel=\"canonical\" href=\"https:\/\/www.notibras.com\/site\/garis-animam-a-2a-feira-de-carnaval-com-o-bloco-vassourinhas\/\" \/>\n<meta property=\"og:locale\" content=\"pt_BR\" \/>\n<meta property=\"og:type\" content=\"article\" \/>\n<meta property=\"og:title\" content=\"Garis animam a 2\u00aa feira de Carnaval com o Bloco Vassourinhas - Notibras\" \/>\n<meta property=\"og:description\" content=\"Levantando a bandeira da sustentabilidade e da limpeza urbana, mais de 100 garis do Servi\u00e7o de Limpeza Urbana (SLU) do Distrito Federal animaram o Bloco Vassourinhas na tarde desta segunda-feira (12) de Carnaval. Vestidos de verde e laranja, com acess\u00f3rios, muito brilho e alegria, o grupo puxou os foli\u00f5es da Biblioteca Nacional at\u00e9 o Setor [&hellip;]\" \/>\n<meta property=\"og:url\" content=\"https:\/\/www.notibras.com\/site\/garis-animam-a-2a-feira-de-carnaval-com-o-bloco-vassourinhas\/\" \/>\n<meta property=\"og:site_name\" content=\"Notibras\" \/>\n<meta property=\"article:publisher\" content=\"https:\/\/www.facebook.com\/notibras\/\" \/>\n<meta property=\"article:published_time\" content=\"2024-02-13T03:00:42+00:00\" \/>\n<meta property=\"article:modified_time\" content=\"2024-02-13T11:32:31+00:00\" \/>\n<meta property=\"og:image\" content=\"https:\/\/www.notibras.com\/site\/wp-content\/uploads\/2024\/02\/DENTRO-JRO_5711.jpg\" \/>\n\t<meta property=\"og:image:width\" content=\"1181\" \/>\n\t<meta property=\"og:image:height\" content=\"787\" \/>\n\t<meta property=\"og:image:type\" content=\"image\/jpeg\" \/>\n<meta name=\"author\" content=\"Reda\u00e7\u00e3o\" \/>\n<meta name=\"twitter:card\" content=\"summary_large_image\" \/>\n<meta name=\"twitter:creator\" content=\"@Notibras\" \/>\n<meta name=\"twitter:site\" content=\"@Notibras\" \/>\n<meta name=\"twitter:label1\" content=\"Escrito por\" \/>\n\t<meta name=\"twitter:data1\" content=\"Reda\u00e7\u00e3o\" \/>\n\t<meta name=\"twitter:label2\" content=\"Est. tempo de leitura\" \/>\n\t<meta name=\"twitter:data2\" content=\"3 minutos\" \/>\n<script type=\"application\/ld+json\" class=\"yoast-schema-graph\">{\"@context\":\"https:\/\/schema.org\",\"@graph\":[{\"@type\":\"Article\",\"@id\":\"https:\/\/www.notibras.com\/site\/garis-animam-a-2a-feira-de-carnaval-com-o-bloco-vassourinhas\/#article\",\"isPartOf\":{\"@id\":\"https:\/\/www.notibras.com\/site\/garis-animam-a-2a-feira-de-carnaval-com-o-bloco-vassourinhas\/\"},\"author\":{\"name\":\"Reda\u00e7\u00e3o\",\"@id\":\"https:\/\/www.notibras.com\/site\/#\/schema\/person\/36ab0979449956132d3e5b517ea76ac8\"},\"headline\":\"Garis animam a 2\u00aa feira de Carnaval com o Bloco Vassourinhas\",\"datePublished\":\"2024-02-13T03:00:42+00:00\",\"dateModified\":\"2024-02-13T11:32:31+00:00\",\"mainEntityOfPage\":{\"@id\":\"https:\/\/www.notibras.com\/site\/garis-animam-a-2a-feira-de-carnaval-com-o-bloco-vassourinhas\/\"},\"wordCount\":563,\"publisher\":{\"@id\":\"https:\/\/www.notibras.com\/site\/#organization\"},\"image\":{\"@id\":\"https:\/\/www.notibras.com\/site\/garis-animam-a-2a-feira-de-carnaval-com-o-bloco-vassourinhas\/#primaryimage\"},\"thumbnailUrl\":\"https:\/\/www.notibras.com\/site\/wp-content\/uploads\/2024\/02\/DENTRO-JRO_5711.jpg\",\"articleSection\":[\"Quadradinho em Foco\"],\"inLanguage\":\"pt-BR\"},{\"@type\":\"WebPage\",\"@id\":\"https:\/\/www.notibras.com\/site\/garis-animam-a-2a-feira-de-carnaval-com-o-bloco-vassourinhas\/\",\"url\":\"https:\/\/www.notibras.com\/site\/garis-animam-a-2a-feira-de-carnaval-com-o-bloco-vassourinhas\/\",\"name\":\"Garis animam a 2\u00aa feira de Carnaval com o Bloco Vassourinhas - Notibras\",\"isPartOf\":{\"@id\":\"https:\/\/www.notibras.com\/site\/#website\"},\"primaryImageOfPage\":{\"@id\":\"https:\/\/www.notibras.com\/site\/garis-animam-a-2a-feira-de-carnaval-com-o-bloco-vassourinhas\/#primaryimage\"},\"image\":{\"@id\":\"https:\/\/www.notibras.com\/site\/garis-animam-a-2a-feira-de-carnaval-com-o-bloco-vassourinhas\/#primaryimage\"},\"thumbnailUrl\":\"https:\/\/www.notibras.com\/site\/wp-content\/uploads\/2024\/02\/DENTRO-JRO_5711.jpg\",\"datePublished\":\"2024-02-13T03:00:42+00:00\",\"dateModified\":\"2024-02-13T11:32:31+00:00\",\"breadcrumb\":{\"@id\":\"https:\/\/www.notibras.com\/site\/garis-animam-a-2a-feira-de-carnaval-com-o-bloco-vassourinhas\/#breadcrumb\"},\"inLanguage\":\"pt-BR\",\"potentialAction\":[{\"@type\":\"ReadAction\",\"target\":[\"https:\/\/www.notibras.com\/site\/garis-animam-a-2a-feira-de-carnaval-com-o-bloco-vassourinhas\/\"]}]},{\"@type\":\"ImageObject\",\"inLanguage\":\"pt-BR\",\"@id\":\"https:\/\/www.notibras.com\/site\/garis-animam-a-2a-feira-de-carnaval-com-o-bloco-vassourinhas\/#primaryimage\",\"url\":\"https:\/\/www.notibras.com\/site\/wp-content\/uploads\/2024\/02\/DENTRO-JRO_5711.jpg\",\"contentUrl\":\"https:\/\/www.notibras.com\/site\/wp-content\/uploads\/2024\/02\/DENTRO-JRO_5711.jpg\",\"width\":1181,\"height\":787},{\"@type\":\"BreadcrumbList\",\"@id\":\"https:\/\/www.notibras.com\/site\/garis-animam-a-2a-feira-de-carnaval-com-o-bloco-vassourinhas\/#breadcrumb\",\"itemListElement\":[{\"@type\":\"ListItem\",\"position\":1,\"name\":\"In\u00edcio\",\"item\":\"https:\/\/www.notibras.com\/site\/\"},{\"@type\":\"ListItem\",\"position\":2,\"name\":\"Garis animam a 2\u00aa feira de Carnaval com o Bloco Vassourinhas\"}]},{\"@type\":\"WebSite\",\"@id\":\"https:\/\/www.notibras.com\/site\/#website\",\"url\":\"https:\/\/www.notibras.com\/site\/\",\"name\":\"Notibras\",\"description\":\"Not\u00edcias de Bras\u00edlia, do Brasil e do Mundo\",\"publisher\":{\"@id\":\"https:\/\/www.notibras.com\/site\/#organization\"},\"potentialAction\":[{\"@type\":\"SearchAction\",\"target\":{\"@type\":\"EntryPoint\",\"urlTemplate\":\"https:\/\/www.notibras.com\/site\/?s={search_term_string}\"},\"query-input\":{\"@type\":\"PropertyValueSpecification\",\"valueRequired\":true,\"valueName\":\"search_term_string\"}}],\"inLanguage\":\"pt-BR\"},{\"@type\":\"Organization\",\"@id\":\"https:\/\/www.notibras.com\/site\/#organization\",\"name\":\"Grupo Notibras de Comunica\u00e7\u00e3o\",\"url\":\"https:\/\/www.notibras.com\/site\/\",\"logo\":{\"@type\":\"ImageObject\",\"inLanguage\":\"pt-BR\",\"@id\":\"https:\/\/www.notibras.com\/site\/#\/schema\/logo\/image\/\",\"url\":\"https:\/\/www.notibras.com\/site\/wp-content\/uploads\/2023\/01\/notibras23.png\",\"contentUrl\":\"https:\/\/www.notibras.com\/site\/wp-content\/uploads\/2023\/01\/notibras23.png\",\"width\":350,\"height\":87,\"caption\":\"Grupo Notibras de Comunica\u00e7\u00e3o\"},\"image\":{\"@id\":\"https:\/\/www.notibras.com\/site\/#\/schema\/logo\/image\/\"},\"sameAs\":[\"https:\/\/www.facebook.com\/notibras\/\",\"https:\/\/x.com\/Notibras\",\"https:\/\/www.instagram.com\/notibras\/\"]},{\"@type\":\"Person\",\"@id\":\"https:\/\/www.notibras.com\/site\/#\/schema\/person\/36ab0979449956132d3e5b517ea76ac8\",\"name\":\"Reda\u00e7\u00e3o\",\"image\":{\"@type\":\"ImageObject\",\"inLanguage\":\"pt-BR\",\"@id\":\"https:\/\/secure.gravatar.com\/avatar\/e0a867bdedb85fd243eadf09663511f96fc81e0720a4a42581f334ad4303aa6b?s=96&d=mm&r=g\",\"url\":\"https:\/\/secure.gravatar.com\/avatar\/e0a867bdedb85fd243eadf09663511f96fc81e0720a4a42581f334ad4303aa6b?s=96&d=mm&r=g\",\"contentUrl\":\"https:\/\/secure.gravatar.com\/avatar\/e0a867bdedb85fd243eadf09663511f96fc81e0720a4a42581f334ad4303aa6b?s=96&d=mm&r=g\",\"caption\":\"Reda\u00e7\u00e3o\"}}]}<\/script>\n<!-- \/ Yoast SEO plugin. -->","yoast_head_json":{"title":"Garis animam a 2\u00aa feira de Carnaval com o Bloco Vassourinhas - Notibras","robots":{"index":"index","follow":"follow","max-snippet":"max-snippet:-1","max-image-preview":"max-image-preview:large","max-video-preview":"max-video-preview:-1"},"canonical":"https:\/\/www.notibras.com\/site\/garis-animam-a-2a-feira-de-carnaval-com-o-bloco-vassourinhas\/","og_locale":"pt_BR","og_type":"article","og_title":"Garis animam a 2\u00aa feira de Carnaval com o Bloco Vassourinhas - Notibras","og_description":"Levantando a bandeira da sustentabilidade e da limpeza urbana, mais de 100 garis do Servi\u00e7o de Limpeza Urbana (SLU) do Distrito Federal animaram o Bloco Vassourinhas na tarde desta segunda-feira (12) de Carnaval. Vestidos de verde e laranja, com acess\u00f3rios, muito brilho e alegria, o grupo puxou os foli\u00f5es da Biblioteca Nacional at\u00e9 o Setor [&hellip;]","og_url":"https:\/\/www.notibras.com\/site\/garis-animam-a-2a-feira-de-carnaval-com-o-bloco-vassourinhas\/","og_site_name":"Notibras","article_publisher":"https:\/\/www.facebook.com\/notibras\/","article_published_time":"2024-02-13T03:00:42+00:00","article_modified_time":"2024-02-13T11:32:31+00:00","og_image":[{"width":1181,"height":787,"url":"https:\/\/www.notibras.com\/site\/wp-content\/uploads\/2024\/02\/DENTRO-JRO_5711.jpg","type":"image\/jpeg"}],"author":"Reda\u00e7\u00e3o","twitter_card":"summary_large_image","twitter_creator":"@Notibras","twitter_site":"@Notibras","twitter_misc":{"Escrito por":"Reda\u00e7\u00e3o","Est. tempo de leitura":"3 minutos"},"schema":{"@context":"https:\/\/schema.org","@graph":[{"@type":"Article","@id":"https:\/\/www.notibras.com\/site\/garis-animam-a-2a-feira-de-carnaval-com-o-bloco-vassourinhas\/#article","isPartOf":{"@id":"https:\/\/www.notibras.com\/site\/garis-animam-a-2a-feira-de-carnaval-com-o-bloco-vassourinhas\/"},"author":{"name":"Reda\u00e7\u00e3o","@id":"https:\/\/www.notibras.com\/site\/#\/schema\/person\/36ab0979449956132d3e5b517ea76ac8"},"headline":"Garis animam a 2\u00aa feira de Carnaval com o Bloco Vassourinhas","datePublished":"2024-02-13T03:00:42+00:00","dateModified":"2024-02-13T11:32:31+00:00","mainEntityOfPage":{"@id":"https:\/\/www.notibras.com\/site\/garis-animam-a-2a-feira-de-carnaval-com-o-bloco-vassourinhas\/"},"wordCount":563,"publisher":{"@id":"https:\/\/www.notibras.com\/site\/#organization"},"image":{"@id":"https:\/\/www.notibras.com\/site\/garis-animam-a-2a-feira-de-carnaval-com-o-bloco-vassourinhas\/#primaryimage"},"thumbnailUrl":"https:\/\/www.notibras.com\/site\/wp-content\/uploads\/2024\/02\/DENTRO-JRO_5711.jpg","articleSection":["Quadradinho em Foco"],"inLanguage":"pt-BR"},{"@type":"WebPage","@id":"https:\/\/www.notibras.com\/site\/garis-animam-a-2a-feira-de-carnaval-com-o-bloco-vassourinhas\/","url":"https:\/\/www.notibras.com\/site\/garis-animam-a-2a-feira-de-carnaval-com-o-bloco-vassourinhas\/","name":"Garis animam a 2\u00aa feira de Carnaval com o Bloco Vassourinhas - Notibras","isPartOf":{"@id":"https:\/\/www.notibras.com\/site\/#website"},"primaryImageOfPage":{"@id":"https:\/\/www.notibras.com\/site\/garis-animam-a-2a-feira-de-carnaval-com-o-bloco-vassourinhas\/#primaryimage"},"image":{"@id":"https:\/\/www.notibras.com\/site\/garis-animam-a-2a-feira-de-carnaval-com-o-bloco-vassourinhas\/#primaryimage"},"thumbnailUrl":"https:\/\/www.notibras.com\/site\/wp-content\/uploads\/2024\/02\/DENTRO-JRO_5711.jpg","datePublished":"2024-02-13T03:00:42+00:00","dateModified":"2024-02-13T11:32:31+00:00","breadcrumb":{"@id":"https:\/\/www.notibras.com\/site\/garis-animam-a-2a-feira-de-carnaval-com-o-bloco-vassourinhas\/#breadcrumb"},"inLanguage":"pt-BR","potentialAction":[{"@type":"ReadAction","target":["https:\/\/www.notibras.com\/site\/garis-animam-a-2a-feira-de-carnaval-com-o-bloco-vassourinhas\/"]}]},{"@type":"ImageObject","inLanguage":"pt-BR","@id":"https:\/\/www.notibras.com\/site\/garis-animam-a-2a-feira-de-carnaval-com-o-bloco-vassourinhas\/#primaryimage","url":"https:\/\/www.notibras.com\/site\/wp-content\/uploads\/2024\/02\/DENTRO-JRO_5711.jpg","contentUrl":"https:\/\/www.notibras.com\/site\/wp-content\/uploads\/2024\/02\/DENTRO-JRO_5711.jpg","width":1181,"height":787},{"@type":"BreadcrumbList","@id":"https:\/\/www.notibras.com\/site\/garis-animam-a-2a-feira-de-carnaval-com-o-bloco-vassourinhas\/#breadcrumb","itemListElement":[{"@type":"ListItem","position":1,"name":"In\u00edcio","item":"https:\/\/www.notibras.com\/site\/"},{"@type":"ListItem","position":2,"name":"Garis animam a 2\u00aa feira de Carnaval com o Bloco Vassourinhas"}]},{"@type":"WebSite","@id":"https:\/\/www.notibras.com\/site\/#website","url":"https:\/\/www.notibras.com\/site\/","name":"Notibras","description":"Not\u00edcias de Bras\u00edlia, do Brasil e do Mundo","publisher":{"@id":"https:\/\/www.notibras.com\/site\/#organization"},"potentialAction":[{"@type":"SearchAction","target":{"@type":"EntryPoint","urlTemplate":"https:\/\/www.notibras.com\/site\/?s={search_term_string}"},"query-input":{"@type":"PropertyValueSpecification","valueRequired":true,"valueName":"search_term_string"}}],"inLanguage":"pt-BR"},{"@type":"Organization","@id":"https:\/\/www.notibras.com\/site\/#organization","name":"Grupo Notibras de Comunica\u00e7\u00e3o","url":"https:\/\/www.notibras.com\/site\/","logo":{"@type":"ImageObject","inLanguage":"pt-BR","@id":"https:\/\/www.notibras.com\/site\/#\/schema\/logo\/image\/","url":"https:\/\/www.notibras.com\/site\/wp-content\/uploads\/2023\/01\/notibras23.png","contentUrl":"https:\/\/www.notibras.com\/site\/wp-content\/uploads\/2023\/01\/notibras23.png","width":350,"height":87,"caption":"Grupo Notibras de Comunica\u00e7\u00e3o"},"image":{"@id":"https:\/\/www.notibras.com\/site\/#\/schema\/logo\/image\/"},"sameAs":["https:\/\/www.facebook.com\/notibras\/","https:\/\/x.com\/Notibras","https:\/\/www.instagram.com\/notibras\/"]},{"@type":"Person","@id":"https:\/\/www.notibras.com\/site\/#\/schema\/person\/36ab0979449956132d3e5b517ea76ac8","name":"Reda\u00e7\u00e3o","image":{"@type":"ImageObject","inLanguage":"pt-BR","@id":"https:\/\/secure.gravatar.com\/avatar\/e0a867bdedb85fd243eadf09663511f96fc81e0720a4a42581f334ad4303aa6b?s=96&d=mm&r=g","url":"https:\/\/secure.gravatar.com\/avatar\/e0a867bdedb85fd243eadf09663511f96fc81e0720a4a42581f334ad4303aa6b?s=96&d=mm&r=g","contentUrl":"https:\/\/secure.gravatar.com\/avatar\/e0a867bdedb85fd243eadf09663511f96fc81e0720a4a42581f334ad4303aa6b?s=96&d=mm&r=g","caption":"Reda\u00e7\u00e3o"}}]}},"amp_enabled":true,"_links":{"self":[{"href":"https:\/\/www.notibras.com\/site\/wp-json\/wp\/v2\/posts\/322278","targetHints":{"allow":["GET"]}}],"collection":[{"href":"https:\/\/www.notibras.com\/site\/wp-json\/wp\/v2\/posts"}],"about":[{"href":"https:\/\/www.notibras.com\/site\/wp-json\/wp\/v2\/types\/post"}],"author":[{"embeddable":true,"href":"https:\/\/www.notibras.com\/site\/wp-json\/wp\/v2\/users\/2"}],"replies":[{"embeddable":true,"href":"https:\/\/www.notibras.com\/site\/wp-json\/wp\/v2\/comments?post=322278"}],"version-history":[{"count":2,"href":"https:\/\/www.notibras.com\/site\/wp-json\/wp\/v2\/posts\/322278\/revisions"}],"predecessor-version":[{"id":322281,"href":"https:\/\/www.notibras.com\/site\/wp-json\/wp\/v2\/posts\/322278\/revisions\/322281"}],"wp:featuredmedia":[{"embeddable":true,"href":"https:\/\/www.notibras.com\/site\/wp-json\/wp\/v2\/media\/322279"}],"wp:attachment":[{"href":"https:\/\/www.notibras.com\/site\/wp-json\/wp\/v2\/media?parent=322278"}],"wp:term":[{"taxonomy":"category","embeddable":true,"href":"https:\/\/www.notibras.com\/site\/wp-json\/wp\/v2\/categories?post=322278"},{"taxonomy":"post_tag","embeddable":true,"href":"https:\/\/www.notibras.com\/site\/wp-json\/wp\/v2\/tags?post=322278"}],"curies":[{"name":"wp","href":"https:\/\/api.w.org\/{rel}","templated":true}]}}